{"id":222778,"date":"2020-03-28T07:16:24","date_gmt":"2020-03-28T10:16:24","guid":{"rendered":"https:\/\/franciscanos.org.br\/noticias\/?p=222778"},"modified":"2020-04-02T07:05:57","modified_gmt":"2020-04-02T10:05:57","slug":"novas-indicacoes-para-as-celebracoes-da-semana-santa","status":"publish","type":"post","link":"https:\/\/franciscanos.org.br\/noticias\/novas-indicacoes-para-as-celebracoes-da-semana-santa.html","title":{"rendered":"Novas indica\u00e7\u00f5es para as celebra\u00e7\u00f5es da Semana Santa"},"content":{"rendered":"<p><img loading=\"lazy\" class=\"alignnone size-full wp-image-222779\" src=\"https:\/\/franciscanos.org.br\/noticias\/wp-content\/uploads\/2020\/03\/semana_santa.jpg\" alt=\"\" width=\"1280\" height=\"720\" srcset=\"https:\/\/franciscanos.org.br\/noticias\/wp-content\/uploads\/2020\/03\/semana_santa.jpg 1280w, https:\/\/franciscanos.org.br\/noticias\/wp-content\/uploads\/2020\/03\/semana_santa-450x253.jpg 450w, https:\/\/franciscanos.org.br\/noticias\/wp-content\/uploads\/2020\/03\/semana_santa-1024x576.jpg 1024w, https:\/\/franciscanos.org.br\/noticias\/wp-content\/uploads\/2020\/03\/semana_santa-768x432.jpg 768w, https:\/\/franciscanos.org.br\/noticias\/wp-content\/uploads\/2020\/03\/semana_santa-150x84.jpg 150w\" sizes=\"(max-width: 1280px) 100vw, 1280px\" \/><\/p>\n<p>A Congrega\u00e7\u00e3o para o Culto Divino e a Disciplina dos Sacramentos ofereceu uma atualiza\u00e7\u00e3o das indica\u00e7\u00f5es e sugest\u00f5es gerais dadas aos bispos sobre as celebra\u00e7\u00f5es da Semana Santa diante da pandemia da covid-19, causada pelo novo coronav\u00edrus. Novamente, a Confer\u00eancia Nacional dos Bispos do Brasil (CNBB) traduziu o documento com as propostas de adequa\u00e7\u00e3o \u00e0 realidade brasileira. Tamb\u00e9m foram oferecidas sugest\u00f5es para as coletas da Solidariedade e para os Lugares Santos.<\/p>\n<p>O\u00a0<a href=\"https:\/\/www.cnbb.org.br\/wp-content\/uploads\/sites\/32\/2020\/03\/Decreto-Em-tempo-de-Covid-19-II-Cong-Culto-Divino.pdf\">documento da Congrega\u00e7\u00e3o<\/a>\u00a0reitera que a data da P\u00e1scoa n\u00e3o pode ser transferida e que, nos pa\u00edses afetados pela doen\u00e7a, onde est\u00e3o previstas restri\u00e7\u00f5es \u00e0s reuni\u00f5es e movimentos de pessoas, \u201cos bispos e padres celebram os ritos da Semana Santa sem a participa\u00e7\u00e3o do povo e em local adequado, evitando concelebra\u00e7\u00e3o e omiss\u00e3o da troca de paz\u201d.<\/p>\n<p>A orienta\u00e7\u00e3o \u00e9 que os fi\u00e9is sejam informados do hor\u00e1rio de in\u00edcio das celebra\u00e7\u00f5es, para que possam participar da ora\u00e7\u00e3o em seus lares. \u201cPoder\u00e3o fazer uso diretamente dos meios de comunica\u00e7\u00e3o social. Em qualquer situa\u00e7\u00e3o, continua sendo importante dedicar um tempo adequado \u00e0 ora\u00e7\u00e3o, principalmente aprimorando a Liturgia das Horas\u201d, l\u00ea-se no decreto.<\/p>\n<h3>Piedade Popular<\/h3>\n<p>Sobre as express\u00f5es da piedade popular e as prociss\u00f5es que ocorrem na Semana Santa e no Tr\u00edduo Pascal, a Congrega\u00e7\u00e3o para o Culto Divino orienta que, no julgamento do bispo diocesano, podem ser transferidas para outros dias adequados, por exemplo, nos dias 14 e 15 de setembro, quando \u00e9 celebrada a Festa da Exalta\u00e7\u00e3o da Santa Cruz.<\/p>\n<h3>Distanciamento social<\/h3>\n<p>Aqui no Brasil, de acordo com informe divulgado nesta quinta-feira pelo bispo auxiliar do Rio de Janeiro (RJ) e secret\u00e1rio-geral da CNBB, dom Joel Portella Amado, mesmo com o decreto presidencial inserindo as atividades religiosas entre servi\u00e7os e atividades essenciais, a\u00a0<a href=\"https:\/\/www.cnbb.org.br\/cnbb-reforca-recomendacao-ao-episcopado-brasileiro-de-manter-o-distanciamento-social\/\">Confer\u00eancia manteve a indica\u00e7\u00e3o que sejam obedecidas as orienta\u00e7\u00f5es das autoridades de sa\u00fade<\/a>\u00a0para se evitar aglomera\u00e7\u00f5es a aplicar o isolamento social:<\/p>\n<blockquote><p><em>A CNBB, considerando as orienta\u00e7\u00f5es emanadas pelas autoridades competentes do Minist\u00e9rios da Sa\u00fade, que indicam o distanciamento social, orienta os bispos que as igrejas podem permanecer abertas, por\u00e9m, do modo como tem sido feito at\u00e9 agora, apenas para ora\u00e7\u00f5es individuais, transmiss\u00f5es online, etc. Segundo o documento, \u201cn\u00e3o h\u00e1 como entender que os instrumentos legais possam obrigar a reabertura das igrejas, muito menos para a pr\u00e1tica de qualquer tipo de aglomera\u00e7\u00e3o\u201d.<\/em><\/p><\/blockquote>\n<h3>Subs\u00eddios<\/h3>\n<p>Ainda no segundo documento da Congrega\u00e7\u00e3o para o Culto Divino e a Disciplina dos Sacramentos, h\u00e1 tamb\u00e9m o refor\u00e7o que as Confer\u00eancias Episcopais e as dioceses individuais \u201cn\u00e3o deixem de oferecer subs\u00eddios para ajudar a ora\u00e7\u00e3o familiar e pessoal\u201d. A CNBB tem oferecido materiais para a\u00a0<a href=\"https:\/\/www.cnbb.org.br\/celebrar-em-familia-o-dia-do-senhor-subsidio-para-o-5o-domingo-da-quaresma\/\">celebra\u00e7\u00e3o dominical da Palavra em fam\u00edlia<\/a>\u00a0e tamb\u00e9m\u00a0<a href=\"https:\/\/www.cnbb.org.br\/duas-formas-de-viver-os-retiros-espirituais-da-quaresma-em-tempo-distanciamento-social\/\">materiais para exerc\u00edcios quaresmais<\/a>.<\/p>\n<h3>Detalhamento das celebra\u00e7\u00f5es<\/h3>\n<p>Al\u00e9m da oferta desses subs\u00eddios, a CNBB deu indica\u00e7\u00f5es adicionais para as celebra\u00e7\u00f5es da Semana Santa, como por exemplo as coletas j\u00e1 tradicionais para a Solidariedade e para os Lugares Santos. Confira o trecho do decreto com detalhamento sobre as celebra\u00e7\u00f5es e as respectivas observa\u00e7\u00f5es da CNBB:<\/p>\n<blockquote><p>\u00a0<strong>1 \u2013 Domingo de Ramos<\/strong>. O Memorial da Entrada do Senhor em Jerusal\u00e9m \u00e9 comemorado dentro do edif\u00edcio sagrado; nas igrejas catedrais \u00e9 adotada a segunda forma prevista pelo Missal Romano; nas igrejas paroquiais e em outros lugares, a terceira.<\/p>\n<p><strong>OBSERVA\u00c7\u00c3O DA CNBB<\/strong><br \/>\nSobre a\u00a0<em><strong>Coleta da Solidariedade,<\/strong><\/em>\u00a0gesto concreto da Campanha da Fraternidade, a Presid\u00eancia da CNBB acolhe algumas sugest\u00f5es e submete \u00e0 avalia\u00e7\u00e3o dos bispos as datas de 16 e 17 de novembro, Dia Mundial dos Pobres, para esta coleta. Os bispos podem enviar suas manifesta\u00e7\u00f5es para o endere\u00e7o\u00a0<a href=\"mailto:secretariogeral@cnbb.org.br\">secretariogeral@cnbb.org.br<\/a>.<\/p>\n<p><strong>2 \u2013 Missa do Crisma<\/strong>. Ao avaliar o caso concreto nos v\u00e1rios pa\u00edses, as Confer\u00eancias Episcopais poder\u00e3o dar indica\u00e7\u00f5es sobre uma poss\u00edvel transfer\u00eancia para outra data.<\/p>\n<p><strong>OBSERVA\u00c7\u00c3O DA CNBB<\/strong><br \/>\nNeste caso, a CNBB optou por deixar a cada bispo diocesano, administrador apost\u00f3lico ou administrador diocesano o discernimento de quando celebrar \u201cpara bem atender \u00e0 realidade local\u201d. A Confer\u00eancia pede, no entanto, que, dentro do poss\u00edvel, seja compartilhada a op\u00e7\u00e3o feita, \u201cde modo que possamos ter uma vis\u00e3o geral do que est\u00e1 ocorrendo nas diversas dioceses do pa\u00eds\u201d.<\/p>\n<p><strong>3 \u2013 Quinta-feira Santa<\/strong>. O lava-p\u00e9s, j\u00e1 opcional, \u00e9 omitido. No final da Missa na Ceia do Senhor, a prociss\u00e3o tamb\u00e9m \u00e9 omitida e o Sant\u00edssimo Sacramento \u00e9 mantido no tabern\u00e1culo. Neste dia, os padres recebem excepcionalmente a faculdade de celebrar a missa, sem a participa\u00e7\u00e3o popular, em um local adequado.<\/p>\n<p><strong>4 \u2013 Sexta-feira Santa<\/strong>. Na ora\u00e7\u00e3o universal, os bispos cuidar\u00e3o de preparar uma inten\u00e7\u00e3o especial para aqueles que se encontrarem em situa\u00e7\u00e3o de perda, de doentes e de falecidos (cf. Missale Romanum). O ato de adora\u00e7\u00e3o na cruz atrav\u00e9s do beijo \u00e9 limitado apenas ao celebrante.<\/p>\n<p><strong>OBSERVA\u00c7\u00c3O DA CNBB<\/strong><br \/>\nPara esta celebra\u00e7\u00e3o, a Comiss\u00e3o Episcopal Pastoral para a Liturgia da CNBB disponibilizou uma sugest\u00e3o de texto para a\u00a0<a href=\"https:\/\/www.cnbb.org.br\/wp-content\/uploads\/sites\/32\/2020\/03\/Sugest%C3%A3o-para-a-Ora%C3%A7%C3%A3o-Universal-na-Sexta-Feira-Santa.pdf\"><em><strong>Ora\u00e7\u00e3o Universal, que pode ser baixada aqui<\/strong><\/em><\/a>.<br \/>\nA\u00a0<strong>coleta para os Lugares Santos<\/strong>\u00a0tamb\u00e9m deve ser transferida, de acordo com a decis\u00e3o dos bispos. A proposta da CNBB \u00e9 que ocorra nos dias 14 e 15 de setembro, quando \u00e9 celebrada a Festa da Exalta\u00e7\u00e3o da Santa Cruz. Assim como em rela\u00e7\u00e3o \u00e0 Coleta da Solidariedade, os bispos podem enviar suas manifesta\u00e7\u00f5es para o endere\u00e7o\u00a0<a href=\"mailto:secretariogeral@cnbb.org.br\">secretariogeral@cnbb.org.br<\/a>.<\/p>\n<p><strong>5 \u2013 Vig\u00edlia da P\u00e1scoa<\/strong>. Deve ser comemorada exclusivamente em catedrais e igrejas paroquiais. Para a liturgia batismal, permanece mantida apenas a renova\u00e7\u00e3o das promessas batismais (cf. Missale Romanum).<\/p>\n<hr \/>\n<h3><strong>Semana Santa: normas da Igreja s\u00e3o para conter o Covid-19, n\u00e3o a ora\u00e7\u00e3o<\/strong><\/h3>\n<p><em>O arcebispo Arthur Roche, secret\u00e1rio da Congrega\u00e7\u00e3o para o Culto Divino, explica o novo decreto do Dicast\u00e9rio para as celebra\u00e7\u00f5es da P\u00e1scoa em tempos de pandemia afirmando que, neste momento de prova\u00e7\u00e3o, \u201cdevemos tentar parar o cont\u00e1gio, sem interromper a nossa ora\u00e7\u00e3o, ao contr\u00e1rio, multiplicando-a\u201d. Confira a entrevista concedida ao Vatican News em que descreve as normas do decreto que levam em considera\u00e7\u00e3o, inclusive, as observa\u00e7\u00f5es recebidas pelas Confer\u00eancias Episcopais.<\/em><\/p>\n<p><strong>Quais s\u00e3o as raz\u00f5es para atualizar o decreto da Congrega\u00e7\u00e3o do Culto Divino sobre as indica\u00e7\u00f5es para a celebra\u00e7\u00e3o do Tr\u00edduo Pascal, uma semana depois da divulga\u00e7\u00e3o do primeiro texto?<\/strong><br \/>\nDom Roche \u2013 \u201cPara todos \u00e9 evidente que vivemos em tempos de emerg\u00eancia, com situa\u00e7\u00f5es em r\u00e1pida evolu\u00e7\u00e3o. Crises dessa dimens\u00e3o \u00e0s vezes requerem novas considera\u00e7\u00f5es e atualiza\u00e7\u00f5es. O primeiro texto era de v\u00e1rios dias atr\u00e1s. As atualiza\u00e7\u00f5es foram indispens\u00e1veis, inclusive significativas, e sobretudo nos confrontamos com os episcopados dos pa\u00edses mais afetados pela pandemia. Procuramos considerar as observa\u00e7\u00f5es que recebemos.\u201d<\/p>\n<p><strong>Antes de mais nada, a data da P\u00e1scoa n\u00e3o foi adiada, como alguns imaginavam, em considera\u00e7\u00e3o \u00e0 situa\u00e7\u00e3o nos pa\u00edses atingidos pelo Covid-19. Por qu\u00ea?<\/strong><\/p>\n<p><strong>Dom Roche<\/strong> \u2013 \u201cA data da P\u00e1scoa n\u00e3o pode ser diferida. Vamos celebr\u00e1-la depois da prepara\u00e7\u00e3o deste per\u00edodo especial de Quaresma, t\u00e3o marcado pela dor, pelo medo, pela incerteza. Recebemos, algumas semanas atr\u00e1s, as cinzas colocadas sobre a cabe\u00e7a, e nos foi recordado que somos p\u00f3 e no p\u00f3 voltaremos. Mas somos um p\u00f3 amado por Deus, resgatado por Deus. Jesus sofreu na Cruz, mas venceu a morte, e n\u00f3s acreditamos na ressurrei\u00e7\u00e3o dos corpos, na vida eterna. A P\u00e1scoa \u00e9 a festa dessa vit\u00f3ria sobre a morte. Nos pa\u00edses mais atingidos pela doen\u00e7a, onde s\u00e3o previstas restri\u00e7\u00f5es estabelecidas pelas autoridades civis para evitar aglomera\u00e7\u00f5es e movimentos das pessoas, os bispos e os sacerdotes ir\u00e3o celebrar os ritos da Semana Santa sem o povo e num lugar adequado, evitando a concelebra\u00e7\u00e3o e omitindo a sauda\u00e7\u00e3o da paz.\u201d<\/p>\n<p><strong>\u00c9 impressionante esta P\u00e1scoa celebrada sem a presen\u00e7a dos fi\u00e9is, sem o povo de Deus..<\/strong>.<\/p>\n<p><strong>Dom Roche<\/strong> \u2013 \u201c\u00c9 muito doloroso. Mas, neste per\u00edodo de isolamento, a gente viu, por\u00e9m, como se multiplicou a criatividade dos sacerdotes, que diariamente encontram um modo para ficar pr\u00f3ximos \u00e0s pessoas, com todos os meios \u00e0 disposi\u00e7\u00e3o hoje. Muitas pessoas seguem diariamente a missa do Santo Padre direto da Santa Marta e seguem outras celebra\u00e7\u00f5es atrav\u00e9s das redes sociais. Muitos fi\u00e9is rezam o ter\u00e7o, conectados ao r\u00e1dio, \u00e0 TV e \u00e0 internet. Vivemos um momento excepcional. N\u00e3o esque\u00e7amos que Jesus fala da ora\u00e7\u00e3o pessoal, convidando-nos a faz\u00ea-la nos nossos quartos e, assim, nas nossas casas. Sabemos que, por natureza, a f\u00e9 crist\u00e3 \u00e9 rela\u00e7\u00e3o e \u00e9 comunidade: a ora\u00e7\u00e3o comum e a participa\u00e7\u00e3o comum \u00e0 mesa eucar\u00edstica s\u00e3o fundamentais. Mas, neste momento de prova\u00e7\u00e3o, devemos tentar parar o cont\u00e1gio, sem interromper a nossa ora\u00e7\u00e3o, ao contr\u00e1rio, multiplicando-a. \u00c9 importante que os fi\u00e9is sejam avisados a hora do in\u00edcio das celebra\u00e7\u00f5es, de modo que possam se unir em ora\u00e7\u00e3o nas pr\u00f3prias casas e que possam segui-las ao vivo, participando desse modo.\u201d<\/p>\n<p><strong>Pode explicar, em s\u00edntese, o conte\u00fado do decreto atualizado?<\/strong><\/p>\n<p><strong>Dom Roche<\/strong> \u2013 \u201cO Domingo de Ramos ser\u00e1 celebrado dentro das igrejas, sem a prociss\u00e3o externa. A Missa Crismal, que prev\u00ea a participa\u00e7\u00e3o de todos os sacerdotes do presbit\u00e9rio, poder\u00e1 ser transferida para uma outra data. Foi deixada essa possibilidade aos episcopados, chamados a avaliar as diferentes situa\u00e7\u00f5es nos pr\u00f3prios pa\u00edses. Na Missa na Ceia do Senhor, na Quinta-feira Santa, n\u00e3o haver\u00e1 o lava-p\u00e9s que, na realidade, j\u00e1 \u00e9 facultativa, mesmo que se trate de um rito muito significativo. N\u00e3o haver\u00e1 a prociss\u00e3o com o Sant\u00edssimo ao final da Missa. A Liturgia da Paix\u00e3o do Senhor, na Sexta-feira Santa, ter\u00e1 inten\u00e7\u00f5es especiais para os doentes, os defuntos, para quem sofre e se encontra em dificuldade. E o tradicional beijo \u00e0 Cruz ser\u00e1 dado somente pelo celebrante. A Vig\u00edlia Pascal s\u00f3 ser\u00e1 celebrada nas catedrais e nas igrejas paroquiais. Tamb\u00e9m indicamos que as express\u00f5es de piedade popular e as prociss\u00f5es que enriquecem os dias da Semana Santa e do Tr\u00edduo Pascal, segundo entendimento do bispo diocesano, possam ser transferidas para outros dias convenientes, por exemplo, para os dias 14 e 15 de setembro.\u201d<\/p><\/blockquote>\n","protected":false},"excerpt":{"rendered":"<p>Semana Santa em tempos de coronav\u00edrus <\/p>\n","protected":false},"author":3,"featured_media":222887,"comment_status":"open","ping_status":"open","sticky":false,"template":"","format":"standard","meta":[],"categories":[1],"tags":[626],"acf":[],"yoast_head":"<!-- This site is optimized with the Yoast SEO plugin v19.2 - https:\/\/yoast.com\/wordpress\/plugins\/seo\/ -->\n<title>Novas indica\u00e7\u00f5es para as celebra\u00e7\u00f5es da Semana Santa - Not\u00edcias - Franciscanos<\/title>\n<meta name=\"robots\" content=\"index, follow, max-snippet:-1, max-image-preview:large, max-video-preview:-1\" \/>\n<link rel=\"canonical\" href=\"https:\/\/franciscanos.org.br\/noticias\/novas-indicacoes-para-as-celebracoes-da-semana-santa.html\" \/>\n<meta property=\"og:locale\" content=\"pt_BR\" \/>\n<meta property=\"og:type\" content=\"article\" \/>\n<meta property=\"og:title\" content=\"Novas indica\u00e7\u00f5es para as celebra\u00e7\u00f5es da Semana Santa - Not\u00edcias - Franciscanos\" \/>\n<meta property=\"og:description\" content=\"Semana Santa em tempos de coronav\u00edrus\" \/>\n<meta property=\"og:url\" content=\"https:\/\/franciscanos.org.br\/noticias\/novas-indicacoes-para-as-celebracoes-da-semana-santa.html\" \/>\n<meta property=\"og:site_name\" content=\"Not\u00edcias - Franciscanos\" \/>\n<meta property=\"article:published_time\" content=\"2020-03-28T10:16:24+00:00\" \/>\n<meta property=\"article:modified_time\" content=\"2020-04-02T10:05:57+00:00\" \/>\n<meta property=\"og:image\" content=\"https:\/\/franciscanos.org.br\/noticias\/wp-content\/uploads\/2020\/03\/destaque_semana.jpg\" \/>\n\t<meta property=\"og:image:width\" content=\"800\" \/>\n\t<meta property=\"og:image:height\" content=\"600\" \/>\n\t<meta property=\"og:image:type\" content=\"image\/jpeg\" \/>\n<meta name=\"author\" content=\"moacir\" \/>\n<meta name=\"twitter:card\" content=\"summary_large_image\" \/>\n<meta name=\"twitter:label1\" content=\"Escrito por\" \/>\n\t<meta name=\"twitter:data1\" content=\"moacir\" \/>\n\t<meta name=\"twitter:label2\" content=\"Est. tempo de leitura\" \/>\n\t<meta name=\"twitter:data2\" content=\"9 minutos\" \/>\n<script type=\"application\/ld+json\" class=\"yoast-schema-graph\">{\"@context\":\"https:\/\/schema.org\",\"@graph\":[{\"@type\":\"WebSite\",\"@id\":\"https:\/\/franciscanos.org.br\/noticias\/#website\",\"url\":\"https:\/\/franciscanos.org.br\/noticias\/\",\"name\":\"Not\u00edcias - Franciscanos\",\"description\":\"Prov\u00edncia Franciscana da Imaculada Concei\u00e7\u00e3o do Brasil - Ordem dos Frades Menores - OFM\",\"potentialAction\":[{\"@type\":\"SearchAction\",\"target\":{\"@type\":\"EntryPoint\",\"urlTemplate\":\"https:\/\/franciscanos.org.br\/noticias\/?s={search_term_string}\"},\"query-input\":\"required name=search_term_string\"}],\"inLanguage\":\"pt-BR\"},{\"@type\":\"ImageObject\",\"inLanguage\":\"pt-BR\",\"@id\":\"https:\/\/franciscanos.org.br\/noticias\/novas-indicacoes-para-as-celebracoes-da-semana-santa.html#primaryimage\",\"url\":\"https:\/\/franciscanos.org.br\/noticias\/wp-content\/uploads\/2020\/03\/destaque_semana.jpg\",\"contentUrl\":\"https:\/\/franciscanos.org.br\/noticias\/wp-content\/uploads\/2020\/03\/destaque_semana.jpg\",\"width\":800,\"height\":600},{\"@type\":\"WebPage\",\"@id\":\"https:\/\/franciscanos.org.br\/noticias\/novas-indicacoes-para-as-celebracoes-da-semana-santa.html#webpage\",\"url\":\"https:\/\/franciscanos.org.br\/noticias\/novas-indicacoes-para-as-celebracoes-da-semana-santa.html\",\"name\":\"Novas indica\u00e7\u00f5es para as celebra\u00e7\u00f5es da Semana Santa - Not\u00edcias - Franciscanos\",\"isPartOf\":{\"@id\":\"https:\/\/franciscanos.org.br\/noticias\/#website\"},\"primaryImageOfPage\":{\"@id\":\"https:\/\/franciscanos.org.br\/noticias\/novas-indicacoes-para-as-celebracoes-da-semana-santa.html#primaryimage\"},\"datePublished\":\"2020-03-28T10:16:24+00:00\",\"dateModified\":\"2020-04-02T10:05:57+00:00\",\"author\":{\"@id\":\"https:\/\/franciscanos.org.br\/noticias\/#\/schema\/person\/b5c8cba458c330ccff548b056e95a5d4\"},\"breadcrumb\":{\"@id\":\"https:\/\/franciscanos.org.br\/noticias\/novas-indicacoes-para-as-celebracoes-da-semana-santa.html#breadcrumb\"},\"inLanguage\":\"pt-BR\",\"potentialAction\":[{\"@type\":\"ReadAction\",\"target\":[\"https:\/\/franciscanos.org.br\/noticias\/novas-indicacoes-para-as-celebracoes-da-semana-santa.html\"]}]},{\"@type\":\"BreadcrumbList\",\"@id\":\"https:\/\/franciscanos.org.br\/noticias\/novas-indicacoes-para-as-celebracoes-da-semana-santa.html#breadcrumb\",\"itemListElement\":[{\"@type\":\"ListItem\",\"position\":1,\"name\":\"Home\",\"item\":\"https:\/\/franciscanos.org.br\/noticias\"},{\"@type\":\"ListItem\",\"position\":2,\"name\":\"Novas indica\u00e7\u00f5es para as celebra\u00e7\u00f5es da Semana Santa\"}]},{\"@type\":\"Person\",\"@id\":\"https:\/\/franciscanos.org.br\/noticias\/#\/schema\/person\/b5c8cba458c330ccff548b056e95a5d4\",\"name\":\"moacir\",\"image\":{\"@type\":\"ImageObject\",\"inLanguage\":\"pt-BR\",\"@id\":\"https:\/\/franciscanos.org.br\/noticias\/#\/schema\/person\/image\/\",\"url\":\"https:\/\/secure.gravatar.com\/avatar\/d08aa2ce4c8dd416d4479aa8536fcf64?s=96&d=mm&r=g\",\"contentUrl\":\"https:\/\/secure.gravatar.com\/avatar\/d08aa2ce4c8dd416d4479aa8536fcf64?s=96&d=mm&r=g\",\"caption\":\"moacir\"},\"url\":\"https:\/\/franciscanos.org.br\/noticias\/author\/moacir\"}]}<\/script>\n<!-- \/ Yoast SEO plugin. -->","yoast_head_json":{"title":"Novas indica\u00e7\u00f5es para as celebra\u00e7\u00f5es da Semana Santa - Not\u00edcias - Franciscanos","robots":{"index":"index","follow":"follow","max-snippet":"max-snippet:-1","max-image-preview":"max-image-preview:large","max-video-preview":"max-video-preview:-1"},"canonical":"https:\/\/franciscanos.org.br\/noticias\/novas-indicacoes-para-as-celebracoes-da-semana-santa.html","og_locale":"pt_BR","og_type":"article","og_title":"Novas indica\u00e7\u00f5es para as celebra\u00e7\u00f5es da Semana Santa - Not\u00edcias - Franciscanos","og_description":"Semana Santa em tempos de coronav\u00edrus","og_url":"https:\/\/franciscanos.org.br\/noticias\/novas-indicacoes-para-as-celebracoes-da-semana-santa.html","og_site_name":"Not\u00edcias - Franciscanos","article_published_time":"2020-03-28T10:16:24+00:00","article_modified_time":"2020-04-02T10:05:57+00:00","og_image":[{"width":800,"height":600,"url":"https:\/\/franciscanos.org.br\/noticias\/wp-content\/uploads\/2020\/03\/destaque_semana.jpg","type":"image\/jpeg"}],"author":"moacir","twitter_card":"summary_large_image","twitter_misc":{"Escrito por":"moacir","Est. tempo de leitura":"9 minutos"},"schema":{"@context":"https:\/\/schema.org","@graph":[{"@type":"WebSite","@id":"https:\/\/franciscanos.org.br\/noticias\/#website","url":"https:\/\/franciscanos.org.br\/noticias\/","name":"Not\u00edcias - Franciscanos","description":"Prov\u00edncia Franciscana da Imaculada Concei\u00e7\u00e3o do Brasil - Ordem dos Frades Menores - OFM","potentialAction":[{"@type":"SearchAction","target":{"@type":"EntryPoint","urlTemplate":"https:\/\/franciscanos.org.br\/noticias\/?s={search_term_string}"},"query-input":"required name=search_term_string"}],"inLanguage":"pt-BR"},{"@type":"ImageObject","inLanguage":"pt-BR","@id":"https:\/\/franciscanos.org.br\/noticias\/novas-indicacoes-para-as-celebracoes-da-semana-santa.html#primaryimage","url":"https:\/\/franciscanos.org.br\/noticias\/wp-content\/uploads\/2020\/03\/destaque_semana.jpg","contentUrl":"https:\/\/franciscanos.org.br\/noticias\/wp-content\/uploads\/2020\/03\/destaque_semana.jpg","width":800,"height":600},{"@type":"WebPage","@id":"https:\/\/franciscanos.org.br\/noticias\/novas-indicacoes-para-as-celebracoes-da-semana-santa.html#webpage","url":"https:\/\/franciscanos.org.br\/noticias\/novas-indicacoes-para-as-celebracoes-da-semana-santa.html","name":"Novas indica\u00e7\u00f5es para as celebra\u00e7\u00f5es da Semana Santa - Not\u00edcias - Franciscanos","isPartOf":{"@id":"https:\/\/franciscanos.org.br\/noticias\/#website"},"primaryImageOfPage":{"@id":"https:\/\/franciscanos.org.br\/noticias\/novas-indicacoes-para-as-celebracoes-da-semana-santa.html#primaryimage"},"datePublished":"2020-03-28T10:16:24+00:00","dateModified":"2020-04-02T10:05:57+00:00","author":{"@id":"https:\/\/franciscanos.org.br\/noticias\/#\/schema\/person\/b5c8cba458c330ccff548b056e95a5d4"},"breadcrumb":{"@id":"https:\/\/franciscanos.org.br\/noticias\/novas-indicacoes-para-as-celebracoes-da-semana-santa.html#breadcrumb"},"inLanguage":"pt-BR","potentialAction":[{"@type":"ReadAction","target":["https:\/\/franciscanos.org.br\/noticias\/novas-indicacoes-para-as-celebracoes-da-semana-santa.html"]}]},{"@type":"BreadcrumbList","@id":"https:\/\/franciscanos.org.br\/noticias\/novas-indicacoes-para-as-celebracoes-da-semana-santa.html#breadcrumb","itemListElement":[{"@type":"ListItem","position":1,"name":"Home","item":"https:\/\/franciscanos.org.br\/noticias"},{"@type":"ListItem","position":2,"name":"Novas indica\u00e7\u00f5es para as celebra\u00e7\u00f5es da Semana Santa"}]},{"@type":"Person","@id":"https:\/\/franciscanos.org.br\/noticias\/#\/schema\/person\/b5c8cba458c330ccff548b056e95a5d4","name":"moacir","image":{"@type":"ImageObject","inLanguage":"pt-BR","@id":"https:\/\/franciscanos.org.br\/noticias\/#\/schema\/person\/image\/","url":"https:\/\/secure.gravatar.com\/avatar\/d08aa2ce4c8dd416d4479aa8536fcf64?s=96&d=mm&r=g","contentUrl":"https:\/\/secure.gravatar.com\/avatar\/d08aa2ce4c8dd416d4479aa8536fcf64?s=96&d=mm&r=g","caption":"moacir"},"url":"https:\/\/franciscanos.org.br\/noticias\/author\/moacir"}]}},"_links":{"self":[{"href":"https:\/\/franciscanos.org.br\/noticias\/wp-json\/wp\/v2\/posts\/222778"}],"collection":[{"href":"https:\/\/franciscanos.org.br\/noticias\/wp-json\/wp\/v2\/posts"}],"about":[{"href":"https:\/\/franciscanos.org.br\/noticias\/wp-json\/wp\/v2\/types\/post"}],"author":[{"embeddable":true,"href":"https:\/\/franciscanos.org.br\/noticias\/wp-json\/wp\/v2\/users\/3"}],"replies":[{"embeddable":true,"href":"https:\/\/franciscanos.org.br\/noticias\/wp-json\/wp\/v2\/comments?post=222778"}],"version-history":[{"count":1,"href":"https:\/\/franciscanos.org.br\/noticias\/wp-json\/wp\/v2\/posts\/222778\/revisions"}],"predecessor-version":[{"id":222781,"href":"https:\/\/franciscanos.org.br\/noticias\/wp-json\/wp\/v2\/posts\/222778\/revisions\/222781"}],"wp:featuredmedia":[{"embeddable":true,"href":"https:\/\/franciscanos.org.br\/noticias\/wp-json\/wp\/v2\/media\/222887"}],"wp:attachment":[{"href":"https:\/\/franciscanos.org.br\/noticias\/wp-json\/wp\/v2\/media?parent=222778"}],"wp:term":[{"taxonomy":"category","embeddable":true,"href":"https:\/\/franciscanos.org.br\/noticias\/wp-json\/wp\/v2\/categories?post=222778"},{"taxonomy":"post_tag","embeddable":true,"href":"https:\/\/franciscanos.org.br\/noticias\/wp-json\/wp\/v2\/tags?post=222778"}],"curies":[{"name":"wp","href":"https:\/\/api.w.org\/{rel}","templated":true}]}}