{"id":222758,"date":"2020-03-27T15:11:31","date_gmt":"2020-03-27T18:11:31","guid":{"rendered":"https:\/\/franciscanos.org.br\/noticias\/?p=222758"},"modified":"2021-08-29T10:00:53","modified_gmt":"2021-08-29T13:00:53","slug":"papa-francisco-abracar-o-senhor-para-abracar-a-esperanca","status":"publish","type":"post","link":"https:\/\/franciscanos.org.br\/noticias\/papa-francisco-abracar-o-senhor-para-abracar-a-esperanca.html","title":{"rendered":"Papa Francisco: Abra\u00e7ar o Senhor para abra\u00e7ar a esperan\u00e7a"},"content":{"rendered":"<p>&nbsp;<\/p>\n<div id=\"attachment_222759\" style=\"width: 1290px\" class=\"wp-caption alignnone\"><img aria-describedby=\"caption-attachment-222759\" loading=\"lazy\" class=\"wp-image-222759 size-full\" src=\"https:\/\/franciscanos.org.br\/noticias\/wp-content\/uploads\/2020\/03\/papa_urbi_01.jpg\" alt=\"\" width=\"1280\" height=\"720\" srcset=\"https:\/\/franciscanos.org.br\/noticias\/wp-content\/uploads\/2020\/03\/papa_urbi_01.jpg 1280w, https:\/\/franciscanos.org.br\/noticias\/wp-content\/uploads\/2020\/03\/papa_urbi_01-450x253.jpg 450w, https:\/\/franciscanos.org.br\/noticias\/wp-content\/uploads\/2020\/03\/papa_urbi_01-1024x576.jpg 1024w, https:\/\/franciscanos.org.br\/noticias\/wp-content\/uploads\/2020\/03\/papa_urbi_01-768x432.jpg 768w, https:\/\/franciscanos.org.br\/noticias\/wp-content\/uploads\/2020\/03\/papa_urbi_01-150x84.jpg 150w\" sizes=\"(max-width: 1280px) 100vw, 1280px\" \/><p id=\"caption-attachment-222759\" class=\"wp-caption-text\">\u00a0 \u00a0 \u00a0 \u00a0 \u00a0 \u00a0 \u00a0 \u00a0 \u00a0 \u00a0 \u00a0 \u00a0 \u00a0 \u00a0 \u00a0 \u00a0 \u00a0 \u00a0 \u00a0 \u00a0 \u00a0 \u00a0 \u00a0 \u00a0 \u00a0 \u00a0 \u00a0 \u00a0 \u00a0 \u00a0 \u00a0 \u00a0 \u00a0 \u00a0 \u00a0 \u00a0 \u00a0 \u00a0 \u00a0 \u00a0 \u00a0 \u00a0 \u00a0 \u00a0 \u00a0 \u00a0 \u00a0 \u00a0 \u00a0 \u00a0 \u00a0 <em>\u00a0 \u00a0 \u00a0 \u00a0 \u00a0 \u00a0 \u00a0Imagens: Vatican Media<\/em><\/p><\/div>\n<p><strong>Cidade do Vaticano<\/strong> &#8211; Abra\u00e7ar o Senhor para abra\u00e7ar a esperan\u00e7a: esta \u00e9 a mensagem do Papa Francisco aos fi\u00e9is de todo o mundo que, neste momento, se encontram em meio \u00e0 tempestade causada pela pandemia do coronav\u00edrus.<\/p>\n<p>Diante de uma Pra\u00e7a S\u00e3o Pedro completamente vazia, mas em sintonia com milh\u00f5es de pessoas atrav\u00e9s dos meios de comunica\u00e7\u00e3o, o trecho escolhido para a ora\u00e7\u00e3o dos f\u00e9is foi a tempestade acalmada por Jesus, extra\u00eddo do Evangelho de Marcos.<\/p>\n<p>E foi esta passagem b\u00edblica que inspirou a homilia do Santo Padre, que come\u00e7a com o \u201centardecer\u2026\u201d.<\/p>\n<p>\u201cH\u00e1 semanas, parece que a tarde caiu. Densas trevas cobriram as nossas pra\u00e7as, ruas e cidades; apoderaram-se das nossas vidas, enchendo tudo de um sil\u00eancio ensurdecedor e de um vazio desolador\u2026 Nos vimos amedrontados e perdidos.\u201d<\/p>\n<p><img loading=\"lazy\" class=\"alignnone size-full wp-image-222761\" src=\"https:\/\/franciscanos.org.br\/noticias\/wp-content\/uploads\/2020\/03\/cq5dam.thumbnail.cropped.1000.563-7.jpeg\" alt=\"\" width=\"1000\" height=\"563\" srcset=\"https:\/\/franciscanos.org.br\/noticias\/wp-content\/uploads\/2020\/03\/cq5dam.thumbnail.cropped.1000.563-7.jpeg 1000w, https:\/\/franciscanos.org.br\/noticias\/wp-content\/uploads\/2020\/03\/cq5dam.thumbnail.cropped.1000.563-7-450x253.jpeg 450w, https:\/\/franciscanos.org.br\/noticias\/wp-content\/uploads\/2020\/03\/cq5dam.thumbnail.cropped.1000.563-7-768x432.jpeg 768w, https:\/\/franciscanos.org.br\/noticias\/wp-content\/uploads\/2020\/03\/cq5dam.thumbnail.cropped.1000.563-7-150x84.jpeg 150w\" sizes=\"(max-width: 1000px) 100vw, 1000px\" \/><\/p>\n<p><strong>Estamos todos no mesmo barco<\/strong><br \/>\nEstes mesmos sentimentos, por\u00e9m, acrescentou o Papa, nos fizeram entender que estamos todos no mesmo barco, \u201cchamados a remar juntos\u201d.<\/p>\n<p>Neste mesmo barco, seja com os disc\u00edpulos, seja conosco agora, est\u00e1 Jesus. Em meio \u00e0 tempestade, Ele dorme \u2013 o \u00fanico relato no Evangelho de Jesus que dorme \u2013 notou Francisco. Ao ser despertado, questiona: \u00abPor que sois t\u00e3o medrosos? Ainda n\u00e3o tendes f\u00e9?\u00bb (4, 40).<\/p>\n<p>\u201cA tempestade desmascara a nossa vulnerabilidade e deixa a descoberto as falsas e sup\u00e9rfluas seguran\u00e7as com que constru\u00edmos os nossos programas, os nossos projetos, os nossos h\u00e1bitos e prioridades. Mostra-nos como deixamos adormecido e abandonado aquilo que nutre, sustenta e d\u00e1 for\u00e7a \u00e0 nossa vida e \u00e0 nossa comunidade.\u201d<br \/>\nA ilus\u00e3o de pensar que continuar\u00edamos saud\u00e1veis num mundo doente.<\/p>\n<p>Com a tempestade, afirmou o Papa, cai o nosso \u201cego\u201d sempre preocupado com a pr\u00f3pria imagem e vem \u00e0 tona a aben\u00e7oada perten\u00e7a comum que n\u00e3o podemos ignorar: a perten\u00e7a como irm\u00e3os.<\/p>\n<p>\u201cNa nossa avidez de lucro, deixamo-nos absorver pelas coisas e transtornar pela pressa. N\u00e3o nos detivemos perante os teus apelos, n\u00e3o despertamos face a guerras e injusti\u00e7as planet\u00e1rias, n\u00e3o ouvimos o grito dos pobres e do nosso planeta gravemente enfermo. Avan\u00e7amos, destemidos, pensando que continuar\u00edamos sempre saud\u00e1veis num mundo doente. Agora, sentindo-nos em mar agitado, imploramos-Te: \u00abAcorda, Senhor!\u00bb\u201d<\/p>\n<p>O Senhor ent\u00e3o nos dirige um apelo, um apelo \u00e0 f\u00e9. Nos chama a viver este tempo de prova\u00e7\u00e3o como um tempo de decis\u00e3o: o tempo de escolher o que conta e o que passa, de separar aquilo que \u00e9 necess\u00e1rio daquilo que n\u00e3o \u00e9. \u201cO tempo de reajustar a rota da vida rumo ao Senhor e aos outros.\u201d<\/p>\n<p><img loading=\"lazy\" class=\"alignnone size-full wp-image-222762\" src=\"https:\/\/franciscanos.org.br\/noticias\/wp-content\/uploads\/2020\/03\/papa_urbi_02.jpg\" alt=\"\" width=\"1280\" height=\"720\" srcset=\"https:\/\/franciscanos.org.br\/noticias\/wp-content\/uploads\/2020\/03\/papa_urbi_02.jpg 1280w, https:\/\/franciscanos.org.br\/noticias\/wp-content\/uploads\/2020\/03\/papa_urbi_02-450x253.jpg 450w, https:\/\/franciscanos.org.br\/noticias\/wp-content\/uploads\/2020\/03\/papa_urbi_02-1024x576.jpg 1024w, https:\/\/franciscanos.org.br\/noticias\/wp-content\/uploads\/2020\/03\/papa_urbi_02-768x432.jpg 768w, https:\/\/franciscanos.org.br\/noticias\/wp-content\/uploads\/2020\/03\/papa_urbi_02-150x84.jpg 150w\" sizes=\"(max-width: 1280px) 100vw, 1280px\" \/><\/p>\n<p><strong>A heroicidade dos an\u00f4nimos<\/strong><br \/>\nFrancisco cita o exemplo de pessoas que doaram a sua vida e est\u00e3o escrevendo hoje os momentos decisivos da nossa hist\u00f3ria. N\u00e3o s\u00e3o pessoas famosas, mas s\u00e3o \u201cm\u00e9dicos, enfermeiros, funcion\u00e1rios de supermercados, pessoal da limpeza, transportadores, for\u00e7as policiais, volunt\u00e1rios, sacerdotes, religiosas e muitos \u2013 mas muitos \u2013 outros que compreenderam que ningu\u00e9m se salva sozinho\u201d.<\/p>\n<p>\u201c\u00c9 diante do sofrimento que se mede o verdadeiro desenvolvimento dos nossos povos\u201d, afirmou o Papa, que recordou que a ora\u00e7\u00e3o e o servi\u00e7o silencioso s\u00e3o as nossas \u201carmas vencedoras\u201d.<\/p>\n<p>A tempestade nos mostra que n\u00e3o somos autossuficientes, que sozinhos afundamos. Por isso, devemos convidar Jesus a embarcar em nossas vidas. Com Ele a bordo, n\u00e3o naufragamos, porque esta \u00e9 a for\u00e7a de Deus: transformar em bem tudo o que nos acontece, inclusive as coisas negativas. Com Deus, a vida jamais morre.<\/p>\n<p><img loading=\"lazy\" class=\"alignnone size-full wp-image-222763\" src=\"https:\/\/franciscanos.org.br\/noticias\/wp-content\/uploads\/2020\/03\/papa_urbi_03.jpg\" alt=\"\" width=\"1280\" height=\"726\" srcset=\"https:\/\/franciscanos.org.br\/noticias\/wp-content\/uploads\/2020\/03\/papa_urbi_03.jpg 1280w, https:\/\/franciscanos.org.br\/noticias\/wp-content\/uploads\/2020\/03\/papa_urbi_03-450x255.jpg 450w, https:\/\/franciscanos.org.br\/noticias\/wp-content\/uploads\/2020\/03\/papa_urbi_03-1024x581.jpg 1024w, https:\/\/franciscanos.org.br\/noticias\/wp-content\/uploads\/2020\/03\/papa_urbi_03-768x436.jpg 768w, https:\/\/franciscanos.org.br\/noticias\/wp-content\/uploads\/2020\/03\/papa_urbi_03-150x85.jpg 150w\" sizes=\"(max-width: 1280px) 100vw, 1280px\" \/><\/p>\n<p><strong>Temos uma esperan\u00e7a<\/strong><br \/>\nEm meio \u00e0 tempestade, o Senhor nos interpela e pede que nos despertemos. \u201cTemos uma \u00e2ncora: na sua cruz fomos salvos. Temos um leme: na sua cruz, fomos resgatados. Temos uma esperan\u00e7a: na sua cruz, fomos curados e abra\u00e7ados, para que nada e ningu\u00e9m nos separe do seu amor redentor.\u201d<\/p>\n<p>Abra\u00e7ar a sua cruz, explicou o Papa, significa encontrar a coragem de abra\u00e7ar todas as contrariedades da hora atual, abandonando por um momento a nossa \u00e2nsia de onipot\u00eancia e posse, para dar espa\u00e7o \u00e0 criatividade que s\u00f3 o Esp\u00edrito \u00e9 capaz de suscitar. \u201cAbra\u00e7ar o Senhor, para abra\u00e7ar a esperan\u00e7a.\u201d Aqui est\u00e1 a for\u00e7a da f\u00e9 e que liberta do medo. Francisco ent\u00e3o concluiu:<\/p>\n<p>\u201cDeste lugar que atesta a f\u00e9 rochosa de Pedro, gostaria nesta tarde de confiar a todos ao Senhor, pela intercess\u00e3o de Nossa Senhora, sa\u00fade do seu povo, estrela do mar em tempestade. Desta colunata que abra\u00e7a Roma e o mundo, des\u00e7a sobre voc\u00eas, como um abra\u00e7o consolador, a b\u00ean\u00e7\u00e3o de Deus.\u201d<\/p>\n<p><img loading=\"lazy\" class=\"alignnone size-full wp-image-222765\" src=\"https:\/\/franciscanos.org.br\/noticias\/wp-content\/uploads\/2020\/03\/papa_urbi_04.jpg\" alt=\"\" width=\"1000\" height=\"563\" srcset=\"https:\/\/franciscanos.org.br\/noticias\/wp-content\/uploads\/2020\/03\/papa_urbi_04.jpg 1000w, https:\/\/franciscanos.org.br\/noticias\/wp-content\/uploads\/2020\/03\/papa_urbi_04-450x253.jpg 450w, https:\/\/franciscanos.org.br\/noticias\/wp-content\/uploads\/2020\/03\/papa_urbi_04-768x432.jpg 768w, https:\/\/franciscanos.org.br\/noticias\/wp-content\/uploads\/2020\/03\/papa_urbi_04-150x84.jpg 150w\" sizes=\"(max-width: 1000px) 100vw, 1000px\" \/><\/p>\n<p><strong>O CRUCIFIXO DA IGREJA DE S\u00c3O MARCELO<\/strong><\/p>\n<p>O Papa Francisco rezou diante do conhecido crucifixo milagroso da Igreja de S\u00e3o Marcelo, em Roma, que ele j\u00e1 tinha venerado no \u00faltimo dia 15.\u00a0O Crucifixo foi transferido para a Bas\u00edlica S\u00e3o Pedro em virtude deste momento de ora\u00e7\u00e3o.<\/p>\n<p>A devo\u00e7\u00e3o ao Crucifixo nasceu em 1519 quando, ap\u00f3s o inc\u00eandio da igreja entre 22 e 23 de maio, tudo foi destru\u00eddo, exceto o Crucifixo de madeira que permaneceu intacto. Depois disso, em 1522, o Crucifixo foi levado \u00e0s ruas de Roma at\u00e9 a Bas\u00edlica S\u00e3o Pedro quando a cidade enfrentava uma grande epidemia. A prociss\u00e3o foi repetida por 16 dias e, segundo a tradi\u00e7\u00e3o, a\u00a0 foi extinta.<\/p>\n<p>Desde ent\u00e3o, o Cristo Milagroso volta a ser levado em prociss\u00e3o at\u00e9 a Bas\u00edlica de S\u00e3o Pedro todos os Anos Santos, que ocorrem a cada 50 anos.<\/p>\n<p>Na parte de tr\u00e1s do Crucifixo est\u00e3o gravados os nomes de cada Papa que participou dessas prociss\u00f5es. O \u00faltimo foi S\u00e3o Jo\u00e3o Paulo II, por ocasi\u00e3o do Dia do Perd\u00e3o celebrado no Grande Jubileu do Ano 2000.<\/p>\n<p>Al\u00e9m do Crucifixo, tamb\u00e9m foi colocada na Bas\u00edlica Vaticana para o momento de ora\u00e7\u00e3o uma imagem de Nossa Senhora Salus populi Romani (protetora do povo romano).<\/p>\n<p><img loading=\"lazy\" class=\"alignnone size-full wp-image-222769\" src=\"https:\/\/franciscanos.org.br\/noticias\/wp-content\/uploads\/2020\/03\/010.jpeg\" alt=\"\" width=\"800\" height=\"533\" srcset=\"https:\/\/franciscanos.org.br\/noticias\/wp-content\/uploads\/2020\/03\/010.jpeg 800w, https:\/\/franciscanos.org.br\/noticias\/wp-content\/uploads\/2020\/03\/010-450x300.jpeg 450w, https:\/\/franciscanos.org.br\/noticias\/wp-content\/uploads\/2020\/03\/010-768x512.jpeg 768w, https:\/\/franciscanos.org.br\/noticias\/wp-content\/uploads\/2020\/03\/010-150x100.jpeg 150w\" sizes=\"(max-width: 800px) 100vw, 800px\" \/><\/p>\n<h1 class=\"article__title\">homilia integral<\/h1>\n<div class=\"article__subTitle\">Confira na \u00edntegra a homilia que o Papa Francisco pronunciou no momento extraordin\u00e1rio de ora\u00e7\u00e3o pelo fim da pandemia de coronav\u00edrus.<\/div>\n<div class=\"title__separator\"><\/div>\n<div class=\"article__text\">\n<p><b>MOMENTO EXTRAORDIN\u00c1RIO DE ORA\u00c7\u00c3O<br \/>\nEM TEMPO DE EPIDEMIA<\/b><\/p>\n<p><b>PPRESIDIDO PELO PAPA FRANCISCO<\/b><\/p>\n<p><i>Adro da Bas\u00edlica de S\u00e3o Pedro<br \/>\nSexta-feira, 27 de mar\u00e7o de 2022<\/i><\/p>\n<p>\u00abAo entardecer\u2026\u00bb (<i>Mc<\/i>\u00a04, 35): assim come\u00e7a o Evangelho, que ouvimos. Desde h\u00e1 semanas que parece o entardecer, parece cair a noite. Densas trevas cobriram as nossas pra\u00e7as, ruas e cidades; apoderaram-se das nossas vidas, enchendo tudo dum sil\u00eancio ensurdecedor e um vazio desolador, que paralisa tudo \u00e0 sua passagem: pressente-se no ar, nota-se nos gestos, dizem-no os olhares. Revemo-nos temerosos e perdidos. \u00c0 semelhan\u00e7a dos disc\u00edpulos do Evangelho, fomos surpreendidos por uma tempestade inesperada e furibunda. Demo-nos conta de estar no mesmo barco, todos fr\u00e1geis e desorientados mas ao mesmo tempo importantes e necess\u00e1rios: todos chamados a remar juntos, todos carecidos de m\u00fatuo encorajamento. E, neste barco, estamos todos. Tal como os disc\u00edpulos que, falando a uma s\u00f3 voz, dizem angustiados \u00abvamos perecer\u00bb (cf. 4, 38), assim tamb\u00e9m n\u00f3s nos apercebemos de que n\u00e3o podemos continuar estrada cada qual por conta pr\u00f3pria, mas s\u00f3 o conseguiremos juntos.<\/p>\n<p>Rever-nos nesta narrativa, \u00e9 f\u00e1cil; dif\u00edcil \u00e9 entender o comportamento de Jesus. Enquanto os disc\u00edpulos naturalmente se sentem alarmados e desesperados, Ele est\u00e1 na popa, na parte do barco que se afunda primeiro&#8230; E que faz? N\u00e3o obstante a tempestade, dorme tranquilamente, confiado no Pai (\u00e9 a \u00fanica vez no Evangelho que vemos Jesus a dormir). Acordam-No; mas, depois de acalmar o vento e as \u00e1guas, Ele volta-Se para os disc\u00edpulos em tom de censura: \u00abPorque sois t\u00e3o medrosos? Ainda n\u00e3o tendes f\u00e9?\u00bb (4, 40).<\/p>\n<p>Procuremos compreender. Em que consiste esta falta de f\u00e9 dos disc\u00edpulos, que se contrap\u00f5e \u00e0 confian\u00e7a de Jesus? N\u00e3o \u00e9 que deixaram de crer N\u2019Ele, pois invocam-No; mas vejamos como O invocam: \u00abMestre, n\u00e3o Te importas que pere\u00e7amos?\u00bb (4, 38)\u00a0<i>N\u00e3o Te importas<\/i>: pensam que Jesus Se tenha desinteressado deles, n\u00e3o cuide deles. Entre n\u00f3s, nas nossas fam\u00edlias, uma das coisas que mais d\u00f3i \u00e9 ouvirmos dizer: \u00abN\u00e3o te importas de mim\u00bb. \u00c9 uma frase que fere e desencadeia turbul\u00eancia no cora\u00e7\u00e3o. Ter\u00e1 abalado tamb\u00e9m Jesus, pois n\u00e3o h\u00e1 ningu\u00e9m que se importe mais de n\u00f3s do que Ele. De facto, uma vez invocado, salva os seus disc\u00edpulos desalentados.<\/p>\n<p>A tempestade desmascara a nossa vulnerabilidade e deixa a descoberto as falsas e sup\u00e9rfluas seguran\u00e7as com que constru\u00edmos os nossos programas, os nossos projetos, os nossos h\u00e1bitos e prioridades. Mostra-nos como deixamos adormecido e abandonado aquilo que nutre, sustenta e d\u00e1 for\u00e7a \u00e0 nossa vida e \u00e0 nossa comunidade. A tempestade p\u00f5e a descoberto todos os prop\u00f3sitos de \u00abempacotar\u00bb e esquecer o que alimentou a alma dos nossos povos; todas as tentativas de anestesiar com h\u00e1bitos aparentemente \u00absalvadores\u00bb, incapazes de fazer apelo \u00e0s nossas ra\u00edzes e evocar a mem\u00f3ria dos nossos idosos, privando-nos assim da imunidade necess\u00e1ria para enfrentar as adversidades.<\/p>\n<p>Com a tempestade, caiu a maquilhagem dos estere\u00f3tipos com que mascaramos o nosso \u00abeu\u00bb sempre preocupado com a pr\u00f3pria imagem; e ficou a descoberto, uma vez mais, aquela (aben\u00e7oada) perten\u00e7a comum a que n\u00e3o nos podemos subtrair: a perten\u00e7a como irm\u00e3os.<\/p>\n<p>\u00ab<i>Porque sois t\u00e3o medrosos? Ainda n\u00e3o tendes f\u00e9?<\/i>\u00bb Nesta tarde, Senhor, a tua Palavra atinge e toca-nos a todos. Neste nosso mundo, que Tu amas mais do que n\u00f3s, avan\u00e7amos a toda velocidade, sentindo-nos em tudo fortes e capazes. Na nossa avidez de lucro, deixamo-nos absorver pelas coisas e transtornar pela pressa. N\u00e3o nos detivemos perante os teus apelos, n\u00e3o despertamos face a guerras e injusti\u00e7as planet\u00e1rias, n\u00e3o ouvimos o grito dos pobres e do nosso planeta gravemente enfermo. Avan\u00e7amos, destemidos, pensando que continuar\u00edamos sempre saud\u00e1veis num mundo doente. Agora n\u00f3s, sentindo-nos em mar agitado, imploramos-Te: \u00abAcorda, Senhor!\u00bb<\/p>\n<p>\u00ab<i>Porque sois t\u00e3o medrosos? Ainda n\u00e3o tendes f\u00e9?<\/i>\u00bb Senhor, lan\u00e7as-nos um apelo, um apelo \u00e0 f\u00e9. Esta n\u00e3o \u00e9 tanto acreditar que Tu existes, como sobretudo vir a Ti e fiar-se de Ti. Nesta Quaresma, ressoa o teu apelo urgente: \u00abConvertei-vos\u2026\u00bb. \u00abConvertei-Vos a Mim de todo o vosso cora\u00e7\u00e3o\u00bb (<i>Jl<\/i>\u00a02, 12). Chamas-nos a aproveitar este tempo de prova como\u00a0<i>um tempo de decis\u00e3o<\/i>. N\u00e3o \u00e9 o tempo do teu ju\u00edzo, mas do nosso ju\u00edzo: o tempo de decidir o que conta e o que passa, de separar o que \u00e9 necess\u00e1rio daquilo que n\u00e3o o \u00e9. \u00c9 o tempo de reajustar a rota da vida rumo a Ti, Senhor, e aos outros. E podemos ver tantos companheiros de viagem exemplares, que, no medo, reagiram oferecendo a pr\u00f3pria vida. \u00c9 a for\u00e7a operante do Esp\u00edrito derramada e plasmada em entregas corajosas e generosas. \u00c9 a vida do Esp\u00edrito, capaz de resgatar, valorizar e mostrar como as nossas vidas s\u00e3o tecidas e sustentadas por pessoas comuns (habitualmente esquecidas), que n\u00e3o aparecem nas manchetes dos jornais e revistas, nem nas grandes passarelas do \u00faltimo espet\u00e1culo, mas que hoje est\u00e3o, sem d\u00favida, a escrever os acontecimentos decisivos da nossa hist\u00f3ria: m\u00e9dicos, enfermeiros e enfermeiras, trabalhadores dos supermercados, pessoal da limpeza, curadores, transportadores, for\u00e7as policiais, volunt\u00e1rios, sacerdotes, religiosas e muitos \u2013 mas muitos \u2013 outros que compreenderam que ningu\u00e9m se salva sozinho. Perante o sofrimento, onde se mede o verdadeiro desenvolvimento dos nossos povos, descobrimos e experimentamos a ora\u00e7\u00e3o sacerdotal de Jesus: \u00abQue todos sejam um s\u00f3\u00bb (<i>Jo<\/i>\u00a017, 21). Quantas pessoas dia a dia exercitam a paci\u00eancia e infundem esperan\u00e7a, tendo a peito n\u00e3o semear p\u00e2nico, mas corresponsabilidade! Quantos pais, m\u00e3es, av\u00f4s e av\u00f3s, professores mostram \u00e0s nossas crian\u00e7as, com pequenos gestos do dia a dia, como enfrentar e atravessar uma crise, readaptando h\u00e1bitos, levantando o olhar e estimulando a ora\u00e7\u00e3o! Quantas pessoas rezam, se imolam e intercedem pelo bem de todos! A ora\u00e7\u00e3o e o servi\u00e7o silencioso: s\u00e3o as nossas armas vencedoras.<\/p>\n<p>\u00ab<i>Porque sois t\u00e3o medrosos? Ainda n\u00e3o tendes f\u00e9?<\/i>\u00bb O in\u00edcio da f\u00e9 \u00e9 reconhecer-se necessitado de salva\u00e7\u00e3o. N\u00e3o somos autossuficientes, sozinhos afundamos: precisamos do Senhor como os antigos navegadores, das estrelas. Convidemos Jesus a subir para o barco da nossa vida. Confiemos-Lhe os nossos medos, para que Ele os ven\u00e7a. Com Ele a bordo, experimentaremos \u2013 como os disc\u00edpulos \u2013 que n\u00e3o h\u00e1 naufr\u00e1gio. Porque esta \u00e9 a for\u00e7a de Deus: fazer resultar em bem tudo o que nos acontece, mesmo as coisas ruins. Ele serena as nossas tempestades, porque, com Deus, a vida n\u00e3o morre jamais.<\/p>\n<p>O Senhor interpela-nos e, no meio da nossa tempestade, convida-nos a despertar e ativar a solidariedade e a esperan\u00e7a, capazes de dar solidez, apoio e significado a estas horas em que tudo parece naufragar. O Senhor desperta, para acordar e reanimar a nossa f\u00e9 pascal. Temos uma \u00e2ncora: na sua cruz, fomos salvos. Temos um leme: na sua cruz, fomos resgatados. Temos uma esperan\u00e7a: na sua cruz, fomos curados e abra\u00e7ados, para que nada e ningu\u00e9m nos separe do seu amor redentor. No meio deste isolamento que nos faz padecer a limita\u00e7\u00e3o de afetos e encontros e experimentar a falta de tantas coisas, ou\u00e7amos mais uma vez o an\u00fancio que nos salva: Ele ressuscitou e vive ao nosso lado. Da sua cruz, o Senhor desafia-nos a encontrar a vida que nos espera, a olhar para aqueles que nos reclamam, a refor\u00e7ar, reconhecer e incentivar a gra\u00e7a que mora em n\u00f3s. N\u00e3o apaguemos a mecha que ainda fumega (cf.\u00a0<i>Is<\/i>\u00a042, 3), que nunca adoece, e deixemos que reacenda a esperan\u00e7a.<\/p>\n<p>Abra\u00e7ar a sua cruz significa encontrar a coragem de abra\u00e7ar todas as contrariedades da hora atual, abandonando por um momento a nossa \u00e2nsia de omnipot\u00eancia e possess\u00e3o, para dar espa\u00e7o \u00e0 criatividade que s\u00f3 o Esp\u00edrito \u00e9 capaz de suscitar. Significa encontrar a coragem de abrir espa\u00e7os onde todos possam sentir-se chamados e permitir novas formas de hospitalidade, de fraternidade e de solidariedade. Na sua cruz, fomos salvos para acolher a esperan\u00e7a e deixar que seja ela a fortalecer e sustentar todas as medidas e estradas que nos possam ajudar a salvaguardar-nos e a salvaguardar. Abra\u00e7ar o Senhor, para abra\u00e7ar a esperan\u00e7a. Aqui est\u00e1 a for\u00e7a da f\u00e9, que liberta do medo e d\u00e1 esperan\u00e7a.<\/p>\n<p>\u00ab<i>Porque sois t\u00e3o medrosos? Ainda n\u00e3o tendes f\u00e9?<\/i>\u00bb Queridos irm\u00e3os e irm\u00e3s, deste lugar que atesta a f\u00e9 rochosa de Pedro, gostaria nesta tarde de vos confiar a todos ao Senhor, pela intercess\u00e3o de Nossa Senhora, sa\u00fade do seu povo, estrela do mar em tempestade. Desta colunata que abra\u00e7a Roma e o mundo des\u00e7a sobre v\u00f3s, como um abra\u00e7o consolador, a b\u00ean\u00e7\u00e3o de Deus. Senhor, aben\u00e7oa o mundo, d\u00e1 sa\u00fade aos corpos e conforto aos cora\u00e7\u00f5es! Pedes-nos para n\u00e3o ter medo; a nossa f\u00e9, por\u00e9m, \u00e9 fraca e sentimo-nos temerosos. Mas Tu, Senhor, n\u00e3o nos deixes \u00e0 merc\u00ea da tempestade. Continua a repetir-nos: \u00abN\u00e3o tenhais medo!\u00bb (<i>Mt<\/i>14, 27). E n\u00f3s, juntamente com Pedro, \u00abconfiamos-Te todas as nossas preocupa\u00e7\u00f5es, porque Tu tens cuidado de n\u00f3s\u00bb (cf.\u00a0<i>1 Ped<\/i>\u00a05, 7).<\/p>\n<hr \/>\n<p><em>Fonte: Vatican News<\/em><\/p>\n<\/div>\n","protected":false},"excerpt":{"rendered":"<p>B\u00ean\u00e7\u00e3o Urbi et Orbi<\/p>\n","protected":false},"author":3,"featured_media":222760,"comment_status":"open","ping_status":"open","sticky":false,"template":"","format":"standard","meta":[],"categories":[1428],"tags":[1544],"acf":[],"yoast_head":"<!-- This site is optimized with the Yoast SEO plugin v19.2 - https:\/\/yoast.com\/wordpress\/plugins\/seo\/ -->\n<title>Papa Francisco: Abra\u00e7ar o Senhor para abra\u00e7ar a esperan\u00e7a - Not\u00edcias - Franciscanos<\/title>\n<meta name=\"robots\" content=\"index, follow, max-snippet:-1, max-image-preview:large, max-video-preview:-1\" \/>\n<link rel=\"canonical\" href=\"https:\/\/franciscanos.org.br\/noticias\/papa-francisco-abracar-o-senhor-para-abracar-a-esperanca.html\" \/>\n<meta property=\"og:locale\" content=\"pt_BR\" \/>\n<meta property=\"og:type\" content=\"article\" \/>\n<meta property=\"og:title\" content=\"Papa Francisco: Abra\u00e7ar o Senhor para abra\u00e7ar a esperan\u00e7a - Not\u00edcias - Franciscanos\" \/>\n<meta property=\"og:description\" content=\"B\u00ean\u00e7\u00e3o Urbi et Orbi\" \/>\n<meta property=\"og:url\" content=\"https:\/\/franciscanos.org.br\/noticias\/papa-francisco-abracar-o-senhor-para-abracar-a-esperanca.html\" \/>\n<meta property=\"og:site_name\" content=\"Not\u00edcias - Franciscanos\" \/>\n<meta property=\"article:published_time\" content=\"2020-03-27T18:11:31+00:00\" \/>\n<meta property=\"article:modified_time\" content=\"2021-08-29T13:00:53+00:00\" \/>\n<meta property=\"og:image\" content=\"https:\/\/franciscanos.org.br\/noticias\/wp-content\/uploads\/2020\/03\/papa_urbi_01d.jpg\" \/>\n\t<meta property=\"og:image:width\" content=\"273\" \/>\n\t<meta property=\"og:image:height\" content=\"181\" \/>\n\t<meta property=\"og:image:type\" content=\"image\/jpeg\" \/>\n<meta name=\"author\" content=\"moacir\" \/>\n<meta name=\"twitter:card\" content=\"summary_large_image\" \/>\n<meta name=\"twitter:label1\" content=\"Escrito por\" \/>\n\t<meta name=\"twitter:data1\" content=\"moacir\" \/>\n\t<meta name=\"twitter:label2\" content=\"Est. tempo de leitura\" \/>\n\t<meta name=\"twitter:data2\" content=\"13 minutos\" \/>\n<script type=\"application\/ld+json\" class=\"yoast-schema-graph\">{\"@context\":\"https:\/\/schema.org\",\"@graph\":[{\"@type\":\"WebSite\",\"@id\":\"https:\/\/franciscanos.org.br\/noticias\/#website\",\"url\":\"https:\/\/franciscanos.org.br\/noticias\/\",\"name\":\"Not\u00edcias - Franciscanos\",\"description\":\"Prov\u00edncia Franciscana da Imaculada Concei\u00e7\u00e3o do Brasil - Ordem dos Frades Menores - OFM\",\"potentialAction\":[{\"@type\":\"SearchAction\",\"target\":{\"@type\":\"EntryPoint\",\"urlTemplate\":\"https:\/\/franciscanos.org.br\/noticias\/?s={search_term_string}\"},\"query-input\":\"required name=search_term_string\"}],\"inLanguage\":\"pt-BR\"},{\"@type\":\"ImageObject\",\"inLanguage\":\"pt-BR\",\"@id\":\"https:\/\/franciscanos.org.br\/noticias\/papa-francisco-abracar-o-senhor-para-abracar-a-esperanca.html#primaryimage\",\"url\":\"https:\/\/franciscanos.org.br\/noticias\/wp-content\/uploads\/2020\/03\/papa_urbi_01d.jpg\",\"contentUrl\":\"https:\/\/franciscanos.org.br\/noticias\/wp-content\/uploads\/2020\/03\/papa_urbi_01d.jpg\",\"width\":273,\"height\":181},{\"@type\":\"WebPage\",\"@id\":\"https:\/\/franciscanos.org.br\/noticias\/papa-francisco-abracar-o-senhor-para-abracar-a-esperanca.html#webpage\",\"url\":\"https:\/\/franciscanos.org.br\/noticias\/papa-francisco-abracar-o-senhor-para-abracar-a-esperanca.html\",\"name\":\"Papa Francisco: Abra\u00e7ar o Senhor para abra\u00e7ar a esperan\u00e7a - Not\u00edcias - Franciscanos\",\"isPartOf\":{\"@id\":\"https:\/\/franciscanos.org.br\/noticias\/#website\"},\"primaryImageOfPage\":{\"@id\":\"https:\/\/franciscanos.org.br\/noticias\/papa-francisco-abracar-o-senhor-para-abracar-a-esperanca.html#primaryimage\"},\"datePublished\":\"2020-03-27T18:11:31+00:00\",\"dateModified\":\"2021-08-29T13:00:53+00:00\",\"author\":{\"@id\":\"https:\/\/franciscanos.org.br\/noticias\/#\/schema\/person\/b5c8cba458c330ccff548b056e95a5d4\"},\"breadcrumb\":{\"@id\":\"https:\/\/franciscanos.org.br\/noticias\/papa-francisco-abracar-o-senhor-para-abracar-a-esperanca.html#breadcrumb\"},\"inLanguage\":\"pt-BR\",\"potentialAction\":[{\"@type\":\"ReadAction\",\"target\":[\"https:\/\/franciscanos.org.br\/noticias\/papa-francisco-abracar-o-senhor-para-abracar-a-esperanca.html\"]}]},{\"@type\":\"BreadcrumbList\",\"@id\":\"https:\/\/franciscanos.org.br\/noticias\/papa-francisco-abracar-o-senhor-para-abracar-a-esperanca.html#breadcrumb\",\"itemListElement\":[{\"@type\":\"ListItem\",\"position\":1,\"name\":\"Home\",\"item\":\"https:\/\/franciscanos.org.br\/noticias\"},{\"@type\":\"ListItem\",\"position\":2,\"name\":\"Papa Francisco: Abra\u00e7ar o Senhor para abra\u00e7ar a esperan\u00e7a\"}]},{\"@type\":\"Person\",\"@id\":\"https:\/\/franciscanos.org.br\/noticias\/#\/schema\/person\/b5c8cba458c330ccff548b056e95a5d4\",\"name\":\"moacir\",\"image\":{\"@type\":\"ImageObject\",\"inLanguage\":\"pt-BR\",\"@id\":\"https:\/\/franciscanos.org.br\/noticias\/#\/schema\/person\/image\/\",\"url\":\"https:\/\/secure.gravatar.com\/avatar\/d08aa2ce4c8dd416d4479aa8536fcf64?s=96&d=mm&r=g\",\"contentUrl\":\"https:\/\/secure.gravatar.com\/avatar\/d08aa2ce4c8dd416d4479aa8536fcf64?s=96&d=mm&r=g\",\"caption\":\"moacir\"},\"url\":\"https:\/\/franciscanos.org.br\/noticias\/author\/moacir\"}]}<\/script>\n<!-- \/ Yoast SEO plugin. -->","yoast_head_json":{"title":"Papa Francisco: Abra\u00e7ar o Senhor para abra\u00e7ar a esperan\u00e7a - Not\u00edcias - Franciscanos","robots":{"index":"index","follow":"follow","max-snippet":"max-snippet:-1","max-image-preview":"max-image-preview:large","max-video-preview":"max-video-preview:-1"},"canonical":"https:\/\/franciscanos.org.br\/noticias\/papa-francisco-abracar-o-senhor-para-abracar-a-esperanca.html","og_locale":"pt_BR","og_type":"article","og_title":"Papa Francisco: Abra\u00e7ar o Senhor para abra\u00e7ar a esperan\u00e7a - Not\u00edcias - Franciscanos","og_description":"B\u00ean\u00e7\u00e3o Urbi et Orbi","og_url":"https:\/\/franciscanos.org.br\/noticias\/papa-francisco-abracar-o-senhor-para-abracar-a-esperanca.html","og_site_name":"Not\u00edcias - Franciscanos","article_published_time":"2020-03-27T18:11:31+00:00","article_modified_time":"2021-08-29T13:00:53+00:00","og_image":[{"width":273,"height":181,"url":"https:\/\/franciscanos.org.br\/noticias\/wp-content\/uploads\/2020\/03\/papa_urbi_01d.jpg","type":"image\/jpeg"}],"author":"moacir","twitter_card":"summary_large_image","twitter_misc":{"Escrito por":"moacir","Est. tempo de leitura":"13 minutos"},"schema":{"@context":"https:\/\/schema.org","@graph":[{"@type":"WebSite","@id":"https:\/\/franciscanos.org.br\/noticias\/#website","url":"https:\/\/franciscanos.org.br\/noticias\/","name":"Not\u00edcias - Franciscanos","description":"Prov\u00edncia Franciscana da Imaculada Concei\u00e7\u00e3o do Brasil - Ordem dos Frades Menores - OFM","potentialAction":[{"@type":"SearchAction","target":{"@type":"EntryPoint","urlTemplate":"https:\/\/franciscanos.org.br\/noticias\/?s={search_term_string}"},"query-input":"required name=search_term_string"}],"inLanguage":"pt-BR"},{"@type":"ImageObject","inLanguage":"pt-BR","@id":"https:\/\/franciscanos.org.br\/noticias\/papa-francisco-abracar-o-senhor-para-abracar-a-esperanca.html#primaryimage","url":"https:\/\/franciscanos.org.br\/noticias\/wp-content\/uploads\/2020\/03\/papa_urbi_01d.jpg","contentUrl":"https:\/\/franciscanos.org.br\/noticias\/wp-content\/uploads\/2020\/03\/papa_urbi_01d.jpg","width":273,"height":181},{"@type":"WebPage","@id":"https:\/\/franciscanos.org.br\/noticias\/papa-francisco-abracar-o-senhor-para-abracar-a-esperanca.html#webpage","url":"https:\/\/franciscanos.org.br\/noticias\/papa-francisco-abracar-o-senhor-para-abracar-a-esperanca.html","name":"Papa Francisco: Abra\u00e7ar o Senhor para abra\u00e7ar a esperan\u00e7a - Not\u00edcias - Franciscanos","isPartOf":{"@id":"https:\/\/franciscanos.org.br\/noticias\/#website"},"primaryImageOfPage":{"@id":"https:\/\/franciscanos.org.br\/noticias\/papa-francisco-abracar-o-senhor-para-abracar-a-esperanca.html#primaryimage"},"datePublished":"2020-03-27T18:11:31+00:00","dateModified":"2021-08-29T13:00:53+00:00","author":{"@id":"https:\/\/franciscanos.org.br\/noticias\/#\/schema\/person\/b5c8cba458c330ccff548b056e95a5d4"},"breadcrumb":{"@id":"https:\/\/franciscanos.org.br\/noticias\/papa-francisco-abracar-o-senhor-para-abracar-a-esperanca.html#breadcrumb"},"inLanguage":"pt-BR","potentialAction":[{"@type":"ReadAction","target":["https:\/\/franciscanos.org.br\/noticias\/papa-francisco-abracar-o-senhor-para-abracar-a-esperanca.html"]}]},{"@type":"BreadcrumbList","@id":"https:\/\/franciscanos.org.br\/noticias\/papa-francisco-abracar-o-senhor-para-abracar-a-esperanca.html#breadcrumb","itemListElement":[{"@type":"ListItem","position":1,"name":"Home","item":"https:\/\/franciscanos.org.br\/noticias"},{"@type":"ListItem","position":2,"name":"Papa Francisco: Abra\u00e7ar o Senhor para abra\u00e7ar a esperan\u00e7a"}]},{"@type":"Person","@id":"https:\/\/franciscanos.org.br\/noticias\/#\/schema\/person\/b5c8cba458c330ccff548b056e95a5d4","name":"moacir","image":{"@type":"ImageObject","inLanguage":"pt-BR","@id":"https:\/\/franciscanos.org.br\/noticias\/#\/schema\/person\/image\/","url":"https:\/\/secure.gravatar.com\/avatar\/d08aa2ce4c8dd416d4479aa8536fcf64?s=96&d=mm&r=g","contentUrl":"https:\/\/secure.gravatar.com\/avatar\/d08aa2ce4c8dd416d4479aa8536fcf64?s=96&d=mm&r=g","caption":"moacir"},"url":"https:\/\/franciscanos.org.br\/noticias\/author\/moacir"}]}},"_links":{"self":[{"href":"https:\/\/franciscanos.org.br\/noticias\/wp-json\/wp\/v2\/posts\/222758"}],"collection":[{"href":"https:\/\/franciscanos.org.br\/noticias\/wp-json\/wp\/v2\/posts"}],"about":[{"href":"https:\/\/franciscanos.org.br\/noticias\/wp-json\/wp\/v2\/types\/post"}],"author":[{"embeddable":true,"href":"https:\/\/franciscanos.org.br\/noticias\/wp-json\/wp\/v2\/users\/3"}],"replies":[{"embeddable":true,"href":"https:\/\/franciscanos.org.br\/noticias\/wp-json\/wp\/v2\/comments?post=222758"}],"version-history":[{"count":9,"href":"https:\/\/franciscanos.org.br\/noticias\/wp-json\/wp\/v2\/posts\/222758\/revisions"}],"predecessor-version":[{"id":233939,"href":"https:\/\/franciscanos.org.br\/noticias\/wp-json\/wp\/v2\/posts\/222758\/revisions\/233939"}],"wp:featuredmedia":[{"embeddable":true,"href":"https:\/\/franciscanos.org.br\/noticias\/wp-json\/wp\/v2\/media\/222760"}],"wp:attachment":[{"href":"https:\/\/franciscanos.org.br\/noticias\/wp-json\/wp\/v2\/media?parent=222758"}],"wp:term":[{"taxonomy":"category","embeddable":true,"href":"https:\/\/franciscanos.org.br\/noticias\/wp-json\/wp\/v2\/categories?post=222758"},{"taxonomy":"post_tag","embeddable":true,"href":"https:\/\/franciscanos.org.br\/noticias\/wp-json\/wp\/v2\/tags?post=222758"}],"curies":[{"name":"wp","href":"https:\/\/api.w.org\/{rel}","templated":true}]}}