{"id":222732,"date":"2020-03-27T14:03:52","date_gmt":"2020-03-27T17:03:52","guid":{"rendered":"https:\/\/franciscanos.org.br\/noticias\/?p=222732"},"modified":"2020-04-08T14:39:34","modified_gmt":"2020-04-08T17:39:34","slug":"franciscanos-ampliam-atendimento-a-populacao-de-rua","status":"publish","type":"post","link":"https:\/\/franciscanos.org.br\/noticias\/franciscanos-ampliam-atendimento-a-populacao-de-rua.html","title":{"rendered":"Franciscanos ampliam atendimento \u00e0 popula\u00e7\u00e3o de rua"},"content":{"rendered":"<p><img loading=\"lazy\" class=\"alignnone size-full wp-image-222816\" src=\"https:\/\/franciscanos.org.br\/noticias\/wp-content\/uploads\/2020\/03\/sefras-1.jpg\" alt=\"\" width=\"1280\" height=\"696\" srcset=\"https:\/\/franciscanos.org.br\/noticias\/wp-content\/uploads\/2020\/03\/sefras-1.jpg 1280w, https:\/\/franciscanos.org.br\/noticias\/wp-content\/uploads\/2020\/03\/sefras-1-450x245.jpg 450w, https:\/\/franciscanos.org.br\/noticias\/wp-content\/uploads\/2020\/03\/sefras-1-1024x557.jpg 1024w, https:\/\/franciscanos.org.br\/noticias\/wp-content\/uploads\/2020\/03\/sefras-1-768x418.jpg 768w, https:\/\/franciscanos.org.br\/noticias\/wp-content\/uploads\/2020\/03\/sefras-1-150x82.jpg 150w\" sizes=\"(max-width: 1280px) 100vw, 1280px\" \/><\/p>\n<p>Tendo em vista o atendimento \u00e0 popula\u00e7\u00e3o de rua, que j\u00e1 sofre com os efeitos da pandemia do coronav\u00edrus, o Servi\u00e7o Franciscano de Solidariedade (Sefras) ampliou o trabalho que \u00e9 feito com esse p\u00fablico no projeto conhecido como &#8220;Ch\u00e1 do Padre&#8221;, Rua Riachuelo, no Centro de S\u00e3o Paulo, instalando uma tenda no Largo S\u00e3o Francisco, no centro de S\u00e3o Paulo, com capacidade para atender at\u00e9 mil pessoas.<\/p>\n<p>Esse servi\u00e7o teve in\u00edcio nesta sexta-feira, 27 de mar\u00e7o, visando tr\u00eas objetivos: 1) evitar as aglomera\u00e7\u00f5es nos espa\u00e7os de cuidado e distribui\u00e7\u00e3o de alimentos voltados para esta essa popula\u00e7\u00e3o; 2) aumentar a oferta de alimenta\u00e7\u00e3o para atender a demanda; e 3) dar apoio e espa\u00e7o \u00e0s iniciativas de solidariedade de pequenos grupos, movimentos e organiza\u00e7\u00f5es.<\/p>\n<p>A tenda tem 200m\u00b2 foi preparada seguindo normas e procedimentos sanit\u00e1rios espec\u00edficos para a a\u00e7\u00e3o contra a pandemia. O local tamb\u00e9m contar\u00e1, separadamente, com espa\u00e7os para doa\u00e7\u00e3o de alimentos e para outras organiza\u00e7\u00f5es realizarem a\u00e7\u00f5es de apoio \u00e0 sa\u00fade e assist\u00eancia social.<\/p>\n<p>&#8220;Esse \u00e9 um trabalho amplo que vai de encontro com os nossos valores&#8221;, explica Frei Diego Melo, coordenador da Frente da Solidariedade para com os Empobrecidos da Prov\u00edncia da Imaculada Concei\u00e7\u00e3o. &#8220;N\u00f3s, enquanto franciscanos, acreditamos que toda a a\u00e7\u00e3o voltada para os mais pobres, sempre tem que ser baseada em tr\u00eas eixos: acolher, cuidar e defender&#8221;, explicou.<\/p>\n<p>Segundo seu exemplo, diante da fome que assola, diante da necessidade b\u00e1sica, \u00e9 preciso de modo imediato realizar a\u00e7\u00f5es para minimizar essas necessidades inerentes ao ser humano. &#8220;Ent\u00e3o, essa acolhida, essa atitude emergencial, n\u00e3o esperam muita reflex\u00e3o&#8221;, adianta.<\/p>\n<p>Para Frei Diego, o segundo eixo \u00e9 a dimens\u00e3o do cuidado. &#8220;O segundo passo \u00e9 o da devolu\u00e7\u00e3o da dignidade desses irm\u00e3os em situa\u00e7\u00e3o de rua. Mais do que oferecer um prato de comida, a gente quer levar tamb\u00e9m a humaniza\u00e7\u00e3o dessas pessoas. Quer oferecer um olhar, um carinho, um gesto de aten\u00e7\u00e3o. Sabemos que a fome se manifesta de diferentes formas. Existe essa fome f\u00edsica, mas existe a fome de sentido, a fome de aten\u00e7\u00e3o&#8221;, explicou. Defender \u00e9 o terceiro verbo que norteia as a\u00e7\u00f5es dos franciscanos. &#8220;Significa comprometer-se com a causa dos mais pobres. Nesse eixo est\u00e1 tamb\u00e9m a nossa profecia, a nossa capacidade de denunciar os modelos que geram esta pobreza. Mais do que acolher e cuidar, \u00e9 preciso lutar pelos direitos dessa popula\u00e7\u00e3o&#8221;, ensina o frade.<\/p>\n<p>&nbsp;<\/p>\n<p><img loading=\"lazy\" class=\"alignnone size-full wp-image-222745\" src=\"https:\/\/franciscanos.org.br\/noticias\/wp-content\/uploads\/2020\/03\/PHOTO-2020-03-27-13-08-04-1.jpg\" alt=\"\" width=\"1024\" height=\"1024\" \/>Com a pandemia da Covid-19, a situa\u00e7\u00e3o tem se agravado, resultando em uma maior procura a servi\u00e7os, em especial de alimenta\u00e7\u00e3o. \u201cO Sefras n\u00e3o fechou as portas, pois entendemos que a situa\u00e7\u00e3o \u00e9 emergencial. Continuaremos acolhendo essas pessoas que necessitam de nossa ajuda\u201d, adiantou Frei Jos\u00e9 Francisco, diretor presidente do Servi\u00e7o Franciscano de Solidariedade.<\/p>\n<p>Segundo dados do Censo publicado neste ano, cerca de 24.334 pessoas vivem em situa\u00e7\u00e3o de rua na capital. Desta popula\u00e7\u00e3o, 45,38% (11.048) est\u00e3o na Subprefeitura da S\u00e9, formada pelos Distritos da Bela Vista, Bom Retiro, Cambuci, Consola\u00e7\u00e3o, Liberdade, Rep\u00fablica, Santa Cec\u00edlia e S\u00e9; regi\u00e3o em que est\u00e3o situados os servi\u00e7os do Sefras de atendimento a essa popula\u00e7\u00e3o, cuja m\u00e9dia \u00e9 de 700 pessoas diariamente.<\/p>\n<p>A iniciativa faz parte do programa A\u00e7\u00e3o Franciscana &#8211; Acolher, Cuidar e Defender &#8211; do Sefras para conter o avan\u00e7o do coronav\u00edrus em popula\u00e7\u00e3o de baixa renda e alta vulnerabilidade assistidas por seus programas. Ao todo, o Sefras atende a mais de 2 mil pessoas por dia, como crian\u00e7as, idosos, popula\u00e7\u00e3o em situa\u00e7\u00e3o de rua e imigrantes.<\/p>\n<p>&#8220;Nosso objetivo \u00e9 ir al\u00e9m dos servi\u00e7os que j\u00e1 prestamos e transformar nossos espa\u00e7os em ambientes de acolhimento e cuidado para aqueles que n\u00e3o t\u00eam como ficar em quarentena ou isolamento&#8221;, acrescentou Frei Jos\u00e9 Francisco.<\/p>\n<p>O Servi\u00e7o Franciscano de Solidariedade (Sefras)S, organiza\u00e7\u00e3o social criada pela Prov\u00edncia Franciscana da Imaculada Concei\u00e7\u00e3o do Brasil, atende diariamente cerca de 2 mil pessoas nos Estados de S\u00e3o Paulo e Rio de Janeiro. S\u00e3o servi\u00e7os que promovem contra-turno escolar para crian\u00e7as, conviv\u00eancia de idosos, atividades socioeducativas e de alimenta\u00e7\u00e3o para popula\u00e7\u00e3o em situa\u00e7\u00e3o de rua, acolhimento e inclus\u00e3o social de imigrantes, sempre com a perspectiva franciscana de solidariedade.<\/p>\n<p>Por esse trabalho, foi reconhecido, em 2018, com o Pr\u00eamio ODS Brasil na categoria organiza\u00e7\u00f5es sem fins lucrativos e, em 2019, foi citada em Relat\u00f3rio da Organiza\u00e7\u00e3o Internacional para as Migra\u00e7\u00f5es (OIM) como a\u00e7\u00e3o inovadora em pol\u00edticas p\u00fablicas frente ao trabalho com imigrantes.<\/p>\n<p>O Sefras est\u00e1 com uma campanha para receber doa\u00e7\u00f5es, especialmente de produtos higi\u00eanicos e alimentos. Veja como fazer abaixo:<\/p>\n<p><strong>CENTRAL DE DOA\u00c7\u00d5ES: (11) 3795-5220<\/strong><\/p>\n<p><img loading=\"lazy\" class=\"wp-image-222749 alignleft\" src=\"https:\/\/franciscanos.org.br\/noticias\/wp-content\/uploads\/2020\/03\/sefras-253x450.jpg\" alt=\"\" width=\"379\" height=\"674\" \/><\/p>\n<p><img loading=\"lazy\" class=\"wp-image-222743 alignleft\" src=\"https:\/\/franciscanos.org.br\/noticias\/wp-content\/uploads\/2020\/03\/PHOTO-2020-03-27-13-08-04-253x450.jpg\" alt=\"\" width=\"366\" height=\"651\" \/><\/p>\n<p>&nbsp;<\/p>\n<p>&nbsp;<\/p>\n<p>&nbsp;<\/p>\n<p>&nbsp;<\/p>\n<p>&nbsp;<\/p>\n<p>&nbsp;<\/p>\n<p>&nbsp;<\/p>\n<p>&nbsp;<\/p>\n<p>&nbsp;<\/p>\n<p>&nbsp;<\/p>\n<p>&nbsp;<\/p>\n<p>&nbsp;<\/p>\n<p>&nbsp;<\/p>\n<p>&nbsp;<\/p>\n<p>&nbsp;<\/p>\n<p>&nbsp;<\/p>\n<p>&nbsp;<\/p>\n<p>&nbsp;<\/p>\n<p>&nbsp;<\/p>\n","protected":false},"excerpt":{"rendered":"<p>Servi\u00e7o Franciscano de Solidariedade<\/p>\n","protected":false},"author":3,"featured_media":222818,"comment_status":"open","ping_status":"open","sticky":false,"template":"","format":"standard","meta":[],"categories":[1],"tags":[228],"acf":[],"yoast_head":"<!-- This site is optimized with the Yoast SEO plugin v19.2 - https:\/\/yoast.com\/wordpress\/plugins\/seo\/ -->\n<title>Franciscanos ampliam atendimento \u00e0 popula\u00e7\u00e3o de rua - Not\u00edcias - Franciscanos<\/title>\n<meta name=\"robots\" content=\"index, follow, max-snippet:-1, max-image-preview:large, max-video-preview:-1\" \/>\n<link rel=\"canonical\" href=\"https:\/\/franciscanos.org.br\/noticias\/franciscanos-ampliam-atendimento-a-populacao-de-rua.html\" \/>\n<meta property=\"og:locale\" content=\"pt_BR\" \/>\n<meta property=\"og:type\" content=\"article\" \/>\n<meta property=\"og:title\" content=\"Franciscanos ampliam atendimento \u00e0 popula\u00e7\u00e3o de rua - Not\u00edcias - Franciscanos\" \/>\n<meta property=\"og:description\" content=\"Servi\u00e7o Franciscano de Solidariedade\" \/>\n<meta property=\"og:url\" content=\"https:\/\/franciscanos.org.br\/noticias\/franciscanos-ampliam-atendimento-a-populacao-de-rua.html\" \/>\n<meta property=\"og:site_name\" content=\"Not\u00edcias - Franciscanos\" \/>\n<meta property=\"article:published_time\" content=\"2020-03-27T17:03:52+00:00\" \/>\n<meta property=\"article:modified_time\" content=\"2020-04-08T17:39:34+00:00\" \/>\n<meta property=\"og:image\" content=\"https:\/\/franciscanos.org.br\/noticias\/wp-content\/uploads\/2020\/03\/sefras_1.jpg\" \/>\n\t<meta property=\"og:image:width\" content=\"273\" \/>\n\t<meta property=\"og:image:height\" content=\"181\" \/>\n\t<meta property=\"og:image:type\" content=\"image\/jpeg\" \/>\n<meta name=\"author\" content=\"moacir\" \/>\n<meta name=\"twitter:card\" content=\"summary_large_image\" \/>\n<meta name=\"twitter:label1\" content=\"Escrito por\" \/>\n\t<meta name=\"twitter:data1\" content=\"moacir\" \/>\n\t<meta name=\"twitter:label2\" content=\"Est. tempo de leitura\" \/>\n\t<meta name=\"twitter:data2\" content=\"4 minutos\" \/>\n<script type=\"application\/ld+json\" class=\"yoast-schema-graph\">{\"@context\":\"https:\/\/schema.org\",\"@graph\":[{\"@type\":\"WebSite\",\"@id\":\"https:\/\/franciscanos.org.br\/noticias\/#website\",\"url\":\"https:\/\/franciscanos.org.br\/noticias\/\",\"name\":\"Not\u00edcias - Franciscanos\",\"description\":\"Prov\u00edncia Franciscana da Imaculada Concei\u00e7\u00e3o do Brasil - Ordem dos Frades Menores - OFM\",\"potentialAction\":[{\"@type\":\"SearchAction\",\"target\":{\"@type\":\"EntryPoint\",\"urlTemplate\":\"https:\/\/franciscanos.org.br\/noticias\/?s={search_term_string}\"},\"query-input\":\"required name=search_term_string\"}],\"inLanguage\":\"pt-BR\"},{\"@type\":\"ImageObject\",\"inLanguage\":\"pt-BR\",\"@id\":\"https:\/\/franciscanos.org.br\/noticias\/franciscanos-ampliam-atendimento-a-populacao-de-rua.html#primaryimage\",\"url\":\"https:\/\/franciscanos.org.br\/noticias\/wp-content\/uploads\/2020\/03\/sefras_1.jpg\",\"contentUrl\":\"https:\/\/franciscanos.org.br\/noticias\/wp-content\/uploads\/2020\/03\/sefras_1.jpg\",\"width\":273,\"height\":181},{\"@type\":\"WebPage\",\"@id\":\"https:\/\/franciscanos.org.br\/noticias\/franciscanos-ampliam-atendimento-a-populacao-de-rua.html#webpage\",\"url\":\"https:\/\/franciscanos.org.br\/noticias\/franciscanos-ampliam-atendimento-a-populacao-de-rua.html\",\"name\":\"Franciscanos ampliam atendimento \u00e0 popula\u00e7\u00e3o de rua - Not\u00edcias - Franciscanos\",\"isPartOf\":{\"@id\":\"https:\/\/franciscanos.org.br\/noticias\/#website\"},\"primaryImageOfPage\":{\"@id\":\"https:\/\/franciscanos.org.br\/noticias\/franciscanos-ampliam-atendimento-a-populacao-de-rua.html#primaryimage\"},\"datePublished\":\"2020-03-27T17:03:52+00:00\",\"dateModified\":\"2020-04-08T17:39:34+00:00\",\"author\":{\"@id\":\"https:\/\/franciscanos.org.br\/noticias\/#\/schema\/person\/b5c8cba458c330ccff548b056e95a5d4\"},\"breadcrumb\":{\"@id\":\"https:\/\/franciscanos.org.br\/noticias\/franciscanos-ampliam-atendimento-a-populacao-de-rua.html#breadcrumb\"},\"inLanguage\":\"pt-BR\",\"potentialAction\":[{\"@type\":\"ReadAction\",\"target\":[\"https:\/\/franciscanos.org.br\/noticias\/franciscanos-ampliam-atendimento-a-populacao-de-rua.html\"]}]},{\"@type\":\"BreadcrumbList\",\"@id\":\"https:\/\/franciscanos.org.br\/noticias\/franciscanos-ampliam-atendimento-a-populacao-de-rua.html#breadcrumb\",\"itemListElement\":[{\"@type\":\"ListItem\",\"position\":1,\"name\":\"Home\",\"item\":\"https:\/\/franciscanos.org.br\/noticias\"},{\"@type\":\"ListItem\",\"position\":2,\"name\":\"Franciscanos ampliam atendimento \u00e0 popula\u00e7\u00e3o de rua\"}]},{\"@type\":\"Person\",\"@id\":\"https:\/\/franciscanos.org.br\/noticias\/#\/schema\/person\/b5c8cba458c330ccff548b056e95a5d4\",\"name\":\"moacir\",\"image\":{\"@type\":\"ImageObject\",\"inLanguage\":\"pt-BR\",\"@id\":\"https:\/\/franciscanos.org.br\/noticias\/#\/schema\/person\/image\/\",\"url\":\"https:\/\/secure.gravatar.com\/avatar\/d08aa2ce4c8dd416d4479aa8536fcf64?s=96&d=mm&r=g\",\"contentUrl\":\"https:\/\/secure.gravatar.com\/avatar\/d08aa2ce4c8dd416d4479aa8536fcf64?s=96&d=mm&r=g\",\"caption\":\"moacir\"},\"url\":\"https:\/\/franciscanos.org.br\/noticias\/author\/moacir\"}]}<\/script>\n<!-- \/ Yoast SEO plugin. -->","yoast_head_json":{"title":"Franciscanos ampliam atendimento \u00e0 popula\u00e7\u00e3o de rua - Not\u00edcias - Franciscanos","robots":{"index":"index","follow":"follow","max-snippet":"max-snippet:-1","max-image-preview":"max-image-preview:large","max-video-preview":"max-video-preview:-1"},"canonical":"https:\/\/franciscanos.org.br\/noticias\/franciscanos-ampliam-atendimento-a-populacao-de-rua.html","og_locale":"pt_BR","og_type":"article","og_title":"Franciscanos ampliam atendimento \u00e0 popula\u00e7\u00e3o de rua - Not\u00edcias - Franciscanos","og_description":"Servi\u00e7o Franciscano de Solidariedade","og_url":"https:\/\/franciscanos.org.br\/noticias\/franciscanos-ampliam-atendimento-a-populacao-de-rua.html","og_site_name":"Not\u00edcias - Franciscanos","article_published_time":"2020-03-27T17:03:52+00:00","article_modified_time":"2020-04-08T17:39:34+00:00","og_image":[{"width":273,"height":181,"url":"https:\/\/franciscanos.org.br\/noticias\/wp-content\/uploads\/2020\/03\/sefras_1.jpg","type":"image\/jpeg"}],"author":"moacir","twitter_card":"summary_large_image","twitter_misc":{"Escrito por":"moacir","Est. tempo de leitura":"4 minutos"},"schema":{"@context":"https:\/\/schema.org","@graph":[{"@type":"WebSite","@id":"https:\/\/franciscanos.org.br\/noticias\/#website","url":"https:\/\/franciscanos.org.br\/noticias\/","name":"Not\u00edcias - Franciscanos","description":"Prov\u00edncia Franciscana da Imaculada Concei\u00e7\u00e3o do Brasil - Ordem dos Frades Menores - OFM","potentialAction":[{"@type":"SearchAction","target":{"@type":"EntryPoint","urlTemplate":"https:\/\/franciscanos.org.br\/noticias\/?s={search_term_string}"},"query-input":"required name=search_term_string"}],"inLanguage":"pt-BR"},{"@type":"ImageObject","inLanguage":"pt-BR","@id":"https:\/\/franciscanos.org.br\/noticias\/franciscanos-ampliam-atendimento-a-populacao-de-rua.html#primaryimage","url":"https:\/\/franciscanos.org.br\/noticias\/wp-content\/uploads\/2020\/03\/sefras_1.jpg","contentUrl":"https:\/\/franciscanos.org.br\/noticias\/wp-content\/uploads\/2020\/03\/sefras_1.jpg","width":273,"height":181},{"@type":"WebPage","@id":"https:\/\/franciscanos.org.br\/noticias\/franciscanos-ampliam-atendimento-a-populacao-de-rua.html#webpage","url":"https:\/\/franciscanos.org.br\/noticias\/franciscanos-ampliam-atendimento-a-populacao-de-rua.html","name":"Franciscanos ampliam atendimento \u00e0 popula\u00e7\u00e3o de rua - Not\u00edcias - Franciscanos","isPartOf":{"@id":"https:\/\/franciscanos.org.br\/noticias\/#website"},"primaryImageOfPage":{"@id":"https:\/\/franciscanos.org.br\/noticias\/franciscanos-ampliam-atendimento-a-populacao-de-rua.html#primaryimage"},"datePublished":"2020-03-27T17:03:52+00:00","dateModified":"2020-04-08T17:39:34+00:00","author":{"@id":"https:\/\/franciscanos.org.br\/noticias\/#\/schema\/person\/b5c8cba458c330ccff548b056e95a5d4"},"breadcrumb":{"@id":"https:\/\/franciscanos.org.br\/noticias\/franciscanos-ampliam-atendimento-a-populacao-de-rua.html#breadcrumb"},"inLanguage":"pt-BR","potentialAction":[{"@type":"ReadAction","target":["https:\/\/franciscanos.org.br\/noticias\/franciscanos-ampliam-atendimento-a-populacao-de-rua.html"]}]},{"@type":"BreadcrumbList","@id":"https:\/\/franciscanos.org.br\/noticias\/franciscanos-ampliam-atendimento-a-populacao-de-rua.html#breadcrumb","itemListElement":[{"@type":"ListItem","position":1,"name":"Home","item":"https:\/\/franciscanos.org.br\/noticias"},{"@type":"ListItem","position":2,"name":"Franciscanos ampliam atendimento \u00e0 popula\u00e7\u00e3o de rua"}]},{"@type":"Person","@id":"https:\/\/franciscanos.org.br\/noticias\/#\/schema\/person\/b5c8cba458c330ccff548b056e95a5d4","name":"moacir","image":{"@type":"ImageObject","inLanguage":"pt-BR","@id":"https:\/\/franciscanos.org.br\/noticias\/#\/schema\/person\/image\/","url":"https:\/\/secure.gravatar.com\/avatar\/d08aa2ce4c8dd416d4479aa8536fcf64?s=96&d=mm&r=g","contentUrl":"https:\/\/secure.gravatar.com\/avatar\/d08aa2ce4c8dd416d4479aa8536fcf64?s=96&d=mm&r=g","caption":"moacir"},"url":"https:\/\/franciscanos.org.br\/noticias\/author\/moacir"}]}},"_links":{"self":[{"href":"https:\/\/franciscanos.org.br\/noticias\/wp-json\/wp\/v2\/posts\/222732"}],"collection":[{"href":"https:\/\/franciscanos.org.br\/noticias\/wp-json\/wp\/v2\/posts"}],"about":[{"href":"https:\/\/franciscanos.org.br\/noticias\/wp-json\/wp\/v2\/types\/post"}],"author":[{"embeddable":true,"href":"https:\/\/franciscanos.org.br\/noticias\/wp-json\/wp\/v2\/users\/3"}],"replies":[{"embeddable":true,"href":"https:\/\/franciscanos.org.br\/noticias\/wp-json\/wp\/v2\/comments?post=222732"}],"version-history":[{"count":18,"href":"https:\/\/franciscanos.org.br\/noticias\/wp-json\/wp\/v2\/posts\/222732\/revisions"}],"predecessor-version":[{"id":223016,"href":"https:\/\/franciscanos.org.br\/noticias\/wp-json\/wp\/v2\/posts\/222732\/revisions\/223016"}],"wp:featuredmedia":[{"embeddable":true,"href":"https:\/\/franciscanos.org.br\/noticias\/wp-json\/wp\/v2\/media\/222818"}],"wp:attachment":[{"href":"https:\/\/franciscanos.org.br\/noticias\/wp-json\/wp\/v2\/media?parent=222732"}],"wp:term":[{"taxonomy":"category","embeddable":true,"href":"https:\/\/franciscanos.org.br\/noticias\/wp-json\/wp\/v2\/categories?post=222732"},{"taxonomy":"post_tag","embeddable":true,"href":"https:\/\/franciscanos.org.br\/noticias\/wp-json\/wp\/v2\/tags?post=222732"}],"curies":[{"name":"wp","href":"https:\/\/api.w.org\/{rel}","templated":true}]}}