{"id":222622,"date":"2020-03-27T10:13:20","date_gmt":"2020-03-27T13:13:20","guid":{"rendered":"https:\/\/franciscanos.org.br\/noticias\/?p=222622"},"modified":"2020-03-27T10:40:07","modified_gmt":"2020-03-27T13:40:07","slug":"mensagem-do-pro-vocacoes-aos-seus-benfeitores","status":"publish","type":"post","link":"https:\/\/franciscanos.org.br\/noticias\/mensagem-do-pro-vocacoes-aos-seus-benfeitores.html","title":{"rendered":"Mensagem do Pr\u00f3-Voca\u00e7\u00f5es aos benfeitores"},"content":{"rendered":"<p><img loading=\"lazy\" class=\"alignnone size-full wp-image-222623\" src=\"https:\/\/franciscanos.org.br\/noticias\/wp-content\/uploads\/2020\/03\/sao-francisco-site.png\" alt=\"\" width=\"1280\" height=\"700\" srcset=\"https:\/\/franciscanos.org.br\/noticias\/wp-content\/uploads\/2020\/03\/sao-francisco-site.png 1280w, https:\/\/franciscanos.org.br\/noticias\/wp-content\/uploads\/2020\/03\/sao-francisco-site-450x246.png 450w, https:\/\/franciscanos.org.br\/noticias\/wp-content\/uploads\/2020\/03\/sao-francisco-site-1024x560.png 1024w, https:\/\/franciscanos.org.br\/noticias\/wp-content\/uploads\/2020\/03\/sao-francisco-site-768x420.png 768w, https:\/\/franciscanos.org.br\/noticias\/wp-content\/uploads\/2020\/03\/sao-francisco-site-150x82.png 150w\" sizes=\"(max-width: 1280px) 100vw, 1280px\" \/><\/p>\n<p>Estimado benfeitor,<\/p>\n<p>Estamos em constante ora\u00e7\u00e3o pelos enfermos, profissionais da sa\u00fade, frades que est\u00e3o dando assist\u00eancia aos doentes, por aqueles que est\u00e3o trabalhando para o bem de todas as pessoas e por voc\u00ea, benfeitor do Pr\u00f3-Voca\u00e7\u00f5es e Miss\u00f5es Franciscanas. Neste momento, recomendamos que siga as orienta\u00e7\u00f5es do governo local, acerca da pandemia do novo coronav\u00edrus (Covid-19).<\/p>\n<p>Os momentos de ora\u00e7\u00e3o e devo\u00e7\u00e3o, voc\u00ea poder\u00e1 continuar fazendo atrav\u00e9s das Missas transmitidas pelos meios de comunica\u00e7\u00e3o social (televis\u00e3o, r\u00e1dio, m\u00eddias sociais). Acompanhe as atualiza\u00e7\u00f5es em nossas redes. No Santu\u00e1rio S\u00e3o Francisco, em S\u00e3o Paulo (SP), as missas s\u00e3o transmitidas de ter\u00e7a a sexta-feira, \u00e0s 10 horas, pela p\u00e1gina do Facebook do Santu\u00e1rio. Re\u00fana a sua fam\u00edlia e participe da Santa Missa: _*crie um ambiente celebrativo, colocando uma toalha na mesa, uma vela, B\u00edblia aberta e um crucifixo. Tua casa \u00e9 Igreja dom\u00e9stica. Aproveite, e tire uma foto com sua fam\u00edlia e mande para o &#8216;Espa\u00e7o do Benfeitor&#8217;, no Boletim do PVF.<\/p>\n<p>Diariamente, voc\u00ea poder\u00e1 acompanhar pelo Facebook da Prov\u00edncia da Imaculada a reflex\u00e3o b\u00edblica conduzida por Frei Gustavo Medella.<\/p>\n<p>Estamos cumprindo a quarentena de isolamento social, por determina\u00e7\u00e3o do Governo de S\u00e3o Paulo e nossos colaboradores est\u00e3o em<em> homeoffice.<\/em> Caso queira entrar em contato conosco, estamos dispon\u00edveis no hor\u00e1rio comercial, pelo n\u00famero de Whatsapp (11) 3291-2417.<\/p>\n<p>Que Deus o aben\u00e7oe, com a intercess\u00e3o de S\u00e3o Francisco de Assis e Santa Clara.<\/p>\n<p>Fraternalmente,<\/p>\n<p><em>*Equipe do Pr\u00f3-Voca\u00e7\u00f5es e Miss\u00f5es Franciscanas*<\/em><\/p>\n<p>&nbsp;<\/p>\n","protected":false},"excerpt":{"rendered":"<p>PVF<\/p>\n","protected":false},"author":3,"featured_media":222627,"comment_status":"open","ping_status":"open","sticky":false,"template":"","format":"standard","meta":[],"categories":[1],"tags":[254],"acf":[],"yoast_head":"<!-- This site is optimized with the Yoast SEO plugin v19.2 - https:\/\/yoast.com\/wordpress\/plugins\/seo\/ -->\n<title>Mensagem do Pr\u00f3-Voca\u00e7\u00f5es aos benfeitores - Not\u00edcias - Franciscanos<\/title>\n<meta name=\"robots\" content=\"index, follow, max-snippet:-1, max-image-preview:large, max-video-preview:-1\" \/>\n<link rel=\"canonical\" href=\"https:\/\/franciscanos.org.br\/noticias\/mensagem-do-pro-vocacoes-aos-seus-benfeitores.html\" \/>\n<meta property=\"og:locale\" content=\"pt_BR\" \/>\n<meta property=\"og:type\" content=\"article\" \/>\n<meta property=\"og:title\" content=\"Mensagem do Pr\u00f3-Voca\u00e7\u00f5es aos benfeitores - Not\u00edcias - Franciscanos\" \/>\n<meta property=\"og:description\" content=\"PVF\" \/>\n<meta property=\"og:url\" content=\"https:\/\/franciscanos.org.br\/noticias\/mensagem-do-pro-vocacoes-aos-seus-benfeitores.html\" \/>\n<meta property=\"og:site_name\" content=\"Not\u00edcias - Franciscanos\" \/>\n<meta property=\"article:published_time\" content=\"2020-03-27T13:13:20+00:00\" \/>\n<meta property=\"article:modified_time\" content=\"2020-03-27T13:40:07+00:00\" \/>\n<meta property=\"og:image\" content=\"https:\/\/franciscanos.org.br\/noticias\/wp-content\/uploads\/2020\/03\/pvf.png\" \/>\n\t<meta property=\"og:image:width\" content=\"273\" \/>\n\t<meta property=\"og:image:height\" content=\"181\" \/>\n\t<meta property=\"og:image:type\" content=\"image\/png\" \/>\n<meta name=\"author\" content=\"moacir\" \/>\n<meta name=\"twitter:card\" content=\"summary_large_image\" \/>\n<meta name=\"twitter:label1\" content=\"Escrito por\" \/>\n\t<meta name=\"twitter:data1\" content=\"moacir\" \/>\n\t<meta name=\"twitter:label2\" content=\"Est. tempo de leitura\" \/>\n\t<meta name=\"twitter:data2\" content=\"1 minuto\" \/>\n<script type=\"application\/ld+json\" class=\"yoast-schema-graph\">{\"@context\":\"https:\/\/schema.org\",\"@graph\":[{\"@type\":\"WebSite\",\"@id\":\"https:\/\/franciscanos.org.br\/noticias\/#website\",\"url\":\"https:\/\/franciscanos.org.br\/noticias\/\",\"name\":\"Not\u00edcias - Franciscanos\",\"description\":\"Prov\u00edncia Franciscana da Imaculada Concei\u00e7\u00e3o do Brasil - Ordem dos Frades Menores - OFM\",\"potentialAction\":[{\"@type\":\"SearchAction\",\"target\":{\"@type\":\"EntryPoint\",\"urlTemplate\":\"https:\/\/franciscanos.org.br\/noticias\/?s={search_term_string}\"},\"query-input\":\"required name=search_term_string\"}],\"inLanguage\":\"pt-BR\"},{\"@type\":\"ImageObject\",\"inLanguage\":\"pt-BR\",\"@id\":\"https:\/\/franciscanos.org.br\/noticias\/mensagem-do-pro-vocacoes-aos-seus-benfeitores.html#primaryimage\",\"url\":\"https:\/\/franciscanos.org.br\/noticias\/wp-content\/uploads\/2020\/03\/pvf.png\",\"contentUrl\":\"https:\/\/franciscanos.org.br\/noticias\/wp-content\/uploads\/2020\/03\/pvf.png\",\"width\":273,\"height\":181},{\"@type\":\"WebPage\",\"@id\":\"https:\/\/franciscanos.org.br\/noticias\/mensagem-do-pro-vocacoes-aos-seus-benfeitores.html#webpage\",\"url\":\"https:\/\/franciscanos.org.br\/noticias\/mensagem-do-pro-vocacoes-aos-seus-benfeitores.html\",\"name\":\"Mensagem do Pr\u00f3-Voca\u00e7\u00f5es aos benfeitores - Not\u00edcias - Franciscanos\",\"isPartOf\":{\"@id\":\"https:\/\/franciscanos.org.br\/noticias\/#website\"},\"primaryImageOfPage\":{\"@id\":\"https:\/\/franciscanos.org.br\/noticias\/mensagem-do-pro-vocacoes-aos-seus-benfeitores.html#primaryimage\"},\"datePublished\":\"2020-03-27T13:13:20+00:00\",\"dateModified\":\"2020-03-27T13:40:07+00:00\",\"author\":{\"@id\":\"https:\/\/franciscanos.org.br\/noticias\/#\/schema\/person\/b5c8cba458c330ccff548b056e95a5d4\"},\"breadcrumb\":{\"@id\":\"https:\/\/franciscanos.org.br\/noticias\/mensagem-do-pro-vocacoes-aos-seus-benfeitores.html#breadcrumb\"},\"inLanguage\":\"pt-BR\",\"potentialAction\":[{\"@type\":\"ReadAction\",\"target\":[\"https:\/\/franciscanos.org.br\/noticias\/mensagem-do-pro-vocacoes-aos-seus-benfeitores.html\"]}]},{\"@type\":\"BreadcrumbList\",\"@id\":\"https:\/\/franciscanos.org.br\/noticias\/mensagem-do-pro-vocacoes-aos-seus-benfeitores.html#breadcrumb\",\"itemListElement\":[{\"@type\":\"ListItem\",\"position\":1,\"name\":\"Home\",\"item\":\"https:\/\/franciscanos.org.br\/noticias\"},{\"@type\":\"ListItem\",\"position\":2,\"name\":\"Mensagem do Pr\u00f3-Voca\u00e7\u00f5es aos benfeitores\"}]},{\"@type\":\"Person\",\"@id\":\"https:\/\/franciscanos.org.br\/noticias\/#\/schema\/person\/b5c8cba458c330ccff548b056e95a5d4\",\"name\":\"moacir\",\"image\":{\"@type\":\"ImageObject\",\"inLanguage\":\"pt-BR\",\"@id\":\"https:\/\/franciscanos.org.br\/noticias\/#\/schema\/person\/image\/\",\"url\":\"https:\/\/secure.gravatar.com\/avatar\/d08aa2ce4c8dd416d4479aa8536fcf64?s=96&d=mm&r=g\",\"contentUrl\":\"https:\/\/secure.gravatar.com\/avatar\/d08aa2ce4c8dd416d4479aa8536fcf64?s=96&d=mm&r=g\",\"caption\":\"moacir\"},\"url\":\"https:\/\/franciscanos.org.br\/noticias\/author\/moacir\"}]}<\/script>\n<!-- \/ Yoast SEO plugin. -->","yoast_head_json":{"title":"Mensagem do Pr\u00f3-Voca\u00e7\u00f5es aos benfeitores - Not\u00edcias - Franciscanos","robots":{"index":"index","follow":"follow","max-snippet":"max-snippet:-1","max-image-preview":"max-image-preview:large","max-video-preview":"max-video-preview:-1"},"canonical":"https:\/\/franciscanos.org.br\/noticias\/mensagem-do-pro-vocacoes-aos-seus-benfeitores.html","og_locale":"pt_BR","og_type":"article","og_title":"Mensagem do Pr\u00f3-Voca\u00e7\u00f5es aos benfeitores - Not\u00edcias - Franciscanos","og_description":"PVF","og_url":"https:\/\/franciscanos.org.br\/noticias\/mensagem-do-pro-vocacoes-aos-seus-benfeitores.html","og_site_name":"Not\u00edcias - Franciscanos","article_published_time":"2020-03-27T13:13:20+00:00","article_modified_time":"2020-03-27T13:40:07+00:00","og_image":[{"width":273,"height":181,"url":"https:\/\/franciscanos.org.br\/noticias\/wp-content\/uploads\/2020\/03\/pvf.png","type":"image\/png"}],"author":"moacir","twitter_card":"summary_large_image","twitter_misc":{"Escrito por":"moacir","Est. tempo de leitura":"1 minuto"},"schema":{"@context":"https:\/\/schema.org","@graph":[{"@type":"WebSite","@id":"https:\/\/franciscanos.org.br\/noticias\/#website","url":"https:\/\/franciscanos.org.br\/noticias\/","name":"Not\u00edcias - Franciscanos","description":"Prov\u00edncia Franciscana da Imaculada Concei\u00e7\u00e3o do Brasil - Ordem dos Frades Menores - OFM","potentialAction":[{"@type":"SearchAction","target":{"@type":"EntryPoint","urlTemplate":"https:\/\/franciscanos.org.br\/noticias\/?s={search_term_string}"},"query-input":"required name=search_term_string"}],"inLanguage":"pt-BR"},{"@type":"ImageObject","inLanguage":"pt-BR","@id":"https:\/\/franciscanos.org.br\/noticias\/mensagem-do-pro-vocacoes-aos-seus-benfeitores.html#primaryimage","url":"https:\/\/franciscanos.org.br\/noticias\/wp-content\/uploads\/2020\/03\/pvf.png","contentUrl":"https:\/\/franciscanos.org.br\/noticias\/wp-content\/uploads\/2020\/03\/pvf.png","width":273,"height":181},{"@type":"WebPage","@id":"https:\/\/franciscanos.org.br\/noticias\/mensagem-do-pro-vocacoes-aos-seus-benfeitores.html#webpage","url":"https:\/\/franciscanos.org.br\/noticias\/mensagem-do-pro-vocacoes-aos-seus-benfeitores.html","name":"Mensagem do Pr\u00f3-Voca\u00e7\u00f5es aos benfeitores - Not\u00edcias - Franciscanos","isPartOf":{"@id":"https:\/\/franciscanos.org.br\/noticias\/#website"},"primaryImageOfPage":{"@id":"https:\/\/franciscanos.org.br\/noticias\/mensagem-do-pro-vocacoes-aos-seus-benfeitores.html#primaryimage"},"datePublished":"2020-03-27T13:13:20+00:00","dateModified":"2020-03-27T13:40:07+00:00","author":{"@id":"https:\/\/franciscanos.org.br\/noticias\/#\/schema\/person\/b5c8cba458c330ccff548b056e95a5d4"},"breadcrumb":{"@id":"https:\/\/franciscanos.org.br\/noticias\/mensagem-do-pro-vocacoes-aos-seus-benfeitores.html#breadcrumb"},"inLanguage":"pt-BR","potentialAction":[{"@type":"ReadAction","target":["https:\/\/franciscanos.org.br\/noticias\/mensagem-do-pro-vocacoes-aos-seus-benfeitores.html"]}]},{"@type":"BreadcrumbList","@id":"https:\/\/franciscanos.org.br\/noticias\/mensagem-do-pro-vocacoes-aos-seus-benfeitores.html#breadcrumb","itemListElement":[{"@type":"ListItem","position":1,"name":"Home","item":"https:\/\/franciscanos.org.br\/noticias"},{"@type":"ListItem","position":2,"name":"Mensagem do Pr\u00f3-Voca\u00e7\u00f5es aos benfeitores"}]},{"@type":"Person","@id":"https:\/\/franciscanos.org.br\/noticias\/#\/schema\/person\/b5c8cba458c330ccff548b056e95a5d4","name":"moacir","image":{"@type":"ImageObject","inLanguage":"pt-BR","@id":"https:\/\/franciscanos.org.br\/noticias\/#\/schema\/person\/image\/","url":"https:\/\/secure.gravatar.com\/avatar\/d08aa2ce4c8dd416d4479aa8536fcf64?s=96&d=mm&r=g","contentUrl":"https:\/\/secure.gravatar.com\/avatar\/d08aa2ce4c8dd416d4479aa8536fcf64?s=96&d=mm&r=g","caption":"moacir"},"url":"https:\/\/franciscanos.org.br\/noticias\/author\/moacir"}]}},"_links":{"self":[{"href":"https:\/\/franciscanos.org.br\/noticias\/wp-json\/wp\/v2\/posts\/222622"}],"collection":[{"href":"https:\/\/franciscanos.org.br\/noticias\/wp-json\/wp\/v2\/posts"}],"about":[{"href":"https:\/\/franciscanos.org.br\/noticias\/wp-json\/wp\/v2\/types\/post"}],"author":[{"embeddable":true,"href":"https:\/\/franciscanos.org.br\/noticias\/wp-json\/wp\/v2\/users\/3"}],"replies":[{"embeddable":true,"href":"https:\/\/franciscanos.org.br\/noticias\/wp-json\/wp\/v2\/comments?post=222622"}],"version-history":[{"count":4,"href":"https:\/\/franciscanos.org.br\/noticias\/wp-json\/wp\/v2\/posts\/222622\/revisions"}],"predecessor-version":[{"id":222634,"href":"https:\/\/franciscanos.org.br\/noticias\/wp-json\/wp\/v2\/posts\/222622\/revisions\/222634"}],"wp:featuredmedia":[{"embeddable":true,"href":"https:\/\/franciscanos.org.br\/noticias\/wp-json\/wp\/v2\/media\/222627"}],"wp:attachment":[{"href":"https:\/\/franciscanos.org.br\/noticias\/wp-json\/wp\/v2\/media?parent=222622"}],"wp:term":[{"taxonomy":"category","embeddable":true,"href":"https:\/\/franciscanos.org.br\/noticias\/wp-json\/wp\/v2\/categories?post=222622"},{"taxonomy":"post_tag","embeddable":true,"href":"https:\/\/franciscanos.org.br\/noticias\/wp-json\/wp\/v2\/tags?post=222622"}],"curies":[{"name":"wp","href":"https:\/\/api.w.org\/{rel}","templated":true}]}}