{"id":222595,"date":"2020-03-27T08:00:39","date_gmt":"2020-03-27T11:00:39","guid":{"rendered":"https:\/\/franciscanos.org.br\/noticias\/?p=222595"},"modified":"2020-03-30T22:00:06","modified_gmt":"2020-03-31T01:00:06","slug":"fundacao-celinauta-produz-podcasts-de-otimismo-ouca","status":"publish","type":"post","link":"https:\/\/franciscanos.org.br\/noticias\/fundacao-celinauta-produz-podcasts-de-otimismo-ouca.html","title":{"rendered":"Funda\u00e7\u00e3o Celinauta produz Podcasts de otimismo, ou\u00e7a!"},"content":{"rendered":"<p><img loading=\"lazy\" class=\"alignnone wp-image-222605 size-large\" src=\"https:\/\/franciscanos.org.br\/noticias\/wp-content\/uploads\/2020\/03\/ladopositivo_270320-1024x538.png\" alt=\"\" width=\"1024\" height=\"538\" srcset=\"https:\/\/franciscanos.org.br\/noticias\/wp-content\/uploads\/2020\/03\/ladopositivo_270320-1024x538.png 1024w, https:\/\/franciscanos.org.br\/noticias\/wp-content\/uploads\/2020\/03\/ladopositivo_270320-450x236.png 450w, https:\/\/franciscanos.org.br\/noticias\/wp-content\/uploads\/2020\/03\/ladopositivo_270320-768x403.png 768w, https:\/\/franciscanos.org.br\/noticias\/wp-content\/uploads\/2020\/03\/ladopositivo_270320-1536x806.png 1536w, https:\/\/franciscanos.org.br\/noticias\/wp-content\/uploads\/2020\/03\/ladopositivo_270320-2048x1075.png 2048w, https:\/\/franciscanos.org.br\/noticias\/wp-content\/uploads\/2020\/03\/ladopositivo_270320-150x79.png 150w\" sizes=\"(max-width: 1024px) 100vw, 1024px\" \/><\/p>\n<p>Diante da pandemia da doen\u00e7a provocada pelo novo coronav\u00edrus, a Covid-19, que assola o mundo e traz incertezas aos brasileiros, em meio a crises que revelam nossos limites e nossa finitude, a Funda\u00e7\u00e3o Celinauta, da Prov\u00edncia da Imaculada Concei\u00e7\u00e3o do Brasil, com sede em Pato Branco (PR), tomou a iniciativa de distribuir mensagens de otimismo atrav\u00e9s de Podcasts.<\/p>\n<p>&#8220;Desenvolvemos pequenos spots para ajudar nesse momento com reflex\u00f5es e atitudes mais positivas. Ainda produziremos materiais que falam de espiritualidade e cuidado&#8221;, adiantou Frei Neuri Francisco Reinisch, presidente da Rede Celinauta. As vinhetas est\u00e3o dispon\u00edveis para uso no \u00a0<a href=\"https:\/\/soundcloud.com\/provincia-franciscana\/sets\/tudo-tem-seu-lado-positivo\">SoundCloud<\/a>, <a href=\"https:\/\/open.spotify.com\/show\/3yJCUUR7jfxSfUz5QpNPmM\">Spotify<\/a>, e outros agregadores de Podcasts . &#8220;Usem \u00e0 vontade&#8221;, pede o frade.<\/p>\n<p><strong>OU\u00c7A NO SPOTIFY:<\/strong><\/p>\n<p><iframe loading=\"lazy\" title=\"Spotify Embed: Lado Positivo #01 | Cuide do corpo\" width=\"100%\" height=\"232\" allowtransparency=\"true\" frameborder=\"0\" allow=\"encrypted-media\" src=\"https:\/\/open.spotify.com\/embed-podcast\/episode\/2bDQBFjpRqVkBl989kfWHo\"><\/iframe><\/p>\n<p><iframe loading=\"lazy\" title=\"Spotify Embed: Lado Positivo #02 | Valorize o conv\u00edvio\" width=\"100%\" height=\"232\" allowtransparency=\"true\" frameborder=\"0\" allow=\"encrypted-media\" src=\"https:\/\/open.spotify.com\/embed-podcast\/episode\/1ubjd0wOi40aM4fUKPcWa4\"><\/iframe><\/p>\n<p><iframe loading=\"lazy\" title=\"Spotify Embed: Lado Positivo #03 | Espalhe o bem\" width=\"100%\" height=\"232\" allowtransparency=\"true\" frameborder=\"0\" allow=\"encrypted-media\" src=\"https:\/\/open.spotify.com\/embed-podcast\/episode\/4x64wJHY5MPUdDHwMMkxhQ\"><\/iframe><\/p>\n<p><iframe loading=\"lazy\" title=\"Spotify Embed: Lado Positivo #04 | Cuide de quem ama\" width=\"100%\" height=\"232\" allowtransparency=\"true\" frameborder=\"0\" allow=\"encrypted-media\" src=\"https:\/\/open.spotify.com\/embed-podcast\/episode\/4NcZM2O6J3tdIWzxjPMIZe\"><\/iframe><\/p>\n<p><iframe loading=\"lazy\" title=\"Spotify Embed: Lado Positivo #05 | Aproveite sua fam\u00edlia\" width=\"100%\" height=\"232\" allowtransparency=\"true\" frameborder=\"0\" allow=\"encrypted-media\" src=\"https:\/\/open.spotify.com\/embed-podcast\/episode\/2Q6I9tev83tS0XVfLtfZAm\"><\/iframe><\/p>\n<p><iframe loading=\"lazy\" title=\"Spotify Embed: Lado Positivo #06 | Reveja seus valores\" width=\"100%\" height=\"232\" allowtransparency=\"true\" frameborder=\"0\" allow=\"encrypted-media\" src=\"https:\/\/open.spotify.com\/embed-podcast\/episode\/7suHaPMzaBLMupF4KB2Oav\"><\/iframe><\/p>\n<p><strong>OU\u00c7A NO SOUNDCLOUD:<\/strong><\/p>\n<p><iframe loading=\"lazy\" src=\"https:\/\/w.soundcloud.com\/player\/?url=https%3A\/\/api.soundcloud.com\/playlists\/1019603551&amp;color=%23447c7c&amp;auto_play=false&amp;hide_related=false&amp;show_comments=true&amp;show_user=true&amp;show_reposts=false&amp;show_teaser=true\" width=\"890\" height=\"450\" frameborder=\"no\" scrolling=\"no\"><\/iframe><\/p>\n<p>&nbsp;<\/p>\n","protected":false},"excerpt":{"rendered":"<p>Mensagens de otimismo diante da crise<\/p>\n","protected":false},"author":3,"featured_media":222825,"comment_status":"open","ping_status":"open","sticky":false,"template":"","format":"standard","meta":[],"categories":[1],"tags":[550,1601],"acf":[],"yoast_head":"<!-- This site is optimized with the Yoast SEO plugin v19.2 - https:\/\/yoast.com\/wordpress\/plugins\/seo\/ -->\n<title>Funda\u00e7\u00e3o Celinauta produz Podcasts de otimismo, ou\u00e7a! - Not\u00edcias - Franciscanos<\/title>\n<meta name=\"robots\" content=\"index, follow, max-snippet:-1, max-image-preview:large, max-video-preview:-1\" \/>\n<link rel=\"canonical\" href=\"https:\/\/franciscanos.org.br\/noticias\/fundacao-celinauta-produz-podcasts-de-otimismo-ouca.html\" \/>\n<meta property=\"og:locale\" content=\"pt_BR\" \/>\n<meta property=\"og:type\" content=\"article\" \/>\n<meta property=\"og:title\" content=\"Funda\u00e7\u00e3o Celinauta produz Podcasts de otimismo, ou\u00e7a! - Not\u00edcias - Franciscanos\" \/>\n<meta property=\"og:description\" content=\"Mensagens de otimismo diante da crise\" \/>\n<meta property=\"og:url\" content=\"https:\/\/franciscanos.org.br\/noticias\/fundacao-celinauta-produz-podcasts-de-otimismo-ouca.html\" \/>\n<meta property=\"og:site_name\" content=\"Not\u00edcias - Franciscanos\" \/>\n<meta property=\"article:published_time\" content=\"2020-03-27T11:00:39+00:00\" \/>\n<meta property=\"article:modified_time\" content=\"2020-03-31T01:00:06+00:00\" \/>\n<meta property=\"og:image\" content=\"https:\/\/franciscanos.org.br\/noticias\/wp-content\/uploads\/2020\/03\/ladopositivo_273x181.jpg\" \/>\n\t<meta property=\"og:image:width\" content=\"273\" \/>\n\t<meta property=\"og:image:height\" content=\"181\" \/>\n\t<meta property=\"og:image:type\" content=\"image\/jpeg\" \/>\n<meta name=\"author\" content=\"moacir\" \/>\n<meta name=\"twitter:card\" content=\"summary_large_image\" \/>\n<meta name=\"twitter:label1\" content=\"Escrito por\" \/>\n\t<meta name=\"twitter:data1\" content=\"moacir\" \/>\n\t<meta name=\"twitter:label2\" content=\"Est. tempo de leitura\" \/>\n\t<meta name=\"twitter:data2\" content=\"1 minuto\" \/>\n<script type=\"application\/ld+json\" class=\"yoast-schema-graph\">{\"@context\":\"https:\/\/schema.org\",\"@graph\":[{\"@type\":\"WebSite\",\"@id\":\"https:\/\/franciscanos.org.br\/noticias\/#website\",\"url\":\"https:\/\/franciscanos.org.br\/noticias\/\",\"name\":\"Not\u00edcias - Franciscanos\",\"description\":\"Prov\u00edncia Franciscana da Imaculada Concei\u00e7\u00e3o do Brasil - Ordem dos Frades Menores - OFM\",\"potentialAction\":[{\"@type\":\"SearchAction\",\"target\":{\"@type\":\"EntryPoint\",\"urlTemplate\":\"https:\/\/franciscanos.org.br\/noticias\/?s={search_term_string}\"},\"query-input\":\"required name=search_term_string\"}],\"inLanguage\":\"pt-BR\"},{\"@type\":\"ImageObject\",\"inLanguage\":\"pt-BR\",\"@id\":\"https:\/\/franciscanos.org.br\/noticias\/fundacao-celinauta-produz-podcasts-de-otimismo-ouca.html#primaryimage\",\"url\":\"https:\/\/franciscanos.org.br\/noticias\/wp-content\/uploads\/2020\/03\/ladopositivo_273x181.jpg\",\"contentUrl\":\"https:\/\/franciscanos.org.br\/noticias\/wp-content\/uploads\/2020\/03\/ladopositivo_273x181.jpg\",\"width\":273,\"height\":181},{\"@type\":\"WebPage\",\"@id\":\"https:\/\/franciscanos.org.br\/noticias\/fundacao-celinauta-produz-podcasts-de-otimismo-ouca.html#webpage\",\"url\":\"https:\/\/franciscanos.org.br\/noticias\/fundacao-celinauta-produz-podcasts-de-otimismo-ouca.html\",\"name\":\"Funda\u00e7\u00e3o Celinauta produz Podcasts de otimismo, ou\u00e7a! - Not\u00edcias - Franciscanos\",\"isPartOf\":{\"@id\":\"https:\/\/franciscanos.org.br\/noticias\/#website\"},\"primaryImageOfPage\":{\"@id\":\"https:\/\/franciscanos.org.br\/noticias\/fundacao-celinauta-produz-podcasts-de-otimismo-ouca.html#primaryimage\"},\"datePublished\":\"2020-03-27T11:00:39+00:00\",\"dateModified\":\"2020-03-31T01:00:06+00:00\",\"author\":{\"@id\":\"https:\/\/franciscanos.org.br\/noticias\/#\/schema\/person\/b5c8cba458c330ccff548b056e95a5d4\"},\"breadcrumb\":{\"@id\":\"https:\/\/franciscanos.org.br\/noticias\/fundacao-celinauta-produz-podcasts-de-otimismo-ouca.html#breadcrumb\"},\"inLanguage\":\"pt-BR\",\"potentialAction\":[{\"@type\":\"ReadAction\",\"target\":[\"https:\/\/franciscanos.org.br\/noticias\/fundacao-celinauta-produz-podcasts-de-otimismo-ouca.html\"]}]},{\"@type\":\"BreadcrumbList\",\"@id\":\"https:\/\/franciscanos.org.br\/noticias\/fundacao-celinauta-produz-podcasts-de-otimismo-ouca.html#breadcrumb\",\"itemListElement\":[{\"@type\":\"ListItem\",\"position\":1,\"name\":\"Home\",\"item\":\"https:\/\/franciscanos.org.br\/noticias\"},{\"@type\":\"ListItem\",\"position\":2,\"name\":\"Funda\u00e7\u00e3o Celinauta produz Podcasts de otimismo, ou\u00e7a!\"}]},{\"@type\":\"Person\",\"@id\":\"https:\/\/franciscanos.org.br\/noticias\/#\/schema\/person\/b5c8cba458c330ccff548b056e95a5d4\",\"name\":\"moacir\",\"image\":{\"@type\":\"ImageObject\",\"inLanguage\":\"pt-BR\",\"@id\":\"https:\/\/franciscanos.org.br\/noticias\/#\/schema\/person\/image\/\",\"url\":\"https:\/\/secure.gravatar.com\/avatar\/d08aa2ce4c8dd416d4479aa8536fcf64?s=96&d=mm&r=g\",\"contentUrl\":\"https:\/\/secure.gravatar.com\/avatar\/d08aa2ce4c8dd416d4479aa8536fcf64?s=96&d=mm&r=g\",\"caption\":\"moacir\"},\"url\":\"https:\/\/franciscanos.org.br\/noticias\/author\/moacir\"}]}<\/script>\n<!-- \/ Yoast SEO plugin. -->","yoast_head_json":{"title":"Funda\u00e7\u00e3o Celinauta produz Podcasts de otimismo, ou\u00e7a! - Not\u00edcias - Franciscanos","robots":{"index":"index","follow":"follow","max-snippet":"max-snippet:-1","max-image-preview":"max-image-preview:large","max-video-preview":"max-video-preview:-1"},"canonical":"https:\/\/franciscanos.org.br\/noticias\/fundacao-celinauta-produz-podcasts-de-otimismo-ouca.html","og_locale":"pt_BR","og_type":"article","og_title":"Funda\u00e7\u00e3o Celinauta produz Podcasts de otimismo, ou\u00e7a! - Not\u00edcias - Franciscanos","og_description":"Mensagens de otimismo diante da crise","og_url":"https:\/\/franciscanos.org.br\/noticias\/fundacao-celinauta-produz-podcasts-de-otimismo-ouca.html","og_site_name":"Not\u00edcias - Franciscanos","article_published_time":"2020-03-27T11:00:39+00:00","article_modified_time":"2020-03-31T01:00:06+00:00","og_image":[{"width":273,"height":181,"url":"https:\/\/franciscanos.org.br\/noticias\/wp-content\/uploads\/2020\/03\/ladopositivo_273x181.jpg","type":"image\/jpeg"}],"author":"moacir","twitter_card":"summary_large_image","twitter_misc":{"Escrito por":"moacir","Est. tempo de leitura":"1 minuto"},"schema":{"@context":"https:\/\/schema.org","@graph":[{"@type":"WebSite","@id":"https:\/\/franciscanos.org.br\/noticias\/#website","url":"https:\/\/franciscanos.org.br\/noticias\/","name":"Not\u00edcias - Franciscanos","description":"Prov\u00edncia Franciscana da Imaculada Concei\u00e7\u00e3o do Brasil - Ordem dos Frades Menores - OFM","potentialAction":[{"@type":"SearchAction","target":{"@type":"EntryPoint","urlTemplate":"https:\/\/franciscanos.org.br\/noticias\/?s={search_term_string}"},"query-input":"required name=search_term_string"}],"inLanguage":"pt-BR"},{"@type":"ImageObject","inLanguage":"pt-BR","@id":"https:\/\/franciscanos.org.br\/noticias\/fundacao-celinauta-produz-podcasts-de-otimismo-ouca.html#primaryimage","url":"https:\/\/franciscanos.org.br\/noticias\/wp-content\/uploads\/2020\/03\/ladopositivo_273x181.jpg","contentUrl":"https:\/\/franciscanos.org.br\/noticias\/wp-content\/uploads\/2020\/03\/ladopositivo_273x181.jpg","width":273,"height":181},{"@type":"WebPage","@id":"https:\/\/franciscanos.org.br\/noticias\/fundacao-celinauta-produz-podcasts-de-otimismo-ouca.html#webpage","url":"https:\/\/franciscanos.org.br\/noticias\/fundacao-celinauta-produz-podcasts-de-otimismo-ouca.html","name":"Funda\u00e7\u00e3o Celinauta produz Podcasts de otimismo, ou\u00e7a! - Not\u00edcias - Franciscanos","isPartOf":{"@id":"https:\/\/franciscanos.org.br\/noticias\/#website"},"primaryImageOfPage":{"@id":"https:\/\/franciscanos.org.br\/noticias\/fundacao-celinauta-produz-podcasts-de-otimismo-ouca.html#primaryimage"},"datePublished":"2020-03-27T11:00:39+00:00","dateModified":"2020-03-31T01:00:06+00:00","author":{"@id":"https:\/\/franciscanos.org.br\/noticias\/#\/schema\/person\/b5c8cba458c330ccff548b056e95a5d4"},"breadcrumb":{"@id":"https:\/\/franciscanos.org.br\/noticias\/fundacao-celinauta-produz-podcasts-de-otimismo-ouca.html#breadcrumb"},"inLanguage":"pt-BR","potentialAction":[{"@type":"ReadAction","target":["https:\/\/franciscanos.org.br\/noticias\/fundacao-celinauta-produz-podcasts-de-otimismo-ouca.html"]}]},{"@type":"BreadcrumbList","@id":"https:\/\/franciscanos.org.br\/noticias\/fundacao-celinauta-produz-podcasts-de-otimismo-ouca.html#breadcrumb","itemListElement":[{"@type":"ListItem","position":1,"name":"Home","item":"https:\/\/franciscanos.org.br\/noticias"},{"@type":"ListItem","position":2,"name":"Funda\u00e7\u00e3o Celinauta produz Podcasts de otimismo, ou\u00e7a!"}]},{"@type":"Person","@id":"https:\/\/franciscanos.org.br\/noticias\/#\/schema\/person\/b5c8cba458c330ccff548b056e95a5d4","name":"moacir","image":{"@type":"ImageObject","inLanguage":"pt-BR","@id":"https:\/\/franciscanos.org.br\/noticias\/#\/schema\/person\/image\/","url":"https:\/\/secure.gravatar.com\/avatar\/d08aa2ce4c8dd416d4479aa8536fcf64?s=96&d=mm&r=g","contentUrl":"https:\/\/secure.gravatar.com\/avatar\/d08aa2ce4c8dd416d4479aa8536fcf64?s=96&d=mm&r=g","caption":"moacir"},"url":"https:\/\/franciscanos.org.br\/noticias\/author\/moacir"}]}},"_links":{"self":[{"href":"https:\/\/franciscanos.org.br\/noticias\/wp-json\/wp\/v2\/posts\/222595"}],"collection":[{"href":"https:\/\/franciscanos.org.br\/noticias\/wp-json\/wp\/v2\/posts"}],"about":[{"href":"https:\/\/franciscanos.org.br\/noticias\/wp-json\/wp\/v2\/types\/post"}],"author":[{"embeddable":true,"href":"https:\/\/franciscanos.org.br\/noticias\/wp-json\/wp\/v2\/users\/3"}],"replies":[{"embeddable":true,"href":"https:\/\/franciscanos.org.br\/noticias\/wp-json\/wp\/v2\/comments?post=222595"}],"version-history":[{"count":13,"href":"https:\/\/franciscanos.org.br\/noticias\/wp-json\/wp\/v2\/posts\/222595\/revisions"}],"predecessor-version":[{"id":222620,"href":"https:\/\/franciscanos.org.br\/noticias\/wp-json\/wp\/v2\/posts\/222595\/revisions\/222620"}],"wp:featuredmedia":[{"embeddable":true,"href":"https:\/\/franciscanos.org.br\/noticias\/wp-json\/wp\/v2\/media\/222825"}],"wp:attachment":[{"href":"https:\/\/franciscanos.org.br\/noticias\/wp-json\/wp\/v2\/media?parent=222595"}],"wp:term":[{"taxonomy":"category","embeddable":true,"href":"https:\/\/franciscanos.org.br\/noticias\/wp-json\/wp\/v2\/categories?post=222595"},{"taxonomy":"post_tag","embeddable":true,"href":"https:\/\/franciscanos.org.br\/noticias\/wp-json\/wp\/v2\/tags?post=222595"}],"curies":[{"name":"wp","href":"https:\/\/api.w.org\/{rel}","templated":true}]}}