{"id":222590,"date":"2020-03-26T14:57:53","date_gmt":"2020-03-26T17:57:53","guid":{"rendered":"https:\/\/franciscanos.org.br\/noticias\/?p=222590"},"modified":"2020-03-26T14:59:14","modified_gmt":"2020-03-26T17:59:14","slug":"presidente-da-cnbb-reforca-apelo-para-que-as-pessoas-nao-saiam-de-casa","status":"publish","type":"post","link":"https:\/\/franciscanos.org.br\/noticias\/presidente-da-cnbb-reforca-apelo-para-que-as-pessoas-nao-saiam-de-casa.html","title":{"rendered":"Presidente da CNBB refor\u00e7a apelo para que as pessoas n\u00e3o saiam de casa"},"content":{"rendered":"<p><img loading=\"lazy\" class=\"alignnone wp-image-222591 size-full\" src=\"https:\/\/franciscanos.org.br\/noticias\/wp-content\/uploads\/2020\/03\/walmor.jpg\" alt=\"\" width=\"1280\" height=\"648\" srcset=\"https:\/\/franciscanos.org.br\/noticias\/wp-content\/uploads\/2020\/03\/walmor.jpg 1280w, https:\/\/franciscanos.org.br\/noticias\/wp-content\/uploads\/2020\/03\/walmor-450x228.jpg 450w, https:\/\/franciscanos.org.br\/noticias\/wp-content\/uploads\/2020\/03\/walmor-1024x518.jpg 1024w, https:\/\/franciscanos.org.br\/noticias\/wp-content\/uploads\/2020\/03\/walmor-768x389.jpg 768w, https:\/\/franciscanos.org.br\/noticias\/wp-content\/uploads\/2020\/03\/walmor-150x76.jpg 150w\" sizes=\"(max-width: 1280px) 100vw, 1280px\" \/><\/p>\n<p>O pedido das autoridades para que a popula\u00e7\u00e3o n\u00e3o saia de casa tem sido reiteradas vezes refor\u00e7ado por causa da pandemia que tem avan\u00e7ado no Brasil e no mundo. De acordo com a Organiza\u00e7\u00e3o Mundial da Sa\u00fade (OMS), o ritmo de transmiss\u00e3o est\u00e1 acelerado.<\/p>\n<p>Na missa desta quarta-feira, o arcebispo de Belo Horizonte (MG) e presidente da Confer\u00eancia Nacional dos Bispos do Brasil repudiou o discurso em cadeia nacional de TV do presidente Jair Bolsonaro, proferido na noite de ter\u00e7a-feira, 24 de mar\u00e7o. Segundo ele, a autoridade do Executivo nacional minimizou o que \u00e9 preciso ser realizado, com responsabilidade, por todos.<\/p>\n<p>\u201cA pandemia da covid-19 n\u00e3o pode se compor como mais uma pandemia de irresponsabilidade, inconsequ\u00eancia e falta de sentido human\u00edstico e respeitoso para com a dignidade humana\u201c, afirmou.<\/p>\n<p>Dom Walmor refor\u00e7ou mais uma vez o apelo. \u201cFique em casa. Esta \u00e9 a indica\u00e7\u00e3o das autoridades sanit\u00e1rias competentes e sensatas. Trabalhemos tudo que podemos para ajudar a construir uma sociedade justa e fraterna. Os trabalhos precisam ser mantidos com as condi\u00e7\u00f5es necess\u00e1rias, resguardando e cuidando da vida de cada um de n\u00f3s\u201d, refor\u00e7ou. Veja no v\u00eddeo abaixo a \u00edntegra da fala.<\/p>\n<p>O presidente da CNBB exigiu dos tr\u00eas poderes uma a\u00e7\u00e3o tendo em vista a constru\u00e7\u00e3o de uma nova ordem social e pol\u00edtica adequada. Do Executivo, disse esperar um grande projeto de conting\u00eancia cujo objetivo \u00e9 minimizar os impactos na vida dos pobres. Do Legislativo, disse que a Igreja espera, em todas as esferas, a corajosa postura de mostrar com exemplos que possam modificar o caminho da sociedade brasileira. E da Suprema Corte disse esperar a garantia e a defesa da ordem constitucional. Segundo ele, a Igreja no Brasil e a sociedade est\u00e3o dispostas a serem solid\u00e1rias e contribu\u00edrem de forma human\u00edstica, abrindo m\u00e3o de muitas coisas.<\/p>\n<p>Diante dessa realidade, a Igreja no Brasil tem se mobilizado e apelado para que as pessoas cumpram a quarentena. O Arcebispo de Belo Horizonte e presidente da Confer\u00eancia Nacional dos Bispos do Brasil (CNBB) j\u00e1 havia divulgado um v\u00eddeo, no \u00faltimo s\u00e1bado, no qual apelou para que a popula\u00e7\u00e3o n\u00e3o saia de casa.<\/p>\n<p>\u201c\u00c9 hora de colaborar. Vamos ter entre n\u00f3s, agora, marcando o tecido da nossa cidadania uma atitude de solidariedade como bom samaritano, viu sentiu compaix\u00e3o e cuidou dele. N\u00e3o saia de casa, vamos colaborar. Do contr\u00e1rio, pagaremos um alto pre\u00e7o. O pre\u00e7o alto que j\u00e1 estamos pagando ser\u00e1 ainda mais amargo, por isso vamos colaborar, n\u00e3o saia de casa\u201d, diz dom Walmor na mensagem.<\/p>\n<p><iframe loading=\"lazy\" title=\"Dom Walmor faz contraponto a pronunciamento do Governo Federal\" width=\"500\" height=\"281\" src=\"https:\/\/www.youtube.com\/embed\/LROWohCN0XQ?feature=oembed\" frameborder=\"0\" allow=\"accelerometer; autoplay; encrypted-media; gyroscope; picture-in-picture\" allowfullscreen><\/iframe><\/p>\n","protected":false},"excerpt":{"rendered":"<p>CNBB<\/p>\n","protected":false},"author":3,"featured_media":222592,"comment_status":"open","ping_status":"open","sticky":false,"template":"","format":"standard","meta":[],"categories":[1],"tags":[29],"acf":[],"yoast_head":"<!-- This site is optimized with the Yoast SEO plugin v19.2 - https:\/\/yoast.com\/wordpress\/plugins\/seo\/ -->\n<title>Presidente da CNBB refor\u00e7a apelo para que as pessoas n\u00e3o saiam de casa - Not\u00edcias - Franciscanos<\/title>\n<meta name=\"robots\" content=\"index, follow, max-snippet:-1, max-image-preview:large, max-video-preview:-1\" \/>\n<link rel=\"canonical\" href=\"https:\/\/franciscanos.org.br\/noticias\/presidente-da-cnbb-reforca-apelo-para-que-as-pessoas-nao-saiam-de-casa.html\" \/>\n<meta property=\"og:locale\" content=\"pt_BR\" \/>\n<meta property=\"og:type\" content=\"article\" \/>\n<meta property=\"og:title\" content=\"Presidente da CNBB refor\u00e7a apelo para que as pessoas n\u00e3o saiam de casa - Not\u00edcias - Franciscanos\" \/>\n<meta property=\"og:description\" content=\"CNBB\" \/>\n<meta property=\"og:url\" content=\"https:\/\/franciscanos.org.br\/noticias\/presidente-da-cnbb-reforca-apelo-para-que-as-pessoas-nao-saiam-de-casa.html\" \/>\n<meta property=\"og:site_name\" content=\"Not\u00edcias - Franciscanos\" \/>\n<meta property=\"article:published_time\" content=\"2020-03-26T17:57:53+00:00\" \/>\n<meta property=\"article:modified_time\" content=\"2020-03-26T17:59:14+00:00\" \/>\n<meta property=\"og:image\" content=\"https:\/\/franciscanos.org.br\/noticias\/wp-content\/uploads\/2020\/03\/walmor_1.jpg\" \/>\n\t<meta property=\"og:image:width\" content=\"273\" \/>\n\t<meta property=\"og:image:height\" content=\"181\" \/>\n\t<meta property=\"og:image:type\" content=\"image\/jpeg\" \/>\n<meta name=\"author\" content=\"moacir\" \/>\n<meta name=\"twitter:card\" content=\"summary_large_image\" \/>\n<meta name=\"twitter:label1\" content=\"Escrito por\" \/>\n\t<meta name=\"twitter:data1\" content=\"moacir\" \/>\n\t<meta name=\"twitter:label2\" content=\"Est. tempo de leitura\" \/>\n\t<meta name=\"twitter:data2\" content=\"2 minutos\" \/>\n<script type=\"application\/ld+json\" class=\"yoast-schema-graph\">{\"@context\":\"https:\/\/schema.org\",\"@graph\":[{\"@type\":\"WebSite\",\"@id\":\"https:\/\/franciscanos.org.br\/noticias\/#website\",\"url\":\"https:\/\/franciscanos.org.br\/noticias\/\",\"name\":\"Not\u00edcias - Franciscanos\",\"description\":\"Prov\u00edncia Franciscana da Imaculada Concei\u00e7\u00e3o do Brasil - Ordem dos Frades Menores - OFM\",\"potentialAction\":[{\"@type\":\"SearchAction\",\"target\":{\"@type\":\"EntryPoint\",\"urlTemplate\":\"https:\/\/franciscanos.org.br\/noticias\/?s={search_term_string}\"},\"query-input\":\"required name=search_term_string\"}],\"inLanguage\":\"pt-BR\"},{\"@type\":\"ImageObject\",\"inLanguage\":\"pt-BR\",\"@id\":\"https:\/\/franciscanos.org.br\/noticias\/presidente-da-cnbb-reforca-apelo-para-que-as-pessoas-nao-saiam-de-casa.html#primaryimage\",\"url\":\"https:\/\/franciscanos.org.br\/noticias\/wp-content\/uploads\/2020\/03\/walmor_1.jpg\",\"contentUrl\":\"https:\/\/franciscanos.org.br\/noticias\/wp-content\/uploads\/2020\/03\/walmor_1.jpg\",\"width\":273,\"height\":181},{\"@type\":\"WebPage\",\"@id\":\"https:\/\/franciscanos.org.br\/noticias\/presidente-da-cnbb-reforca-apelo-para-que-as-pessoas-nao-saiam-de-casa.html#webpage\",\"url\":\"https:\/\/franciscanos.org.br\/noticias\/presidente-da-cnbb-reforca-apelo-para-que-as-pessoas-nao-saiam-de-casa.html\",\"name\":\"Presidente da CNBB refor\u00e7a apelo para que as pessoas n\u00e3o saiam de casa - Not\u00edcias - Franciscanos\",\"isPartOf\":{\"@id\":\"https:\/\/franciscanos.org.br\/noticias\/#website\"},\"primaryImageOfPage\":{\"@id\":\"https:\/\/franciscanos.org.br\/noticias\/presidente-da-cnbb-reforca-apelo-para-que-as-pessoas-nao-saiam-de-casa.html#primaryimage\"},\"datePublished\":\"2020-03-26T17:57:53+00:00\",\"dateModified\":\"2020-03-26T17:59:14+00:00\",\"author\":{\"@id\":\"https:\/\/franciscanos.org.br\/noticias\/#\/schema\/person\/b5c8cba458c330ccff548b056e95a5d4\"},\"breadcrumb\":{\"@id\":\"https:\/\/franciscanos.org.br\/noticias\/presidente-da-cnbb-reforca-apelo-para-que-as-pessoas-nao-saiam-de-casa.html#breadcrumb\"},\"inLanguage\":\"pt-BR\",\"potentialAction\":[{\"@type\":\"ReadAction\",\"target\":[\"https:\/\/franciscanos.org.br\/noticias\/presidente-da-cnbb-reforca-apelo-para-que-as-pessoas-nao-saiam-de-casa.html\"]}]},{\"@type\":\"BreadcrumbList\",\"@id\":\"https:\/\/franciscanos.org.br\/noticias\/presidente-da-cnbb-reforca-apelo-para-que-as-pessoas-nao-saiam-de-casa.html#breadcrumb\",\"itemListElement\":[{\"@type\":\"ListItem\",\"position\":1,\"name\":\"Home\",\"item\":\"https:\/\/franciscanos.org.br\/noticias\"},{\"@type\":\"ListItem\",\"position\":2,\"name\":\"Presidente da CNBB refor\u00e7a apelo para que as pessoas n\u00e3o saiam de casa\"}]},{\"@type\":\"Person\",\"@id\":\"https:\/\/franciscanos.org.br\/noticias\/#\/schema\/person\/b5c8cba458c330ccff548b056e95a5d4\",\"name\":\"moacir\",\"image\":{\"@type\":\"ImageObject\",\"inLanguage\":\"pt-BR\",\"@id\":\"https:\/\/franciscanos.org.br\/noticias\/#\/schema\/person\/image\/\",\"url\":\"https:\/\/secure.gravatar.com\/avatar\/d08aa2ce4c8dd416d4479aa8536fcf64?s=96&d=mm&r=g\",\"contentUrl\":\"https:\/\/secure.gravatar.com\/avatar\/d08aa2ce4c8dd416d4479aa8536fcf64?s=96&d=mm&r=g\",\"caption\":\"moacir\"},\"url\":\"https:\/\/franciscanos.org.br\/noticias\/author\/moacir\"}]}<\/script>\n<!-- \/ Yoast SEO plugin. -->","yoast_head_json":{"title":"Presidente da CNBB refor\u00e7a apelo para que as pessoas n\u00e3o saiam de casa - Not\u00edcias - Franciscanos","robots":{"index":"index","follow":"follow","max-snippet":"max-snippet:-1","max-image-preview":"max-image-preview:large","max-video-preview":"max-video-preview:-1"},"canonical":"https:\/\/franciscanos.org.br\/noticias\/presidente-da-cnbb-reforca-apelo-para-que-as-pessoas-nao-saiam-de-casa.html","og_locale":"pt_BR","og_type":"article","og_title":"Presidente da CNBB refor\u00e7a apelo para que as pessoas n\u00e3o saiam de casa - Not\u00edcias - Franciscanos","og_description":"CNBB","og_url":"https:\/\/franciscanos.org.br\/noticias\/presidente-da-cnbb-reforca-apelo-para-que-as-pessoas-nao-saiam-de-casa.html","og_site_name":"Not\u00edcias - Franciscanos","article_published_time":"2020-03-26T17:57:53+00:00","article_modified_time":"2020-03-26T17:59:14+00:00","og_image":[{"width":273,"height":181,"url":"https:\/\/franciscanos.org.br\/noticias\/wp-content\/uploads\/2020\/03\/walmor_1.jpg","type":"image\/jpeg"}],"author":"moacir","twitter_card":"summary_large_image","twitter_misc":{"Escrito por":"moacir","Est. tempo de leitura":"2 minutos"},"schema":{"@context":"https:\/\/schema.org","@graph":[{"@type":"WebSite","@id":"https:\/\/franciscanos.org.br\/noticias\/#website","url":"https:\/\/franciscanos.org.br\/noticias\/","name":"Not\u00edcias - Franciscanos","description":"Prov\u00edncia Franciscana da Imaculada Concei\u00e7\u00e3o do Brasil - Ordem dos Frades Menores - OFM","potentialAction":[{"@type":"SearchAction","target":{"@type":"EntryPoint","urlTemplate":"https:\/\/franciscanos.org.br\/noticias\/?s={search_term_string}"},"query-input":"required name=search_term_string"}],"inLanguage":"pt-BR"},{"@type":"ImageObject","inLanguage":"pt-BR","@id":"https:\/\/franciscanos.org.br\/noticias\/presidente-da-cnbb-reforca-apelo-para-que-as-pessoas-nao-saiam-de-casa.html#primaryimage","url":"https:\/\/franciscanos.org.br\/noticias\/wp-content\/uploads\/2020\/03\/walmor_1.jpg","contentUrl":"https:\/\/franciscanos.org.br\/noticias\/wp-content\/uploads\/2020\/03\/walmor_1.jpg","width":273,"height":181},{"@type":"WebPage","@id":"https:\/\/franciscanos.org.br\/noticias\/presidente-da-cnbb-reforca-apelo-para-que-as-pessoas-nao-saiam-de-casa.html#webpage","url":"https:\/\/franciscanos.org.br\/noticias\/presidente-da-cnbb-reforca-apelo-para-que-as-pessoas-nao-saiam-de-casa.html","name":"Presidente da CNBB refor\u00e7a apelo para que as pessoas n\u00e3o saiam de casa - Not\u00edcias - Franciscanos","isPartOf":{"@id":"https:\/\/franciscanos.org.br\/noticias\/#website"},"primaryImageOfPage":{"@id":"https:\/\/franciscanos.org.br\/noticias\/presidente-da-cnbb-reforca-apelo-para-que-as-pessoas-nao-saiam-de-casa.html#primaryimage"},"datePublished":"2020-03-26T17:57:53+00:00","dateModified":"2020-03-26T17:59:14+00:00","author":{"@id":"https:\/\/franciscanos.org.br\/noticias\/#\/schema\/person\/b5c8cba458c330ccff548b056e95a5d4"},"breadcrumb":{"@id":"https:\/\/franciscanos.org.br\/noticias\/presidente-da-cnbb-reforca-apelo-para-que-as-pessoas-nao-saiam-de-casa.html#breadcrumb"},"inLanguage":"pt-BR","potentialAction":[{"@type":"ReadAction","target":["https:\/\/franciscanos.org.br\/noticias\/presidente-da-cnbb-reforca-apelo-para-que-as-pessoas-nao-saiam-de-casa.html"]}]},{"@type":"BreadcrumbList","@id":"https:\/\/franciscanos.org.br\/noticias\/presidente-da-cnbb-reforca-apelo-para-que-as-pessoas-nao-saiam-de-casa.html#breadcrumb","itemListElement":[{"@type":"ListItem","position":1,"name":"Home","item":"https:\/\/franciscanos.org.br\/noticias"},{"@type":"ListItem","position":2,"name":"Presidente da CNBB refor\u00e7a apelo para que as pessoas n\u00e3o saiam de casa"}]},{"@type":"Person","@id":"https:\/\/franciscanos.org.br\/noticias\/#\/schema\/person\/b5c8cba458c330ccff548b056e95a5d4","name":"moacir","image":{"@type":"ImageObject","inLanguage":"pt-BR","@id":"https:\/\/franciscanos.org.br\/noticias\/#\/schema\/person\/image\/","url":"https:\/\/secure.gravatar.com\/avatar\/d08aa2ce4c8dd416d4479aa8536fcf64?s=96&d=mm&r=g","contentUrl":"https:\/\/secure.gravatar.com\/avatar\/d08aa2ce4c8dd416d4479aa8536fcf64?s=96&d=mm&r=g","caption":"moacir"},"url":"https:\/\/franciscanos.org.br\/noticias\/author\/moacir"}]}},"_links":{"self":[{"href":"https:\/\/franciscanos.org.br\/noticias\/wp-json\/wp\/v2\/posts\/222590"}],"collection":[{"href":"https:\/\/franciscanos.org.br\/noticias\/wp-json\/wp\/v2\/posts"}],"about":[{"href":"https:\/\/franciscanos.org.br\/noticias\/wp-json\/wp\/v2\/types\/post"}],"author":[{"embeddable":true,"href":"https:\/\/franciscanos.org.br\/noticias\/wp-json\/wp\/v2\/users\/3"}],"replies":[{"embeddable":true,"href":"https:\/\/franciscanos.org.br\/noticias\/wp-json\/wp\/v2\/comments?post=222590"}],"version-history":[{"count":2,"href":"https:\/\/franciscanos.org.br\/noticias\/wp-json\/wp\/v2\/posts\/222590\/revisions"}],"predecessor-version":[{"id":222594,"href":"https:\/\/franciscanos.org.br\/noticias\/wp-json\/wp\/v2\/posts\/222590\/revisions\/222594"}],"wp:featuredmedia":[{"embeddable":true,"href":"https:\/\/franciscanos.org.br\/noticias\/wp-json\/wp\/v2\/media\/222592"}],"wp:attachment":[{"href":"https:\/\/franciscanos.org.br\/noticias\/wp-json\/wp\/v2\/media?parent=222590"}],"wp:term":[{"taxonomy":"category","embeddable":true,"href":"https:\/\/franciscanos.org.br\/noticias\/wp-json\/wp\/v2\/categories?post=222590"},{"taxonomy":"post_tag","embeddable":true,"href":"https:\/\/franciscanos.org.br\/noticias\/wp-json\/wp\/v2\/tags?post=222590"}],"curies":[{"name":"wp","href":"https:\/\/api.w.org\/{rel}","templated":true}]}}