{"id":222577,"date":"2020-03-26T06:52:27","date_gmt":"2020-03-26T09:52:27","guid":{"rendered":"https:\/\/franciscanos.org.br\/noticias\/?p=222577"},"modified":"2020-06-06T11:06:15","modified_gmt":"2020-06-06T14:06:15","slug":"papa-reza-para-vencermos-o-medo-neste-tempo-dificil","status":"publish","type":"post","link":"https:\/\/franciscanos.org.br\/noticias\/papa-reza-para-vencermos-o-medo-neste-tempo-dificil.html","title":{"rendered":"Papa reza para vencermos o medo neste tempo dif\u00edcil"},"content":{"rendered":"<p><img loading=\"lazy\" class=\"alignnone size-full wp-image-222578\" src=\"https:\/\/franciscanos.org.br\/noticias\/wp-content\/uploads\/2020\/03\/marta_26.jpg\" alt=\"\" width=\"1342\" height=\"768\" srcset=\"https:\/\/franciscanos.org.br\/noticias\/wp-content\/uploads\/2020\/03\/marta_26.jpg 1342w, https:\/\/franciscanos.org.br\/noticias\/wp-content\/uploads\/2020\/03\/marta_26-450x258.jpg 450w, https:\/\/franciscanos.org.br\/noticias\/wp-content\/uploads\/2020\/03\/marta_26-1024x586.jpg 1024w, https:\/\/franciscanos.org.br\/noticias\/wp-content\/uploads\/2020\/03\/marta_26-768x440.jpg 768w, https:\/\/franciscanos.org.br\/noticias\/wp-content\/uploads\/2020\/03\/marta_26-150x86.jpg 150w\" sizes=\"(max-width: 1342px) 100vw, 1342px\" \/><\/p>\n<p><em>Cidade do Vaticano<\/em> &#8211; Na Missa ao vivo em <em>streaming<\/em> esta quinta-feira (26\/03) da Capela da Casa Santa Marta, Francisco rezou a fim de que o Senhor nos ajude a vencer o medo neste tempo caracterizado pela pandemia do Covid-19. Estas, as suas palavras, introduzindo a celebra\u00e7\u00e3o eucar\u00edstica:<\/p>\n<p>Nestes dias de tanto sofrimento, h\u00e1 tanto medo. O medo dos anci\u00e3os, que se encontram sozinhos, nas casas de repouso ou no hospital ou na casa deles e n\u00e3o sabem o que pode acontecer. O medo dos trabalhadores sem trabalho fixo que pensam como prover o alimento a seus filhos e veem a fome chegar. O medo de tantos agentes sociais que neste momento ajudam a sociedade a seguir adiante e podem pegar a doen\u00e7a. Tamb\u00e9m o medo \u2013 os medos \u2013 de cada um de n\u00f3s: cada um sabe qual \u00e9 o pr\u00f3prio. Rezemos ao Senhor a fim de que nos ajude a ter confian\u00e7a e a tolerar e vencer os medos.<\/p>\n<p>Na homilia, comentando a primeira leitura, extra\u00edda do livro do \u00caxodo (Ex 32,7-14), que conta o epis\u00f3dio do bezerro de ouro, Francisco falou dos \u00eddolos do cora\u00e7\u00e3o, \u00eddolos por n\u00f3s escondidos muitas vezes de modo astucioso, ressaltando que a idolatria nos faz perder tudo, nos faz perder os pr\u00f3prios dons do Senhor. A idolatria nos leva a uma religiosidade err\u00f4nea. Em seguida, o Papa pediu para se fazer um exame de consci\u00eancia para descobrir nossos \u00eddolos escondidos. A seguir, o texto da homilia transcrita pelo <em>Vatican News:<\/em><\/p>\n<p>Na primeira Leitura encontra-se a cena do amotinamento do povo. Mois\u00e9s subiu ao Monte para receber a Lei: Deus a deu a ele, em pedra, escrita com seu dedo. Mas o povo se entediou e se comprimiu em torno a Aar\u00e3o e disse: \u201cMas, este Mois\u00e9s, faz tempo que n\u00e3o sabemos onde est\u00e1, para onde foi e n\u00f3s estamos sem guia. Fa\u00e7a-nos um deus que nos ajude a seguir adiante\u201d. E Aar\u00e3o, que depois ser\u00e1 sacerdote de Deus, mas ali foi sacerdote da estupidez, dos \u00eddolos, disse: \u201cSim, deem-me todo o ouro e a prata que t\u00eam\u201d, e eles deram tudo e fizeram aquele bezerro de ouro.<\/p>\n<p>No Salmo ouvimos o lamento de Deus: \u201cConstru\u00edram um bezerro no Horeb e adoraram uma est\u00e1tua de metal; eles trocaram o seu Deus, que \u00e9 sua gl\u00f3ria, pela imagem de um boi que come feno\u201d. E ai, neste momento, quando come\u00e7a a Leitura: \u201cO Senhor disse a Mois\u00e9s: &#8216;Vai, desce, pois corrompeu-se o teu povo, que tiraste da terra do Egito. Bem depressa desviaram-se do caminho que lhes prescrevi. Fizeram para si um bezerro de metal fundido,<br \/>\ninclinaram-se em adora\u00e7\u00e3o diante dele e ofereceram-lhe sacrif\u00edcios, dizendo: &#8216;Estes s\u00e3o os teus deuses, Israel, que te fizeram sair do Egito!&#8217;\u201d Uma verdadeira apostasia! Do Deus vivo \u00e0 idolatria. N\u00e3o teve paci\u00eancia para esperar que Mois\u00e9s retornasse: queriam novidades, queriam algo, espet\u00e1culo lit\u00fargico, alguma coisa&#8230;<\/p>\n<p>Gostaria de acenar algumas coisas sobre isso: Em primeiro lugar, aquela saudade idol\u00e1trica: neste caso, pensava nos \u00eddolos do Egito, mas a saudade de voltar aos \u00eddolos, voltar ao pior, n\u00e3o saber esperar o Deus vivo. Essa saudade \u00e9 uma doen\u00e7a, tamb\u00e9m nossa. Inicia-se a caminhar com o entusiasmo de ser livres, mas depois come\u00e7am as lamenta\u00e7\u00f5es: \u201cMas sim, este \u00e9 um momento duro, o deserto, tenho sede, quero \u00e1gua, quero carne&#8230; mas no Egito com\u00edamos as cebolas, as coisas boas e aqui n\u00e3o se tem&#8230;\u201d Sempre, a idolatria \u00e9 seletiva: leva voc\u00ea a pensar nas coisas boas que lhe d\u00e1, mas n\u00e3o o deixa enxergar as coisas ruins. Neste caso, eles pensavam como era quando estavam \u00e0 mesa, com essas refei\u00e7\u00f5es t\u00e3o boas das quais gostavam tanto, mas esqueciam que aquela mesa era a mesa da escravid\u00e3o.<\/p>\n<p><strong>A idolatria \u00e9 seletiva<\/strong><\/p>\n<p>Depois, outra coisa: a idolatria faz voc\u00ea perder tudo. Aar\u00e3o, para fazer o bezerro, pede ouro: \u201cDeem-me ouro e prata\u201d: mas era o ouro e a prata que o Senhor tinha dado a eles, quando lhes disse: \u201cPe\u00e7am ouro emprestado aos eg\u00edpcios\u201d, e depois foram embora com o ouro. \u00c9 um dom do Senhor e com o dom do Senhor fazem o \u00eddolo. E isso \u00e9 muito feio. Mas esse mecanismo acontece tamb\u00e9m conosco: quando temos atitudes que nos levam \u00e0 idolatria, somos apegados a coisas que nos distanciam de Deus, porque n\u00f3s fazemos outro deus e o fazemos com os dons que o Senhor nos deu. Com a intelig\u00eancia, com a vontade, com o amor, com o cora\u00e7\u00e3o&#8230; s\u00e3o os pr\u00f3prios dons do Senhor que n\u00f3s usamos para fazer a idolatria.<\/p>\n<p>Sim, algu\u00e9m de voc\u00eas pode me dizer: \u201cMas eu n\u00e3o tenho \u00eddolos em casa. Tenho o Crucifixo, a imagem de Nossa Senhora, que n\u00e3o s\u00e3o \u00eddolos&#8230;\u201d \u2013 N\u00e3o, n\u00e3o: no seu cora\u00e7\u00e3o. E a pergunta que hoje devemos fazer \u00e9: qual \u00e9 o \u00eddolo que voc\u00ea tem no seu cora\u00e7\u00e3o, no meu cora\u00e7\u00e3o. Aquela sa\u00edda escondida onde me sinto bem, que me distancia do Deus vivo. E n\u00f3s temos tamb\u00e9m um atitude, com a idolatria, muito astuto: sabemos esconder os \u00eddolos, como fez Raquel quando fugiu de seu pai e os escondeu na sela do camelo e entre as roupas. Tamb\u00e9m n\u00f3s, entre as nossas roupas do cora\u00e7\u00e3o, escondemos muitos \u00eddolos.<\/p>\n<p>A pergunta que gostaria de fazer hoje \u00e9: qual \u00e9 o meu \u00eddolo? Aquele meu \u00eddolo do mundanismo&#8230; e a idolatria chega tamb\u00e9m \u00e0 piedade, porque eles queriam o bezerro de ouro n\u00e3o para fazer um circo: n\u00e3o. Para fazer adora\u00e7\u00e3o. \u201cProstraram-se diante dele\u201d. A idolatria leva voc\u00ea a uma religiosidade err\u00f4nea, ali\u00e1s: muitas vezes o mundanismo, que \u00e9 uma idolatria, faz voc\u00ea mudar a celebra\u00e7\u00e3o de um sacramento numa festa mundana. Um exemplo: n\u00e3o sei, penso, pensemos, n\u00e3o sei, uma celebra\u00e7\u00e3o de casamento. Voc\u00ea n\u00e3o sabe se \u00e9 um sacramento onde realmente os rec\u00e9m-casados d\u00e3o tudo e se amam diante de Deus e prometem ser fi\u00e9is diante de Deus e recebem a gra\u00e7a de Deus, ou se \u00e9 uma exposi\u00e7\u00e3o de modelos, como um e o outro est\u00e3o vestidos e o outro&#8230; o mundanismo. \u00c9 uma idolatria. Isso \u00e9 um exemplo. Porque a idolatria n\u00e3o se cessa: segue sempre adiante.<\/p>\n<p>Hoje a pergunta que eu gostaria de fazer a todos n\u00f3s, a todos: quais s\u00e3o os meus \u00eddolos? Cada um tem os seus. Quais s\u00e3o os meus \u00eddolos. Onde os escondo. E que o Senhor n\u00e3o nos encontre, no final da vida, e diga de cada um de n\u00f3s: \u201cVoc\u00ea se corrompeu. Voc\u00ea se distanciou do caminho que eu tinha indicado. Voc\u00ea se prostrou diante de um \u00eddolo\u201d.<\/p>\n<p>Pe\u00e7amos ao Senhor a gra\u00e7a de conhecer nossos \u00eddolos. E se n\u00e3o podemos expuls\u00e1-los, ao menos os coloquemos de lado&#8230;<\/p>\n<p>Por fim, o Papa terminou a celebra\u00e7\u00e3o com a adora\u00e7\u00e3o e a b\u00ean\u00e7\u00e3o eucar\u00edstica, convidando a fazer a Comunh\u00e3o espiritual.<\/p>\n<p><strong>A seguir, a ora\u00e7\u00e3o recitada pelo Santo Padre:<\/strong><\/p>\n<p><em>Meu Jesus, eu creio que estais presente no Sant\u00edssimo Sacramento. Amo-vos sobre todas as coisas, e minha alma suspira por V\u00f3s. Mas, como n\u00e3o posso receber-Vos agora no Sant\u00edssimo Sacramento, vinde, ao menos espiritualmente, a meu cora\u00e7\u00e3o. Abra\u00e7o-me convosco como se j\u00e1 estiv\u00e9sseis comigo: uno-me Convosco inteiramente. Ah! n\u00e3o permitais que torne a separar-me de V\u00f3s!<\/em><\/p>\n<p>Antes de deixar a Capela dedicada ao Esp\u00edrito Santo, foi entoada a antiga ant\u00edfona mariana Ave Regina Caelorom (\u201cAve Rainha dos C\u00e9us\u201d).<\/p>\n<hr \/>\n<p><em>Fonte: Vatican News<\/em><\/p>\n","protected":false},"excerpt":{"rendered":"<p>Missa em Santa Marta<\/p>\n","protected":false},"author":3,"featured_media":222579,"comment_status":"open","ping_status":"open","sticky":false,"template":"","format":"standard","meta":[],"categories":[1428],"tags":[1586],"acf":[],"yoast_head":"<!-- This site is optimized with the Yoast SEO plugin v19.2 - https:\/\/yoast.com\/wordpress\/plugins\/seo\/ -->\n<title>Papa reza para vencermos o medo neste tempo dif\u00edcil - Not\u00edcias - Franciscanos<\/title>\n<meta name=\"robots\" content=\"index, follow, max-snippet:-1, max-image-preview:large, max-video-preview:-1\" \/>\n<link rel=\"canonical\" href=\"https:\/\/franciscanos.org.br\/noticias\/papa-reza-para-vencermos-o-medo-neste-tempo-dificil.html\" \/>\n<meta property=\"og:locale\" content=\"pt_BR\" \/>\n<meta property=\"og:type\" content=\"article\" \/>\n<meta property=\"og:title\" content=\"Papa reza para vencermos o medo neste tempo dif\u00edcil - Not\u00edcias - Franciscanos\" \/>\n<meta property=\"og:description\" content=\"Missa em Santa Marta\" \/>\n<meta property=\"og:url\" content=\"https:\/\/franciscanos.org.br\/noticias\/papa-reza-para-vencermos-o-medo-neste-tempo-dificil.html\" \/>\n<meta property=\"og:site_name\" content=\"Not\u00edcias - Franciscanos\" \/>\n<meta property=\"article:published_time\" content=\"2020-03-26T09:52:27+00:00\" \/>\n<meta property=\"article:modified_time\" content=\"2020-06-06T14:06:15+00:00\" \/>\n<meta property=\"og:image\" content=\"https:\/\/franciscanos.org.br\/noticias\/wp-content\/uploads\/2020\/03\/marta_26d.jpg\" \/>\n\t<meta property=\"og:image:width\" content=\"273\" \/>\n\t<meta property=\"og:image:height\" content=\"181\" \/>\n\t<meta property=\"og:image:type\" content=\"image\/jpeg\" \/>\n<meta name=\"author\" content=\"moacir\" \/>\n<meta name=\"twitter:card\" content=\"summary_large_image\" \/>\n<meta name=\"twitter:label1\" content=\"Escrito por\" \/>\n\t<meta name=\"twitter:data1\" content=\"moacir\" \/>\n\t<meta name=\"twitter:label2\" content=\"Est. tempo de leitura\" \/>\n\t<meta name=\"twitter:data2\" content=\"7 minutos\" \/>\n<script type=\"application\/ld+json\" class=\"yoast-schema-graph\">{\"@context\":\"https:\/\/schema.org\",\"@graph\":[{\"@type\":\"WebSite\",\"@id\":\"https:\/\/franciscanos.org.br\/noticias\/#website\",\"url\":\"https:\/\/franciscanos.org.br\/noticias\/\",\"name\":\"Not\u00edcias - Franciscanos\",\"description\":\"Prov\u00edncia Franciscana da Imaculada Concei\u00e7\u00e3o do Brasil - Ordem dos Frades Menores - OFM\",\"potentialAction\":[{\"@type\":\"SearchAction\",\"target\":{\"@type\":\"EntryPoint\",\"urlTemplate\":\"https:\/\/franciscanos.org.br\/noticias\/?s={search_term_string}\"},\"query-input\":\"required name=search_term_string\"}],\"inLanguage\":\"pt-BR\"},{\"@type\":\"ImageObject\",\"inLanguage\":\"pt-BR\",\"@id\":\"https:\/\/franciscanos.org.br\/noticias\/papa-reza-para-vencermos-o-medo-neste-tempo-dificil.html#primaryimage\",\"url\":\"https:\/\/franciscanos.org.br\/noticias\/wp-content\/uploads\/2020\/03\/marta_26d.jpg\",\"contentUrl\":\"https:\/\/franciscanos.org.br\/noticias\/wp-content\/uploads\/2020\/03\/marta_26d.jpg\",\"width\":273,\"height\":181},{\"@type\":\"WebPage\",\"@id\":\"https:\/\/franciscanos.org.br\/noticias\/papa-reza-para-vencermos-o-medo-neste-tempo-dificil.html#webpage\",\"url\":\"https:\/\/franciscanos.org.br\/noticias\/papa-reza-para-vencermos-o-medo-neste-tempo-dificil.html\",\"name\":\"Papa reza para vencermos o medo neste tempo dif\u00edcil - Not\u00edcias - Franciscanos\",\"isPartOf\":{\"@id\":\"https:\/\/franciscanos.org.br\/noticias\/#website\"},\"primaryImageOfPage\":{\"@id\":\"https:\/\/franciscanos.org.br\/noticias\/papa-reza-para-vencermos-o-medo-neste-tempo-dificil.html#primaryimage\"},\"datePublished\":\"2020-03-26T09:52:27+00:00\",\"dateModified\":\"2020-06-06T14:06:15+00:00\",\"author\":{\"@id\":\"https:\/\/franciscanos.org.br\/noticias\/#\/schema\/person\/b5c8cba458c330ccff548b056e95a5d4\"},\"breadcrumb\":{\"@id\":\"https:\/\/franciscanos.org.br\/noticias\/papa-reza-para-vencermos-o-medo-neste-tempo-dificil.html#breadcrumb\"},\"inLanguage\":\"pt-BR\",\"potentialAction\":[{\"@type\":\"ReadAction\",\"target\":[\"https:\/\/franciscanos.org.br\/noticias\/papa-reza-para-vencermos-o-medo-neste-tempo-dificil.html\"]}]},{\"@type\":\"BreadcrumbList\",\"@id\":\"https:\/\/franciscanos.org.br\/noticias\/papa-reza-para-vencermos-o-medo-neste-tempo-dificil.html#breadcrumb\",\"itemListElement\":[{\"@type\":\"ListItem\",\"position\":1,\"name\":\"Home\",\"item\":\"https:\/\/franciscanos.org.br\/noticias\"},{\"@type\":\"ListItem\",\"position\":2,\"name\":\"Papa reza para vencermos o medo neste tempo dif\u00edcil\"}]},{\"@type\":\"Person\",\"@id\":\"https:\/\/franciscanos.org.br\/noticias\/#\/schema\/person\/b5c8cba458c330ccff548b056e95a5d4\",\"name\":\"moacir\",\"image\":{\"@type\":\"ImageObject\",\"inLanguage\":\"pt-BR\",\"@id\":\"https:\/\/franciscanos.org.br\/noticias\/#\/schema\/person\/image\/\",\"url\":\"https:\/\/secure.gravatar.com\/avatar\/d08aa2ce4c8dd416d4479aa8536fcf64?s=96&d=mm&r=g\",\"contentUrl\":\"https:\/\/secure.gravatar.com\/avatar\/d08aa2ce4c8dd416d4479aa8536fcf64?s=96&d=mm&r=g\",\"caption\":\"moacir\"},\"url\":\"https:\/\/franciscanos.org.br\/noticias\/author\/moacir\"}]}<\/script>\n<!-- \/ Yoast SEO plugin. -->","yoast_head_json":{"title":"Papa reza para vencermos o medo neste tempo dif\u00edcil - Not\u00edcias - Franciscanos","robots":{"index":"index","follow":"follow","max-snippet":"max-snippet:-1","max-image-preview":"max-image-preview:large","max-video-preview":"max-video-preview:-1"},"canonical":"https:\/\/franciscanos.org.br\/noticias\/papa-reza-para-vencermos-o-medo-neste-tempo-dificil.html","og_locale":"pt_BR","og_type":"article","og_title":"Papa reza para vencermos o medo neste tempo dif\u00edcil - Not\u00edcias - Franciscanos","og_description":"Missa em Santa Marta","og_url":"https:\/\/franciscanos.org.br\/noticias\/papa-reza-para-vencermos-o-medo-neste-tempo-dificil.html","og_site_name":"Not\u00edcias - Franciscanos","article_published_time":"2020-03-26T09:52:27+00:00","article_modified_time":"2020-06-06T14:06:15+00:00","og_image":[{"width":273,"height":181,"url":"https:\/\/franciscanos.org.br\/noticias\/wp-content\/uploads\/2020\/03\/marta_26d.jpg","type":"image\/jpeg"}],"author":"moacir","twitter_card":"summary_large_image","twitter_misc":{"Escrito por":"moacir","Est. tempo de leitura":"7 minutos"},"schema":{"@context":"https:\/\/schema.org","@graph":[{"@type":"WebSite","@id":"https:\/\/franciscanos.org.br\/noticias\/#website","url":"https:\/\/franciscanos.org.br\/noticias\/","name":"Not\u00edcias - Franciscanos","description":"Prov\u00edncia Franciscana da Imaculada Concei\u00e7\u00e3o do Brasil - Ordem dos Frades Menores - OFM","potentialAction":[{"@type":"SearchAction","target":{"@type":"EntryPoint","urlTemplate":"https:\/\/franciscanos.org.br\/noticias\/?s={search_term_string}"},"query-input":"required name=search_term_string"}],"inLanguage":"pt-BR"},{"@type":"ImageObject","inLanguage":"pt-BR","@id":"https:\/\/franciscanos.org.br\/noticias\/papa-reza-para-vencermos-o-medo-neste-tempo-dificil.html#primaryimage","url":"https:\/\/franciscanos.org.br\/noticias\/wp-content\/uploads\/2020\/03\/marta_26d.jpg","contentUrl":"https:\/\/franciscanos.org.br\/noticias\/wp-content\/uploads\/2020\/03\/marta_26d.jpg","width":273,"height":181},{"@type":"WebPage","@id":"https:\/\/franciscanos.org.br\/noticias\/papa-reza-para-vencermos-o-medo-neste-tempo-dificil.html#webpage","url":"https:\/\/franciscanos.org.br\/noticias\/papa-reza-para-vencermos-o-medo-neste-tempo-dificil.html","name":"Papa reza para vencermos o medo neste tempo dif\u00edcil - Not\u00edcias - Franciscanos","isPartOf":{"@id":"https:\/\/franciscanos.org.br\/noticias\/#website"},"primaryImageOfPage":{"@id":"https:\/\/franciscanos.org.br\/noticias\/papa-reza-para-vencermos-o-medo-neste-tempo-dificil.html#primaryimage"},"datePublished":"2020-03-26T09:52:27+00:00","dateModified":"2020-06-06T14:06:15+00:00","author":{"@id":"https:\/\/franciscanos.org.br\/noticias\/#\/schema\/person\/b5c8cba458c330ccff548b056e95a5d4"},"breadcrumb":{"@id":"https:\/\/franciscanos.org.br\/noticias\/papa-reza-para-vencermos-o-medo-neste-tempo-dificil.html#breadcrumb"},"inLanguage":"pt-BR","potentialAction":[{"@type":"ReadAction","target":["https:\/\/franciscanos.org.br\/noticias\/papa-reza-para-vencermos-o-medo-neste-tempo-dificil.html"]}]},{"@type":"BreadcrumbList","@id":"https:\/\/franciscanos.org.br\/noticias\/papa-reza-para-vencermos-o-medo-neste-tempo-dificil.html#breadcrumb","itemListElement":[{"@type":"ListItem","position":1,"name":"Home","item":"https:\/\/franciscanos.org.br\/noticias"},{"@type":"ListItem","position":2,"name":"Papa reza para vencermos o medo neste tempo dif\u00edcil"}]},{"@type":"Person","@id":"https:\/\/franciscanos.org.br\/noticias\/#\/schema\/person\/b5c8cba458c330ccff548b056e95a5d4","name":"moacir","image":{"@type":"ImageObject","inLanguage":"pt-BR","@id":"https:\/\/franciscanos.org.br\/noticias\/#\/schema\/person\/image\/","url":"https:\/\/secure.gravatar.com\/avatar\/d08aa2ce4c8dd416d4479aa8536fcf64?s=96&d=mm&r=g","contentUrl":"https:\/\/secure.gravatar.com\/avatar\/d08aa2ce4c8dd416d4479aa8536fcf64?s=96&d=mm&r=g","caption":"moacir"},"url":"https:\/\/franciscanos.org.br\/noticias\/author\/moacir"}]}},"_links":{"self":[{"href":"https:\/\/franciscanos.org.br\/noticias\/wp-json\/wp\/v2\/posts\/222577"}],"collection":[{"href":"https:\/\/franciscanos.org.br\/noticias\/wp-json\/wp\/v2\/posts"}],"about":[{"href":"https:\/\/franciscanos.org.br\/noticias\/wp-json\/wp\/v2\/types\/post"}],"author":[{"embeddable":true,"href":"https:\/\/franciscanos.org.br\/noticias\/wp-json\/wp\/v2\/users\/3"}],"replies":[{"embeddable":true,"href":"https:\/\/franciscanos.org.br\/noticias\/wp-json\/wp\/v2\/comments?post=222577"}],"version-history":[{"count":2,"href":"https:\/\/franciscanos.org.br\/noticias\/wp-json\/wp\/v2\/posts\/222577\/revisions"}],"predecessor-version":[{"id":224540,"href":"https:\/\/franciscanos.org.br\/noticias\/wp-json\/wp\/v2\/posts\/222577\/revisions\/224540"}],"wp:featuredmedia":[{"embeddable":true,"href":"https:\/\/franciscanos.org.br\/noticias\/wp-json\/wp\/v2\/media\/222579"}],"wp:attachment":[{"href":"https:\/\/franciscanos.org.br\/noticias\/wp-json\/wp\/v2\/media?parent=222577"}],"wp:term":[{"taxonomy":"category","embeddable":true,"href":"https:\/\/franciscanos.org.br\/noticias\/wp-json\/wp\/v2\/categories?post=222577"},{"taxonomy":"post_tag","embeddable":true,"href":"https:\/\/franciscanos.org.br\/noticias\/wp-json\/wp\/v2\/tags?post=222577"}],"curies":[{"name":"wp","href":"https:\/\/api.w.org\/{rel}","templated":true}]}}