{"id":222347,"date":"2020-03-24T07:43:11","date_gmt":"2020-03-24T10:43:11","guid":{"rendered":"https:\/\/franciscanos.org.br\/noticias\/?p=222347"},"modified":"2020-06-06T11:07:20","modified_gmt":"2020-06-06T14:07:20","slug":"francisco-reza-pelos-medicos-e-sacerdotes-mortos-na-assistencia-aos-doentes-de-coronavirus","status":"publish","type":"post","link":"https:\/\/franciscanos.org.br\/noticias\/francisco-reza-pelos-medicos-e-sacerdotes-mortos-na-assistencia-aos-doentes-de-coronavirus.html","title":{"rendered":"Francisco reza pelos m\u00e9dicos e sacerdotes mortos na assist\u00eancia aos doentes de coronav\u00edrus"},"content":{"rendered":"<p><img loading=\"lazy\" class=\"alignnone wp-image-222348 size-full\" src=\"https:\/\/franciscanos.org.br\/noticias\/wp-content\/uploads\/2020\/03\/marta_24.jpg\" alt=\"\" width=\"1348\" height=\"768\" srcset=\"https:\/\/franciscanos.org.br\/noticias\/wp-content\/uploads\/2020\/03\/marta_24.jpg 1348w, https:\/\/franciscanos.org.br\/noticias\/wp-content\/uploads\/2020\/03\/marta_24-450x256.jpg 450w, https:\/\/franciscanos.org.br\/noticias\/wp-content\/uploads\/2020\/03\/marta_24-1024x583.jpg 1024w, https:\/\/franciscanos.org.br\/noticias\/wp-content\/uploads\/2020\/03\/marta_24-768x438.jpg 768w, https:\/\/franciscanos.org.br\/noticias\/wp-content\/uploads\/2020\/03\/marta_24-150x85.jpg 150w\" sizes=\"(max-width: 1348px) 100vw, 1348px\" \/><\/p>\n<p><strong>Cidade do Vaticano<\/strong> &#8211; Na Missa na Casa Santa Marta esta ter\u00e7a-feira (24\/03), o Papa rezou pelos profissionais da sa\u00fade e pelos sacerdotes que est\u00e3o dando assist\u00eancia aos doentes do coronav\u00edrus, colocando em risco a pr\u00f3pria vida. At\u00e9 hoje na It\u00e1lia s\u00e3o 24 m\u00e9dicos mortos em sua atividade de assist\u00eancia aos que foram atingidos pelo Covid-19. Quase cinco mil agentes de sa\u00fade foram contagiados. Cerca de 50 sacerdotes morreram por causa desta pandemia. A seguir, as palavras do Santo Padre no in\u00edcio da celebra\u00e7\u00e3o:<\/p>\n<p>Recebi a not\u00edcia que nestes dias faleceram alguns m\u00e9dicos, sacerdotes, n\u00e3o sei se algum enfermeiro, mas se contagiaram, foram contaminados porque estavam a servi\u00e7o dos doentes. Rezemos por eles, por suas fam\u00edlias, e agrade\u00e7o a Deus pelo exemplo de hero\u00edsmo que nos d\u00e3o na assist\u00eancia aos doentes.<\/p>\n<p><strong>M\u00e9dicos, enfermeiros, sacerdotes: exemplos de hero\u00edsmo<\/strong><br \/>\nNa homilia, Francisco, comentando o Evangelho (Jo 5,1-16) em que Jesus cura um doente \u00e0 beira da piscina de Betesda, ressaltou a periculosidade de um pecado particular: a pregui\u00e7a. A seguir, o texto da homilia traduzida pelo <em>Vatican News:<\/em><\/p>\n<p>A liturgia de hoje nos faz refletir sobre a \u00e1gua, a \u00e1gua como s\u00edmbolo de salva\u00e7\u00e3o, porque \u00e9 um meio de salva\u00e7\u00e3o, mas a \u00e1gua \u00e9 tamb\u00e9m um meio de destrui\u00e7\u00e3o: pensemos no Dil\u00favio&#8230; Mas nestas leituras, a \u00e1gua \u00e9 para a salva\u00e7\u00e3o. Na primeira leitura, aquela \u00e1gua que traz a vida, que saneia as \u00e1guas do mar, uma \u00e1gua nova que saneia. E no Evangelho, a piscina, aquela piscina \u00e0 qual iam os doentes, repleta de \u00e1gua, para curar-se, porque se dizia que de vez em quando as \u00e1guas se moviam, como se fosse um rio, porque um anjo descia do c\u00e9u e as movia, e o primeiro, ou os primeiros, que se atiravam na \u00e1gua eram curados. E muitos \u2013 como diz Jesus \u2013 muitos doentes, \u201cficavam em grande n\u00famero enfermos, cegos, coxos, paral\u00edticos\u201d, ali, esperando a cura, que a \u00e1gua se movesse. Ali se encontrava um homem que estava doente h\u00e1 38 anos. 38 anos ali, esperando a cura. Este, leva a pensar, n\u00e3o? \u00c9 um pouco demasiado&#8230; porque quem quer ser curado d\u00e1 um jeito para ter algu\u00e9m que o ajude, faz alguma coisa, \u00e9 um pouco \u00e1gil, inclusive um pouco astuto&#8230; mas este, 38 anos ali, a ponto que n\u00e3o se sabe se \u00e9 doente ou morto&#8230; Jesus, vendo-o deitado, e sabendo a realidade, que estava muito tempo ali, lhe diz: \u201cQueres ficar curado?\u201d E a resposta \u00e9 interessante: n\u00e3o diz que sim, se lamenta. Da doen\u00e7a? N\u00e3o. O doente responde: \u201cSenhor, n\u00e3o tenho ningu\u00e9m que me leve \u00e0 piscina, quando a \u00e1gua \u00e9 agitada. Quando estou chegando, outro entra na minha frente\u201d. Um homem que sempre chega atrasado. Jesus lhe diz: \u201cLevanta-te, toma o teu leito e anda\u201d. No mesmo instante, aquele homem ficou curado.<\/p>\n<p>A atitude deste homem leva-nos a pensar. Estava doente? Sim, talvez, tinha alguma paralisia, mas parece que pudesse caminhar um pouco. Mas estava doente no cora\u00e7\u00e3o, estava doente na alma, estava doente de pessimismo, estava doente de tristeza, era doente de pregui\u00e7a. Esta \u00e9 a doen\u00e7a deste homem: \u201cSim, quero viver, mas&#8230;\u201d, estava ali. Mas a resposta \u00e9: \u201cSim, quero ser curado!\u201d? N\u00e3o, \u00e9 lamentar-se: \u201cS\u00e3o os outros que chegam primeiro, sempre os outros\u201d. A resposta \u00e0 oferta de Jesus para curar \u00e9 uma lamenta\u00e7\u00e3o contra os outros. E assim, 38 anos lamentando-se dos outros. E n\u00e3o fazendo nada para curar-se.<\/p>\n<p>Era um s\u00e1bado: ouvimos o que os doutores da Lei fizeram. Mas a chave \u00e9 o encontro com Jesus, depois. Encontrou-o no Templo e lhe disse: \u201cEis que est\u00e1s curado. N\u00e3o voltes a pecar, para que n\u00e3o te aconte\u00e7a coisa pior\u201d. Aquele homem estava em pecado, mas n\u00e3o estava ali porque tinha feito algo grave, n\u00e3o. O pecado de sobreviver e lamentar-se da vida dos outros: o pecado da tristeza que \u00e9 a semente do diabo, daquela incapacidade de tomar uma decis\u00e3o sobre a pr\u00f3pria vida, mas sim, olhar a vida dos outros para lamentar-se. N\u00e3o para critic\u00e1-los: para lamentar-se. \u201cEles chegam primeiro, eu sou v\u00edtima desta vida\u201d: as lamenta\u00e7\u00f5es, estas pessoas respiram lamenta\u00e7\u00f5es.<\/p>\n<p>Se fizermos uma compara\u00e7\u00e3o com o cego de nascen\u00e7a que ouvimos domingo passado: com quanta alegria, com quanta decis\u00e3o reagiu \u00e0 sua cura, e tamb\u00e9m com quanta decis\u00e3o foi discutir com os doutores da Lei\u201d. Este somente foi e informou: \u201csim, \u00e9 este\u201d, Ponto. Sem compromisso com a vida&#8230; Faz-me pensar em muitos de n\u00f3s, em muitos crist\u00e3os que vivem este estado de pregui\u00e7a, incapacidade de fazer alguma coisa, mas lamentando-se de tudo. E a pregui\u00e7a \u00e9 um veneno, \u00e9 uma neblina que circunda a alma e n\u00e3o a deixa viver. E tamb\u00e9m, \u00e9 uma droga porque se voc\u00ea experimenta mais vezes, acaba gostando. E voc\u00ea acaba se tornando um \u201ctriste-dependente\u201d, um \u201cpregui\u00e7a-dependente\u201d&#8230; \u00c9 como o ar. E esse \u00e9 um pecado bastante comum entre n\u00f3s: a tristeza, a pregui\u00e7a, n\u00e3o digo a melancolia, mas se aproxima.<\/p>\n<p>E n\u00f3s far\u00e1 bem reler este cap\u00edtulo 5\u00ba de Jo\u00e3o para ver como \u00e9 esta doen\u00e7a na qual podemos cair. A \u00e1gua \u00e9 para salvar-nos. \u201cMas eu n\u00e3o posso salvar-me\u201d \u2013 \u201cPor qual motivo?\u201d \u2013 \u201cPor que a culpa \u00e9 dos outros\u201d. E permane\u00e7o 38 anos ali&#8230; Jesus me curou: n\u00e3o se v\u00ea a rea\u00e7\u00e3o dos outros que s\u00e3o curados, que tomam o leito e dan\u00e7am, cantam, agradecem, contam ao mundo inteiro? N\u00e3o: segue adiante. Os outros lhe dizem que n\u00e3o se deve fazer, diz: \u201cMas aquele que me curou me disse que sim\u201d, e vai segue adiante. E depois, ao inv\u00e9s de ir at\u00e9 Jesus, agradecer-lhe e tudo, informa: \u201cFoi aquele\u201d. Uma vida cinzenta, mas cinzenta deste esp\u00edrito mau que \u00e9 a pregui\u00e7a, a tristeza, a melancolia.<\/p>\n<p>Pensemos na \u00e1gua, a \u00e1gua que \u00e9 s\u00edmbolo da nossa for\u00e7a, da nossa vida, a \u00e1gua que Jesus usou para regenerar-nos, o Batismo. E pensemos tamb\u00e9m em n\u00f3s, se algu\u00e9m de n\u00f3s corre o perigo de deslizar nesta pregui\u00e7a, neste pecado neutral: o pecado do neutro \u00e9 este, nem branco nem preto, n\u00e3o se sabe o que \u00e9. E este \u00e9 um pecado que o diabo pode usar para aniquilar a nossa vida espiritual e tamb\u00e9m a nossa vida de pessoas. Que o Senhor nos ajude a entender como este pecado \u00e9 feio e maligno.<\/p>\n<p>Por fim, o Santo Padre terminou a celebra\u00e7\u00e3o com a adora\u00e7\u00e3o e a b\u00ean\u00e7\u00e3o eucar\u00edstica, convidando a fazer a Comunh\u00e3o espiritual. A seguir, a ora\u00e7\u00e3o recitada pelo Papa:<\/p>\n<p style=\"padding-left: 40px;\"><em>Meu Jesus, eu creio que estais presente no Sant\u00edssimo Sacramento. Amo-vos sobre todas as coisas, e minha alma suspira por V\u00f3s. Mas, como n\u00e3o posso receber-Vos agora no Sant\u00edssimo Sacramento, vinde, ao menos espiritualmente, a meu cora\u00e7\u00e3o. Abra\u00e7o-me convosco como se j\u00e1 estiv\u00e9sseis comigo: uno-me Convosco inteiramente. Ah! n\u00e3o permitais que torne a separar-me de V\u00f3s!<\/em><\/p>\n<hr \/>\n<p><em>Fonte: Vatican News<\/em><\/p>\n","protected":false},"excerpt":{"rendered":"<p>Missa em Santa Marta<\/p>\n","protected":false},"author":3,"featured_media":222349,"comment_status":"open","ping_status":"open","sticky":false,"template":"","format":"standard","meta":[],"categories":[1428],"tags":[1586],"acf":[],"yoast_head":"<!-- This site is optimized with the Yoast SEO plugin v19.2 - https:\/\/yoast.com\/wordpress\/plugins\/seo\/ -->\n<title>Francisco reza pelos m\u00e9dicos e sacerdotes mortos na assist\u00eancia aos doentes de coronav\u00edrus - Not\u00edcias - Franciscanos<\/title>\n<meta name=\"robots\" content=\"index, follow, max-snippet:-1, max-image-preview:large, max-video-preview:-1\" \/>\n<link rel=\"canonical\" href=\"https:\/\/franciscanos.org.br\/noticias\/francisco-reza-pelos-medicos-e-sacerdotes-mortos-na-assistencia-aos-doentes-de-coronavirus.html\" \/>\n<meta property=\"og:locale\" content=\"pt_BR\" \/>\n<meta property=\"og:type\" content=\"article\" \/>\n<meta property=\"og:title\" content=\"Francisco reza pelos m\u00e9dicos e sacerdotes mortos na assist\u00eancia aos doentes de coronav\u00edrus - Not\u00edcias - Franciscanos\" \/>\n<meta property=\"og:description\" content=\"Missa em Santa Marta\" \/>\n<meta property=\"og:url\" content=\"https:\/\/franciscanos.org.br\/noticias\/francisco-reza-pelos-medicos-e-sacerdotes-mortos-na-assistencia-aos-doentes-de-coronavirus.html\" \/>\n<meta property=\"og:site_name\" content=\"Not\u00edcias - Franciscanos\" \/>\n<meta property=\"article:published_time\" content=\"2020-03-24T10:43:11+00:00\" \/>\n<meta property=\"article:modified_time\" content=\"2020-06-06T14:07:20+00:00\" \/>\n<meta property=\"og:image\" content=\"https:\/\/franciscanos.org.br\/noticias\/wp-content\/uploads\/2020\/03\/marta_24d.jpg\" \/>\n\t<meta property=\"og:image:width\" content=\"273\" \/>\n\t<meta property=\"og:image:height\" content=\"181\" \/>\n\t<meta property=\"og:image:type\" content=\"image\/jpeg\" \/>\n<meta name=\"author\" content=\"moacir\" \/>\n<meta name=\"twitter:card\" content=\"summary_large_image\" \/>\n<meta name=\"twitter:label1\" content=\"Escrito por\" \/>\n\t<meta name=\"twitter:data1\" content=\"moacir\" \/>\n\t<meta name=\"twitter:label2\" content=\"Est. tempo de leitura\" \/>\n\t<meta name=\"twitter:data2\" content=\"6 minutos\" \/>\n<script type=\"application\/ld+json\" class=\"yoast-schema-graph\">{\"@context\":\"https:\/\/schema.org\",\"@graph\":[{\"@type\":\"WebSite\",\"@id\":\"https:\/\/franciscanos.org.br\/noticias\/#website\",\"url\":\"https:\/\/franciscanos.org.br\/noticias\/\",\"name\":\"Not\u00edcias - Franciscanos\",\"description\":\"Prov\u00edncia Franciscana da Imaculada Concei\u00e7\u00e3o do Brasil - Ordem dos Frades Menores - OFM\",\"potentialAction\":[{\"@type\":\"SearchAction\",\"target\":{\"@type\":\"EntryPoint\",\"urlTemplate\":\"https:\/\/franciscanos.org.br\/noticias\/?s={search_term_string}\"},\"query-input\":\"required name=search_term_string\"}],\"inLanguage\":\"pt-BR\"},{\"@type\":\"ImageObject\",\"inLanguage\":\"pt-BR\",\"@id\":\"https:\/\/franciscanos.org.br\/noticias\/francisco-reza-pelos-medicos-e-sacerdotes-mortos-na-assistencia-aos-doentes-de-coronavirus.html#primaryimage\",\"url\":\"https:\/\/franciscanos.org.br\/noticias\/wp-content\/uploads\/2020\/03\/marta_24d.jpg\",\"contentUrl\":\"https:\/\/franciscanos.org.br\/noticias\/wp-content\/uploads\/2020\/03\/marta_24d.jpg\",\"width\":273,\"height\":181},{\"@type\":\"WebPage\",\"@id\":\"https:\/\/franciscanos.org.br\/noticias\/francisco-reza-pelos-medicos-e-sacerdotes-mortos-na-assistencia-aos-doentes-de-coronavirus.html#webpage\",\"url\":\"https:\/\/franciscanos.org.br\/noticias\/francisco-reza-pelos-medicos-e-sacerdotes-mortos-na-assistencia-aos-doentes-de-coronavirus.html\",\"name\":\"Francisco reza pelos m\u00e9dicos e sacerdotes mortos na assist\u00eancia aos doentes de coronav\u00edrus - Not\u00edcias - Franciscanos\",\"isPartOf\":{\"@id\":\"https:\/\/franciscanos.org.br\/noticias\/#website\"},\"primaryImageOfPage\":{\"@id\":\"https:\/\/franciscanos.org.br\/noticias\/francisco-reza-pelos-medicos-e-sacerdotes-mortos-na-assistencia-aos-doentes-de-coronavirus.html#primaryimage\"},\"datePublished\":\"2020-03-24T10:43:11+00:00\",\"dateModified\":\"2020-06-06T14:07:20+00:00\",\"author\":{\"@id\":\"https:\/\/franciscanos.org.br\/noticias\/#\/schema\/person\/b5c8cba458c330ccff548b056e95a5d4\"},\"breadcrumb\":{\"@id\":\"https:\/\/franciscanos.org.br\/noticias\/francisco-reza-pelos-medicos-e-sacerdotes-mortos-na-assistencia-aos-doentes-de-coronavirus.html#breadcrumb\"},\"inLanguage\":\"pt-BR\",\"potentialAction\":[{\"@type\":\"ReadAction\",\"target\":[\"https:\/\/franciscanos.org.br\/noticias\/francisco-reza-pelos-medicos-e-sacerdotes-mortos-na-assistencia-aos-doentes-de-coronavirus.html\"]}]},{\"@type\":\"BreadcrumbList\",\"@id\":\"https:\/\/franciscanos.org.br\/noticias\/francisco-reza-pelos-medicos-e-sacerdotes-mortos-na-assistencia-aos-doentes-de-coronavirus.html#breadcrumb\",\"itemListElement\":[{\"@type\":\"ListItem\",\"position\":1,\"name\":\"Home\",\"item\":\"https:\/\/franciscanos.org.br\/noticias\"},{\"@type\":\"ListItem\",\"position\":2,\"name\":\"Francisco reza pelos m\u00e9dicos e sacerdotes mortos na assist\u00eancia aos doentes de coronav\u00edrus\"}]},{\"@type\":\"Person\",\"@id\":\"https:\/\/franciscanos.org.br\/noticias\/#\/schema\/person\/b5c8cba458c330ccff548b056e95a5d4\",\"name\":\"moacir\",\"image\":{\"@type\":\"ImageObject\",\"inLanguage\":\"pt-BR\",\"@id\":\"https:\/\/franciscanos.org.br\/noticias\/#\/schema\/person\/image\/\",\"url\":\"https:\/\/secure.gravatar.com\/avatar\/d08aa2ce4c8dd416d4479aa8536fcf64?s=96&d=mm&r=g\",\"contentUrl\":\"https:\/\/secure.gravatar.com\/avatar\/d08aa2ce4c8dd416d4479aa8536fcf64?s=96&d=mm&r=g\",\"caption\":\"moacir\"},\"url\":\"https:\/\/franciscanos.org.br\/noticias\/author\/moacir\"}]}<\/script>\n<!-- \/ Yoast SEO plugin. -->","yoast_head_json":{"title":"Francisco reza pelos m\u00e9dicos e sacerdotes mortos na assist\u00eancia aos doentes de coronav\u00edrus - Not\u00edcias - Franciscanos","robots":{"index":"index","follow":"follow","max-snippet":"max-snippet:-1","max-image-preview":"max-image-preview:large","max-video-preview":"max-video-preview:-1"},"canonical":"https:\/\/franciscanos.org.br\/noticias\/francisco-reza-pelos-medicos-e-sacerdotes-mortos-na-assistencia-aos-doentes-de-coronavirus.html","og_locale":"pt_BR","og_type":"article","og_title":"Francisco reza pelos m\u00e9dicos e sacerdotes mortos na assist\u00eancia aos doentes de coronav\u00edrus - Not\u00edcias - Franciscanos","og_description":"Missa em Santa Marta","og_url":"https:\/\/franciscanos.org.br\/noticias\/francisco-reza-pelos-medicos-e-sacerdotes-mortos-na-assistencia-aos-doentes-de-coronavirus.html","og_site_name":"Not\u00edcias - Franciscanos","article_published_time":"2020-03-24T10:43:11+00:00","article_modified_time":"2020-06-06T14:07:20+00:00","og_image":[{"width":273,"height":181,"url":"https:\/\/franciscanos.org.br\/noticias\/wp-content\/uploads\/2020\/03\/marta_24d.jpg","type":"image\/jpeg"}],"author":"moacir","twitter_card":"summary_large_image","twitter_misc":{"Escrito por":"moacir","Est. tempo de leitura":"6 minutos"},"schema":{"@context":"https:\/\/schema.org","@graph":[{"@type":"WebSite","@id":"https:\/\/franciscanos.org.br\/noticias\/#website","url":"https:\/\/franciscanos.org.br\/noticias\/","name":"Not\u00edcias - Franciscanos","description":"Prov\u00edncia Franciscana da Imaculada Concei\u00e7\u00e3o do Brasil - Ordem dos Frades Menores - OFM","potentialAction":[{"@type":"SearchAction","target":{"@type":"EntryPoint","urlTemplate":"https:\/\/franciscanos.org.br\/noticias\/?s={search_term_string}"},"query-input":"required name=search_term_string"}],"inLanguage":"pt-BR"},{"@type":"ImageObject","inLanguage":"pt-BR","@id":"https:\/\/franciscanos.org.br\/noticias\/francisco-reza-pelos-medicos-e-sacerdotes-mortos-na-assistencia-aos-doentes-de-coronavirus.html#primaryimage","url":"https:\/\/franciscanos.org.br\/noticias\/wp-content\/uploads\/2020\/03\/marta_24d.jpg","contentUrl":"https:\/\/franciscanos.org.br\/noticias\/wp-content\/uploads\/2020\/03\/marta_24d.jpg","width":273,"height":181},{"@type":"WebPage","@id":"https:\/\/franciscanos.org.br\/noticias\/francisco-reza-pelos-medicos-e-sacerdotes-mortos-na-assistencia-aos-doentes-de-coronavirus.html#webpage","url":"https:\/\/franciscanos.org.br\/noticias\/francisco-reza-pelos-medicos-e-sacerdotes-mortos-na-assistencia-aos-doentes-de-coronavirus.html","name":"Francisco reza pelos m\u00e9dicos e sacerdotes mortos na assist\u00eancia aos doentes de coronav\u00edrus - Not\u00edcias - Franciscanos","isPartOf":{"@id":"https:\/\/franciscanos.org.br\/noticias\/#website"},"primaryImageOfPage":{"@id":"https:\/\/franciscanos.org.br\/noticias\/francisco-reza-pelos-medicos-e-sacerdotes-mortos-na-assistencia-aos-doentes-de-coronavirus.html#primaryimage"},"datePublished":"2020-03-24T10:43:11+00:00","dateModified":"2020-06-06T14:07:20+00:00","author":{"@id":"https:\/\/franciscanos.org.br\/noticias\/#\/schema\/person\/b5c8cba458c330ccff548b056e95a5d4"},"breadcrumb":{"@id":"https:\/\/franciscanos.org.br\/noticias\/francisco-reza-pelos-medicos-e-sacerdotes-mortos-na-assistencia-aos-doentes-de-coronavirus.html#breadcrumb"},"inLanguage":"pt-BR","potentialAction":[{"@type":"ReadAction","target":["https:\/\/franciscanos.org.br\/noticias\/francisco-reza-pelos-medicos-e-sacerdotes-mortos-na-assistencia-aos-doentes-de-coronavirus.html"]}]},{"@type":"BreadcrumbList","@id":"https:\/\/franciscanos.org.br\/noticias\/francisco-reza-pelos-medicos-e-sacerdotes-mortos-na-assistencia-aos-doentes-de-coronavirus.html#breadcrumb","itemListElement":[{"@type":"ListItem","position":1,"name":"Home","item":"https:\/\/franciscanos.org.br\/noticias"},{"@type":"ListItem","position":2,"name":"Francisco reza pelos m\u00e9dicos e sacerdotes mortos na assist\u00eancia aos doentes de coronav\u00edrus"}]},{"@type":"Person","@id":"https:\/\/franciscanos.org.br\/noticias\/#\/schema\/person\/b5c8cba458c330ccff548b056e95a5d4","name":"moacir","image":{"@type":"ImageObject","inLanguage":"pt-BR","@id":"https:\/\/franciscanos.org.br\/noticias\/#\/schema\/person\/image\/","url":"https:\/\/secure.gravatar.com\/avatar\/d08aa2ce4c8dd416d4479aa8536fcf64?s=96&d=mm&r=g","contentUrl":"https:\/\/secure.gravatar.com\/avatar\/d08aa2ce4c8dd416d4479aa8536fcf64?s=96&d=mm&r=g","caption":"moacir"},"url":"https:\/\/franciscanos.org.br\/noticias\/author\/moacir"}]}},"_links":{"self":[{"href":"https:\/\/franciscanos.org.br\/noticias\/wp-json\/wp\/v2\/posts\/222347"}],"collection":[{"href":"https:\/\/franciscanos.org.br\/noticias\/wp-json\/wp\/v2\/posts"}],"about":[{"href":"https:\/\/franciscanos.org.br\/noticias\/wp-json\/wp\/v2\/types\/post"}],"author":[{"embeddable":true,"href":"https:\/\/franciscanos.org.br\/noticias\/wp-json\/wp\/v2\/users\/3"}],"replies":[{"embeddable":true,"href":"https:\/\/franciscanos.org.br\/noticias\/wp-json\/wp\/v2\/comments?post=222347"}],"version-history":[{"count":2,"href":"https:\/\/franciscanos.org.br\/noticias\/wp-json\/wp\/v2\/posts\/222347\/revisions"}],"predecessor-version":[{"id":224542,"href":"https:\/\/franciscanos.org.br\/noticias\/wp-json\/wp\/v2\/posts\/222347\/revisions\/224542"}],"wp:featuredmedia":[{"embeddable":true,"href":"https:\/\/franciscanos.org.br\/noticias\/wp-json\/wp\/v2\/media\/222349"}],"wp:attachment":[{"href":"https:\/\/franciscanos.org.br\/noticias\/wp-json\/wp\/v2\/media?parent=222347"}],"wp:term":[{"taxonomy":"category","embeddable":true,"href":"https:\/\/franciscanos.org.br\/noticias\/wp-json\/wp\/v2\/categories?post=222347"},{"taxonomy":"post_tag","embeddable":true,"href":"https:\/\/franciscanos.org.br\/noticias\/wp-json\/wp\/v2\/tags?post=222347"}],"curies":[{"name":"wp","href":"https:\/\/api.w.org\/{rel}","templated":true}]}}