{"id":222207,"date":"2020-03-23T07:58:08","date_gmt":"2020-03-23T10:58:08","guid":{"rendered":"https:\/\/franciscanos.org.br\/noticias\/?p=222207"},"modified":"2020-06-06T11:13:31","modified_gmt":"2020-06-06T14:13:31","slug":"o-papa-reza-por-aqueles-que-tem-dificuldades-economicas-devido-ao-coronavirus","status":"publish","type":"post","link":"https:\/\/franciscanos.org.br\/noticias\/o-papa-reza-por-aqueles-que-tem-dificuldades-economicas-devido-ao-coronavirus.html","title":{"rendered":"O Papa reza por aqueles que t\u00eam dificuldades econ\u00f4micas devido ao coronav\u00edrus"},"content":{"rendered":"<p>&nbsp;<\/p>\n<p>&nbsp;<\/p>\n<p><img loading=\"lazy\" class=\"alignnone wp-image-222210 size-full\" src=\"https:\/\/franciscanos.org.br\/noticias\/wp-content\/uploads\/2020\/03\/marta_23_1.jpg\" alt=\"\" width=\"1336\" height=\"768\" srcset=\"https:\/\/franciscanos.org.br\/noticias\/wp-content\/uploads\/2020\/03\/marta_23_1.jpg 1336w, https:\/\/franciscanos.org.br\/noticias\/wp-content\/uploads\/2020\/03\/marta_23_1-450x259.jpg 450w, https:\/\/franciscanos.org.br\/noticias\/wp-content\/uploads\/2020\/03\/marta_23_1-1024x589.jpg 1024w, https:\/\/franciscanos.org.br\/noticias\/wp-content\/uploads\/2020\/03\/marta_23_1-768x441.jpg 768w, https:\/\/franciscanos.org.br\/noticias\/wp-content\/uploads\/2020\/03\/marta_23_1-150x86.jpg 150w\" sizes=\"(max-width: 1336px) 100vw, 1336px\" \/><\/p>\n<p><strong>Cidade do Vaticano<\/strong> &#8211; Na Missa ao vivo em <em>streaming<\/em> da Capela da Casa Santa Marta, esta segunda-feira (23\/03), as primeiras palavras de Francisco foram palavras de confian\u00e7a. S\u00e3o as palavras da Ant\u00edfona de entrada: \u201cConfio em v\u00f3s, \u00f3 Deus! Alegro-me e exulto em vosso amor, pois olhastes, Senhor, minha mis\u00e9ria\u201d (Sl 30,7-8). Em seguida, pediu por aqueles que est\u00e3o sofrendo com a crise econ\u00f4mica causada pela pandemia do coronav\u00edrus que paralisou muitas atividades de trabalho.<\/p>\n<p>\u201cRezemos hoje pelas pessoas que por causa da pandemia est\u00e3o come\u00e7ando a ter problemas econ\u00f4micos, porque n\u00e3o podem trabalhar e tudo isso recai sobre a fam\u00edlia. Rezemos pelas pessoas que t\u00eam esse problema.\u201d<\/p>\n<p>Na homilia, comentando o Evangelho de Jo\u00e3o (Jo 4,43-54) sobre a cura do filho do funcion\u00e1rio do rei, Francisco convidou a rezar com f\u00e9, perseveran\u00e7a e coragem, sobretudo neste per\u00edodo. A seguir, o texto da homilia transcrita pelo <em>Vatican News:<\/em><\/p>\n<p><iframe loading=\"lazy\" title=\"Papa reza pelas pessoas com dificuldades econ\u00f4micas provocadas pela pandemia\" width=\"500\" height=\"281\" src=\"https:\/\/www.youtube.com\/embed\/czjCnEvZvE4?feature=oembed\" frameborder=\"0\" allow=\"accelerometer; autoplay; encrypted-media; gyroscope; picture-in-picture\" allowfullscreen><\/iframe><\/p>\n<p>Este pai pede a sa\u00fade para o filho. O Senhor repreende todos um pouco, tamb\u00e9m ele: \u201cSe n\u00e3o virdes sinais e prod\u00edgios, n\u00e3o acreditais\u201d. O funcion\u00e1rio, ao inv\u00e9s de se calar e ficar quieto, insiste e lhe diz: \u201cSenhor, desce, antes que meu filho morra!\u201d E Jesus lhe responde: \u201cPodes ir, teu filho est\u00e1 vivo\u201d.<\/p>\n<p>Tr\u00eas coisas s\u00e3o necess\u00e1rias para se fazer uma verdadeira ora\u00e7\u00e3o. A primeira \u00e9 a f\u00e9: se n\u00e3o tiverdes f\u00e9&#8230; E muitas vezes, a ora\u00e7\u00e3o \u00e9 somente oral, da boca&#8230; mas n\u00e3o vem da f\u00e9 do cora\u00e7\u00e3o, ou uma f\u00e9 fraca&#8230; Pensemos em outro pai, o do filho endemoninhado, quando Jesus responde: \u201cTudo \u00e9 poss\u00edvel \u00e0quele que cr\u00ea\u201d; o pai como disse claramente \u201ccreio, mas aumenta a minha f\u00e9\u201d. A f\u00e9 na ora\u00e7\u00e3o. Rezar com f\u00e9, quer quando rezamos fora, quer quando vimos aqui e o Senhor est\u00e1 ali: mas tenho f\u00e9 ou \u00e9 um costume? Estejamos atentos na ora\u00e7\u00e3o: n\u00e3o cair no costume sem a consci\u00eancia de que o Senhor est\u00e1 presente, que estou falando com o Senhor e que Ele \u00e9 capaz de resolver o problema. A primeira condi\u00e7\u00e3o para uma verdadeira ora\u00e7\u00e3o \u00e9 a f\u00e9.<\/p>\n<p>A segunda condi\u00e7\u00e3o que o pr\u00f3prio Jesus nos ensina \u00e9 a perseveran\u00e7a. Alguns pedem mas a gra\u00e7a n\u00e3o vem: n\u00e3o t\u00eam essa perseveran\u00e7a, porque no fundo n\u00e3o precisam dela, ou n\u00e3o t\u00eam f\u00e9. E Jesus mesmo nos ensina a par\u00e1bola daquele senhor que vai at\u00e9 o vizinho pedir p\u00e3o \u00e0 meia-noite: a perseveran\u00e7a de bater \u00e0 porta&#8230; Ou a vi\u00fava, com o juiz in\u00edquo: e insiste e insiste e insiste: \u00e9 a perseveran\u00e7a. F\u00e9 e perseveran\u00e7a caminham juntas, porque se voc\u00ea tem f\u00e9 voc\u00ea tem certeza de que o Senhor lhe dar\u00e1 aquilo que pede. E se o Senhor faz voc\u00ea esperar, bater, bater, no final o Senhor concede a gra\u00e7a.<\/p>\n<p>Mas o Senhor n\u00e3o faz isso para tornar-se interessante ou porque diga \u201cmelhor que espere\u201d: n\u00e3o. Ele o faz para o nosso bem, para que levemos a coisa a s\u00e9rio. Levar a ora\u00e7\u00e3o a s\u00e9rio, n\u00e3o como os papagaios: bl\u00e1 bl\u00e1 bl\u00e1 e nada mais&#8230; O pr\u00f3prio Jesus nos repreende: \u201cN\u00e3o sede como pag\u00e3os que creem na efic\u00e1cia da ora\u00e7\u00e3o e nas palavras, muitas palavras\u201d. N\u00e3o. \u00c9 a perseveran\u00e7a, ali. \u00c9 a f\u00e9.<\/p>\n<p>E a terceira coisa que Deus quer na ora\u00e7\u00e3o \u00e9 a coragem. Algu\u00e9m pode pensar: \u00e9 preciso coragem para rezar e para se colocar diante do Senhor? \u00c9 preciso. A coragem de ficar ali pedindo e seguindo adiante, ali\u00e1s, quase \u2013 quase, n\u00e3o quero dizer uma heresia \u2013, mas quase como amea\u00e7ando o Senhor. A coragem de Mois\u00e9s diante de Deus quando queria destruir o povo e faz\u00ea-lo l\u00edder de outro povo. Diz: \u201cN\u00e3o. Eu com o povo\u201d. Coragem. A coragem de Abra\u00e3o, quando negocia salva\u00e7\u00e3o de Sodoma: \u201cE se fossem 30, e se fossem 25, e se fossem 20&#8230;\u201d: ali, a coragem. Essa virtude da coragem, \u00e9 muito necess\u00e1ria. N\u00e3o somente para as a\u00e7\u00f5es apost\u00f3licas, mas tamb\u00e9m para a ora\u00e7\u00e3o.<\/p>\n<p>F\u00e9, perseveran\u00e7a e coragem. Nestes dias em que \u00e9 necess\u00e1rio rezar, rezar mais, pensemos se n\u00f3s rezamos assim: com f\u00e9 que o Senhor pode intervir, com perseveran\u00e7a e com coragem. O Senhor n\u00e3o decepciona: n\u00e3o decepciona. Faz-nos esperar, toma o seu tempo, mas n\u00e3o decepciona. F\u00e9, perseveran\u00e7a e coragem.<\/p>\n<p>Por fim, o Papa terminou a celebra\u00e7\u00e3o com a adora\u00e7\u00e3o e a b\u00ean\u00e7\u00e3o eucar\u00edstica, convidando a fazer a Comunh\u00e3o espiritual. A seguir, a ora\u00e7\u00e3o recitada pelo Papa:<\/p>\n<p>Aos vossos p\u00e9s, \u00f3 meu Jesus, me prostro e vos ofere\u00e7o o arrependimento do meu cora\u00e7\u00e3o contrito que mergulha no vosso e na Vossa santa presen\u00e7a. Eu vos adoro no Sacramento do vosso amor, desejo receber-vos na pobre morada que meu cora\u00e7\u00e3o vos oferece. \u00c0 espera da felicidade da comunh\u00e3o sacramental, quero possuir-vos em Esp\u00edrito. Vinde a mim, \u00f3 meu Jesus, que eu venha a v\u00f3s. Que o vosso amor possa inflamar todo o meu ser, para a vida e para a morte. Creio em v\u00f3s, espero em v\u00f3s. Eu vos amo. Assim seja.<\/p>\n<hr \/>\n<p><em>Fonte: Vatican News<\/em><\/p>\n","protected":false},"excerpt":{"rendered":"<p>Missa em Santa Marta<\/p>\n","protected":false},"author":3,"featured_media":222211,"comment_status":"open","ping_status":"open","sticky":false,"template":"","format":"standard","meta":[],"categories":[1428],"tags":[1586],"acf":[],"yoast_head":"<!-- This site is optimized with the Yoast SEO plugin v19.2 - https:\/\/yoast.com\/wordpress\/plugins\/seo\/ -->\n<title>O Papa reza por aqueles que t\u00eam dificuldades econ\u00f4micas devido ao coronav\u00edrus - Not\u00edcias - Franciscanos<\/title>\n<meta name=\"robots\" content=\"index, follow, max-snippet:-1, max-image-preview:large, max-video-preview:-1\" \/>\n<link rel=\"canonical\" href=\"https:\/\/franciscanos.org.br\/noticias\/o-papa-reza-por-aqueles-que-tem-dificuldades-economicas-devido-ao-coronavirus.html\" \/>\n<meta property=\"og:locale\" content=\"pt_BR\" \/>\n<meta property=\"og:type\" content=\"article\" \/>\n<meta property=\"og:title\" content=\"O Papa reza por aqueles que t\u00eam dificuldades econ\u00f4micas devido ao coronav\u00edrus - Not\u00edcias - Franciscanos\" \/>\n<meta property=\"og:description\" content=\"Missa em Santa Marta\" \/>\n<meta property=\"og:url\" content=\"https:\/\/franciscanos.org.br\/noticias\/o-papa-reza-por-aqueles-que-tem-dificuldades-economicas-devido-ao-coronavirus.html\" \/>\n<meta property=\"og:site_name\" content=\"Not\u00edcias - Franciscanos\" \/>\n<meta property=\"article:published_time\" content=\"2020-03-23T10:58:08+00:00\" \/>\n<meta property=\"article:modified_time\" content=\"2020-06-06T14:13:31+00:00\" \/>\n<meta property=\"og:image\" content=\"https:\/\/franciscanos.org.br\/noticias\/wp-content\/uploads\/2020\/03\/marta_23d.jpg\" \/>\n\t<meta property=\"og:image:width\" content=\"273\" \/>\n\t<meta property=\"og:image:height\" content=\"181\" \/>\n\t<meta property=\"og:image:type\" content=\"image\/jpeg\" \/>\n<meta name=\"author\" content=\"moacir\" \/>\n<meta name=\"twitter:card\" content=\"summary_large_image\" \/>\n<meta name=\"twitter:label1\" content=\"Escrito por\" \/>\n\t<meta name=\"twitter:data1\" content=\"moacir\" \/>\n\t<meta name=\"twitter:label2\" content=\"Est. tempo de leitura\" \/>\n\t<meta name=\"twitter:data2\" content=\"5 minutos\" \/>\n<script type=\"application\/ld+json\" class=\"yoast-schema-graph\">{\"@context\":\"https:\/\/schema.org\",\"@graph\":[{\"@type\":\"WebSite\",\"@id\":\"https:\/\/franciscanos.org.br\/noticias\/#website\",\"url\":\"https:\/\/franciscanos.org.br\/noticias\/\",\"name\":\"Not\u00edcias - Franciscanos\",\"description\":\"Prov\u00edncia Franciscana da Imaculada Concei\u00e7\u00e3o do Brasil - Ordem dos Frades Menores - OFM\",\"potentialAction\":[{\"@type\":\"SearchAction\",\"target\":{\"@type\":\"EntryPoint\",\"urlTemplate\":\"https:\/\/franciscanos.org.br\/noticias\/?s={search_term_string}\"},\"query-input\":\"required name=search_term_string\"}],\"inLanguage\":\"pt-BR\"},{\"@type\":\"ImageObject\",\"inLanguage\":\"pt-BR\",\"@id\":\"https:\/\/franciscanos.org.br\/noticias\/o-papa-reza-por-aqueles-que-tem-dificuldades-economicas-devido-ao-coronavirus.html#primaryimage\",\"url\":\"https:\/\/franciscanos.org.br\/noticias\/wp-content\/uploads\/2020\/03\/marta_23d.jpg\",\"contentUrl\":\"https:\/\/franciscanos.org.br\/noticias\/wp-content\/uploads\/2020\/03\/marta_23d.jpg\",\"width\":273,\"height\":181},{\"@type\":\"WebPage\",\"@id\":\"https:\/\/franciscanos.org.br\/noticias\/o-papa-reza-por-aqueles-que-tem-dificuldades-economicas-devido-ao-coronavirus.html#webpage\",\"url\":\"https:\/\/franciscanos.org.br\/noticias\/o-papa-reza-por-aqueles-que-tem-dificuldades-economicas-devido-ao-coronavirus.html\",\"name\":\"O Papa reza por aqueles que t\u00eam dificuldades econ\u00f4micas devido ao coronav\u00edrus - Not\u00edcias - Franciscanos\",\"isPartOf\":{\"@id\":\"https:\/\/franciscanos.org.br\/noticias\/#website\"},\"primaryImageOfPage\":{\"@id\":\"https:\/\/franciscanos.org.br\/noticias\/o-papa-reza-por-aqueles-que-tem-dificuldades-economicas-devido-ao-coronavirus.html#primaryimage\"},\"datePublished\":\"2020-03-23T10:58:08+00:00\",\"dateModified\":\"2020-06-06T14:13:31+00:00\",\"author\":{\"@id\":\"https:\/\/franciscanos.org.br\/noticias\/#\/schema\/person\/b5c8cba458c330ccff548b056e95a5d4\"},\"breadcrumb\":{\"@id\":\"https:\/\/franciscanos.org.br\/noticias\/o-papa-reza-por-aqueles-que-tem-dificuldades-economicas-devido-ao-coronavirus.html#breadcrumb\"},\"inLanguage\":\"pt-BR\",\"potentialAction\":[{\"@type\":\"ReadAction\",\"target\":[\"https:\/\/franciscanos.org.br\/noticias\/o-papa-reza-por-aqueles-que-tem-dificuldades-economicas-devido-ao-coronavirus.html\"]}]},{\"@type\":\"BreadcrumbList\",\"@id\":\"https:\/\/franciscanos.org.br\/noticias\/o-papa-reza-por-aqueles-que-tem-dificuldades-economicas-devido-ao-coronavirus.html#breadcrumb\",\"itemListElement\":[{\"@type\":\"ListItem\",\"position\":1,\"name\":\"Home\",\"item\":\"https:\/\/franciscanos.org.br\/noticias\"},{\"@type\":\"ListItem\",\"position\":2,\"name\":\"O Papa reza por aqueles que t\u00eam dificuldades econ\u00f4micas devido ao coronav\u00edrus\"}]},{\"@type\":\"Person\",\"@id\":\"https:\/\/franciscanos.org.br\/noticias\/#\/schema\/person\/b5c8cba458c330ccff548b056e95a5d4\",\"name\":\"moacir\",\"image\":{\"@type\":\"ImageObject\",\"inLanguage\":\"pt-BR\",\"@id\":\"https:\/\/franciscanos.org.br\/noticias\/#\/schema\/person\/image\/\",\"url\":\"https:\/\/secure.gravatar.com\/avatar\/d08aa2ce4c8dd416d4479aa8536fcf64?s=96&d=mm&r=g\",\"contentUrl\":\"https:\/\/secure.gravatar.com\/avatar\/d08aa2ce4c8dd416d4479aa8536fcf64?s=96&d=mm&r=g\",\"caption\":\"moacir\"},\"url\":\"https:\/\/franciscanos.org.br\/noticias\/author\/moacir\"}]}<\/script>\n<!-- \/ Yoast SEO plugin. -->","yoast_head_json":{"title":"O Papa reza por aqueles que t\u00eam dificuldades econ\u00f4micas devido ao coronav\u00edrus - Not\u00edcias - Franciscanos","robots":{"index":"index","follow":"follow","max-snippet":"max-snippet:-1","max-image-preview":"max-image-preview:large","max-video-preview":"max-video-preview:-1"},"canonical":"https:\/\/franciscanos.org.br\/noticias\/o-papa-reza-por-aqueles-que-tem-dificuldades-economicas-devido-ao-coronavirus.html","og_locale":"pt_BR","og_type":"article","og_title":"O Papa reza por aqueles que t\u00eam dificuldades econ\u00f4micas devido ao coronav\u00edrus - Not\u00edcias - Franciscanos","og_description":"Missa em Santa Marta","og_url":"https:\/\/franciscanos.org.br\/noticias\/o-papa-reza-por-aqueles-que-tem-dificuldades-economicas-devido-ao-coronavirus.html","og_site_name":"Not\u00edcias - Franciscanos","article_published_time":"2020-03-23T10:58:08+00:00","article_modified_time":"2020-06-06T14:13:31+00:00","og_image":[{"width":273,"height":181,"url":"https:\/\/franciscanos.org.br\/noticias\/wp-content\/uploads\/2020\/03\/marta_23d.jpg","type":"image\/jpeg"}],"author":"moacir","twitter_card":"summary_large_image","twitter_misc":{"Escrito por":"moacir","Est. tempo de leitura":"5 minutos"},"schema":{"@context":"https:\/\/schema.org","@graph":[{"@type":"WebSite","@id":"https:\/\/franciscanos.org.br\/noticias\/#website","url":"https:\/\/franciscanos.org.br\/noticias\/","name":"Not\u00edcias - Franciscanos","description":"Prov\u00edncia Franciscana da Imaculada Concei\u00e7\u00e3o do Brasil - Ordem dos Frades Menores - OFM","potentialAction":[{"@type":"SearchAction","target":{"@type":"EntryPoint","urlTemplate":"https:\/\/franciscanos.org.br\/noticias\/?s={search_term_string}"},"query-input":"required name=search_term_string"}],"inLanguage":"pt-BR"},{"@type":"ImageObject","inLanguage":"pt-BR","@id":"https:\/\/franciscanos.org.br\/noticias\/o-papa-reza-por-aqueles-que-tem-dificuldades-economicas-devido-ao-coronavirus.html#primaryimage","url":"https:\/\/franciscanos.org.br\/noticias\/wp-content\/uploads\/2020\/03\/marta_23d.jpg","contentUrl":"https:\/\/franciscanos.org.br\/noticias\/wp-content\/uploads\/2020\/03\/marta_23d.jpg","width":273,"height":181},{"@type":"WebPage","@id":"https:\/\/franciscanos.org.br\/noticias\/o-papa-reza-por-aqueles-que-tem-dificuldades-economicas-devido-ao-coronavirus.html#webpage","url":"https:\/\/franciscanos.org.br\/noticias\/o-papa-reza-por-aqueles-que-tem-dificuldades-economicas-devido-ao-coronavirus.html","name":"O Papa reza por aqueles que t\u00eam dificuldades econ\u00f4micas devido ao coronav\u00edrus - Not\u00edcias - Franciscanos","isPartOf":{"@id":"https:\/\/franciscanos.org.br\/noticias\/#website"},"primaryImageOfPage":{"@id":"https:\/\/franciscanos.org.br\/noticias\/o-papa-reza-por-aqueles-que-tem-dificuldades-economicas-devido-ao-coronavirus.html#primaryimage"},"datePublished":"2020-03-23T10:58:08+00:00","dateModified":"2020-06-06T14:13:31+00:00","author":{"@id":"https:\/\/franciscanos.org.br\/noticias\/#\/schema\/person\/b5c8cba458c330ccff548b056e95a5d4"},"breadcrumb":{"@id":"https:\/\/franciscanos.org.br\/noticias\/o-papa-reza-por-aqueles-que-tem-dificuldades-economicas-devido-ao-coronavirus.html#breadcrumb"},"inLanguage":"pt-BR","potentialAction":[{"@type":"ReadAction","target":["https:\/\/franciscanos.org.br\/noticias\/o-papa-reza-por-aqueles-que-tem-dificuldades-economicas-devido-ao-coronavirus.html"]}]},{"@type":"BreadcrumbList","@id":"https:\/\/franciscanos.org.br\/noticias\/o-papa-reza-por-aqueles-que-tem-dificuldades-economicas-devido-ao-coronavirus.html#breadcrumb","itemListElement":[{"@type":"ListItem","position":1,"name":"Home","item":"https:\/\/franciscanos.org.br\/noticias"},{"@type":"ListItem","position":2,"name":"O Papa reza por aqueles que t\u00eam dificuldades econ\u00f4micas devido ao coronav\u00edrus"}]},{"@type":"Person","@id":"https:\/\/franciscanos.org.br\/noticias\/#\/schema\/person\/b5c8cba458c330ccff548b056e95a5d4","name":"moacir","image":{"@type":"ImageObject","inLanguage":"pt-BR","@id":"https:\/\/franciscanos.org.br\/noticias\/#\/schema\/person\/image\/","url":"https:\/\/secure.gravatar.com\/avatar\/d08aa2ce4c8dd416d4479aa8536fcf64?s=96&d=mm&r=g","contentUrl":"https:\/\/secure.gravatar.com\/avatar\/d08aa2ce4c8dd416d4479aa8536fcf64?s=96&d=mm&r=g","caption":"moacir"},"url":"https:\/\/franciscanos.org.br\/noticias\/author\/moacir"}]}},"_links":{"self":[{"href":"https:\/\/franciscanos.org.br\/noticias\/wp-json\/wp\/v2\/posts\/222207"}],"collection":[{"href":"https:\/\/franciscanos.org.br\/noticias\/wp-json\/wp\/v2\/posts"}],"about":[{"href":"https:\/\/franciscanos.org.br\/noticias\/wp-json\/wp\/v2\/types\/post"}],"author":[{"embeddable":true,"href":"https:\/\/franciscanos.org.br\/noticias\/wp-json\/wp\/v2\/users\/3"}],"replies":[{"embeddable":true,"href":"https:\/\/franciscanos.org.br\/noticias\/wp-json\/wp\/v2\/comments?post=222207"}],"version-history":[{"count":4,"href":"https:\/\/franciscanos.org.br\/noticias\/wp-json\/wp\/v2\/posts\/222207\/revisions"}],"predecessor-version":[{"id":224545,"href":"https:\/\/franciscanos.org.br\/noticias\/wp-json\/wp\/v2\/posts\/222207\/revisions\/224545"}],"wp:featuredmedia":[{"embeddable":true,"href":"https:\/\/franciscanos.org.br\/noticias\/wp-json\/wp\/v2\/media\/222211"}],"wp:attachment":[{"href":"https:\/\/franciscanos.org.br\/noticias\/wp-json\/wp\/v2\/media?parent=222207"}],"wp:term":[{"taxonomy":"category","embeddable":true,"href":"https:\/\/franciscanos.org.br\/noticias\/wp-json\/wp\/v2\/categories?post=222207"},{"taxonomy":"post_tag","embeddable":true,"href":"https:\/\/franciscanos.org.br\/noticias\/wp-json\/wp\/v2\/tags?post=222207"}],"curies":[{"name":"wp","href":"https:\/\/api.w.org\/{rel}","templated":true}]}}