{"id":222203,"date":"2020-03-22T07:15:02","date_gmt":"2020-03-22T10:15:02","guid":{"rendered":"https:\/\/franciscanos.org.br\/noticias\/?p=222203"},"modified":"2020-06-06T11:14:41","modified_gmt":"2020-06-06T14:14:41","slug":"o-papa-reza-pelas-vitimas-do-coronavirus-e-seus-familiares","status":"publish","type":"post","link":"https:\/\/franciscanos.org.br\/noticias\/o-papa-reza-pelas-vitimas-do-coronavirus-e-seus-familiares.html","title":{"rendered":"O Papa reza pelas v\u00edtimas do coronav\u00edrus e seus familiares"},"content":{"rendered":"<p><img loading=\"lazy\" class=\"alignnone size-full wp-image-222204\" src=\"https:\/\/franciscanos.org.br\/noticias\/wp-content\/uploads\/2020\/03\/marta_22.jpg\" alt=\"\" width=\"1280\" height=\"593\" srcset=\"https:\/\/franciscanos.org.br\/noticias\/wp-content\/uploads\/2020\/03\/marta_22.jpg 1280w, https:\/\/franciscanos.org.br\/noticias\/wp-content\/uploads\/2020\/03\/marta_22-450x208.jpg 450w, https:\/\/franciscanos.org.br\/noticias\/wp-content\/uploads\/2020\/03\/marta_22-1024x474.jpg 1024w, https:\/\/franciscanos.org.br\/noticias\/wp-content\/uploads\/2020\/03\/marta_22-768x356.jpg 768w, https:\/\/franciscanos.org.br\/noticias\/wp-content\/uploads\/2020\/03\/marta_22-150x69.jpg 150w\" sizes=\"(max-width: 1280px) 100vw, 1280px\" \/><br \/>\n<strong>Cidade do Vaticano<\/strong> &#8211; O Papa presidiu na manh\u00e3 deste domingo (22\/03), na Casa Santa Marta, a Missa no IV Domingo da Quaresma: a celebra\u00e7\u00e3o na Capela da resid\u00eancia de Francisco \u00e9 transmitida ao vivo em<em> streaming<\/em> desde 9 de mar\u00e7o por decis\u00e3o do Santo Padre que quer deste modo manifestar sua proximidade aos fi\u00e9is que n\u00e3o podem participar das Missas por causa da pandemia do coronav\u00edrus. Na introdu\u00e7\u00e3o, o Papa voltou a rezar pelas v\u00edtimas desta doen\u00e7a.<\/p>\n<p>Nestes dias, ouvimos as not\u00edcias de muitos defuntos: homens e mulheres que morrem sozinhos, sem poder despedir-se de seus entes queridos. Pensemos neles e rezemos por eles. Mas tamb\u00e9m pelas fam\u00edlias, que n\u00e3o podem acompanhar seus entes queridos no momento do falecimento. A nossa ora\u00e7\u00e3o especial \u00e9 pelos defuntos e seus familiares.<\/p>\n<p>Na homilia, comentando o Evangelho do dia (Jo 9,1-41) sobre a cura do cego de nascen\u00e7a, exortou a vigilar para dar-se conta quando Jesus passa em nossa vida e poder-nos converter a Ele. A seguir, o texto da homilia transcrita pelo <em>Vatican News:<\/em><\/p>\n<p>Esta passagem do Evangelho de Jo\u00e3o fala por si mesma. \u00c9 um an\u00fancio de Jesus Cristo e tamb\u00e9m uma catequese. Gostaria somente de acenar uma coisa. Santo Agostinho tem uma frase que sempre me impressiona: \u201cTenho medo de Cristo quando passa\u201d. Timeo Domine transeunte. \u201cTenho medo que Cristo passe\u201d \u2013 \u201cMas por que tens medo do Senhor?\u201d \u2013 \u201cTenho medo de n\u00e3o dar-me conta de que \u00e9 o Cristo e deix\u00e1-lo passar\u201d. Uma coisa \u00e9 clara: na presen\u00e7a de Jesus desabrocham os verdadeiros sentimentos do cora\u00e7\u00e3o, as verdadeiras atitudes; se manifestam. \u00c9 uma gra\u00e7a, e por isso Agostinho tinha medo de deix\u00e1-la passar sem dar-se conta de que estava passando.<\/p>\n<p>Aqui \u00e9 claro: passa, cura um cego e se desencadeia um esc\u00e2ndalo. E depois se manifesta o melhor das pessoas e o pior das pessoas. O cego&#8230; impressiona a sabedoria do cego, como responde. Era acostumado a movimentar-se com as m\u00e3os, tinha o faro do perigo, tinha o faro das coisas perigosas que podiam faz\u00ea-lo escorregar. E se move como um cego. Com uma argumenta\u00e7\u00e3o clara, precisa, e depois usa inclusive a ironia e se d\u00e1 esse luxo.<\/p>\n<p>Os doutores da Lei sabiam todas as leis: todas, todas. Mas eram fixados nelas. N\u00e3o entendiam quando Deus passava. Eram r\u00edgidos, apegados a seus costumes: o pr\u00f3prio Jesus diz isso&#8230; apegados aos costumes. E se para conservar estes costumes tinham que fazer uma injusti\u00e7a, n\u00e3o era um problema porque os costumes diziam que aquilo n\u00e3o era justi\u00e7a; e aquela rigidez os levava a fazer injusti\u00e7as. Diante de Cristo se manifesta aquele sentimento de fechamento.<\/p>\n<p>Somente isso: eu aconselho todos voc\u00eas a pegar hoje o Evangelho, cap\u00edtulo 9 do Evangelho de Jo\u00e3o, e l\u00ea-lo, em casa, tranquilos. Uma, duas vezes, para entender bem o que acontece quando Jesus passa: que os sentimentos se manifestam. Entender bem aquilo que Agostino nos diz: tenho medo do Senhor quando passa, que eu n\u00e3o me d\u00ea conta e n\u00e3o O reconhe\u00e7a. E n\u00e3o me converta. N\u00e3o se esque\u00e7am: leiam hoje uma, duas, tr\u00eas vezes, (tomem) todo o tempo que quiserem, o cap\u00edtulo 9 de Jo\u00e3o.<\/p>\n<p>O Papa terminou a celebra\u00e7\u00e3o com a adora\u00e7\u00e3o e a b\u00ean\u00e7\u00e3o eucar\u00edstica, convidando a fazer a Comunh\u00e3o espiritual. A seguir, a ora\u00e7\u00e3o recitada pelo Papa:<\/p>\n<p style=\"padding-left: 40px;\">Meu Jesus, eu creio que estais presente no Sant\u00edssimo Sacramento. Amo-vos sobre todas as coisas, e minha alma suspira por V\u00f3s. Mas, como n\u00e3o posso receber-Vos agora no Sant\u00edssimo Sacramento, vinde, ao menos espiritualmente, a meu cora\u00e7\u00e3o. Abra\u00e7o-me convosco como se j\u00e1 estiv\u00e9sseis comigo: uno-me Convosco inteiramente. Ah! n\u00e3o permitais que torne a separar-me de V\u00f3s!<\/p>\n<hr \/>\n<p><em>Fonte: Vatican News<\/em><\/p>\n","protected":false},"excerpt":{"rendered":"<p>Missa em Santa Marta<\/p>\n","protected":false},"author":3,"featured_media":222205,"comment_status":"open","ping_status":"open","sticky":false,"template":"","format":"standard","meta":[],"categories":[1428],"tags":[1586],"acf":[],"yoast_head":"<!-- This site is optimized with the Yoast SEO plugin v19.2 - https:\/\/yoast.com\/wordpress\/plugins\/seo\/ -->\n<title>O Papa reza pelas v\u00edtimas do coronav\u00edrus e seus familiares - Not\u00edcias - Franciscanos<\/title>\n<meta name=\"robots\" content=\"index, follow, max-snippet:-1, max-image-preview:large, max-video-preview:-1\" \/>\n<link rel=\"canonical\" href=\"https:\/\/franciscanos.org.br\/noticias\/o-papa-reza-pelas-vitimas-do-coronavirus-e-seus-familiares.html\" \/>\n<meta property=\"og:locale\" content=\"pt_BR\" \/>\n<meta property=\"og:type\" content=\"article\" \/>\n<meta property=\"og:title\" content=\"O Papa reza pelas v\u00edtimas do coronav\u00edrus e seus familiares - Not\u00edcias - Franciscanos\" \/>\n<meta property=\"og:description\" content=\"Missa em Santa Marta\" \/>\n<meta property=\"og:url\" content=\"https:\/\/franciscanos.org.br\/noticias\/o-papa-reza-pelas-vitimas-do-coronavirus-e-seus-familiares.html\" \/>\n<meta property=\"og:site_name\" content=\"Not\u00edcias - Franciscanos\" \/>\n<meta property=\"article:published_time\" content=\"2020-03-22T10:15:02+00:00\" \/>\n<meta property=\"article:modified_time\" content=\"2020-06-06T14:14:41+00:00\" \/>\n<meta property=\"og:image\" content=\"https:\/\/franciscanos.org.br\/noticias\/wp-content\/uploads\/2020\/03\/marta_22d.jpg\" \/>\n\t<meta property=\"og:image:width\" content=\"273\" \/>\n\t<meta property=\"og:image:height\" content=\"181\" \/>\n\t<meta property=\"og:image:type\" content=\"image\/jpeg\" \/>\n<meta name=\"author\" content=\"moacir\" \/>\n<meta name=\"twitter:card\" content=\"summary_large_image\" \/>\n<meta name=\"twitter:label1\" content=\"Escrito por\" \/>\n\t<meta name=\"twitter:data1\" content=\"moacir\" \/>\n\t<meta name=\"twitter:label2\" content=\"Est. tempo de leitura\" \/>\n\t<meta name=\"twitter:data2\" content=\"3 minutos\" \/>\n<script type=\"application\/ld+json\" class=\"yoast-schema-graph\">{\"@context\":\"https:\/\/schema.org\",\"@graph\":[{\"@type\":\"WebSite\",\"@id\":\"https:\/\/franciscanos.org.br\/noticias\/#website\",\"url\":\"https:\/\/franciscanos.org.br\/noticias\/\",\"name\":\"Not\u00edcias - Franciscanos\",\"description\":\"Prov\u00edncia Franciscana da Imaculada Concei\u00e7\u00e3o do Brasil - Ordem dos Frades Menores - OFM\",\"potentialAction\":[{\"@type\":\"SearchAction\",\"target\":{\"@type\":\"EntryPoint\",\"urlTemplate\":\"https:\/\/franciscanos.org.br\/noticias\/?s={search_term_string}\"},\"query-input\":\"required name=search_term_string\"}],\"inLanguage\":\"pt-BR\"},{\"@type\":\"ImageObject\",\"inLanguage\":\"pt-BR\",\"@id\":\"https:\/\/franciscanos.org.br\/noticias\/o-papa-reza-pelas-vitimas-do-coronavirus-e-seus-familiares.html#primaryimage\",\"url\":\"https:\/\/franciscanos.org.br\/noticias\/wp-content\/uploads\/2020\/03\/marta_22d.jpg\",\"contentUrl\":\"https:\/\/franciscanos.org.br\/noticias\/wp-content\/uploads\/2020\/03\/marta_22d.jpg\",\"width\":273,\"height\":181},{\"@type\":\"WebPage\",\"@id\":\"https:\/\/franciscanos.org.br\/noticias\/o-papa-reza-pelas-vitimas-do-coronavirus-e-seus-familiares.html#webpage\",\"url\":\"https:\/\/franciscanos.org.br\/noticias\/o-papa-reza-pelas-vitimas-do-coronavirus-e-seus-familiares.html\",\"name\":\"O Papa reza pelas v\u00edtimas do coronav\u00edrus e seus familiares - Not\u00edcias - Franciscanos\",\"isPartOf\":{\"@id\":\"https:\/\/franciscanos.org.br\/noticias\/#website\"},\"primaryImageOfPage\":{\"@id\":\"https:\/\/franciscanos.org.br\/noticias\/o-papa-reza-pelas-vitimas-do-coronavirus-e-seus-familiares.html#primaryimage\"},\"datePublished\":\"2020-03-22T10:15:02+00:00\",\"dateModified\":\"2020-06-06T14:14:41+00:00\",\"author\":{\"@id\":\"https:\/\/franciscanos.org.br\/noticias\/#\/schema\/person\/b5c8cba458c330ccff548b056e95a5d4\"},\"breadcrumb\":{\"@id\":\"https:\/\/franciscanos.org.br\/noticias\/o-papa-reza-pelas-vitimas-do-coronavirus-e-seus-familiares.html#breadcrumb\"},\"inLanguage\":\"pt-BR\",\"potentialAction\":[{\"@type\":\"ReadAction\",\"target\":[\"https:\/\/franciscanos.org.br\/noticias\/o-papa-reza-pelas-vitimas-do-coronavirus-e-seus-familiares.html\"]}]},{\"@type\":\"BreadcrumbList\",\"@id\":\"https:\/\/franciscanos.org.br\/noticias\/o-papa-reza-pelas-vitimas-do-coronavirus-e-seus-familiares.html#breadcrumb\",\"itemListElement\":[{\"@type\":\"ListItem\",\"position\":1,\"name\":\"Home\",\"item\":\"https:\/\/franciscanos.org.br\/noticias\"},{\"@type\":\"ListItem\",\"position\":2,\"name\":\"O Papa reza pelas v\u00edtimas do coronav\u00edrus e seus familiares\"}]},{\"@type\":\"Person\",\"@id\":\"https:\/\/franciscanos.org.br\/noticias\/#\/schema\/person\/b5c8cba458c330ccff548b056e95a5d4\",\"name\":\"moacir\",\"image\":{\"@type\":\"ImageObject\",\"inLanguage\":\"pt-BR\",\"@id\":\"https:\/\/franciscanos.org.br\/noticias\/#\/schema\/person\/image\/\",\"url\":\"https:\/\/secure.gravatar.com\/avatar\/d08aa2ce4c8dd416d4479aa8536fcf64?s=96&d=mm&r=g\",\"contentUrl\":\"https:\/\/secure.gravatar.com\/avatar\/d08aa2ce4c8dd416d4479aa8536fcf64?s=96&d=mm&r=g\",\"caption\":\"moacir\"},\"url\":\"https:\/\/franciscanos.org.br\/noticias\/author\/moacir\"}]}<\/script>\n<!-- \/ Yoast SEO plugin. -->","yoast_head_json":{"title":"O Papa reza pelas v\u00edtimas do coronav\u00edrus e seus familiares - Not\u00edcias - Franciscanos","robots":{"index":"index","follow":"follow","max-snippet":"max-snippet:-1","max-image-preview":"max-image-preview:large","max-video-preview":"max-video-preview:-1"},"canonical":"https:\/\/franciscanos.org.br\/noticias\/o-papa-reza-pelas-vitimas-do-coronavirus-e-seus-familiares.html","og_locale":"pt_BR","og_type":"article","og_title":"O Papa reza pelas v\u00edtimas do coronav\u00edrus e seus familiares - Not\u00edcias - Franciscanos","og_description":"Missa em Santa Marta","og_url":"https:\/\/franciscanos.org.br\/noticias\/o-papa-reza-pelas-vitimas-do-coronavirus-e-seus-familiares.html","og_site_name":"Not\u00edcias - Franciscanos","article_published_time":"2020-03-22T10:15:02+00:00","article_modified_time":"2020-06-06T14:14:41+00:00","og_image":[{"width":273,"height":181,"url":"https:\/\/franciscanos.org.br\/noticias\/wp-content\/uploads\/2020\/03\/marta_22d.jpg","type":"image\/jpeg"}],"author":"moacir","twitter_card":"summary_large_image","twitter_misc":{"Escrito por":"moacir","Est. tempo de leitura":"3 minutos"},"schema":{"@context":"https:\/\/schema.org","@graph":[{"@type":"WebSite","@id":"https:\/\/franciscanos.org.br\/noticias\/#website","url":"https:\/\/franciscanos.org.br\/noticias\/","name":"Not\u00edcias - Franciscanos","description":"Prov\u00edncia Franciscana da Imaculada Concei\u00e7\u00e3o do Brasil - Ordem dos Frades Menores - OFM","potentialAction":[{"@type":"SearchAction","target":{"@type":"EntryPoint","urlTemplate":"https:\/\/franciscanos.org.br\/noticias\/?s={search_term_string}"},"query-input":"required name=search_term_string"}],"inLanguage":"pt-BR"},{"@type":"ImageObject","inLanguage":"pt-BR","@id":"https:\/\/franciscanos.org.br\/noticias\/o-papa-reza-pelas-vitimas-do-coronavirus-e-seus-familiares.html#primaryimage","url":"https:\/\/franciscanos.org.br\/noticias\/wp-content\/uploads\/2020\/03\/marta_22d.jpg","contentUrl":"https:\/\/franciscanos.org.br\/noticias\/wp-content\/uploads\/2020\/03\/marta_22d.jpg","width":273,"height":181},{"@type":"WebPage","@id":"https:\/\/franciscanos.org.br\/noticias\/o-papa-reza-pelas-vitimas-do-coronavirus-e-seus-familiares.html#webpage","url":"https:\/\/franciscanos.org.br\/noticias\/o-papa-reza-pelas-vitimas-do-coronavirus-e-seus-familiares.html","name":"O Papa reza pelas v\u00edtimas do coronav\u00edrus e seus familiares - Not\u00edcias - Franciscanos","isPartOf":{"@id":"https:\/\/franciscanos.org.br\/noticias\/#website"},"primaryImageOfPage":{"@id":"https:\/\/franciscanos.org.br\/noticias\/o-papa-reza-pelas-vitimas-do-coronavirus-e-seus-familiares.html#primaryimage"},"datePublished":"2020-03-22T10:15:02+00:00","dateModified":"2020-06-06T14:14:41+00:00","author":{"@id":"https:\/\/franciscanos.org.br\/noticias\/#\/schema\/person\/b5c8cba458c330ccff548b056e95a5d4"},"breadcrumb":{"@id":"https:\/\/franciscanos.org.br\/noticias\/o-papa-reza-pelas-vitimas-do-coronavirus-e-seus-familiares.html#breadcrumb"},"inLanguage":"pt-BR","potentialAction":[{"@type":"ReadAction","target":["https:\/\/franciscanos.org.br\/noticias\/o-papa-reza-pelas-vitimas-do-coronavirus-e-seus-familiares.html"]}]},{"@type":"BreadcrumbList","@id":"https:\/\/franciscanos.org.br\/noticias\/o-papa-reza-pelas-vitimas-do-coronavirus-e-seus-familiares.html#breadcrumb","itemListElement":[{"@type":"ListItem","position":1,"name":"Home","item":"https:\/\/franciscanos.org.br\/noticias"},{"@type":"ListItem","position":2,"name":"O Papa reza pelas v\u00edtimas do coronav\u00edrus e seus familiares"}]},{"@type":"Person","@id":"https:\/\/franciscanos.org.br\/noticias\/#\/schema\/person\/b5c8cba458c330ccff548b056e95a5d4","name":"moacir","image":{"@type":"ImageObject","inLanguage":"pt-BR","@id":"https:\/\/franciscanos.org.br\/noticias\/#\/schema\/person\/image\/","url":"https:\/\/secure.gravatar.com\/avatar\/d08aa2ce4c8dd416d4479aa8536fcf64?s=96&d=mm&r=g","contentUrl":"https:\/\/secure.gravatar.com\/avatar\/d08aa2ce4c8dd416d4479aa8536fcf64?s=96&d=mm&r=g","caption":"moacir"},"url":"https:\/\/franciscanos.org.br\/noticias\/author\/moacir"}]}},"_links":{"self":[{"href":"https:\/\/franciscanos.org.br\/noticias\/wp-json\/wp\/v2\/posts\/222203"}],"collection":[{"href":"https:\/\/franciscanos.org.br\/noticias\/wp-json\/wp\/v2\/posts"}],"about":[{"href":"https:\/\/franciscanos.org.br\/noticias\/wp-json\/wp\/v2\/types\/post"}],"author":[{"embeddable":true,"href":"https:\/\/franciscanos.org.br\/noticias\/wp-json\/wp\/v2\/users\/3"}],"replies":[{"embeddable":true,"href":"https:\/\/franciscanos.org.br\/noticias\/wp-json\/wp\/v2\/comments?post=222203"}],"version-history":[{"count":2,"href":"https:\/\/franciscanos.org.br\/noticias\/wp-json\/wp\/v2\/posts\/222203\/revisions"}],"predecessor-version":[{"id":224546,"href":"https:\/\/franciscanos.org.br\/noticias\/wp-json\/wp\/v2\/posts\/222203\/revisions\/224546"}],"wp:featuredmedia":[{"embeddable":true,"href":"https:\/\/franciscanos.org.br\/noticias\/wp-json\/wp\/v2\/media\/222205"}],"wp:attachment":[{"href":"https:\/\/franciscanos.org.br\/noticias\/wp-json\/wp\/v2\/media?parent=222203"}],"wp:term":[{"taxonomy":"category","embeddable":true,"href":"https:\/\/franciscanos.org.br\/noticias\/wp-json\/wp\/v2\/categories?post=222203"},{"taxonomy":"post_tag","embeddable":true,"href":"https:\/\/franciscanos.org.br\/noticias\/wp-json\/wp\/v2\/tags?post=222203"}],"curies":[{"name":"wp","href":"https:\/\/api.w.org\/{rel}","templated":true}]}}