{"id":222077,"date":"2020-03-20T09:28:39","date_gmt":"2020-03-20T12:28:39","guid":{"rendered":"https:\/\/franciscanos.org.br\/noticias\/?p=222077"},"modified":"2020-03-20T09:50:47","modified_gmt":"2020-03-20T12:50:47","slug":"covid-19-e-acao-social-franciscana","status":"publish","type":"post","link":"https:\/\/franciscanos.org.br\/noticias\/covid-19-e-acao-social-franciscana.html","title":{"rendered":"Covid-19 e A\u00e7\u00e3o Social Franciscana"},"content":{"rendered":"<p><img loading=\"lazy\" class=\"alignright wp-image-222078 size-full\" src=\"https:\/\/franciscanos.org.br\/noticias\/wp-content\/uploads\/2020\/03\/imagem_corona-01-01-300x300-1.png\" alt=\"\" width=\"300\" height=\"300\" srcset=\"https:\/\/franciscanos.org.br\/noticias\/wp-content\/uploads\/2020\/03\/imagem_corona-01-01-300x300-1.png 300w, https:\/\/franciscanos.org.br\/noticias\/wp-content\/uploads\/2020\/03\/imagem_corona-01-01-300x300-1-150x150.png 150w, https:\/\/franciscanos.org.br\/noticias\/wp-content\/uploads\/2020\/03\/imagem_corona-01-01-300x300-1-100x100.png 100w\" sizes=\"(max-width: 300px) 100vw, 300px\" \/>O Sefras \u2014 Servi\u00e7o Franciscano de Solidariedade \u2014 organiza\u00e7\u00e3o humanit\u00e1ria franciscana mant\u00e9m sua postura intransigente de apoio e cuidado \u00e0s popula\u00e7\u00f5es mais vulner\u00e1veis e invis\u00edveis da sociedade. Frente ao Coronav\u00edrus (Covid-19), temos oferecido todas as medidas sanit\u00e1rias e de preven\u00e7\u00e3o aos participantes de nossos servi\u00e7os: espa\u00e7os de conviv\u00eancia familiar e comunit\u00e1ria de crian\u00e7as, adolescentes, al\u00e9m de idosos em cuidados di\u00e1rios, popul<span class=\"text_exposed_show\">a\u00e7\u00e3o em situa\u00e7\u00e3o de rua e imigrantes.<\/span><\/p>\n<div class=\"text_exposed_show\">\n<p>Os programas do Sefras t\u00eam estado sob absoluta vig\u00edlia por seus gestores para n\u00e3o interromper suas atividades, garantindo que n\u00e3o exista aglomera\u00e7\u00e3o ou transmiss\u00e3o de qualquer tipo de infec\u00e7\u00e3o por v\u00edrus. Internamente, aderimos a todos os procedimentos de sa\u00fade para que nenhum de nossos trabalhadores, o que inclui volunt\u00e1rios, sejam contaminados para servir ao bem comum.<\/p>\n<p>Pela crise de sa\u00fade em que vivemos, nossa atitude \u00e9 assegurar que as pessoas sem isolamento real, como a popula\u00e7\u00e3o em situa\u00e7\u00e3o de rua e fam\u00edlias em risco, imigrantes ou n\u00e3o, acessem direitos b\u00e1sicos, como alimenta\u00e7\u00e3o, higieniza\u00e7\u00e3o, vestu\u00e1rio e prote\u00e7\u00e3o social. Em especial a viol\u00eancia contra a crian\u00e7a, adolescente e idoso.<\/p>\n<p>O Sefras segue valores e princ\u00edpios franciscanos de atua\u00e7\u00e3o social de \u2018onde houver sofrimento humano, precisamos nos aproximar dele\u2019 . Por isso, N\u00c3O h\u00e1 qualquer desist\u00eancia dos nossos servi\u00e7os e atendimentos, hoje, ainda mais imprescind\u00edveis para a popula\u00e7\u00e3o. Vamos al\u00e9m: nossos espa\u00e7os ser\u00e3o transformados em ambientes de acolhimento e quarentena para quem mais precisa, diante do agravamento incontrol\u00e1vel da situa\u00e7\u00e3o.<\/p>\n<p>Contamos com seu apoio e compreens\u00e3o para as mais de milhares de pessoas, entre crian\u00e7as, fam\u00edlias, idosos, popula\u00e7\u00e3o em situa\u00e7\u00e3o de rua e imigrantes que n\u00e3o podem estar sujeitos \u00e0 omiss\u00e3o pela pobreza e exclus\u00e3o social neste momento.<\/p>\n<\/div>\n","protected":false},"excerpt":{"rendered":"<p>Servi\u00e7o Franciscano de Solidariedade<\/p>\n","protected":false},"author":3,"featured_media":222079,"comment_status":"open","ping_status":"open","sticky":false,"template":"","format":"standard","meta":[],"categories":[1],"tags":[228],"acf":[],"yoast_head":"<!-- This site is optimized with the Yoast SEO plugin v19.2 - https:\/\/yoast.com\/wordpress\/plugins\/seo\/ -->\n<title>Covid-19 e A\u00e7\u00e3o Social Franciscana - Not\u00edcias - Franciscanos<\/title>\n<meta name=\"robots\" content=\"index, follow, max-snippet:-1, max-image-preview:large, max-video-preview:-1\" \/>\n<link rel=\"canonical\" href=\"https:\/\/franciscanos.org.br\/noticias\/covid-19-e-acao-social-franciscana.html\" \/>\n<meta property=\"og:locale\" content=\"pt_BR\" \/>\n<meta property=\"og:type\" content=\"article\" \/>\n<meta property=\"og:title\" content=\"Covid-19 e A\u00e7\u00e3o Social Franciscana - Not\u00edcias - Franciscanos\" \/>\n<meta property=\"og:description\" content=\"Servi\u00e7o Franciscano de Solidariedade\" \/>\n<meta property=\"og:url\" content=\"https:\/\/franciscanos.org.br\/noticias\/covid-19-e-acao-social-franciscana.html\" \/>\n<meta property=\"og:site_name\" content=\"Not\u00edcias - Franciscanos\" \/>\n<meta property=\"article:published_time\" content=\"2020-03-20T12:28:39+00:00\" \/>\n<meta property=\"article:modified_time\" content=\"2020-03-20T12:50:47+00:00\" \/>\n<meta property=\"og:image\" content=\"https:\/\/franciscanos.org.br\/noticias\/wp-content\/uploads\/2020\/03\/sefras.png\" \/>\n\t<meta property=\"og:image:width\" content=\"273\" \/>\n\t<meta property=\"og:image:height\" content=\"180\" \/>\n\t<meta property=\"og:image:type\" content=\"image\/png\" \/>\n<meta name=\"author\" content=\"moacir\" \/>\n<meta name=\"twitter:card\" content=\"summary_large_image\" \/>\n<meta name=\"twitter:label1\" content=\"Escrito por\" \/>\n\t<meta name=\"twitter:data1\" content=\"moacir\" \/>\n\t<meta name=\"twitter:label2\" content=\"Est. tempo de leitura\" \/>\n\t<meta name=\"twitter:data2\" content=\"2 minutos\" \/>\n<script type=\"application\/ld+json\" class=\"yoast-schema-graph\">{\"@context\":\"https:\/\/schema.org\",\"@graph\":[{\"@type\":\"WebSite\",\"@id\":\"https:\/\/franciscanos.org.br\/noticias\/#website\",\"url\":\"https:\/\/franciscanos.org.br\/noticias\/\",\"name\":\"Not\u00edcias - Franciscanos\",\"description\":\"Prov\u00edncia Franciscana da Imaculada Concei\u00e7\u00e3o do Brasil - Ordem dos Frades Menores - OFM\",\"potentialAction\":[{\"@type\":\"SearchAction\",\"target\":{\"@type\":\"EntryPoint\",\"urlTemplate\":\"https:\/\/franciscanos.org.br\/noticias\/?s={search_term_string}\"},\"query-input\":\"required name=search_term_string\"}],\"inLanguage\":\"pt-BR\"},{\"@type\":\"ImageObject\",\"inLanguage\":\"pt-BR\",\"@id\":\"https:\/\/franciscanos.org.br\/noticias\/covid-19-e-acao-social-franciscana.html#primaryimage\",\"url\":\"https:\/\/franciscanos.org.br\/noticias\/wp-content\/uploads\/2020\/03\/sefras.png\",\"contentUrl\":\"https:\/\/franciscanos.org.br\/noticias\/wp-content\/uploads\/2020\/03\/sefras.png\",\"width\":273,\"height\":180},{\"@type\":\"WebPage\",\"@id\":\"https:\/\/franciscanos.org.br\/noticias\/covid-19-e-acao-social-franciscana.html#webpage\",\"url\":\"https:\/\/franciscanos.org.br\/noticias\/covid-19-e-acao-social-franciscana.html\",\"name\":\"Covid-19 e A\u00e7\u00e3o Social Franciscana - Not\u00edcias - Franciscanos\",\"isPartOf\":{\"@id\":\"https:\/\/franciscanos.org.br\/noticias\/#website\"},\"primaryImageOfPage\":{\"@id\":\"https:\/\/franciscanos.org.br\/noticias\/covid-19-e-acao-social-franciscana.html#primaryimage\"},\"datePublished\":\"2020-03-20T12:28:39+00:00\",\"dateModified\":\"2020-03-20T12:50:47+00:00\",\"author\":{\"@id\":\"https:\/\/franciscanos.org.br\/noticias\/#\/schema\/person\/b5c8cba458c330ccff548b056e95a5d4\"},\"breadcrumb\":{\"@id\":\"https:\/\/franciscanos.org.br\/noticias\/covid-19-e-acao-social-franciscana.html#breadcrumb\"},\"inLanguage\":\"pt-BR\",\"potentialAction\":[{\"@type\":\"ReadAction\",\"target\":[\"https:\/\/franciscanos.org.br\/noticias\/covid-19-e-acao-social-franciscana.html\"]}]},{\"@type\":\"BreadcrumbList\",\"@id\":\"https:\/\/franciscanos.org.br\/noticias\/covid-19-e-acao-social-franciscana.html#breadcrumb\",\"itemListElement\":[{\"@type\":\"ListItem\",\"position\":1,\"name\":\"Home\",\"item\":\"https:\/\/franciscanos.org.br\/noticias\"},{\"@type\":\"ListItem\",\"position\":2,\"name\":\"Covid-19 e A\u00e7\u00e3o Social Franciscana\"}]},{\"@type\":\"Person\",\"@id\":\"https:\/\/franciscanos.org.br\/noticias\/#\/schema\/person\/b5c8cba458c330ccff548b056e95a5d4\",\"name\":\"moacir\",\"image\":{\"@type\":\"ImageObject\",\"inLanguage\":\"pt-BR\",\"@id\":\"https:\/\/franciscanos.org.br\/noticias\/#\/schema\/person\/image\/\",\"url\":\"https:\/\/secure.gravatar.com\/avatar\/d08aa2ce4c8dd416d4479aa8536fcf64?s=96&d=mm&r=g\",\"contentUrl\":\"https:\/\/secure.gravatar.com\/avatar\/d08aa2ce4c8dd416d4479aa8536fcf64?s=96&d=mm&r=g\",\"caption\":\"moacir\"},\"url\":\"https:\/\/franciscanos.org.br\/noticias\/author\/moacir\"}]}<\/script>\n<!-- \/ Yoast SEO plugin. -->","yoast_head_json":{"title":"Covid-19 e A\u00e7\u00e3o Social Franciscana - Not\u00edcias - Franciscanos","robots":{"index":"index","follow":"follow","max-snippet":"max-snippet:-1","max-image-preview":"max-image-preview:large","max-video-preview":"max-video-preview:-1"},"canonical":"https:\/\/franciscanos.org.br\/noticias\/covid-19-e-acao-social-franciscana.html","og_locale":"pt_BR","og_type":"article","og_title":"Covid-19 e A\u00e7\u00e3o Social Franciscana - Not\u00edcias - Franciscanos","og_description":"Servi\u00e7o Franciscano de Solidariedade","og_url":"https:\/\/franciscanos.org.br\/noticias\/covid-19-e-acao-social-franciscana.html","og_site_name":"Not\u00edcias - Franciscanos","article_published_time":"2020-03-20T12:28:39+00:00","article_modified_time":"2020-03-20T12:50:47+00:00","og_image":[{"width":273,"height":180,"url":"https:\/\/franciscanos.org.br\/noticias\/wp-content\/uploads\/2020\/03\/sefras.png","type":"image\/png"}],"author":"moacir","twitter_card":"summary_large_image","twitter_misc":{"Escrito por":"moacir","Est. tempo de leitura":"2 minutos"},"schema":{"@context":"https:\/\/schema.org","@graph":[{"@type":"WebSite","@id":"https:\/\/franciscanos.org.br\/noticias\/#website","url":"https:\/\/franciscanos.org.br\/noticias\/","name":"Not\u00edcias - Franciscanos","description":"Prov\u00edncia Franciscana da Imaculada Concei\u00e7\u00e3o do Brasil - Ordem dos Frades Menores - OFM","potentialAction":[{"@type":"SearchAction","target":{"@type":"EntryPoint","urlTemplate":"https:\/\/franciscanos.org.br\/noticias\/?s={search_term_string}"},"query-input":"required name=search_term_string"}],"inLanguage":"pt-BR"},{"@type":"ImageObject","inLanguage":"pt-BR","@id":"https:\/\/franciscanos.org.br\/noticias\/covid-19-e-acao-social-franciscana.html#primaryimage","url":"https:\/\/franciscanos.org.br\/noticias\/wp-content\/uploads\/2020\/03\/sefras.png","contentUrl":"https:\/\/franciscanos.org.br\/noticias\/wp-content\/uploads\/2020\/03\/sefras.png","width":273,"height":180},{"@type":"WebPage","@id":"https:\/\/franciscanos.org.br\/noticias\/covid-19-e-acao-social-franciscana.html#webpage","url":"https:\/\/franciscanos.org.br\/noticias\/covid-19-e-acao-social-franciscana.html","name":"Covid-19 e A\u00e7\u00e3o Social Franciscana - Not\u00edcias - Franciscanos","isPartOf":{"@id":"https:\/\/franciscanos.org.br\/noticias\/#website"},"primaryImageOfPage":{"@id":"https:\/\/franciscanos.org.br\/noticias\/covid-19-e-acao-social-franciscana.html#primaryimage"},"datePublished":"2020-03-20T12:28:39+00:00","dateModified":"2020-03-20T12:50:47+00:00","author":{"@id":"https:\/\/franciscanos.org.br\/noticias\/#\/schema\/person\/b5c8cba458c330ccff548b056e95a5d4"},"breadcrumb":{"@id":"https:\/\/franciscanos.org.br\/noticias\/covid-19-e-acao-social-franciscana.html#breadcrumb"},"inLanguage":"pt-BR","potentialAction":[{"@type":"ReadAction","target":["https:\/\/franciscanos.org.br\/noticias\/covid-19-e-acao-social-franciscana.html"]}]},{"@type":"BreadcrumbList","@id":"https:\/\/franciscanos.org.br\/noticias\/covid-19-e-acao-social-franciscana.html#breadcrumb","itemListElement":[{"@type":"ListItem","position":1,"name":"Home","item":"https:\/\/franciscanos.org.br\/noticias"},{"@type":"ListItem","position":2,"name":"Covid-19 e A\u00e7\u00e3o Social Franciscana"}]},{"@type":"Person","@id":"https:\/\/franciscanos.org.br\/noticias\/#\/schema\/person\/b5c8cba458c330ccff548b056e95a5d4","name":"moacir","image":{"@type":"ImageObject","inLanguage":"pt-BR","@id":"https:\/\/franciscanos.org.br\/noticias\/#\/schema\/person\/image\/","url":"https:\/\/secure.gravatar.com\/avatar\/d08aa2ce4c8dd416d4479aa8536fcf64?s=96&d=mm&r=g","contentUrl":"https:\/\/secure.gravatar.com\/avatar\/d08aa2ce4c8dd416d4479aa8536fcf64?s=96&d=mm&r=g","caption":"moacir"},"url":"https:\/\/franciscanos.org.br\/noticias\/author\/moacir"}]}},"_links":{"self":[{"href":"https:\/\/franciscanos.org.br\/noticias\/wp-json\/wp\/v2\/posts\/222077"}],"collection":[{"href":"https:\/\/franciscanos.org.br\/noticias\/wp-json\/wp\/v2\/posts"}],"about":[{"href":"https:\/\/franciscanos.org.br\/noticias\/wp-json\/wp\/v2\/types\/post"}],"author":[{"embeddable":true,"href":"https:\/\/franciscanos.org.br\/noticias\/wp-json\/wp\/v2\/users\/3"}],"replies":[{"embeddable":true,"href":"https:\/\/franciscanos.org.br\/noticias\/wp-json\/wp\/v2\/comments?post=222077"}],"version-history":[{"count":4,"href":"https:\/\/franciscanos.org.br\/noticias\/wp-json\/wp\/v2\/posts\/222077\/revisions"}],"predecessor-version":[{"id":222083,"href":"https:\/\/franciscanos.org.br\/noticias\/wp-json\/wp\/v2\/posts\/222077\/revisions\/222083"}],"wp:featuredmedia":[{"embeddable":true,"href":"https:\/\/franciscanos.org.br\/noticias\/wp-json\/wp\/v2\/media\/222079"}],"wp:attachment":[{"href":"https:\/\/franciscanos.org.br\/noticias\/wp-json\/wp\/v2\/media?parent=222077"}],"wp:term":[{"taxonomy":"category","embeddable":true,"href":"https:\/\/franciscanos.org.br\/noticias\/wp-json\/wp\/v2\/categories?post=222077"},{"taxonomy":"post_tag","embeddable":true,"href":"https:\/\/franciscanos.org.br\/noticias\/wp-json\/wp\/v2\/tags?post=222077"}],"curies":[{"name":"wp","href":"https:\/\/api.w.org\/{rel}","templated":true}]}}