{"id":222051,"date":"2020-03-20T06:28:11","date_gmt":"2020-03-20T09:28:11","guid":{"rendered":"https:\/\/franciscanos.org.br\/noticias\/?p=222051"},"modified":"2021-08-29T12:49:18","modified_gmt":"2021-08-29T15:49:18","slug":"papa-reza-pelos-medicos-e-agentes-de-saude-que-estao-dando-a-propria-vida","status":"publish","type":"post","link":"https:\/\/franciscanos.org.br\/noticias\/papa-reza-pelos-medicos-e-agentes-de-saude-que-estao-dando-a-propria-vida.html","title":{"rendered":"Papa reza pelos m\u00e9dicos e agentes de sa\u00fade que est\u00e3o dando a pr\u00f3pria vida"},"content":{"rendered":"<div id=\"attachment_222052\" style=\"width: 1290px\" class=\"wp-caption alignnone\"><img aria-describedby=\"caption-attachment-222052\" loading=\"lazy\" class=\"wp-image-222052 size-full\" src=\"https:\/\/franciscanos.org.br\/noticias\/wp-content\/uploads\/2020\/03\/marta_20.jpg\" alt=\"\" width=\"1280\" height=\"587\" srcset=\"https:\/\/franciscanos.org.br\/noticias\/wp-content\/uploads\/2020\/03\/marta_20.jpg 1280w, https:\/\/franciscanos.org.br\/noticias\/wp-content\/uploads\/2020\/03\/marta_20-450x206.jpg 450w, https:\/\/franciscanos.org.br\/noticias\/wp-content\/uploads\/2020\/03\/marta_20-1024x470.jpg 1024w, https:\/\/franciscanos.org.br\/noticias\/wp-content\/uploads\/2020\/03\/marta_20-768x352.jpg 768w, https:\/\/franciscanos.org.br\/noticias\/wp-content\/uploads\/2020\/03\/marta_20-150x69.jpg 150w\" sizes=\"(max-width: 1280px) 100vw, 1280px\" \/><p id=\"caption-attachment-222052\" class=\"wp-caption-text\">\u00a0 \u00a0 \u00a0 \u00a0 \u00a0 \u00a0 \u00a0 \u00a0 \u00a0 \u00a0 \u00a0 \u00a0 \u00a0 \u00a0 \u00a0 \u00a0 \u00a0 \u00a0 \u00a0 \u00a0 \u00a0 \u00a0 \u00a0 \u00a0 \u00a0 \u00a0 \u00a0 \u00a0 \u00a0 \u00a0 \u00a0 \u00a0 \u00a0 \u00a0 \u00a0 \u00a0 \u00a0 \u00a0 \u00a0 \u00a0 \u00a0 <em>\u00a0Imagem: Vatican Media<\/em><\/p><\/div>\n<p><strong>Cidade do Vaticano<\/strong> &#8211; O Papa celebrou a Missa na Casa Santa Marta na manh\u00e3 desta sexta-feira, 20, recordando o grande trabalho que os m\u00e9dicos e agentes de sa\u00fade est\u00e3o fazendo, especialmente nas \u00e1reas mais atingidas pelo Covid-19.<\/p>\n<p>Ontem recebi uma mensagem de um sacerdote bergamasco, pedindo para rezar pelos m\u00e9dicos de B\u00e9rgamo, Treviglio, Br\u00e9scia, Cremona, que est\u00e3o trabalhando no limite de suas for\u00e7as; eles est\u00e3o dando suas pr\u00f3prias vidas para ajudar os doentes, para salvar a vida dos outros. E tamb\u00e9m pe\u00e7amos pelas autoridades; n\u00e3o \u00e9 f\u00e1cil para eles gerir esse momento, e muitas vezes sofrem com incompreens\u00f5es. M\u00e9dicos, funcion\u00e1rios de hospitais, volunt\u00e1rios da sa\u00fade ou as autoridades, neste momento s\u00e3o colunas que nos ajudam a seguir em frente e nos defendem nesta crise. Rezemos por eles.<\/p>\n<p>Ao comentar a primeira leitura, extra\u00edda do Livro do Profeta Os\u00e9ias (Os 14: 2-10), Francisco nos exorta a nos dirigirmos a Deus n\u00e3o como se fosse a um juiz, mas como um Pai bom, que ama e perdoa sempre. Neste sentido, recordando o que diz o Catecismo, explica como \u00e9 poss\u00edvel confessar, quando n\u00e3o a situa\u00e7\u00e3o n\u00e3o permite encontrar um sacerdote.<\/p>\n<p><em>Segue o texto da homilia na \u00edntegra, segundo nossa transcri\u00e7\u00e3o:<\/em><\/p>\n<p>Quando leio ou ou\u00e7o essa passagem do Profeta Oseias que ouvimos na Primeira Leitura [que diz]: &#8221; Volta, Israel, para o Senhor, teu Deus&#8221;, quando a ou\u00e7o, lembro-me de uma can\u00e7\u00e3o que h\u00e1 75 anos Carlo Buti cantava e que nas fam\u00edlias italianas em Buenos Aires as pessoas ouviam com grande prazer: \u201cVolte para o teu pai. Ele ainda cantar\u00e1 para ti a can\u00e7\u00e3o de ninar.&#8221; Volta: mas \u00e9 o teu pai que te diz para voltar. Deus \u00e9 o teu pai; n\u00e3o \u00e9 o juiz, \u00e9 o teu pai: &#8220;Volta para casa, escuta venha&#8221;.<\/p>\n<p>E essa recorda\u00e7\u00e3o &#8211; eu era menino &#8211; me leva imediatamente ao pai do cap\u00edtulo 15 de Lucas, aquele pai que diz: &#8220;Estava ainda longe, quando seu pai o viu&#8221;, aquele filho que tinha ido embora com todo o dinheiro e o desperdi\u00e7ou. Mas, se o v\u00ea de longe, \u00e9 porque esperava por ele. Subia ao terra\u00e7o &#8211; quantas vezes por dia! \u2013 por dias e dias, meses, anos, quem sabe, esperando o filho. O v\u00ea de longe. Volta para o teu pai, volta para o teu pai. Ele te espera. \u00c9 a ternura de Deus que nos fala, especialmente na Quaresma. \u00c9 o momento de entrar em n\u00f3s mesmos e recordar o Pai, ou voltar para ele.<\/p>\n<p>&#8220;N\u00e3o, pai, tenho vergonha de voltar porque &#8230; Voc\u00ea sabe pai, fiz muitas coisas, eu aprontei muito &#8230;&#8221;. O que o Senhor diz? \u201cVolta, eu te curarei da tua infidelidade, te amarei profundamente, porque minha ira se afastou. Eu serei como orvalho; florescer\u00e1s como um l\u00edrio e lan\u00e7ar\u00e1s ra\u00edzes como uma \u00e1rvore do L\u00edbano\u201d. Volta para teu pai que te espera. O Deus da ternura nos curar\u00e1; nos curar\u00e1 das tantas, tantas feridas na vida e das tantas coisas ruins que aprontamos. Cada um tem as suas!<\/p>\n<p>Mas pensar isso: retornar a Deus \u00e9 retornar ao abra\u00e7o, ao abra\u00e7o de pai. E pensar naquela outra promessa que Isa\u00edas faz: &#8220;Se vossos pecados forem escarlates, se tornar\u00e3o brancos como a neve&#8221;. Ele \u00e9 capaz de nos transformar, Ele \u00e9 capaz de mudar o cora\u00e7\u00e3o, mas precisamos dar o primeiro passo: voltar. N\u00e3o \u00e9 ir para Deus, n\u00e3o: \u00e9 voltar para casa.<\/p>\n<p>E a Quaresma sempre tem por objetivo essa convers\u00e3o do cora\u00e7\u00e3o que, no costume crist\u00e3o, ganha forma no Sacramento da Confiss\u00e3o. \u00c9 o momento para &#8211; eu n\u00e3o sei se [para] \u201cacertar as contas\u201d, n\u00e3o gosto disso &#8211; deixar Deus nos embranquecer, Deus nos purificar, Deus nos abra\u00e7ar.<\/p>\n<p>Sei que muitos de voc\u00eas, na P\u00e1scoa, v\u00e3o se confessar para se encontrarem com Deus. Mas muitos me diriam hoje: \u201cMas padre, onde posso encontrar um sacerdote, um confessor, por que n\u00e3o podemos sair de casa? E eu quero fazer as pazes com o Senhor, eu quero que ele me abrace, que meu pai me abrace &#8230; Como posso fazer se n\u00e3o encontro sacerdotes?&#8221;. Faz o que o diz Catecismo. \u00c9 muito claro: se n\u00e3o encontras um sacerdote para confessar, fale com Deus, Ele \u00e9 teu pai, e diga a Ele a verdade: &#8220;Senhor, aprontei isso, isso, isso &#8230; Perdoa-me&#8221;, e pe\u00e7a perd\u00e3o a Ele de todo cora\u00e7\u00e3o, com o Ato de Contri\u00e7\u00e3o e prometa a Ele: &#8220;Depois vou me confessar, mas me perdoe agora&#8221;. E imediatamente voltar\u00e1s \u00e0 gra\u00e7a de Deus. Tu mesmo podes aproximar-te &#8211; como nos ensina o Catecismo \u2013 ao perd\u00e3o de Deus, se n\u00e3o tem \u00e0 m\u00e3o um sacerdote. Mas pensem: \u00e9 o momento! E este \u00e9 o momento correto, o momento oportuno. Um Ato de Contri\u00e7\u00e3o bem feito, e assim nossa alma se tornar\u00e1 branca como a neve.<\/p>\n<p>Seria belo se hoje ecoasse em nossos ouvidos esta frase: &#8220;Volta para o teu pai, volta para o teu pai&#8221;. Ele te espera e far\u00e1 festa para ti.<\/p>\n<p>Tamb\u00e9m hoje, Francisco encerrou a celebra\u00e7\u00e3o com a Adora\u00e7\u00e3o e B\u00ean\u00e7\u00e3o Eucar\u00edstica, convidando a fazer a comunh\u00e3o espiritual:<\/p>\n<p style=\"padding-left: 40px;\"><em>Aos vossos p\u00e9s, \u00f3 meu Jesus, me prostro e vos ofere\u00e7o o arrependimento do meu cora\u00e7\u00e3o contrito que mergulha no vosso e na Vossa santa presen\u00e7a. Eu vos adoro no Sacramento do vosso amor, desejo receber-vos na pobre morada que meu cora\u00e7\u00e3o vos oferece. \u00c0 espera da felicidade da comunh\u00e3o sacramental, quero possuir-vos em Esp\u00edrito. Vinde a mim, \u00f3 meu Jesus, que eu venha a v\u00f3s. Que o vosso amor possa inflamar todo o meu ser, para a vida e para a morte. Creio em v\u00f3s, espero em v\u00f3s. Eu vos amo. Assim seja.<\/em><\/p>\n<hr \/>\n<p><em>Fonte: Vatican News<\/em><\/p>\n","protected":false},"excerpt":{"rendered":"<p>Missa em Santa Marta<\/p>\n","protected":false},"author":3,"featured_media":222053,"comment_status":"open","ping_status":"open","sticky":false,"template":"","format":"standard","meta":[],"categories":[1428],"tags":[1586],"acf":[],"yoast_head":"<!-- This site is optimized with the Yoast SEO plugin v19.2 - https:\/\/yoast.com\/wordpress\/plugins\/seo\/ -->\n<title>Papa reza pelos m\u00e9dicos e agentes de sa\u00fade que est\u00e3o dando a pr\u00f3pria vida - Not\u00edcias - Franciscanos<\/title>\n<meta name=\"robots\" content=\"index, follow, max-snippet:-1, max-image-preview:large, max-video-preview:-1\" \/>\n<link rel=\"canonical\" href=\"https:\/\/franciscanos.org.br\/noticias\/papa-reza-pelos-medicos-e-agentes-de-saude-que-estao-dando-a-propria-vida.html\" \/>\n<meta property=\"og:locale\" content=\"pt_BR\" \/>\n<meta property=\"og:type\" content=\"article\" \/>\n<meta property=\"og:title\" content=\"Papa reza pelos m\u00e9dicos e agentes de sa\u00fade que est\u00e3o dando a pr\u00f3pria vida - Not\u00edcias - Franciscanos\" \/>\n<meta property=\"og:description\" content=\"Missa em Santa Marta\" \/>\n<meta property=\"og:url\" content=\"https:\/\/franciscanos.org.br\/noticias\/papa-reza-pelos-medicos-e-agentes-de-saude-que-estao-dando-a-propria-vida.html\" \/>\n<meta property=\"og:site_name\" content=\"Not\u00edcias - Franciscanos\" \/>\n<meta property=\"article:published_time\" content=\"2020-03-20T09:28:11+00:00\" \/>\n<meta property=\"article:modified_time\" content=\"2021-08-29T15:49:18+00:00\" \/>\n<meta property=\"og:image\" content=\"https:\/\/franciscanos.org.br\/noticias\/wp-content\/uploads\/2020\/03\/marta_20d.jpg\" \/>\n\t<meta property=\"og:image:width\" content=\"273\" \/>\n\t<meta property=\"og:image:height\" content=\"181\" \/>\n\t<meta property=\"og:image:type\" content=\"image\/jpeg\" \/>\n<meta name=\"author\" content=\"moacir\" \/>\n<meta name=\"twitter:card\" content=\"summary_large_image\" \/>\n<meta name=\"twitter:label1\" content=\"Escrito por\" \/>\n\t<meta name=\"twitter:data1\" content=\"moacir\" \/>\n\t<meta name=\"twitter:label2\" content=\"Est. tempo de leitura\" \/>\n\t<meta name=\"twitter:data2\" content=\"5 minutos\" \/>\n<script type=\"application\/ld+json\" class=\"yoast-schema-graph\">{\"@context\":\"https:\/\/schema.org\",\"@graph\":[{\"@type\":\"WebSite\",\"@id\":\"https:\/\/franciscanos.org.br\/noticias\/#website\",\"url\":\"https:\/\/franciscanos.org.br\/noticias\/\",\"name\":\"Not\u00edcias - Franciscanos\",\"description\":\"Prov\u00edncia Franciscana da Imaculada Concei\u00e7\u00e3o do Brasil - Ordem dos Frades Menores - OFM\",\"potentialAction\":[{\"@type\":\"SearchAction\",\"target\":{\"@type\":\"EntryPoint\",\"urlTemplate\":\"https:\/\/franciscanos.org.br\/noticias\/?s={search_term_string}\"},\"query-input\":\"required name=search_term_string\"}],\"inLanguage\":\"pt-BR\"},{\"@type\":\"ImageObject\",\"inLanguage\":\"pt-BR\",\"@id\":\"https:\/\/franciscanos.org.br\/noticias\/papa-reza-pelos-medicos-e-agentes-de-saude-que-estao-dando-a-propria-vida.html#primaryimage\",\"url\":\"https:\/\/franciscanos.org.br\/noticias\/wp-content\/uploads\/2020\/03\/marta_20d.jpg\",\"contentUrl\":\"https:\/\/franciscanos.org.br\/noticias\/wp-content\/uploads\/2020\/03\/marta_20d.jpg\",\"width\":273,\"height\":181},{\"@type\":\"WebPage\",\"@id\":\"https:\/\/franciscanos.org.br\/noticias\/papa-reza-pelos-medicos-e-agentes-de-saude-que-estao-dando-a-propria-vida.html#webpage\",\"url\":\"https:\/\/franciscanos.org.br\/noticias\/papa-reza-pelos-medicos-e-agentes-de-saude-que-estao-dando-a-propria-vida.html\",\"name\":\"Papa reza pelos m\u00e9dicos e agentes de sa\u00fade que est\u00e3o dando a pr\u00f3pria vida - Not\u00edcias - Franciscanos\",\"isPartOf\":{\"@id\":\"https:\/\/franciscanos.org.br\/noticias\/#website\"},\"primaryImageOfPage\":{\"@id\":\"https:\/\/franciscanos.org.br\/noticias\/papa-reza-pelos-medicos-e-agentes-de-saude-que-estao-dando-a-propria-vida.html#primaryimage\"},\"datePublished\":\"2020-03-20T09:28:11+00:00\",\"dateModified\":\"2021-08-29T15:49:18+00:00\",\"author\":{\"@id\":\"https:\/\/franciscanos.org.br\/noticias\/#\/schema\/person\/b5c8cba458c330ccff548b056e95a5d4\"},\"breadcrumb\":{\"@id\":\"https:\/\/franciscanos.org.br\/noticias\/papa-reza-pelos-medicos-e-agentes-de-saude-que-estao-dando-a-propria-vida.html#breadcrumb\"},\"inLanguage\":\"pt-BR\",\"potentialAction\":[{\"@type\":\"ReadAction\",\"target\":[\"https:\/\/franciscanos.org.br\/noticias\/papa-reza-pelos-medicos-e-agentes-de-saude-que-estao-dando-a-propria-vida.html\"]}]},{\"@type\":\"BreadcrumbList\",\"@id\":\"https:\/\/franciscanos.org.br\/noticias\/papa-reza-pelos-medicos-e-agentes-de-saude-que-estao-dando-a-propria-vida.html#breadcrumb\",\"itemListElement\":[{\"@type\":\"ListItem\",\"position\":1,\"name\":\"Home\",\"item\":\"https:\/\/franciscanos.org.br\/noticias\"},{\"@type\":\"ListItem\",\"position\":2,\"name\":\"Papa reza pelos m\u00e9dicos e agentes de sa\u00fade que est\u00e3o dando a pr\u00f3pria vida\"}]},{\"@type\":\"Person\",\"@id\":\"https:\/\/franciscanos.org.br\/noticias\/#\/schema\/person\/b5c8cba458c330ccff548b056e95a5d4\",\"name\":\"moacir\",\"image\":{\"@type\":\"ImageObject\",\"inLanguage\":\"pt-BR\",\"@id\":\"https:\/\/franciscanos.org.br\/noticias\/#\/schema\/person\/image\/\",\"url\":\"https:\/\/secure.gravatar.com\/avatar\/d08aa2ce4c8dd416d4479aa8536fcf64?s=96&d=mm&r=g\",\"contentUrl\":\"https:\/\/secure.gravatar.com\/avatar\/d08aa2ce4c8dd416d4479aa8536fcf64?s=96&d=mm&r=g\",\"caption\":\"moacir\"},\"url\":\"https:\/\/franciscanos.org.br\/noticias\/author\/moacir\"}]}<\/script>\n<!-- \/ Yoast SEO plugin. -->","yoast_head_json":{"title":"Papa reza pelos m\u00e9dicos e agentes de sa\u00fade que est\u00e3o dando a pr\u00f3pria vida - Not\u00edcias - Franciscanos","robots":{"index":"index","follow":"follow","max-snippet":"max-snippet:-1","max-image-preview":"max-image-preview:large","max-video-preview":"max-video-preview:-1"},"canonical":"https:\/\/franciscanos.org.br\/noticias\/papa-reza-pelos-medicos-e-agentes-de-saude-que-estao-dando-a-propria-vida.html","og_locale":"pt_BR","og_type":"article","og_title":"Papa reza pelos m\u00e9dicos e agentes de sa\u00fade que est\u00e3o dando a pr\u00f3pria vida - Not\u00edcias - Franciscanos","og_description":"Missa em Santa Marta","og_url":"https:\/\/franciscanos.org.br\/noticias\/papa-reza-pelos-medicos-e-agentes-de-saude-que-estao-dando-a-propria-vida.html","og_site_name":"Not\u00edcias - Franciscanos","article_published_time":"2020-03-20T09:28:11+00:00","article_modified_time":"2021-08-29T15:49:18+00:00","og_image":[{"width":273,"height":181,"url":"https:\/\/franciscanos.org.br\/noticias\/wp-content\/uploads\/2020\/03\/marta_20d.jpg","type":"image\/jpeg"}],"author":"moacir","twitter_card":"summary_large_image","twitter_misc":{"Escrito por":"moacir","Est. tempo de leitura":"5 minutos"},"schema":{"@context":"https:\/\/schema.org","@graph":[{"@type":"WebSite","@id":"https:\/\/franciscanos.org.br\/noticias\/#website","url":"https:\/\/franciscanos.org.br\/noticias\/","name":"Not\u00edcias - Franciscanos","description":"Prov\u00edncia Franciscana da Imaculada Concei\u00e7\u00e3o do Brasil - Ordem dos Frades Menores - OFM","potentialAction":[{"@type":"SearchAction","target":{"@type":"EntryPoint","urlTemplate":"https:\/\/franciscanos.org.br\/noticias\/?s={search_term_string}"},"query-input":"required name=search_term_string"}],"inLanguage":"pt-BR"},{"@type":"ImageObject","inLanguage":"pt-BR","@id":"https:\/\/franciscanos.org.br\/noticias\/papa-reza-pelos-medicos-e-agentes-de-saude-que-estao-dando-a-propria-vida.html#primaryimage","url":"https:\/\/franciscanos.org.br\/noticias\/wp-content\/uploads\/2020\/03\/marta_20d.jpg","contentUrl":"https:\/\/franciscanos.org.br\/noticias\/wp-content\/uploads\/2020\/03\/marta_20d.jpg","width":273,"height":181},{"@type":"WebPage","@id":"https:\/\/franciscanos.org.br\/noticias\/papa-reza-pelos-medicos-e-agentes-de-saude-que-estao-dando-a-propria-vida.html#webpage","url":"https:\/\/franciscanos.org.br\/noticias\/papa-reza-pelos-medicos-e-agentes-de-saude-que-estao-dando-a-propria-vida.html","name":"Papa reza pelos m\u00e9dicos e agentes de sa\u00fade que est\u00e3o dando a pr\u00f3pria vida - Not\u00edcias - Franciscanos","isPartOf":{"@id":"https:\/\/franciscanos.org.br\/noticias\/#website"},"primaryImageOfPage":{"@id":"https:\/\/franciscanos.org.br\/noticias\/papa-reza-pelos-medicos-e-agentes-de-saude-que-estao-dando-a-propria-vida.html#primaryimage"},"datePublished":"2020-03-20T09:28:11+00:00","dateModified":"2021-08-29T15:49:18+00:00","author":{"@id":"https:\/\/franciscanos.org.br\/noticias\/#\/schema\/person\/b5c8cba458c330ccff548b056e95a5d4"},"breadcrumb":{"@id":"https:\/\/franciscanos.org.br\/noticias\/papa-reza-pelos-medicos-e-agentes-de-saude-que-estao-dando-a-propria-vida.html#breadcrumb"},"inLanguage":"pt-BR","potentialAction":[{"@type":"ReadAction","target":["https:\/\/franciscanos.org.br\/noticias\/papa-reza-pelos-medicos-e-agentes-de-saude-que-estao-dando-a-propria-vida.html"]}]},{"@type":"BreadcrumbList","@id":"https:\/\/franciscanos.org.br\/noticias\/papa-reza-pelos-medicos-e-agentes-de-saude-que-estao-dando-a-propria-vida.html#breadcrumb","itemListElement":[{"@type":"ListItem","position":1,"name":"Home","item":"https:\/\/franciscanos.org.br\/noticias"},{"@type":"ListItem","position":2,"name":"Papa reza pelos m\u00e9dicos e agentes de sa\u00fade que est\u00e3o dando a pr\u00f3pria vida"}]},{"@type":"Person","@id":"https:\/\/franciscanos.org.br\/noticias\/#\/schema\/person\/b5c8cba458c330ccff548b056e95a5d4","name":"moacir","image":{"@type":"ImageObject","inLanguage":"pt-BR","@id":"https:\/\/franciscanos.org.br\/noticias\/#\/schema\/person\/image\/","url":"https:\/\/secure.gravatar.com\/avatar\/d08aa2ce4c8dd416d4479aa8536fcf64?s=96&d=mm&r=g","contentUrl":"https:\/\/secure.gravatar.com\/avatar\/d08aa2ce4c8dd416d4479aa8536fcf64?s=96&d=mm&r=g","caption":"moacir"},"url":"https:\/\/franciscanos.org.br\/noticias\/author\/moacir"}]}},"_links":{"self":[{"href":"https:\/\/franciscanos.org.br\/noticias\/wp-json\/wp\/v2\/posts\/222051"}],"collection":[{"href":"https:\/\/franciscanos.org.br\/noticias\/wp-json\/wp\/v2\/posts"}],"about":[{"href":"https:\/\/franciscanos.org.br\/noticias\/wp-json\/wp\/v2\/types\/post"}],"author":[{"embeddable":true,"href":"https:\/\/franciscanos.org.br\/noticias\/wp-json\/wp\/v2\/users\/3"}],"replies":[{"embeddable":true,"href":"https:\/\/franciscanos.org.br\/noticias\/wp-json\/wp\/v2\/comments?post=222051"}],"version-history":[{"count":4,"href":"https:\/\/franciscanos.org.br\/noticias\/wp-json\/wp\/v2\/posts\/222051\/revisions"}],"predecessor-version":[{"id":234017,"href":"https:\/\/franciscanos.org.br\/noticias\/wp-json\/wp\/v2\/posts\/222051\/revisions\/234017"}],"wp:featuredmedia":[{"embeddable":true,"href":"https:\/\/franciscanos.org.br\/noticias\/wp-json\/wp\/v2\/media\/222053"}],"wp:attachment":[{"href":"https:\/\/franciscanos.org.br\/noticias\/wp-json\/wp\/v2\/media?parent=222051"}],"wp:term":[{"taxonomy":"category","embeddable":true,"href":"https:\/\/franciscanos.org.br\/noticias\/wp-json\/wp\/v2\/categories?post=222051"},{"taxonomy":"post_tag","embeddable":true,"href":"https:\/\/franciscanos.org.br\/noticias\/wp-json\/wp\/v2\/tags?post=222051"}],"curies":[{"name":"wp","href":"https:\/\/api.w.org\/{rel}","templated":true}]}}