{"id":221939,"date":"2020-03-19T07:02:04","date_gmt":"2020-03-19T10:02:04","guid":{"rendered":"https:\/\/franciscanos.org.br\/noticias\/?p=221939"},"modified":"2020-03-19T07:02:04","modified_gmt":"2020-03-19T10:02:04","slug":"festa-da-penha-tera-celebracoes-virtuais","status":"publish","type":"post","link":"https:\/\/franciscanos.org.br\/noticias\/festa-da-penha-tera-celebracoes-virtuais.html","title":{"rendered":"Festa da Penha ter\u00e1 celebra\u00e7\u00f5es virtuais"},"content":{"rendered":"<p><img loading=\"lazy\" class=\"alignnone wp-image-221941 size-full\" src=\"https:\/\/franciscanos.org.br\/noticias\/wp-content\/uploads\/2020\/03\/penha_1303_1-2.jpg\" alt=\"\" width=\"1280\" height=\"960\" srcset=\"https:\/\/franciscanos.org.br\/noticias\/wp-content\/uploads\/2020\/03\/penha_1303_1-2.jpg 1280w, https:\/\/franciscanos.org.br\/noticias\/wp-content\/uploads\/2020\/03\/penha_1303_1-2-450x338.jpg 450w, https:\/\/franciscanos.org.br\/noticias\/wp-content\/uploads\/2020\/03\/penha_1303_1-2-1024x768.jpg 1024w, https:\/\/franciscanos.org.br\/noticias\/wp-content\/uploads\/2020\/03\/penha_1303_1-2-768x576.jpg 768w, https:\/\/franciscanos.org.br\/noticias\/wp-content\/uploads\/2020\/03\/penha_1303_1-2-150x113.jpg 150w, https:\/\/franciscanos.org.br\/noticias\/wp-content\/uploads\/2020\/03\/penha_1303_1-2-600x450.jpg 600w\" sizes=\"(max-width: 1280px) 100vw, 1280px\" \/><\/p>\n<p>A prolifera\u00e7\u00e3o do coronav\u00edrus tem afetado, inclusive, as festas religiosas do Estado, assim como o acesso a s\u00edmbolos hist\u00f3ricos capixabas. Ap\u00f3s reuni\u00e3o na tarde desta segunda-feira (16), a Comiss\u00e3o Organizadora da Festa da Penha decidiu que far\u00e1 o evento de 450 anos sem aglomera\u00e7\u00e3o de pessoas, em um formato virtual interativo. Em entrevista \u00e0 R\u00e1dio CBN Vit\u00f3ria, Frei Paulo Roberto Pereira, guardi\u00e3o do Convento da Penha, explica que o momento \u00e9 de acompanhar as orienta\u00e7\u00f5es das autoridades da sa\u00fade e impedir que mais pessoas sejam fiquem expostas ao risco de cont\u00e1gio.<\/p>\n<p>\u201cAs circunst\u00e2ncias s\u00e3o novas ent\u00e3o as decis\u00f5es tamb\u00e9m devem ser novas. Por isso chegamos \u00e0 defini\u00e7\u00e3o que as romarias n\u00e3o v\u00e3o acontecer no modelo e nas datas tradicionais. Entre os dias 12 a 20 de abril n\u00e3o teremos essa aglomera\u00e7\u00e3o. Mas vamos oferecer novas maneiras de acompanhar esse momento, como pela televis\u00e3o, internet ou r\u00e1dio. Estamos estudando o melhor meio\u201d , explicou o Guardi\u00e3o.<\/p>\n<p>Frei Paulo ainda diz que a Festa da Penha est\u00e1 se reinventando, assim como durante os seus 450 anos ela se reinventou. Disse tamb\u00e9m que em rela\u00e7\u00e3o \u00e0s romarias, elas ser\u00e3o pensadas em outras \u00e9pocas. \u201cTemos a possibilidade, por exemplo, de levar as romarias para outras \u00e9pocas do ano. Podemos estender a festa ao longo do ano, assim que a situa\u00e7\u00e3o permitir e a organiza\u00e7\u00e3o julgar seguro tamb\u00e9m\u201d , pontuou.<\/p>\n","protected":false},"excerpt":{"rendered":"<p>Festa da Penha<\/p>\n","protected":false},"author":3,"featured_media":221940,"comment_status":"open","ping_status":"open","sticky":false,"template":"","format":"standard","meta":[],"categories":[1],"tags":[245],"acf":[],"yoast_head":"<!-- This site is optimized with the Yoast SEO plugin v19.2 - https:\/\/yoast.com\/wordpress\/plugins\/seo\/ -->\n<title>Festa da Penha ter\u00e1 celebra\u00e7\u00f5es virtuais - Not\u00edcias - Franciscanos<\/title>\n<meta name=\"robots\" content=\"index, follow, max-snippet:-1, max-image-preview:large, max-video-preview:-1\" \/>\n<link rel=\"canonical\" href=\"https:\/\/franciscanos.org.br\/noticias\/festa-da-penha-tera-celebracoes-virtuais.html\" \/>\n<meta property=\"og:locale\" content=\"pt_BR\" \/>\n<meta property=\"og:type\" content=\"article\" \/>\n<meta property=\"og:title\" content=\"Festa da Penha ter\u00e1 celebra\u00e7\u00f5es virtuais - Not\u00edcias - Franciscanos\" \/>\n<meta property=\"og:description\" content=\"Festa da Penha\" \/>\n<meta property=\"og:url\" content=\"https:\/\/franciscanos.org.br\/noticias\/festa-da-penha-tera-celebracoes-virtuais.html\" \/>\n<meta property=\"og:site_name\" content=\"Not\u00edcias - Franciscanos\" \/>\n<meta property=\"article:published_time\" content=\"2020-03-19T10:02:04+00:00\" \/>\n<meta property=\"og:image\" content=\"https:\/\/franciscanos.org.br\/noticias\/wp-content\/uploads\/2020\/03\/penha_1303_1-1.jpg\" \/>\n\t<meta property=\"og:image:width\" content=\"273\" \/>\n\t<meta property=\"og:image:height\" content=\"181\" \/>\n\t<meta property=\"og:image:type\" content=\"image\/jpeg\" \/>\n<meta name=\"author\" content=\"moacir\" \/>\n<meta name=\"twitter:card\" content=\"summary_large_image\" \/>\n<meta name=\"twitter:label1\" content=\"Escrito por\" \/>\n\t<meta name=\"twitter:data1\" content=\"moacir\" \/>\n\t<meta name=\"twitter:label2\" content=\"Est. tempo de leitura\" \/>\n\t<meta name=\"twitter:data2\" content=\"1 minuto\" \/>\n<script type=\"application\/ld+json\" class=\"yoast-schema-graph\">{\"@context\":\"https:\/\/schema.org\",\"@graph\":[{\"@type\":\"WebSite\",\"@id\":\"https:\/\/franciscanos.org.br\/noticias\/#website\",\"url\":\"https:\/\/franciscanos.org.br\/noticias\/\",\"name\":\"Not\u00edcias - Franciscanos\",\"description\":\"Prov\u00edncia Franciscana da Imaculada Concei\u00e7\u00e3o do Brasil - Ordem dos Frades Menores - OFM\",\"potentialAction\":[{\"@type\":\"SearchAction\",\"target\":{\"@type\":\"EntryPoint\",\"urlTemplate\":\"https:\/\/franciscanos.org.br\/noticias\/?s={search_term_string}\"},\"query-input\":\"required name=search_term_string\"}],\"inLanguage\":\"pt-BR\"},{\"@type\":\"ImageObject\",\"inLanguage\":\"pt-BR\",\"@id\":\"https:\/\/franciscanos.org.br\/noticias\/festa-da-penha-tera-celebracoes-virtuais.html#primaryimage\",\"url\":\"https:\/\/franciscanos.org.br\/noticias\/wp-content\/uploads\/2020\/03\/penha_1303_1-1.jpg\",\"contentUrl\":\"https:\/\/franciscanos.org.br\/noticias\/wp-content\/uploads\/2020\/03\/penha_1303_1-1.jpg\",\"width\":273,\"height\":181},{\"@type\":\"WebPage\",\"@id\":\"https:\/\/franciscanos.org.br\/noticias\/festa-da-penha-tera-celebracoes-virtuais.html#webpage\",\"url\":\"https:\/\/franciscanos.org.br\/noticias\/festa-da-penha-tera-celebracoes-virtuais.html\",\"name\":\"Festa da Penha ter\u00e1 celebra\u00e7\u00f5es virtuais - Not\u00edcias - Franciscanos\",\"isPartOf\":{\"@id\":\"https:\/\/franciscanos.org.br\/noticias\/#website\"},\"primaryImageOfPage\":{\"@id\":\"https:\/\/franciscanos.org.br\/noticias\/festa-da-penha-tera-celebracoes-virtuais.html#primaryimage\"},\"datePublished\":\"2020-03-19T10:02:04+00:00\",\"dateModified\":\"2020-03-19T10:02:04+00:00\",\"author\":{\"@id\":\"https:\/\/franciscanos.org.br\/noticias\/#\/schema\/person\/b5c8cba458c330ccff548b056e95a5d4\"},\"breadcrumb\":{\"@id\":\"https:\/\/franciscanos.org.br\/noticias\/festa-da-penha-tera-celebracoes-virtuais.html#breadcrumb\"},\"inLanguage\":\"pt-BR\",\"potentialAction\":[{\"@type\":\"ReadAction\",\"target\":[\"https:\/\/franciscanos.org.br\/noticias\/festa-da-penha-tera-celebracoes-virtuais.html\"]}]},{\"@type\":\"BreadcrumbList\",\"@id\":\"https:\/\/franciscanos.org.br\/noticias\/festa-da-penha-tera-celebracoes-virtuais.html#breadcrumb\",\"itemListElement\":[{\"@type\":\"ListItem\",\"position\":1,\"name\":\"Home\",\"item\":\"https:\/\/franciscanos.org.br\/noticias\"},{\"@type\":\"ListItem\",\"position\":2,\"name\":\"Festa da Penha ter\u00e1 celebra\u00e7\u00f5es virtuais\"}]},{\"@type\":\"Person\",\"@id\":\"https:\/\/franciscanos.org.br\/noticias\/#\/schema\/person\/b5c8cba458c330ccff548b056e95a5d4\",\"name\":\"moacir\",\"image\":{\"@type\":\"ImageObject\",\"inLanguage\":\"pt-BR\",\"@id\":\"https:\/\/franciscanos.org.br\/noticias\/#\/schema\/person\/image\/\",\"url\":\"https:\/\/secure.gravatar.com\/avatar\/d08aa2ce4c8dd416d4479aa8536fcf64?s=96&d=mm&r=g\",\"contentUrl\":\"https:\/\/secure.gravatar.com\/avatar\/d08aa2ce4c8dd416d4479aa8536fcf64?s=96&d=mm&r=g\",\"caption\":\"moacir\"},\"url\":\"https:\/\/franciscanos.org.br\/noticias\/author\/moacir\"}]}<\/script>\n<!-- \/ Yoast SEO plugin. -->","yoast_head_json":{"title":"Festa da Penha ter\u00e1 celebra\u00e7\u00f5es virtuais - Not\u00edcias - Franciscanos","robots":{"index":"index","follow":"follow","max-snippet":"max-snippet:-1","max-image-preview":"max-image-preview:large","max-video-preview":"max-video-preview:-1"},"canonical":"https:\/\/franciscanos.org.br\/noticias\/festa-da-penha-tera-celebracoes-virtuais.html","og_locale":"pt_BR","og_type":"article","og_title":"Festa da Penha ter\u00e1 celebra\u00e7\u00f5es virtuais - Not\u00edcias - Franciscanos","og_description":"Festa da Penha","og_url":"https:\/\/franciscanos.org.br\/noticias\/festa-da-penha-tera-celebracoes-virtuais.html","og_site_name":"Not\u00edcias - Franciscanos","article_published_time":"2020-03-19T10:02:04+00:00","og_image":[{"width":273,"height":181,"url":"https:\/\/franciscanos.org.br\/noticias\/wp-content\/uploads\/2020\/03\/penha_1303_1-1.jpg","type":"image\/jpeg"}],"author":"moacir","twitter_card":"summary_large_image","twitter_misc":{"Escrito por":"moacir","Est. tempo de leitura":"1 minuto"},"schema":{"@context":"https:\/\/schema.org","@graph":[{"@type":"WebSite","@id":"https:\/\/franciscanos.org.br\/noticias\/#website","url":"https:\/\/franciscanos.org.br\/noticias\/","name":"Not\u00edcias - Franciscanos","description":"Prov\u00edncia Franciscana da Imaculada Concei\u00e7\u00e3o do Brasil - Ordem dos Frades Menores - OFM","potentialAction":[{"@type":"SearchAction","target":{"@type":"EntryPoint","urlTemplate":"https:\/\/franciscanos.org.br\/noticias\/?s={search_term_string}"},"query-input":"required name=search_term_string"}],"inLanguage":"pt-BR"},{"@type":"ImageObject","inLanguage":"pt-BR","@id":"https:\/\/franciscanos.org.br\/noticias\/festa-da-penha-tera-celebracoes-virtuais.html#primaryimage","url":"https:\/\/franciscanos.org.br\/noticias\/wp-content\/uploads\/2020\/03\/penha_1303_1-1.jpg","contentUrl":"https:\/\/franciscanos.org.br\/noticias\/wp-content\/uploads\/2020\/03\/penha_1303_1-1.jpg","width":273,"height":181},{"@type":"WebPage","@id":"https:\/\/franciscanos.org.br\/noticias\/festa-da-penha-tera-celebracoes-virtuais.html#webpage","url":"https:\/\/franciscanos.org.br\/noticias\/festa-da-penha-tera-celebracoes-virtuais.html","name":"Festa da Penha ter\u00e1 celebra\u00e7\u00f5es virtuais - Not\u00edcias - Franciscanos","isPartOf":{"@id":"https:\/\/franciscanos.org.br\/noticias\/#website"},"primaryImageOfPage":{"@id":"https:\/\/franciscanos.org.br\/noticias\/festa-da-penha-tera-celebracoes-virtuais.html#primaryimage"},"datePublished":"2020-03-19T10:02:04+00:00","dateModified":"2020-03-19T10:02:04+00:00","author":{"@id":"https:\/\/franciscanos.org.br\/noticias\/#\/schema\/person\/b5c8cba458c330ccff548b056e95a5d4"},"breadcrumb":{"@id":"https:\/\/franciscanos.org.br\/noticias\/festa-da-penha-tera-celebracoes-virtuais.html#breadcrumb"},"inLanguage":"pt-BR","potentialAction":[{"@type":"ReadAction","target":["https:\/\/franciscanos.org.br\/noticias\/festa-da-penha-tera-celebracoes-virtuais.html"]}]},{"@type":"BreadcrumbList","@id":"https:\/\/franciscanos.org.br\/noticias\/festa-da-penha-tera-celebracoes-virtuais.html#breadcrumb","itemListElement":[{"@type":"ListItem","position":1,"name":"Home","item":"https:\/\/franciscanos.org.br\/noticias"},{"@type":"ListItem","position":2,"name":"Festa da Penha ter\u00e1 celebra\u00e7\u00f5es virtuais"}]},{"@type":"Person","@id":"https:\/\/franciscanos.org.br\/noticias\/#\/schema\/person\/b5c8cba458c330ccff548b056e95a5d4","name":"moacir","image":{"@type":"ImageObject","inLanguage":"pt-BR","@id":"https:\/\/franciscanos.org.br\/noticias\/#\/schema\/person\/image\/","url":"https:\/\/secure.gravatar.com\/avatar\/d08aa2ce4c8dd416d4479aa8536fcf64?s=96&d=mm&r=g","contentUrl":"https:\/\/secure.gravatar.com\/avatar\/d08aa2ce4c8dd416d4479aa8536fcf64?s=96&d=mm&r=g","caption":"moacir"},"url":"https:\/\/franciscanos.org.br\/noticias\/author\/moacir"}]}},"_links":{"self":[{"href":"https:\/\/franciscanos.org.br\/noticias\/wp-json\/wp\/v2\/posts\/221939"}],"collection":[{"href":"https:\/\/franciscanos.org.br\/noticias\/wp-json\/wp\/v2\/posts"}],"about":[{"href":"https:\/\/franciscanos.org.br\/noticias\/wp-json\/wp\/v2\/types\/post"}],"author":[{"embeddable":true,"href":"https:\/\/franciscanos.org.br\/noticias\/wp-json\/wp\/v2\/users\/3"}],"replies":[{"embeddable":true,"href":"https:\/\/franciscanos.org.br\/noticias\/wp-json\/wp\/v2\/comments?post=221939"}],"version-history":[{"count":1,"href":"https:\/\/franciscanos.org.br\/noticias\/wp-json\/wp\/v2\/posts\/221939\/revisions"}],"predecessor-version":[{"id":221942,"href":"https:\/\/franciscanos.org.br\/noticias\/wp-json\/wp\/v2\/posts\/221939\/revisions\/221942"}],"wp:featuredmedia":[{"embeddable":true,"href":"https:\/\/franciscanos.org.br\/noticias\/wp-json\/wp\/v2\/media\/221940"}],"wp:attachment":[{"href":"https:\/\/franciscanos.org.br\/noticias\/wp-json\/wp\/v2\/media?parent=221939"}],"wp:term":[{"taxonomy":"category","embeddable":true,"href":"https:\/\/franciscanos.org.br\/noticias\/wp-json\/wp\/v2\/categories?post=221939"},{"taxonomy":"post_tag","embeddable":true,"href":"https:\/\/franciscanos.org.br\/noticias\/wp-json\/wp\/v2\/tags?post=221939"}],"curies":[{"name":"wp","href":"https:\/\/api.w.org\/{rel}","templated":true}]}}