{"id":221935,"date":"2020-03-19T06:47:23","date_gmt":"2020-03-19T09:47:23","guid":{"rendered":"https:\/\/franciscanos.org.br\/noticias\/?p=221935"},"modified":"2020-06-06T10:31:56","modified_gmt":"2020-06-06T13:31:56","slug":"sao-jose-um-homem-capaz-de-falar-com-o-misterio","status":"publish","type":"post","link":"https:\/\/franciscanos.org.br\/noticias\/sao-jose-um-homem-capaz-de-falar-com-o-misterio.html","title":{"rendered":"S\u00e3o Jos\u00e9: Um homem capaz de falar com o mist\u00e9rio"},"content":{"rendered":"<p><img loading=\"lazy\" class=\"alignnone wp-image-221936 size-full\" src=\"https:\/\/franciscanos.org.br\/noticias\/wp-content\/uploads\/2020\/03\/marta_19.jpg\" alt=\"\" width=\"1280\" height=\"720\" srcset=\"https:\/\/franciscanos.org.br\/noticias\/wp-content\/uploads\/2020\/03\/marta_19.jpg 1280w, https:\/\/franciscanos.org.br\/noticias\/wp-content\/uploads\/2020\/03\/marta_19-450x253.jpg 450w, https:\/\/franciscanos.org.br\/noticias\/wp-content\/uploads\/2020\/03\/marta_19-1024x576.jpg 1024w, https:\/\/franciscanos.org.br\/noticias\/wp-content\/uploads\/2020\/03\/marta_19-768x432.jpg 768w, https:\/\/franciscanos.org.br\/noticias\/wp-content\/uploads\/2020\/03\/marta_19-150x84.jpg 150w\" sizes=\"(max-width: 1280px) 100vw, 1280px\" \/><\/p>\n<p><strong>Cidade do Vaticano<\/strong> &#8211; O Papa celebrou na manh\u00e3 desta quinta-feira (19\/03), na Casa Santa Marta, a Santa Missa na Solenidade de S\u00e3o Jos\u00e9, esposo da Virgem Maria e Patrono universal da Igreja e no s\u00e9timo anivers\u00e1rio do in\u00edcio de seu minist\u00e9rio petrino (19 de mar\u00e7o de 2013). Ao introduzir a celebra\u00e7\u00e3o eucar\u00edstica, dirigiu a sua ora\u00e7\u00e3o aos encarcerados neste momento de emerg\u00eancia caracterizado por tantas restri\u00e7\u00f5es devido \u00e0 pandemia do coronav\u00edrus.<\/p>\n<p>Rezemos hoje pelos irm\u00e3os e as irm\u00e3s que se encontram no c\u00e1rcere: eles sofrem muito, pela incerteza daquilo que acontecer\u00e1 dentro do c\u00e1rcere, e tamb\u00e9m pensando em suas fam\u00edlias, como est\u00e3o, se algu\u00e9m est\u00e1 doente, se falta alguma coisa. Estejamos hoje pr\u00f3ximos dos encarcerados, que sofrem muito neste momento de incerteza e de dor.<\/p>\n<p>Comentando o Evangelho do dia, recordou a import\u00e2ncia da ora\u00e7\u00e3o de adora\u00e7\u00e3o. A seguir, o texto da homilia transcrita pelo <em>Vatican News<\/em>:<\/p>\n<p>O Evangelho (Mt 1,16.18-21.24) nos diz que Jos\u00e9 era \u201cjusto\u201d, ou seja, um homem de f\u00e9, que vivia a f\u00e9. Um homem que pode ser inclu\u00eddo na lista de todas aquelas pessoas de f\u00e9 que recordamos hoje no Of\u00edcio das leituras. Aquelas pessoas que viveram a f\u00e9 como fundamento daquilo que se espera, como garantia daquilo que n\u00e3o se v\u00ea, e a prova n\u00e3o se v\u00ea. Jos\u00e9 \u00e9 homem de f\u00e9: por isso era \u201cjusto\u201d. N\u00e3o somente porque acreditava, mas tamb\u00e9m vivia esta f\u00e9. Homem \u201cjusto\u201d. Foi eleito para educar um homem que era verdadeiro homem, mas tamb\u00e9m era Deus: era preciso um homem-Deus para educar um homem assim, mas n\u00e3o havia. O Senhor escolheu um \u201cjusto\u201d, um homem de f\u00e9. Um homem capaz de ser humano e tamb\u00e9m capaz de falar com Deus, de entrar no mist\u00e9rio de Deus. E essa foi a vida de Jos\u00e9. Viver a sua profiss\u00e3o, a sua vida de homem e entrar no mist\u00e9rio. Um homem capaz de falar com o mist\u00e9rio, de dialogar com o mist\u00e9rio de Deus. N\u00e3o era um sonhador. Entrava no mist\u00e9rio. Com a mesma naturalidade com a qual levava adiante a sua profiss\u00e3o, com essa precis\u00e3o de sua profiss\u00e3o: ele era capaz de ajustar milimetricamente uma quina na madeira, sabia faz\u00ea-lo; era capaz de rebaixar, de diminuir um mil\u00edmetro na madeira, na superf\u00edcie de uma madeira. Justo, era preciso. Mas tamb\u00e9m era capaz de entrar no mist\u00e9rio que ele n\u00e3o podia controlar.<\/p>\n<p>Esta \u00e9 a santidade de Jos\u00e9: levar adiante a sua vida, o seu trabalho com justeza, com profissionalismo; e no momento, entrar no mist\u00e9rio. Quando o Evangelho nos fala dos sonhos de Jos\u00e9 nos faz entender isto: entra no mist\u00e9rio.<\/p>\n<p>Penso na Igreja, hoje, nesta solenidade de S\u00e3o Jos\u00e9. Os nossos fi\u00e9is, nossos bispos, nossos sacerdotes, nossos consagrados e consagradas, os Papas: s\u00e3o capazes de entrar no mist\u00e9rio? Ou precisam ajustar-se segundo as prescri\u00e7\u00f5es que os defendem daquilo que n\u00e3o podem controlar? Quando a Igreja perde a possibilidade de entrar no mist\u00e9rio, perde a capacidade de adorar. A ora\u00e7\u00e3o de adora\u00e7\u00e3o \u00e9 poss\u00edvel somente quando se entra no mist\u00e9rio de Deus.<\/p>\n<p>Pe\u00e7amos ao Senhor a gra\u00e7a que a Igreja possa viver na concretude da vida cotidiana e tamb\u00e9m na concretude \u2013 entre aspas \u2013 do mist\u00e9rio. Se n\u00e3o puder faz\u00ea-lo, ser\u00e1 uma Igreja pela metade, ser\u00e1 uma associa\u00e7\u00e3o piedosa, levada adiante por prescri\u00e7\u00f5es, mas sem o sentido da adora\u00e7\u00e3o. Entrar no mist\u00e9rio n\u00e3o \u00e9 sonhar; entrar no mist\u00e9rio \u00e9 precisamente isto: adorar. Entrar no mist\u00e9rio \u00e9 fazer aquilo que faremos no futuro, quando chegaremos \u00e0 presen\u00e7a de Deus: adorar. Que o Senhor conceda \u00e0 Igreja essa gra\u00e7a.<\/p>\n<p>Antes de concluir a Missa o Papa convidou \u00e0 Comunh\u00e3o espiritual neste tempo dif\u00edcil devido \u00e0 pandemia do coronav\u00edrus, que causou na It\u00e1lia a suspens\u00e3o das Missas com a participa\u00e7\u00e3o dos fi\u00e9is para evitar todo cont\u00e1gio. Francisco terminou a celebra\u00e7\u00e3o com a adora\u00e7\u00e3o e a b\u00ean\u00e7\u00e3o eucar\u00edstica. A seguir, as palavras do Santo Padre seguidas da ora\u00e7\u00e3o para a Comunh\u00e3o espiritual.<\/p>\n<p>A todos aqueles que est\u00e3o longe e acompanham a Missa por televis\u00f5es, convido a fazer a comunh\u00e3o espiritual.<\/p>\n<p style=\"padding-left: 40px;\"><em>Aos vossos p\u00e9s, \u00f3 meu Jesus, me prostro e vos ofere\u00e7o o arrependimento do meu cora\u00e7\u00e3o contrito que mergulha no vosso e na Vossa santa presen\u00e7a. Eu vos adoro no Sacramento do vosso amor, desejo receber-vos na pobre morada que meu cora\u00e7\u00e3o vos oferece. \u00c0 espera da felicidade da comunh\u00e3o sacramental, quero possuir-vos em Esp\u00edrito. Vinde a mim, \u00f3 meu Jesus, que eu venha a v\u00f3s. Que o vosso amor possa inflamar todo o meu ser, para a vida e para a morte. Creio em v\u00f3s, espero em v\u00f3s. Eu vos amo. Assim seja.<\/em><\/p>\n<hr \/>\n<p><em>Fonte: Vaticam News<\/em><\/p>\n","protected":false},"excerpt":{"rendered":"<p>Missa em Santa Marta<\/p>\n","protected":false},"author":3,"featured_media":221937,"comment_status":"open","ping_status":"open","sticky":false,"template":"","format":"standard","meta":[],"categories":[1428],"tags":[1586],"acf":[],"yoast_head":"<!-- This site is optimized with the Yoast SEO plugin v19.2 - https:\/\/yoast.com\/wordpress\/plugins\/seo\/ -->\n<title>S\u00e3o Jos\u00e9: Um homem capaz de falar com o mist\u00e9rio - Not\u00edcias - Franciscanos<\/title>\n<meta name=\"robots\" content=\"index, follow, max-snippet:-1, max-image-preview:large, max-video-preview:-1\" \/>\n<link rel=\"canonical\" href=\"https:\/\/franciscanos.org.br\/noticias\/sao-jose-um-homem-capaz-de-falar-com-o-misterio.html\" \/>\n<meta property=\"og:locale\" content=\"pt_BR\" \/>\n<meta property=\"og:type\" content=\"article\" \/>\n<meta property=\"og:title\" content=\"S\u00e3o Jos\u00e9: Um homem capaz de falar com o mist\u00e9rio - Not\u00edcias - Franciscanos\" \/>\n<meta property=\"og:description\" content=\"Missa em Santa Marta\" \/>\n<meta property=\"og:url\" content=\"https:\/\/franciscanos.org.br\/noticias\/sao-jose-um-homem-capaz-de-falar-com-o-misterio.html\" \/>\n<meta property=\"og:site_name\" content=\"Not\u00edcias - Franciscanos\" \/>\n<meta property=\"article:published_time\" content=\"2020-03-19T09:47:23+00:00\" \/>\n<meta property=\"article:modified_time\" content=\"2020-06-06T13:31:56+00:00\" \/>\n<meta property=\"og:image\" content=\"https:\/\/franciscanos.org.br\/noticias\/wp-content\/uploads\/2020\/03\/marta_19d.jpg\" \/>\n\t<meta property=\"og:image:width\" content=\"273\" \/>\n\t<meta property=\"og:image:height\" content=\"181\" \/>\n\t<meta property=\"og:image:type\" content=\"image\/jpeg\" \/>\n<meta name=\"author\" content=\"moacir\" \/>\n<meta name=\"twitter:card\" content=\"summary_large_image\" \/>\n<meta name=\"twitter:label1\" content=\"Escrito por\" \/>\n\t<meta name=\"twitter:data1\" content=\"moacir\" \/>\n\t<meta name=\"twitter:label2\" content=\"Est. tempo de leitura\" \/>\n\t<meta name=\"twitter:data2\" content=\"4 minutos\" \/>\n<script type=\"application\/ld+json\" class=\"yoast-schema-graph\">{\"@context\":\"https:\/\/schema.org\",\"@graph\":[{\"@type\":\"WebSite\",\"@id\":\"https:\/\/franciscanos.org.br\/noticias\/#website\",\"url\":\"https:\/\/franciscanos.org.br\/noticias\/\",\"name\":\"Not\u00edcias - Franciscanos\",\"description\":\"Prov\u00edncia Franciscana da Imaculada Concei\u00e7\u00e3o do Brasil - Ordem dos Frades Menores - OFM\",\"potentialAction\":[{\"@type\":\"SearchAction\",\"target\":{\"@type\":\"EntryPoint\",\"urlTemplate\":\"https:\/\/franciscanos.org.br\/noticias\/?s={search_term_string}\"},\"query-input\":\"required name=search_term_string\"}],\"inLanguage\":\"pt-BR\"},{\"@type\":\"ImageObject\",\"inLanguage\":\"pt-BR\",\"@id\":\"https:\/\/franciscanos.org.br\/noticias\/sao-jose-um-homem-capaz-de-falar-com-o-misterio.html#primaryimage\",\"url\":\"https:\/\/franciscanos.org.br\/noticias\/wp-content\/uploads\/2020\/03\/marta_19d.jpg\",\"contentUrl\":\"https:\/\/franciscanos.org.br\/noticias\/wp-content\/uploads\/2020\/03\/marta_19d.jpg\",\"width\":273,\"height\":181},{\"@type\":\"WebPage\",\"@id\":\"https:\/\/franciscanos.org.br\/noticias\/sao-jose-um-homem-capaz-de-falar-com-o-misterio.html#webpage\",\"url\":\"https:\/\/franciscanos.org.br\/noticias\/sao-jose-um-homem-capaz-de-falar-com-o-misterio.html\",\"name\":\"S\u00e3o Jos\u00e9: Um homem capaz de falar com o mist\u00e9rio - Not\u00edcias - Franciscanos\",\"isPartOf\":{\"@id\":\"https:\/\/franciscanos.org.br\/noticias\/#website\"},\"primaryImageOfPage\":{\"@id\":\"https:\/\/franciscanos.org.br\/noticias\/sao-jose-um-homem-capaz-de-falar-com-o-misterio.html#primaryimage\"},\"datePublished\":\"2020-03-19T09:47:23+00:00\",\"dateModified\":\"2020-06-06T13:31:56+00:00\",\"author\":{\"@id\":\"https:\/\/franciscanos.org.br\/noticias\/#\/schema\/person\/b5c8cba458c330ccff548b056e95a5d4\"},\"breadcrumb\":{\"@id\":\"https:\/\/franciscanos.org.br\/noticias\/sao-jose-um-homem-capaz-de-falar-com-o-misterio.html#breadcrumb\"},\"inLanguage\":\"pt-BR\",\"potentialAction\":[{\"@type\":\"ReadAction\",\"target\":[\"https:\/\/franciscanos.org.br\/noticias\/sao-jose-um-homem-capaz-de-falar-com-o-misterio.html\"]}]},{\"@type\":\"BreadcrumbList\",\"@id\":\"https:\/\/franciscanos.org.br\/noticias\/sao-jose-um-homem-capaz-de-falar-com-o-misterio.html#breadcrumb\",\"itemListElement\":[{\"@type\":\"ListItem\",\"position\":1,\"name\":\"Home\",\"item\":\"https:\/\/franciscanos.org.br\/noticias\"},{\"@type\":\"ListItem\",\"position\":2,\"name\":\"S\u00e3o Jos\u00e9: Um homem capaz de falar com o mist\u00e9rio\"}]},{\"@type\":\"Person\",\"@id\":\"https:\/\/franciscanos.org.br\/noticias\/#\/schema\/person\/b5c8cba458c330ccff548b056e95a5d4\",\"name\":\"moacir\",\"image\":{\"@type\":\"ImageObject\",\"inLanguage\":\"pt-BR\",\"@id\":\"https:\/\/franciscanos.org.br\/noticias\/#\/schema\/person\/image\/\",\"url\":\"https:\/\/secure.gravatar.com\/avatar\/d08aa2ce4c8dd416d4479aa8536fcf64?s=96&d=mm&r=g\",\"contentUrl\":\"https:\/\/secure.gravatar.com\/avatar\/d08aa2ce4c8dd416d4479aa8536fcf64?s=96&d=mm&r=g\",\"caption\":\"moacir\"},\"url\":\"https:\/\/franciscanos.org.br\/noticias\/author\/moacir\"}]}<\/script>\n<!-- \/ Yoast SEO plugin. -->","yoast_head_json":{"title":"S\u00e3o Jos\u00e9: Um homem capaz de falar com o mist\u00e9rio - Not\u00edcias - Franciscanos","robots":{"index":"index","follow":"follow","max-snippet":"max-snippet:-1","max-image-preview":"max-image-preview:large","max-video-preview":"max-video-preview:-1"},"canonical":"https:\/\/franciscanos.org.br\/noticias\/sao-jose-um-homem-capaz-de-falar-com-o-misterio.html","og_locale":"pt_BR","og_type":"article","og_title":"S\u00e3o Jos\u00e9: Um homem capaz de falar com o mist\u00e9rio - Not\u00edcias - Franciscanos","og_description":"Missa em Santa Marta","og_url":"https:\/\/franciscanos.org.br\/noticias\/sao-jose-um-homem-capaz-de-falar-com-o-misterio.html","og_site_name":"Not\u00edcias - Franciscanos","article_published_time":"2020-03-19T09:47:23+00:00","article_modified_time":"2020-06-06T13:31:56+00:00","og_image":[{"width":273,"height":181,"url":"https:\/\/franciscanos.org.br\/noticias\/wp-content\/uploads\/2020\/03\/marta_19d.jpg","type":"image\/jpeg"}],"author":"moacir","twitter_card":"summary_large_image","twitter_misc":{"Escrito por":"moacir","Est. tempo de leitura":"4 minutos"},"schema":{"@context":"https:\/\/schema.org","@graph":[{"@type":"WebSite","@id":"https:\/\/franciscanos.org.br\/noticias\/#website","url":"https:\/\/franciscanos.org.br\/noticias\/","name":"Not\u00edcias - Franciscanos","description":"Prov\u00edncia Franciscana da Imaculada Concei\u00e7\u00e3o do Brasil - Ordem dos Frades Menores - OFM","potentialAction":[{"@type":"SearchAction","target":{"@type":"EntryPoint","urlTemplate":"https:\/\/franciscanos.org.br\/noticias\/?s={search_term_string}"},"query-input":"required name=search_term_string"}],"inLanguage":"pt-BR"},{"@type":"ImageObject","inLanguage":"pt-BR","@id":"https:\/\/franciscanos.org.br\/noticias\/sao-jose-um-homem-capaz-de-falar-com-o-misterio.html#primaryimage","url":"https:\/\/franciscanos.org.br\/noticias\/wp-content\/uploads\/2020\/03\/marta_19d.jpg","contentUrl":"https:\/\/franciscanos.org.br\/noticias\/wp-content\/uploads\/2020\/03\/marta_19d.jpg","width":273,"height":181},{"@type":"WebPage","@id":"https:\/\/franciscanos.org.br\/noticias\/sao-jose-um-homem-capaz-de-falar-com-o-misterio.html#webpage","url":"https:\/\/franciscanos.org.br\/noticias\/sao-jose-um-homem-capaz-de-falar-com-o-misterio.html","name":"S\u00e3o Jos\u00e9: Um homem capaz de falar com o mist\u00e9rio - Not\u00edcias - Franciscanos","isPartOf":{"@id":"https:\/\/franciscanos.org.br\/noticias\/#website"},"primaryImageOfPage":{"@id":"https:\/\/franciscanos.org.br\/noticias\/sao-jose-um-homem-capaz-de-falar-com-o-misterio.html#primaryimage"},"datePublished":"2020-03-19T09:47:23+00:00","dateModified":"2020-06-06T13:31:56+00:00","author":{"@id":"https:\/\/franciscanos.org.br\/noticias\/#\/schema\/person\/b5c8cba458c330ccff548b056e95a5d4"},"breadcrumb":{"@id":"https:\/\/franciscanos.org.br\/noticias\/sao-jose-um-homem-capaz-de-falar-com-o-misterio.html#breadcrumb"},"inLanguage":"pt-BR","potentialAction":[{"@type":"ReadAction","target":["https:\/\/franciscanos.org.br\/noticias\/sao-jose-um-homem-capaz-de-falar-com-o-misterio.html"]}]},{"@type":"BreadcrumbList","@id":"https:\/\/franciscanos.org.br\/noticias\/sao-jose-um-homem-capaz-de-falar-com-o-misterio.html#breadcrumb","itemListElement":[{"@type":"ListItem","position":1,"name":"Home","item":"https:\/\/franciscanos.org.br\/noticias"},{"@type":"ListItem","position":2,"name":"S\u00e3o Jos\u00e9: Um homem capaz de falar com o mist\u00e9rio"}]},{"@type":"Person","@id":"https:\/\/franciscanos.org.br\/noticias\/#\/schema\/person\/b5c8cba458c330ccff548b056e95a5d4","name":"moacir","image":{"@type":"ImageObject","inLanguage":"pt-BR","@id":"https:\/\/franciscanos.org.br\/noticias\/#\/schema\/person\/image\/","url":"https:\/\/secure.gravatar.com\/avatar\/d08aa2ce4c8dd416d4479aa8536fcf64?s=96&d=mm&r=g","contentUrl":"https:\/\/secure.gravatar.com\/avatar\/d08aa2ce4c8dd416d4479aa8536fcf64?s=96&d=mm&r=g","caption":"moacir"},"url":"https:\/\/franciscanos.org.br\/noticias\/author\/moacir"}]}},"_links":{"self":[{"href":"https:\/\/franciscanos.org.br\/noticias\/wp-json\/wp\/v2\/posts\/221935"}],"collection":[{"href":"https:\/\/franciscanos.org.br\/noticias\/wp-json\/wp\/v2\/posts"}],"about":[{"href":"https:\/\/franciscanos.org.br\/noticias\/wp-json\/wp\/v2\/types\/post"}],"author":[{"embeddable":true,"href":"https:\/\/franciscanos.org.br\/noticias\/wp-json\/wp\/v2\/users\/3"}],"replies":[{"embeddable":true,"href":"https:\/\/franciscanos.org.br\/noticias\/wp-json\/wp\/v2\/comments?post=221935"}],"version-history":[{"count":2,"href":"https:\/\/franciscanos.org.br\/noticias\/wp-json\/wp\/v2\/posts\/221935\/revisions"}],"predecessor-version":[{"id":224527,"href":"https:\/\/franciscanos.org.br\/noticias\/wp-json\/wp\/v2\/posts\/221935\/revisions\/224527"}],"wp:featuredmedia":[{"embeddable":true,"href":"https:\/\/franciscanos.org.br\/noticias\/wp-json\/wp\/v2\/media\/221937"}],"wp:attachment":[{"href":"https:\/\/franciscanos.org.br\/noticias\/wp-json\/wp\/v2\/media?parent=221935"}],"wp:term":[{"taxonomy":"category","embeddable":true,"href":"https:\/\/franciscanos.org.br\/noticias\/wp-json\/wp\/v2\/categories?post=221935"},{"taxonomy":"post_tag","embeddable":true,"href":"https:\/\/franciscanos.org.br\/noticias\/wp-json\/wp\/v2\/tags?post=221935"}],"curies":[{"name":"wp","href":"https:\/\/api.w.org\/{rel}","templated":true}]}}