{"id":221929,"date":"2020-03-18T07:29:40","date_gmt":"2020-03-18T10:29:40","guid":{"rendered":"https:\/\/franciscanos.org.br\/noticias\/?p=221929"},"modified":"2021-08-29T12:50:03","modified_gmt":"2021-08-29T15:50:03","slug":"o-segredo-da-misericordia-perdoar-e-ser-perdoado","status":"publish","type":"post","link":"https:\/\/franciscanos.org.br\/noticias\/o-segredo-da-misericordia-perdoar-e-ser-perdoado.html","title":{"rendered":"O segredo da miseric\u00f3rdia: perdoar e ser perdoado"},"content":{"rendered":"<div id=\"attachment_221930\" style=\"width: 1010px\" class=\"wp-caption alignnone\"><img aria-describedby=\"caption-attachment-221930\" loading=\"lazy\" class=\"wp-image-221930 size-full\" src=\"https:\/\/franciscanos.org.br\/noticias\/wp-content\/uploads\/2020\/03\/audiencia.jpeg\" alt=\"\" width=\"1000\" height=\"563\" srcset=\"https:\/\/franciscanos.org.br\/noticias\/wp-content\/uploads\/2020\/03\/audiencia.jpeg 1000w, https:\/\/franciscanos.org.br\/noticias\/wp-content\/uploads\/2020\/03\/audiencia-450x253.jpeg 450w, https:\/\/franciscanos.org.br\/noticias\/wp-content\/uploads\/2020\/03\/audiencia-768x432.jpeg 768w, https:\/\/franciscanos.org.br\/noticias\/wp-content\/uploads\/2020\/03\/audiencia-150x84.jpeg 150w\" sizes=\"(max-width: 1000px) 100vw, 1000px\" \/><p id=\"caption-attachment-221930\" class=\"wp-caption-text\">\u00a0 \u00a0 \u00a0 \u00a0 \u00a0 \u00a0 \u00a0 \u00a0 \u00a0 \u00a0 \u00a0 \u00a0 \u00a0 \u00a0 \u00a0 \u00a0 \u00a0 \u00a0 \u00a0 \u00a0 \u00a0 \u00a0 \u00a0 \u00a0 \u00a0 \u00a0 \u00a0 \u00a0 \u00a0 \u00a0 \u00a0 \u00a0 \u00a0 \u00a0 \u00a0 \u00a0 \u00a0 \u00a0 \u00a0 \u00a0 \u00a0 \u00a0 \u00a0 \u00a0 \u00a0 \u00a0 \u00a0 \u00a0 \u00a0 \u00a0 \u00a0 \u00a0 \u00a0 \u00a0 \u00a0 \u00a0 \u00a0 \u00a0 <em>\u00a0 \u00a0 \u00a0Imagem: Vatican Media<\/em><\/p><\/div>\n<p><strong>Cidade do Vaticano<\/strong> &#8211; Pela segunda vez, a pandemia de coronav\u00edrus obrigou o Papa Francisco a realizar a Audi\u00eancia Geral de dentro da Biblioteca do Pal\u00e1cio Apost\u00f3lico. O evento \u00e9 mais breve do que o habitual, justamente porque n\u00e3o h\u00e1 fi\u00e9is presentes e, portanto, n\u00e3o h\u00e1 o contato do Papa com os peregrinos. Mas a Audi\u00eancia n\u00e3o perde a sua ess\u00eancia, que \u00e9 a transmiss\u00e3o da Palavra de Deus atrav\u00e9s das Sagradas Escrituras ou dos ensinamentos da Igreja.<\/p>\n<p>De fato, o Pont\u00edfice deu continuidade ao ciclo de catequeses sobre as bem-aventuran\u00e7as, comentando desta vez a quinta delas: bem-aventurados os misericordiosos porque alcan\u00e7ar\u00e3o miseric\u00f3rdia (Mt 5,7).<\/p>\n<p><strong>Ser \u201cmisericordiado\u201d<\/strong><br \/>\nEsta bem-aventuran\u00e7a, notou o Papa, cont\u00e9m uma particularidade: \u00e9 a \u00fanica em que a causa e a consequ\u00eancia da felicidade coincidem. Quem exerce miseric\u00f3rdia, encontrar\u00e1 miseric\u00f3rdia, ser\u00e1 \u201cmisericordiado\u201d.<\/p>\n<p>Este tema da reciprocidade do perd\u00e3o n\u00e3o est\u00e1 presente somente nesta bem-aventuran\u00e7a, explicou Francisco, mas \u00e9 recorrente no Evangelho. \u201cA miseric\u00f3rdia \u00e9 o pr\u00f3prio cora\u00e7\u00e3o de Deus!\u201d<\/p>\n<p><strong>Perdoar \u00e9 como escalar uma montanha<\/strong><br \/>\nO Papa prosseguiu recordando que h\u00e1 duas coisas que n\u00e3o podem se separar: o perd\u00e3o dado e o perd\u00e3o recebido. \u201cMas tantas pessoas est\u00e3o em dificuldade, n\u00e3o conseguem perdoar. Muitas vezes, o mal recebido \u00e9 t\u00e3o grande que conseguir perdoar \u00e9 como escalar uma montanha alt\u00edssima. Um esfor\u00e7o enorme. Isso n\u00e3o d\u00e1.\u201d<\/p>\n<p>Todavia, a reciprocidade da miseric\u00f3rdia indica que \u00e9 necess\u00e1rio inverter a perspectiva. &#8220;Mas sozinhos n\u00e3o podemos. \u00c9 necess\u00e1ria a gra\u00e7a de Deus e devemos pedi-la.&#8221;<\/p>\n<p>\u201cTodos somos pecadores. Todos. Em rela\u00e7\u00e3o a Deus e em rela\u00e7\u00e3o aos irm\u00e3os. Cada um sabe que n\u00e3o \u00e9 o pai ou a m\u00e3e que deveria ser, o esposo ou a esposa, o irm\u00e3o ou a irm\u00e3 que deveria ser. Todos estamos em d\u00e9ficit na vida e precisamos de miseric\u00f3rdia. Sabemos que, mesmo n\u00e3o cometendo o mal, sempre falta algo ao bem que dever\u00edamos ter feito.\u201d<\/p>\n<p><strong>Miseric\u00f3rdia, o centro da vida crist\u00e3<\/strong><br \/>\nMas \u00e9 propriamente esta nossa pobreza, continuou Francisco, que se torna a for\u00e7a para perdoar. Cada um deve lembrar que precisa de perd\u00e3o e de paci\u00eancia; este \u00e9 o segredo da miseric\u00f3rdia: perdoando se \u00e9 perdoado. Por isso, Deus nos precede e nos perdoa por primeiro. Recebendo o seu perd\u00e3o, nos tornamos capazes de perdoar.<\/p>\n<p>A miseric\u00f3rdia, ressaltou o Pont\u00edfice, n\u00e3o \u00e9 uma dimens\u00e3o entre as outras, mas \u00e9 o centro da vida crist\u00e3: \u201cn\u00e3o existe cristianismo sem miseric\u00f3rdia\u201d, afirmou Francisco, citando S\u00e3o Jo\u00e3o Paulo II. Se o nosso cristianismo n\u00e3o nos leva \u00e0 miseric\u00f3rdia, erramos o caminho, porque a miseric\u00f3rdia \u00e9 a \u00fanica verdadeira meta de todo caminho espiritual, um dos frutos mais belos da caridade.<\/p>\n<p><strong>O primeiro Angelus como Papa<\/strong><br \/>\nO Pont\u00edfice citou uma lembran\u00e7a, do seu primeiro Angelus como Papa, cujo tema foi precisamente a miseric\u00f3rdia.<\/p>\n<p>&#8220;Isso ficou muito impresso em mim, como uma mensagem que, como Papa, deveria dar sempre, todos os dias: a miseric\u00f3rdia. Lembro que naquele dia tive uma atitude &#8216;atrevida&#8217; de fazer publicidade de um livro sobre a miseric\u00f3rdia que tinha acabado de ser lan\u00e7ado do cardeal Kasper. E aquele dia senti muito forte isso: &#8216;\u00c9 a mensagem que devo dar como Bispo de Roma. Miseric\u00f3rdia: miseric\u00f3rdia, por favor. Perd\u00e3o&#8221;<\/p>\n<p>\u201cA miseric\u00f3rdia de Deus \u00e9 a nossa liberta\u00e7\u00e3o e a nossa felicidade\u201d, concluiu o Papa. N\u00f3s vivemos de miseric\u00f3rdia e n\u00e3o podemos no permitir ficar sem ela. \u201cSomos demasiados pobres para colocar condi\u00e7\u00f5es, necessitamos perdoar, porque precisamos ser perdoados.\u201d<\/p>\n<hr \/>\n<p><strong>S\u00c3O JOS\u00c9<\/strong><\/p>\n<p>Ao final da Audi\u00eancia Geral, o Papa recordou que na quinta-feira (19\/03) a Igreja celebra a solenidade de S\u00e3o Jos\u00e9.<\/p>\n<p>\u201cNa vida, no trabalho, na fam\u00edlia, na alegria e na dor ele sempre buscou e amou o Senhor, merecendo nas Escrituras o reconhecimento de homem justo e s\u00e1bio. Invoquem-no sempre, especialmente nos momentos dif\u00edceis, e confiem a exist\u00eancia a este grande Santo.\u201d<\/p>\n<p>Por ocasi\u00e3o da festa de S\u00e3o Jos\u00e9, a Igreja italiana convocou os fi\u00e9is a um momento de ora\u00e7\u00e3o por todo o pa\u00eds, que est\u00e1 sofrendo com o coronav\u00edrus.<\/p>\n<p>O convite a todas as fam\u00edlias, fi\u00e9is e comunidades religiosas \u00e9 se unir espiritualmente \u00e0s 21h para rezar o Ter\u00e7o, com os mist\u00e9rios luminosos.<\/p>\n<p>\u201cEu os acompanharei. Ao rosto luminoso e transfigurado de Cristo e ao seu Cora\u00e7\u00e3o, nos conduza Maria, M\u00e3e de Deus, sa\u00fade dos enfermos, \u00e0 qual nos dirigimos com a ora\u00e7\u00e3o do Ter\u00e7o, sob o olhar amoroso de S\u00e3o Jos\u00e9, protetor da Santa Fam\u00edlia e das nossas fam\u00edlias. E pe\u00e7amos que Ele proteja as nossas fam\u00edlias . De modo especial, que proteja os doentes e as pessoas que est\u00e3o cuidados dos doentes: m\u00e9dicos, enfermeiros, enfermeiras e os volunt\u00e1rios, que arriscam a vida neste servi\u00e7o.\u201d<\/p>\n<hr \/>\n<p><em>Fonte: Vatican News<\/em><\/p>\n","protected":false},"excerpt":{"rendered":"<p>Audi\u00eancia Geral<\/p>\n","protected":false},"author":3,"featured_media":221931,"comment_status":"open","ping_status":"open","sticky":false,"template":"","format":"standard","meta":[],"categories":[1428],"tags":[487],"acf":[],"yoast_head":"<!-- This site is optimized with the Yoast SEO plugin v19.2 - https:\/\/yoast.com\/wordpress\/plugins\/seo\/ -->\n<title>O segredo da miseric\u00f3rdia: perdoar e ser perdoado - Not\u00edcias - Franciscanos<\/title>\n<meta name=\"robots\" content=\"index, follow, max-snippet:-1, max-image-preview:large, max-video-preview:-1\" \/>\n<link rel=\"canonical\" href=\"https:\/\/franciscanos.org.br\/noticias\/o-segredo-da-misericordia-perdoar-e-ser-perdoado.html\" \/>\n<meta property=\"og:locale\" content=\"pt_BR\" \/>\n<meta property=\"og:type\" content=\"article\" \/>\n<meta property=\"og:title\" content=\"O segredo da miseric\u00f3rdia: perdoar e ser perdoado - Not\u00edcias - Franciscanos\" \/>\n<meta property=\"og:description\" content=\"Audi\u00eancia Geral\" \/>\n<meta property=\"og:url\" content=\"https:\/\/franciscanos.org.br\/noticias\/o-segredo-da-misericordia-perdoar-e-ser-perdoado.html\" \/>\n<meta property=\"og:site_name\" content=\"Not\u00edcias - Franciscanos\" \/>\n<meta property=\"article:published_time\" content=\"2020-03-18T10:29:40+00:00\" \/>\n<meta property=\"article:modified_time\" content=\"2021-08-29T15:50:03+00:00\" \/>\n<meta property=\"og:image\" content=\"https:\/\/franciscanos.org.br\/noticias\/wp-content\/uploads\/2020\/03\/audiencia_18.jpg\" \/>\n\t<meta property=\"og:image:width\" content=\"273\" \/>\n\t<meta property=\"og:image:height\" content=\"181\" \/>\n\t<meta property=\"og:image:type\" content=\"image\/jpeg\" \/>\n<meta name=\"author\" content=\"moacir\" \/>\n<meta name=\"twitter:card\" content=\"summary_large_image\" \/>\n<meta name=\"twitter:label1\" content=\"Escrito por\" \/>\n\t<meta name=\"twitter:data1\" content=\"moacir\" \/>\n\t<meta name=\"twitter:label2\" content=\"Est. tempo de leitura\" \/>\n\t<meta name=\"twitter:data2\" content=\"4 minutos\" \/>\n<script type=\"application\/ld+json\" class=\"yoast-schema-graph\">{\"@context\":\"https:\/\/schema.org\",\"@graph\":[{\"@type\":\"WebSite\",\"@id\":\"https:\/\/franciscanos.org.br\/noticias\/#website\",\"url\":\"https:\/\/franciscanos.org.br\/noticias\/\",\"name\":\"Not\u00edcias - Franciscanos\",\"description\":\"Prov\u00edncia Franciscana da Imaculada Concei\u00e7\u00e3o do Brasil - Ordem dos Frades Menores - OFM\",\"potentialAction\":[{\"@type\":\"SearchAction\",\"target\":{\"@type\":\"EntryPoint\",\"urlTemplate\":\"https:\/\/franciscanos.org.br\/noticias\/?s={search_term_string}\"},\"query-input\":\"required name=search_term_string\"}],\"inLanguage\":\"pt-BR\"},{\"@type\":\"ImageObject\",\"inLanguage\":\"pt-BR\",\"@id\":\"https:\/\/franciscanos.org.br\/noticias\/o-segredo-da-misericordia-perdoar-e-ser-perdoado.html#primaryimage\",\"url\":\"https:\/\/franciscanos.org.br\/noticias\/wp-content\/uploads\/2020\/03\/audiencia_18.jpg\",\"contentUrl\":\"https:\/\/franciscanos.org.br\/noticias\/wp-content\/uploads\/2020\/03\/audiencia_18.jpg\",\"width\":273,\"height\":181},{\"@type\":\"WebPage\",\"@id\":\"https:\/\/franciscanos.org.br\/noticias\/o-segredo-da-misericordia-perdoar-e-ser-perdoado.html#webpage\",\"url\":\"https:\/\/franciscanos.org.br\/noticias\/o-segredo-da-misericordia-perdoar-e-ser-perdoado.html\",\"name\":\"O segredo da miseric\u00f3rdia: perdoar e ser perdoado - Not\u00edcias - Franciscanos\",\"isPartOf\":{\"@id\":\"https:\/\/franciscanos.org.br\/noticias\/#website\"},\"primaryImageOfPage\":{\"@id\":\"https:\/\/franciscanos.org.br\/noticias\/o-segredo-da-misericordia-perdoar-e-ser-perdoado.html#primaryimage\"},\"datePublished\":\"2020-03-18T10:29:40+00:00\",\"dateModified\":\"2021-08-29T15:50:03+00:00\",\"author\":{\"@id\":\"https:\/\/franciscanos.org.br\/noticias\/#\/schema\/person\/b5c8cba458c330ccff548b056e95a5d4\"},\"breadcrumb\":{\"@id\":\"https:\/\/franciscanos.org.br\/noticias\/o-segredo-da-misericordia-perdoar-e-ser-perdoado.html#breadcrumb\"},\"inLanguage\":\"pt-BR\",\"potentialAction\":[{\"@type\":\"ReadAction\",\"target\":[\"https:\/\/franciscanos.org.br\/noticias\/o-segredo-da-misericordia-perdoar-e-ser-perdoado.html\"]}]},{\"@type\":\"BreadcrumbList\",\"@id\":\"https:\/\/franciscanos.org.br\/noticias\/o-segredo-da-misericordia-perdoar-e-ser-perdoado.html#breadcrumb\",\"itemListElement\":[{\"@type\":\"ListItem\",\"position\":1,\"name\":\"Home\",\"item\":\"https:\/\/franciscanos.org.br\/noticias\"},{\"@type\":\"ListItem\",\"position\":2,\"name\":\"O segredo da miseric\u00f3rdia: perdoar e ser perdoado\"}]},{\"@type\":\"Person\",\"@id\":\"https:\/\/franciscanos.org.br\/noticias\/#\/schema\/person\/b5c8cba458c330ccff548b056e95a5d4\",\"name\":\"moacir\",\"image\":{\"@type\":\"ImageObject\",\"inLanguage\":\"pt-BR\",\"@id\":\"https:\/\/franciscanos.org.br\/noticias\/#\/schema\/person\/image\/\",\"url\":\"https:\/\/secure.gravatar.com\/avatar\/d08aa2ce4c8dd416d4479aa8536fcf64?s=96&d=mm&r=g\",\"contentUrl\":\"https:\/\/secure.gravatar.com\/avatar\/d08aa2ce4c8dd416d4479aa8536fcf64?s=96&d=mm&r=g\",\"caption\":\"moacir\"},\"url\":\"https:\/\/franciscanos.org.br\/noticias\/author\/moacir\"}]}<\/script>\n<!-- \/ Yoast SEO plugin. -->","yoast_head_json":{"title":"O segredo da miseric\u00f3rdia: perdoar e ser perdoado - Not\u00edcias - Franciscanos","robots":{"index":"index","follow":"follow","max-snippet":"max-snippet:-1","max-image-preview":"max-image-preview:large","max-video-preview":"max-video-preview:-1"},"canonical":"https:\/\/franciscanos.org.br\/noticias\/o-segredo-da-misericordia-perdoar-e-ser-perdoado.html","og_locale":"pt_BR","og_type":"article","og_title":"O segredo da miseric\u00f3rdia: perdoar e ser perdoado - Not\u00edcias - Franciscanos","og_description":"Audi\u00eancia Geral","og_url":"https:\/\/franciscanos.org.br\/noticias\/o-segredo-da-misericordia-perdoar-e-ser-perdoado.html","og_site_name":"Not\u00edcias - Franciscanos","article_published_time":"2020-03-18T10:29:40+00:00","article_modified_time":"2021-08-29T15:50:03+00:00","og_image":[{"width":273,"height":181,"url":"https:\/\/franciscanos.org.br\/noticias\/wp-content\/uploads\/2020\/03\/audiencia_18.jpg","type":"image\/jpeg"}],"author":"moacir","twitter_card":"summary_large_image","twitter_misc":{"Escrito por":"moacir","Est. tempo de leitura":"4 minutos"},"schema":{"@context":"https:\/\/schema.org","@graph":[{"@type":"WebSite","@id":"https:\/\/franciscanos.org.br\/noticias\/#website","url":"https:\/\/franciscanos.org.br\/noticias\/","name":"Not\u00edcias - Franciscanos","description":"Prov\u00edncia Franciscana da Imaculada Concei\u00e7\u00e3o do Brasil - Ordem dos Frades Menores - OFM","potentialAction":[{"@type":"SearchAction","target":{"@type":"EntryPoint","urlTemplate":"https:\/\/franciscanos.org.br\/noticias\/?s={search_term_string}"},"query-input":"required name=search_term_string"}],"inLanguage":"pt-BR"},{"@type":"ImageObject","inLanguage":"pt-BR","@id":"https:\/\/franciscanos.org.br\/noticias\/o-segredo-da-misericordia-perdoar-e-ser-perdoado.html#primaryimage","url":"https:\/\/franciscanos.org.br\/noticias\/wp-content\/uploads\/2020\/03\/audiencia_18.jpg","contentUrl":"https:\/\/franciscanos.org.br\/noticias\/wp-content\/uploads\/2020\/03\/audiencia_18.jpg","width":273,"height":181},{"@type":"WebPage","@id":"https:\/\/franciscanos.org.br\/noticias\/o-segredo-da-misericordia-perdoar-e-ser-perdoado.html#webpage","url":"https:\/\/franciscanos.org.br\/noticias\/o-segredo-da-misericordia-perdoar-e-ser-perdoado.html","name":"O segredo da miseric\u00f3rdia: perdoar e ser perdoado - Not\u00edcias - Franciscanos","isPartOf":{"@id":"https:\/\/franciscanos.org.br\/noticias\/#website"},"primaryImageOfPage":{"@id":"https:\/\/franciscanos.org.br\/noticias\/o-segredo-da-misericordia-perdoar-e-ser-perdoado.html#primaryimage"},"datePublished":"2020-03-18T10:29:40+00:00","dateModified":"2021-08-29T15:50:03+00:00","author":{"@id":"https:\/\/franciscanos.org.br\/noticias\/#\/schema\/person\/b5c8cba458c330ccff548b056e95a5d4"},"breadcrumb":{"@id":"https:\/\/franciscanos.org.br\/noticias\/o-segredo-da-misericordia-perdoar-e-ser-perdoado.html#breadcrumb"},"inLanguage":"pt-BR","potentialAction":[{"@type":"ReadAction","target":["https:\/\/franciscanos.org.br\/noticias\/o-segredo-da-misericordia-perdoar-e-ser-perdoado.html"]}]},{"@type":"BreadcrumbList","@id":"https:\/\/franciscanos.org.br\/noticias\/o-segredo-da-misericordia-perdoar-e-ser-perdoado.html#breadcrumb","itemListElement":[{"@type":"ListItem","position":1,"name":"Home","item":"https:\/\/franciscanos.org.br\/noticias"},{"@type":"ListItem","position":2,"name":"O segredo da miseric\u00f3rdia: perdoar e ser perdoado"}]},{"@type":"Person","@id":"https:\/\/franciscanos.org.br\/noticias\/#\/schema\/person\/b5c8cba458c330ccff548b056e95a5d4","name":"moacir","image":{"@type":"ImageObject","inLanguage":"pt-BR","@id":"https:\/\/franciscanos.org.br\/noticias\/#\/schema\/person\/image\/","url":"https:\/\/secure.gravatar.com\/avatar\/d08aa2ce4c8dd416d4479aa8536fcf64?s=96&d=mm&r=g","contentUrl":"https:\/\/secure.gravatar.com\/avatar\/d08aa2ce4c8dd416d4479aa8536fcf64?s=96&d=mm&r=g","caption":"moacir"},"url":"https:\/\/franciscanos.org.br\/noticias\/author\/moacir"}]}},"_links":{"self":[{"href":"https:\/\/franciscanos.org.br\/noticias\/wp-json\/wp\/v2\/posts\/221929"}],"collection":[{"href":"https:\/\/franciscanos.org.br\/noticias\/wp-json\/wp\/v2\/posts"}],"about":[{"href":"https:\/\/franciscanos.org.br\/noticias\/wp-json\/wp\/v2\/types\/post"}],"author":[{"embeddable":true,"href":"https:\/\/franciscanos.org.br\/noticias\/wp-json\/wp\/v2\/users\/3"}],"replies":[{"embeddable":true,"href":"https:\/\/franciscanos.org.br\/noticias\/wp-json\/wp\/v2\/comments?post=221929"}],"version-history":[{"count":4,"href":"https:\/\/franciscanos.org.br\/noticias\/wp-json\/wp\/v2\/posts\/221929\/revisions"}],"predecessor-version":[{"id":234018,"href":"https:\/\/franciscanos.org.br\/noticias\/wp-json\/wp\/v2\/posts\/221929\/revisions\/234018"}],"wp:featuredmedia":[{"embeddable":true,"href":"https:\/\/franciscanos.org.br\/noticias\/wp-json\/wp\/v2\/media\/221931"}],"wp:attachment":[{"href":"https:\/\/franciscanos.org.br\/noticias\/wp-json\/wp\/v2\/media?parent=221929"}],"wp:term":[{"taxonomy":"category","embeddable":true,"href":"https:\/\/franciscanos.org.br\/noticias\/wp-json\/wp\/v2\/categories?post=221929"},{"taxonomy":"post_tag","embeddable":true,"href":"https:\/\/franciscanos.org.br\/noticias\/wp-json\/wp\/v2\/tags?post=221929"}],"curies":[{"name":"wp","href":"https:\/\/api.w.org\/{rel}","templated":true}]}}