{"id":221916,"date":"2020-03-16T10:45:42","date_gmt":"2020-03-16T13:45:42","guid":{"rendered":"https:\/\/franciscanos.org.br\/noticias\/?p=221916"},"modified":"2020-03-16T10:45:42","modified_gmt":"2020-03-16T13:45:42","slug":"ecologia-integral-e-tema-de-retiro-da-cffb-centro-oeste-paulista","status":"publish","type":"post","link":"https:\/\/franciscanos.org.br\/noticias\/ecologia-integral-e-tema-de-retiro-da-cffb-centro-oeste-paulista.html","title":{"rendered":"Ecologia integral \u00e9 tema de Retiro da CFFB Centro-Oeste Paulista"},"content":{"rendered":"<p><img loading=\"lazy\" class=\"size-full wp-image-221917 alignnone\" src=\"https:\/\/franciscanos.org.br\/noticias\/wp-content\/uploads\/2020\/03\/ofs_16.jpg\" alt=\"\" width=\"1280\" height=\"652\" srcset=\"https:\/\/franciscanos.org.br\/noticias\/wp-content\/uploads\/2020\/03\/ofs_16.jpg 1280w, https:\/\/franciscanos.org.br\/noticias\/wp-content\/uploads\/2020\/03\/ofs_16-450x229.jpg 450w, https:\/\/franciscanos.org.br\/noticias\/wp-content\/uploads\/2020\/03\/ofs_16-1024x522.jpg 1024w, https:\/\/franciscanos.org.br\/noticias\/wp-content\/uploads\/2020\/03\/ofs_16-768x391.jpg 768w, https:\/\/franciscanos.org.br\/noticias\/wp-content\/uploads\/2020\/03\/ofs_16-150x76.jpg 150w\" sizes=\"(max-width: 1280px) 100vw, 1280px\" \/><\/p>\n<p>O Encontro do N\u00facleo Centro-Oeste Paulista da Fam\u00edlia Franciscana do Brasil foi realizado no \u00faltimo dia 14 de mar\u00e7o, no Centro de Pastoral Paroquial Imaculada Concei\u00e7\u00e3o, de Birigui (SP), Fraternidade dos Freis Capuchinhos. O tema do encontro foi: \u201cA busca franciscana por uma convers\u00e3o ecol\u00f3gica integral\u201d, assessorado pela Irm\u00e3 Ivoni Lourdes Fritzen, FCR. Contamos com a presen\u00e7a de 60 irm\u00e3os e irm\u00e3s que vieram representando as v\u00e1rias fraternidades de OFS e Jufra das cidades de Gar\u00e7a, Dracena, Agudos, Pen\u00e1polis e Birigui, e tamb\u00e9m as Irm\u00e3s Franciscanas de Siessen, da cidade de Gar\u00e7a.<\/p>\n<p><img loading=\"lazy\" class=\"alignright  wp-image-221919\" src=\"https:\/\/franciscanos.org.br\/noticias\/wp-content\/uploads\/2020\/03\/ofs_16_1.jpg\" alt=\"\" width=\"163\" height=\"227\" srcset=\"https:\/\/franciscanos.org.br\/noticias\/wp-content\/uploads\/2020\/03\/ofs_16_1.jpg 300w, https:\/\/franciscanos.org.br\/noticias\/wp-content\/uploads\/2020\/03\/ofs_16_1-150x209.jpg 150w\" sizes=\"(max-width: 163px) 100vw, 163px\" \/>Ap\u00f3s a colhida e caf\u00e9 fraterno, teve in\u00edcio o encontro com o Of\u00edcio de Louvor e Intercess\u00e3o pelo cuidado com a Cria\u00e7\u00e3o, presidido por Frei Zilmar Augusto, OFM. A seguir, Irm\u00e3 Ivoni falou, com muita propriedade, sobre o tema proposto. Segundo ela, tudo est\u00e1 interligado; o homem foi criado para cuidar da terra m\u00e3e e toda a cria\u00e7\u00e3o. Por\u00e9m, para que isso aconte\u00e7a, devemos viver a f\u00e9 em comunh\u00e3o, estar por inteiro, ter abertura para o novo, ser dispon\u00edveis, ser homens e mulheres de ora\u00e7\u00e3o, ter sil\u00eancio interior e exterior. Falou-nos ainda sobre a busca franciscana no sentido do querer, do desejo de mudan\u00e7a de h\u00e1bitos e conduta, do cultivo da cultura do di\u00e1logo e do encontro. Chamou-nos a aten\u00e7\u00e3o para import\u00e2ncia da ecologia em todos seus aspectos e dimens\u00f5es: ambiental, econ\u00f4mica, social, cultural, ecologia da vida cotidiana e princ\u00edpio do bem comum. Pois, a vis\u00e3o da ecologia integral, deve nos motivar a ter com todo nosso ser, gratid\u00e3o, respeito, admira\u00e7\u00e3o e compromissos firmes de cuidar e preservar nossa m\u00e3e terra. Toda a sua reflex\u00e3o foi ilustrada com document\u00e1rios do Papa Francisco sobre a Laudato Si\u2019, e tamb\u00e9m do Te\u00f3logo Franciscano Leonardo Boff sobre a Ecologia integral.<\/p>\n<p>Ap\u00f3s suas coloca\u00e7\u00f5es, houves um tempo de deserto e contempla\u00e7\u00e3o individual e depois um momento de partilha com os irm\u00e3os de outras Fraternidades acerca do tema refletido. Tamb\u00e9m houve um momento de m\u00edstica antes do almo\u00e7o, debaixo da maravilhosa sombra de uma \u00e1rvore. O almo\u00e7o foi uma fartura, preparado com muito carinho pela Fraternidade da OFS de Birigui. Na parte da tarde, Frei Zilmar nos explicou o que \u00e9 a CFFB, como ela se organiza aqui em nossa regi\u00e3o, quais s\u00e3o as suas atividades, o que j\u00e1 foi realizado, quais os sonhos para o futuro. Tamb\u00e9m j\u00e1 deixamos acordado sobre o nosso pr\u00f3ximo encontro, que ser\u00e1 em Gar\u00e7a, no dia 25 de outubro, quando, com o espet\u00e1culo do Auto de S\u00e3o Francisco, do ator Ciro Barcelos, daremos in\u00edcio \u00e0s comemora\u00e7\u00f5es das Celebra\u00e7\u00f5es dos 800 anos da OFS.<\/p>\n<p>Como de costume em nosso N\u00facleo, encerramos o nosso encontro com um gesto concreto, que foi a Caminhada Ecol\u00f3gica e plantio das mudas de \u00e1rvore em um terreno de preserva\u00e7\u00e3o ambiental da prefeitura. Foi maravilhoso esse dia!<\/p>\n<hr \/>\n<p><em>Ana Ang\u00e9lica, OFS de Dracena, pela CFFB Centro-Oeste Paulista.<\/em><\/p>\n<p><img loading=\"lazy\" class=\"alignnone size-full wp-image-221920\" src=\"https:\/\/franciscanos.org.br\/noticias\/wp-content\/uploads\/2020\/03\/ofs_16_2.jpg\" alt=\"\" width=\"1280\" height=\"855\" srcset=\"https:\/\/franciscanos.org.br\/noticias\/wp-content\/uploads\/2020\/03\/ofs_16_2.jpg 1280w, https:\/\/franciscanos.org.br\/noticias\/wp-content\/uploads\/2020\/03\/ofs_16_2-450x301.jpg 450w, https:\/\/franciscanos.org.br\/noticias\/wp-content\/uploads\/2020\/03\/ofs_16_2-1024x684.jpg 1024w, https:\/\/franciscanos.org.br\/noticias\/wp-content\/uploads\/2020\/03\/ofs_16_2-768x513.jpg 768w, https:\/\/franciscanos.org.br\/noticias\/wp-content\/uploads\/2020\/03\/ofs_16_2-150x100.jpg 150w\" sizes=\"(max-width: 1280px) 100vw, 1280px\" \/><\/p>\n","protected":false},"excerpt":{"rendered":"<p>Confer\u00eancia da Fam\u00edlia Franciscana do Brasil<\/p>\n","protected":false},"author":3,"featured_media":221918,"comment_status":"open","ping_status":"open","sticky":false,"template":"","format":"standard","meta":[],"categories":[1],"tags":[203],"acf":[],"yoast_head":"<!-- This site is optimized with the Yoast SEO plugin v19.2 - https:\/\/yoast.com\/wordpress\/plugins\/seo\/ -->\n<title>Ecologia integral \u00e9 tema de Retiro da CFFB Centro-Oeste Paulista - Not\u00edcias - Franciscanos<\/title>\n<meta name=\"robots\" content=\"index, follow, max-snippet:-1, max-image-preview:large, max-video-preview:-1\" \/>\n<link rel=\"canonical\" href=\"https:\/\/franciscanos.org.br\/noticias\/ecologia-integral-e-tema-de-retiro-da-cffb-centro-oeste-paulista.html\" \/>\n<meta property=\"og:locale\" content=\"pt_BR\" \/>\n<meta property=\"og:type\" content=\"article\" \/>\n<meta property=\"og:title\" content=\"Ecologia integral \u00e9 tema de Retiro da CFFB Centro-Oeste Paulista - Not\u00edcias - Franciscanos\" \/>\n<meta property=\"og:description\" content=\"Confer\u00eancia da Fam\u00edlia Franciscana do Brasil\" \/>\n<meta property=\"og:url\" content=\"https:\/\/franciscanos.org.br\/noticias\/ecologia-integral-e-tema-de-retiro-da-cffb-centro-oeste-paulista.html\" \/>\n<meta property=\"og:site_name\" content=\"Not\u00edcias - Franciscanos\" \/>\n<meta property=\"article:published_time\" content=\"2020-03-16T13:45:42+00:00\" \/>\n<meta property=\"og:image\" content=\"https:\/\/franciscanos.org.br\/noticias\/wp-content\/uploads\/2020\/03\/ofs_16d.jpg\" \/>\n\t<meta property=\"og:image:width\" content=\"273\" \/>\n\t<meta property=\"og:image:height\" content=\"181\" \/>\n\t<meta property=\"og:image:type\" content=\"image\/jpeg\" \/>\n<meta name=\"author\" content=\"moacir\" \/>\n<meta name=\"twitter:card\" content=\"summary_large_image\" \/>\n<meta name=\"twitter:label1\" content=\"Escrito por\" \/>\n\t<meta name=\"twitter:data1\" content=\"moacir\" \/>\n\t<meta name=\"twitter:label2\" content=\"Est. tempo de leitura\" \/>\n\t<meta name=\"twitter:data2\" content=\"3 minutos\" \/>\n<script type=\"application\/ld+json\" class=\"yoast-schema-graph\">{\"@context\":\"https:\/\/schema.org\",\"@graph\":[{\"@type\":\"WebSite\",\"@id\":\"https:\/\/franciscanos.org.br\/noticias\/#website\",\"url\":\"https:\/\/franciscanos.org.br\/noticias\/\",\"name\":\"Not\u00edcias - Franciscanos\",\"description\":\"Prov\u00edncia Franciscana da Imaculada Concei\u00e7\u00e3o do Brasil - Ordem dos Frades Menores - OFM\",\"potentialAction\":[{\"@type\":\"SearchAction\",\"target\":{\"@type\":\"EntryPoint\",\"urlTemplate\":\"https:\/\/franciscanos.org.br\/noticias\/?s={search_term_string}\"},\"query-input\":\"required name=search_term_string\"}],\"inLanguage\":\"pt-BR\"},{\"@type\":\"ImageObject\",\"inLanguage\":\"pt-BR\",\"@id\":\"https:\/\/franciscanos.org.br\/noticias\/ecologia-integral-e-tema-de-retiro-da-cffb-centro-oeste-paulista.html#primaryimage\",\"url\":\"https:\/\/franciscanos.org.br\/noticias\/wp-content\/uploads\/2020\/03\/ofs_16d.jpg\",\"contentUrl\":\"https:\/\/franciscanos.org.br\/noticias\/wp-content\/uploads\/2020\/03\/ofs_16d.jpg\",\"width\":273,\"height\":181},{\"@type\":\"WebPage\",\"@id\":\"https:\/\/franciscanos.org.br\/noticias\/ecologia-integral-e-tema-de-retiro-da-cffb-centro-oeste-paulista.html#webpage\",\"url\":\"https:\/\/franciscanos.org.br\/noticias\/ecologia-integral-e-tema-de-retiro-da-cffb-centro-oeste-paulista.html\",\"name\":\"Ecologia integral \u00e9 tema de Retiro da CFFB Centro-Oeste Paulista - Not\u00edcias - Franciscanos\",\"isPartOf\":{\"@id\":\"https:\/\/franciscanos.org.br\/noticias\/#website\"},\"primaryImageOfPage\":{\"@id\":\"https:\/\/franciscanos.org.br\/noticias\/ecologia-integral-e-tema-de-retiro-da-cffb-centro-oeste-paulista.html#primaryimage\"},\"datePublished\":\"2020-03-16T13:45:42+00:00\",\"dateModified\":\"2020-03-16T13:45:42+00:00\",\"author\":{\"@id\":\"https:\/\/franciscanos.org.br\/noticias\/#\/schema\/person\/b5c8cba458c330ccff548b056e95a5d4\"},\"breadcrumb\":{\"@id\":\"https:\/\/franciscanos.org.br\/noticias\/ecologia-integral-e-tema-de-retiro-da-cffb-centro-oeste-paulista.html#breadcrumb\"},\"inLanguage\":\"pt-BR\",\"potentialAction\":[{\"@type\":\"ReadAction\",\"target\":[\"https:\/\/franciscanos.org.br\/noticias\/ecologia-integral-e-tema-de-retiro-da-cffb-centro-oeste-paulista.html\"]}]},{\"@type\":\"BreadcrumbList\",\"@id\":\"https:\/\/franciscanos.org.br\/noticias\/ecologia-integral-e-tema-de-retiro-da-cffb-centro-oeste-paulista.html#breadcrumb\",\"itemListElement\":[{\"@type\":\"ListItem\",\"position\":1,\"name\":\"Home\",\"item\":\"https:\/\/franciscanos.org.br\/noticias\"},{\"@type\":\"ListItem\",\"position\":2,\"name\":\"Ecologia integral \u00e9 tema de Retiro da CFFB Centro-Oeste Paulista\"}]},{\"@type\":\"Person\",\"@id\":\"https:\/\/franciscanos.org.br\/noticias\/#\/schema\/person\/b5c8cba458c330ccff548b056e95a5d4\",\"name\":\"moacir\",\"image\":{\"@type\":\"ImageObject\",\"inLanguage\":\"pt-BR\",\"@id\":\"https:\/\/franciscanos.org.br\/noticias\/#\/schema\/person\/image\/\",\"url\":\"https:\/\/secure.gravatar.com\/avatar\/d08aa2ce4c8dd416d4479aa8536fcf64?s=96&d=mm&r=g\",\"contentUrl\":\"https:\/\/secure.gravatar.com\/avatar\/d08aa2ce4c8dd416d4479aa8536fcf64?s=96&d=mm&r=g\",\"caption\":\"moacir\"},\"url\":\"https:\/\/franciscanos.org.br\/noticias\/author\/moacir\"}]}<\/script>\n<!-- \/ Yoast SEO plugin. -->","yoast_head_json":{"title":"Ecologia integral \u00e9 tema de Retiro da CFFB Centro-Oeste Paulista - Not\u00edcias - Franciscanos","robots":{"index":"index","follow":"follow","max-snippet":"max-snippet:-1","max-image-preview":"max-image-preview:large","max-video-preview":"max-video-preview:-1"},"canonical":"https:\/\/franciscanos.org.br\/noticias\/ecologia-integral-e-tema-de-retiro-da-cffb-centro-oeste-paulista.html","og_locale":"pt_BR","og_type":"article","og_title":"Ecologia integral \u00e9 tema de Retiro da CFFB Centro-Oeste Paulista - Not\u00edcias - Franciscanos","og_description":"Confer\u00eancia da Fam\u00edlia Franciscana do Brasil","og_url":"https:\/\/franciscanos.org.br\/noticias\/ecologia-integral-e-tema-de-retiro-da-cffb-centro-oeste-paulista.html","og_site_name":"Not\u00edcias - Franciscanos","article_published_time":"2020-03-16T13:45:42+00:00","og_image":[{"width":273,"height":181,"url":"https:\/\/franciscanos.org.br\/noticias\/wp-content\/uploads\/2020\/03\/ofs_16d.jpg","type":"image\/jpeg"}],"author":"moacir","twitter_card":"summary_large_image","twitter_misc":{"Escrito por":"moacir","Est. tempo de leitura":"3 minutos"},"schema":{"@context":"https:\/\/schema.org","@graph":[{"@type":"WebSite","@id":"https:\/\/franciscanos.org.br\/noticias\/#website","url":"https:\/\/franciscanos.org.br\/noticias\/","name":"Not\u00edcias - Franciscanos","description":"Prov\u00edncia Franciscana da Imaculada Concei\u00e7\u00e3o do Brasil - Ordem dos Frades Menores - OFM","potentialAction":[{"@type":"SearchAction","target":{"@type":"EntryPoint","urlTemplate":"https:\/\/franciscanos.org.br\/noticias\/?s={search_term_string}"},"query-input":"required name=search_term_string"}],"inLanguage":"pt-BR"},{"@type":"ImageObject","inLanguage":"pt-BR","@id":"https:\/\/franciscanos.org.br\/noticias\/ecologia-integral-e-tema-de-retiro-da-cffb-centro-oeste-paulista.html#primaryimage","url":"https:\/\/franciscanos.org.br\/noticias\/wp-content\/uploads\/2020\/03\/ofs_16d.jpg","contentUrl":"https:\/\/franciscanos.org.br\/noticias\/wp-content\/uploads\/2020\/03\/ofs_16d.jpg","width":273,"height":181},{"@type":"WebPage","@id":"https:\/\/franciscanos.org.br\/noticias\/ecologia-integral-e-tema-de-retiro-da-cffb-centro-oeste-paulista.html#webpage","url":"https:\/\/franciscanos.org.br\/noticias\/ecologia-integral-e-tema-de-retiro-da-cffb-centro-oeste-paulista.html","name":"Ecologia integral \u00e9 tema de Retiro da CFFB Centro-Oeste Paulista - Not\u00edcias - Franciscanos","isPartOf":{"@id":"https:\/\/franciscanos.org.br\/noticias\/#website"},"primaryImageOfPage":{"@id":"https:\/\/franciscanos.org.br\/noticias\/ecologia-integral-e-tema-de-retiro-da-cffb-centro-oeste-paulista.html#primaryimage"},"datePublished":"2020-03-16T13:45:42+00:00","dateModified":"2020-03-16T13:45:42+00:00","author":{"@id":"https:\/\/franciscanos.org.br\/noticias\/#\/schema\/person\/b5c8cba458c330ccff548b056e95a5d4"},"breadcrumb":{"@id":"https:\/\/franciscanos.org.br\/noticias\/ecologia-integral-e-tema-de-retiro-da-cffb-centro-oeste-paulista.html#breadcrumb"},"inLanguage":"pt-BR","potentialAction":[{"@type":"ReadAction","target":["https:\/\/franciscanos.org.br\/noticias\/ecologia-integral-e-tema-de-retiro-da-cffb-centro-oeste-paulista.html"]}]},{"@type":"BreadcrumbList","@id":"https:\/\/franciscanos.org.br\/noticias\/ecologia-integral-e-tema-de-retiro-da-cffb-centro-oeste-paulista.html#breadcrumb","itemListElement":[{"@type":"ListItem","position":1,"name":"Home","item":"https:\/\/franciscanos.org.br\/noticias"},{"@type":"ListItem","position":2,"name":"Ecologia integral \u00e9 tema de Retiro da CFFB Centro-Oeste Paulista"}]},{"@type":"Person","@id":"https:\/\/franciscanos.org.br\/noticias\/#\/schema\/person\/b5c8cba458c330ccff548b056e95a5d4","name":"moacir","image":{"@type":"ImageObject","inLanguage":"pt-BR","@id":"https:\/\/franciscanos.org.br\/noticias\/#\/schema\/person\/image\/","url":"https:\/\/secure.gravatar.com\/avatar\/d08aa2ce4c8dd416d4479aa8536fcf64?s=96&d=mm&r=g","contentUrl":"https:\/\/secure.gravatar.com\/avatar\/d08aa2ce4c8dd416d4479aa8536fcf64?s=96&d=mm&r=g","caption":"moacir"},"url":"https:\/\/franciscanos.org.br\/noticias\/author\/moacir"}]}},"_links":{"self":[{"href":"https:\/\/franciscanos.org.br\/noticias\/wp-json\/wp\/v2\/posts\/221916"}],"collection":[{"href":"https:\/\/franciscanos.org.br\/noticias\/wp-json\/wp\/v2\/posts"}],"about":[{"href":"https:\/\/franciscanos.org.br\/noticias\/wp-json\/wp\/v2\/types\/post"}],"author":[{"embeddable":true,"href":"https:\/\/franciscanos.org.br\/noticias\/wp-json\/wp\/v2\/users\/3"}],"replies":[{"embeddable":true,"href":"https:\/\/franciscanos.org.br\/noticias\/wp-json\/wp\/v2\/comments?post=221916"}],"version-history":[{"count":1,"href":"https:\/\/franciscanos.org.br\/noticias\/wp-json\/wp\/v2\/posts\/221916\/revisions"}],"predecessor-version":[{"id":221921,"href":"https:\/\/franciscanos.org.br\/noticias\/wp-json\/wp\/v2\/posts\/221916\/revisions\/221921"}],"wp:featuredmedia":[{"embeddable":true,"href":"https:\/\/franciscanos.org.br\/noticias\/wp-json\/wp\/v2\/media\/221918"}],"wp:attachment":[{"href":"https:\/\/franciscanos.org.br\/noticias\/wp-json\/wp\/v2\/media?parent=221916"}],"wp:term":[{"taxonomy":"category","embeddable":true,"href":"https:\/\/franciscanos.org.br\/noticias\/wp-json\/wp\/v2\/categories?post=221916"},{"taxonomy":"post_tag","embeddable":true,"href":"https:\/\/franciscanos.org.br\/noticias\/wp-json\/wp\/v2\/tags?post=221916"}],"curies":[{"name":"wp","href":"https:\/\/api.w.org\/{rel}","templated":true}]}}