{"id":221904,"date":"2020-03-16T08:19:18","date_gmt":"2020-03-16T11:19:18","guid":{"rendered":"https:\/\/franciscanos.org.br\/noticias\/?p=221904"},"modified":"2020-03-16T08:20:13","modified_gmt":"2020-03-16T11:20:13","slug":"universidade-sao-francisco-presente-na-25a-caminhada-a-pedra-bela","status":"publish","type":"post","link":"https:\/\/franciscanos.org.br\/noticias\/universidade-sao-francisco-presente-na-25a-caminhada-a-pedra-bela.html","title":{"rendered":"Universidade S\u00e3o Francisco presente na 25\u00aa Caminhada a Pedra Bela"},"content":{"rendered":"<div id=\"attachment_221905\" style=\"width: 1290px\" class=\"wp-caption alignnone\"><img aria-describedby=\"caption-attachment-221905\" loading=\"lazy\" class=\"size-full wp-image-221905\" src=\"https:\/\/franciscanos.org.br\/noticias\/wp-content\/uploads\/2020\/03\/usf_caminhada_01.jpg\" alt=\"\" width=\"1280\" height=\"692\" srcset=\"https:\/\/franciscanos.org.br\/noticias\/wp-content\/uploads\/2020\/03\/usf_caminhada_01.jpg 1280w, https:\/\/franciscanos.org.br\/noticias\/wp-content\/uploads\/2020\/03\/usf_caminhada_01-450x243.jpg 450w, https:\/\/franciscanos.org.br\/noticias\/wp-content\/uploads\/2020\/03\/usf_caminhada_01-1024x554.jpg 1024w, https:\/\/franciscanos.org.br\/noticias\/wp-content\/uploads\/2020\/03\/usf_caminhada_01-768x415.jpg 768w, https:\/\/franciscanos.org.br\/noticias\/wp-content\/uploads\/2020\/03\/usf_caminhada_01-150x81.jpg 150w\" sizes=\"(max-width: 1280px) 100vw, 1280px\" \/><p id=\"caption-attachment-221905\" class=\"wp-caption-text\"><span style=\"font-size: 16px;\">A Pastoral Universit\u00e1ria da Universidade S\u00e3o Francisco (USF) participou do Jubileu de Prata da 25\u00aa Caminhada ao Santu\u00e1rio de Nossa Senhora Aparecida, em Pedra Bela (SP). No dia 14 de mar\u00e7o de 2020, \u00e0s 21h30, os caminhantes sa\u00edram do Bairro Matadouro, de Bragan\u00e7a Paulista, com a b\u00ean\u00e7\u00e3o do p\u00e1roco, Pe. Jos\u00e9 Roberto, e das palavras motivadoras de Frei Vit\u00f3rio Mazzuco, rumo ao Santu\u00e1rio de Nossa Senhora Aparecida.<\/span><\/p><\/div>\n<p><img loading=\"lazy\" class=\"wp-image-221907 alignright\" src=\"https:\/\/franciscanos.org.br\/noticias\/wp-content\/uploads\/2020\/03\/usf_caminhada_04.jpg\" alt=\"\" width=\"323\" height=\"215\" srcset=\"https:\/\/franciscanos.org.br\/noticias\/wp-content\/uploads\/2020\/03\/usf_caminhada_04.jpg 400w, https:\/\/franciscanos.org.br\/noticias\/wp-content\/uploads\/2020\/03\/usf_caminhada_04-150x100.jpg 150w\" sizes=\"(max-width: 323px) 100vw, 323px\" \/><\/p>\n<p>Quatro \u00f4nibus trouxeram 85 peregrinos de S\u00e3o Paulo. Muitos caminhantes vieram de cidades vizinhas, mas a grande maioria era de Bragan\u00e7a Paulista. Participaram cerca de mil pessoas entre crian\u00e7as, jovens, adultos e idosos, que percorreram os 32km de estrada com muita disposi\u00e7\u00e3o, perseveran\u00e7a, devo\u00e7\u00e3o e f\u00e9, mesmo com um vento gelado e cortante.<\/p>\n<p>\u00c9 exatamente a f\u00e9 e a devo\u00e7\u00e3o que levam todos os anos muito fi\u00e9is a participarem desta Caminhada.\u00a0 S\u00e3o pessoas e hist\u00f3rias que se encontram e sentem uma enorme paz e reconforto na alma ao visitar o local e orar. \u00c9 um lugar emblem\u00e1tico, cheio de religiosidade, energia positiva que emana do lugar e dos peregrinos cheios de esperan\u00e7a no cora\u00e7\u00e3o.<\/p>\n<p>A chegada se deu no domingo, dia 15, \u00e0s 4h30. Os caminhantes foram recebidos com um delicioso caf\u00e9 oferecido pelos volunt\u00e1rios da Par\u00f3quia S\u00e3o Sebasti\u00e3o. Depois de um momento para repor as energias, deu tempo at\u00e9 para tirar um cochilo.<\/p>\n<p>\u00c0s 7 horas teve in\u00edcio a celebra\u00e7\u00e3o da Santa Missa presidida pelo Pe. Sebasti\u00e3o Apar\u00edcio de Rezende e concelebrada por Frei Vit\u00f3rio Mazzuco, OFM.<\/p>\n<div id=\"attachment_221908\" style=\"width: 1290px\" class=\"wp-caption alignnone\"><img aria-describedby=\"caption-attachment-221908\" loading=\"lazy\" class=\"size-full wp-image-221908\" src=\"https:\/\/franciscanos.org.br\/noticias\/wp-content\/uploads\/2020\/03\/usf_caminhada_03.jpg\" alt=\"\" width=\"1280\" height=\"785\" srcset=\"https:\/\/franciscanos.org.br\/noticias\/wp-content\/uploads\/2020\/03\/usf_caminhada_03.jpg 1280w, https:\/\/franciscanos.org.br\/noticias\/wp-content\/uploads\/2020\/03\/usf_caminhada_03-450x276.jpg 450w, https:\/\/franciscanos.org.br\/noticias\/wp-content\/uploads\/2020\/03\/usf_caminhada_03-1024x628.jpg 1024w, https:\/\/franciscanos.org.br\/noticias\/wp-content\/uploads\/2020\/03\/usf_caminhada_03-768x471.jpg 768w, https:\/\/franciscanos.org.br\/noticias\/wp-content\/uploads\/2020\/03\/usf_caminhada_03-150x92.jpg 150w\" sizes=\"(max-width: 1280px) 100vw, 1280px\" \/><p id=\"caption-attachment-221908\" class=\"wp-caption-text\"><span style=\"font-size: 16px;\">A Universidade S\u00e3o Francisco, mais uma vez, estava presente contando com a participa\u00e7\u00e3o de alunos, professores e funcion\u00e1rios. A entidade ofereceu um carro de apoio para aqueles que precisaram de aux\u00edlio durante o percurso. A Pastoral Universit\u00e1ria cuidou da anima\u00e7\u00e3o. Por meio de um carro de som, conduziu as medita\u00e7\u00f5es, preces e m\u00fasicas para fazer desta noite uma caminhada inesquec\u00edvel para todos.<\/span><\/p><\/div>\n<p>A Pastoral Universit\u00e1ria agradece a participa\u00e7\u00e3o de todos e parabeniza os fundadores e organizadores desta Caminhada, o Sr. Jayme Grasson Sanches e o Sr. Jos\u00e9 Aparecido Teixeira, pelos 25 anos realizando esse trabalho evangelizador.<\/p>\n<p>A pr\u00f3xima Caminhada ser\u00e1 no dia 13 de mar\u00e7o de 2021. Todos podem participar.<\/p>\n<hr \/>\n<p><em>Pastoral Universit\u00e1ria da USF<\/em><\/p>\n<p><img loading=\"lazy\" class=\"size-full wp-image-221909 alignnone\" src=\"https:\/\/franciscanos.org.br\/noticias\/wp-content\/uploads\/2020\/03\/usf_caminhada_02.jpg\" alt=\"\" width=\"1280\" height=\"960\" srcset=\"https:\/\/franciscanos.org.br\/noticias\/wp-content\/uploads\/2020\/03\/usf_caminhada_02.jpg 1280w, https:\/\/franciscanos.org.br\/noticias\/wp-content\/uploads\/2020\/03\/usf_caminhada_02-450x338.jpg 450w, https:\/\/franciscanos.org.br\/noticias\/wp-content\/uploads\/2020\/03\/usf_caminhada_02-1024x768.jpg 1024w, https:\/\/franciscanos.org.br\/noticias\/wp-content\/uploads\/2020\/03\/usf_caminhada_02-768x576.jpg 768w, https:\/\/franciscanos.org.br\/noticias\/wp-content\/uploads\/2020\/03\/usf_caminhada_02-150x113.jpg 150w, https:\/\/franciscanos.org.br\/noticias\/wp-content\/uploads\/2020\/03\/usf_caminhada_02-600x450.jpg 600w\" sizes=\"(max-width: 1280px) 100vw, 1280px\" \/><\/p>\n","protected":false},"excerpt":{"rendered":"<p>Universidade S\u00e3o Francisco<\/p>\n","protected":false},"author":3,"featured_media":221906,"comment_status":"open","ping_status":"open","sticky":false,"template":"","format":"standard","meta":[],"categories":[1],"tags":[354],"acf":[],"yoast_head":"<!-- This site is optimized with the Yoast SEO plugin v19.2 - https:\/\/yoast.com\/wordpress\/plugins\/seo\/ -->\n<title>Universidade S\u00e3o Francisco presente na 25\u00aa Caminhada a Pedra Bela - Not\u00edcias - Franciscanos<\/title>\n<meta name=\"robots\" content=\"index, follow, max-snippet:-1, max-image-preview:large, max-video-preview:-1\" \/>\n<link rel=\"canonical\" href=\"https:\/\/franciscanos.org.br\/noticias\/universidade-sao-francisco-presente-na-25a-caminhada-a-pedra-bela.html\" \/>\n<meta property=\"og:locale\" content=\"pt_BR\" \/>\n<meta property=\"og:type\" content=\"article\" \/>\n<meta property=\"og:title\" content=\"Universidade S\u00e3o Francisco presente na 25\u00aa Caminhada a Pedra Bela - Not\u00edcias - Franciscanos\" \/>\n<meta property=\"og:description\" content=\"Universidade S\u00e3o Francisco\" \/>\n<meta property=\"og:url\" content=\"https:\/\/franciscanos.org.br\/noticias\/universidade-sao-francisco-presente-na-25a-caminhada-a-pedra-bela.html\" \/>\n<meta property=\"og:site_name\" content=\"Not\u00edcias - Franciscanos\" \/>\n<meta property=\"article:published_time\" content=\"2020-03-16T11:19:18+00:00\" \/>\n<meta property=\"article:modified_time\" content=\"2020-03-16T11:20:13+00:00\" \/>\n<meta property=\"og:image\" content=\"https:\/\/franciscanos.org.br\/noticias\/wp-content\/uploads\/2020\/03\/usf_caminhada_01d.jpg\" \/>\n\t<meta property=\"og:image:width\" content=\"273\" \/>\n\t<meta property=\"og:image:height\" content=\"181\" \/>\n\t<meta property=\"og:image:type\" content=\"image\/jpeg\" \/>\n<meta name=\"author\" content=\"moacir\" \/>\n<meta name=\"twitter:card\" content=\"summary_large_image\" \/>\n<meta name=\"twitter:label1\" content=\"Escrito por\" \/>\n\t<meta name=\"twitter:data1\" content=\"moacir\" \/>\n\t<meta name=\"twitter:label2\" content=\"Est. tempo de leitura\" \/>\n\t<meta name=\"twitter:data2\" content=\"2 minutos\" \/>\n<script type=\"application\/ld+json\" class=\"yoast-schema-graph\">{\"@context\":\"https:\/\/schema.org\",\"@graph\":[{\"@type\":\"WebSite\",\"@id\":\"https:\/\/franciscanos.org.br\/noticias\/#website\",\"url\":\"https:\/\/franciscanos.org.br\/noticias\/\",\"name\":\"Not\u00edcias - Franciscanos\",\"description\":\"Prov\u00edncia Franciscana da Imaculada Concei\u00e7\u00e3o do Brasil - Ordem dos Frades Menores - OFM\",\"potentialAction\":[{\"@type\":\"SearchAction\",\"target\":{\"@type\":\"EntryPoint\",\"urlTemplate\":\"https:\/\/franciscanos.org.br\/noticias\/?s={search_term_string}\"},\"query-input\":\"required name=search_term_string\"}],\"inLanguage\":\"pt-BR\"},{\"@type\":\"ImageObject\",\"inLanguage\":\"pt-BR\",\"@id\":\"https:\/\/franciscanos.org.br\/noticias\/universidade-sao-francisco-presente-na-25a-caminhada-a-pedra-bela.html#primaryimage\",\"url\":\"https:\/\/franciscanos.org.br\/noticias\/wp-content\/uploads\/2020\/03\/usf_caminhada_01d.jpg\",\"contentUrl\":\"https:\/\/franciscanos.org.br\/noticias\/wp-content\/uploads\/2020\/03\/usf_caminhada_01d.jpg\",\"width\":273,\"height\":181},{\"@type\":\"WebPage\",\"@id\":\"https:\/\/franciscanos.org.br\/noticias\/universidade-sao-francisco-presente-na-25a-caminhada-a-pedra-bela.html#webpage\",\"url\":\"https:\/\/franciscanos.org.br\/noticias\/universidade-sao-francisco-presente-na-25a-caminhada-a-pedra-bela.html\",\"name\":\"Universidade S\u00e3o Francisco presente na 25\u00aa Caminhada a Pedra Bela - Not\u00edcias - Franciscanos\",\"isPartOf\":{\"@id\":\"https:\/\/franciscanos.org.br\/noticias\/#website\"},\"primaryImageOfPage\":{\"@id\":\"https:\/\/franciscanos.org.br\/noticias\/universidade-sao-francisco-presente-na-25a-caminhada-a-pedra-bela.html#primaryimage\"},\"datePublished\":\"2020-03-16T11:19:18+00:00\",\"dateModified\":\"2020-03-16T11:20:13+00:00\",\"author\":{\"@id\":\"https:\/\/franciscanos.org.br\/noticias\/#\/schema\/person\/b5c8cba458c330ccff548b056e95a5d4\"},\"breadcrumb\":{\"@id\":\"https:\/\/franciscanos.org.br\/noticias\/universidade-sao-francisco-presente-na-25a-caminhada-a-pedra-bela.html#breadcrumb\"},\"inLanguage\":\"pt-BR\",\"potentialAction\":[{\"@type\":\"ReadAction\",\"target\":[\"https:\/\/franciscanos.org.br\/noticias\/universidade-sao-francisco-presente-na-25a-caminhada-a-pedra-bela.html\"]}]},{\"@type\":\"BreadcrumbList\",\"@id\":\"https:\/\/franciscanos.org.br\/noticias\/universidade-sao-francisco-presente-na-25a-caminhada-a-pedra-bela.html#breadcrumb\",\"itemListElement\":[{\"@type\":\"ListItem\",\"position\":1,\"name\":\"Home\",\"item\":\"https:\/\/franciscanos.org.br\/noticias\"},{\"@type\":\"ListItem\",\"position\":2,\"name\":\"Universidade S\u00e3o Francisco presente na 25\u00aa Caminhada a Pedra Bela\"}]},{\"@type\":\"Person\",\"@id\":\"https:\/\/franciscanos.org.br\/noticias\/#\/schema\/person\/b5c8cba458c330ccff548b056e95a5d4\",\"name\":\"moacir\",\"image\":{\"@type\":\"ImageObject\",\"inLanguage\":\"pt-BR\",\"@id\":\"https:\/\/franciscanos.org.br\/noticias\/#\/schema\/person\/image\/\",\"url\":\"https:\/\/secure.gravatar.com\/avatar\/d08aa2ce4c8dd416d4479aa8536fcf64?s=96&d=mm&r=g\",\"contentUrl\":\"https:\/\/secure.gravatar.com\/avatar\/d08aa2ce4c8dd416d4479aa8536fcf64?s=96&d=mm&r=g\",\"caption\":\"moacir\"},\"url\":\"https:\/\/franciscanos.org.br\/noticias\/author\/moacir\"}]}<\/script>\n<!-- \/ Yoast SEO plugin. -->","yoast_head_json":{"title":"Universidade S\u00e3o Francisco presente na 25\u00aa Caminhada a Pedra Bela - Not\u00edcias - Franciscanos","robots":{"index":"index","follow":"follow","max-snippet":"max-snippet:-1","max-image-preview":"max-image-preview:large","max-video-preview":"max-video-preview:-1"},"canonical":"https:\/\/franciscanos.org.br\/noticias\/universidade-sao-francisco-presente-na-25a-caminhada-a-pedra-bela.html","og_locale":"pt_BR","og_type":"article","og_title":"Universidade S\u00e3o Francisco presente na 25\u00aa Caminhada a Pedra Bela - Not\u00edcias - Franciscanos","og_description":"Universidade S\u00e3o Francisco","og_url":"https:\/\/franciscanos.org.br\/noticias\/universidade-sao-francisco-presente-na-25a-caminhada-a-pedra-bela.html","og_site_name":"Not\u00edcias - Franciscanos","article_published_time":"2020-03-16T11:19:18+00:00","article_modified_time":"2020-03-16T11:20:13+00:00","og_image":[{"width":273,"height":181,"url":"https:\/\/franciscanos.org.br\/noticias\/wp-content\/uploads\/2020\/03\/usf_caminhada_01d.jpg","type":"image\/jpeg"}],"author":"moacir","twitter_card":"summary_large_image","twitter_misc":{"Escrito por":"moacir","Est. tempo de leitura":"2 minutos"},"schema":{"@context":"https:\/\/schema.org","@graph":[{"@type":"WebSite","@id":"https:\/\/franciscanos.org.br\/noticias\/#website","url":"https:\/\/franciscanos.org.br\/noticias\/","name":"Not\u00edcias - Franciscanos","description":"Prov\u00edncia Franciscana da Imaculada Concei\u00e7\u00e3o do Brasil - Ordem dos Frades Menores - OFM","potentialAction":[{"@type":"SearchAction","target":{"@type":"EntryPoint","urlTemplate":"https:\/\/franciscanos.org.br\/noticias\/?s={search_term_string}"},"query-input":"required name=search_term_string"}],"inLanguage":"pt-BR"},{"@type":"ImageObject","inLanguage":"pt-BR","@id":"https:\/\/franciscanos.org.br\/noticias\/universidade-sao-francisco-presente-na-25a-caminhada-a-pedra-bela.html#primaryimage","url":"https:\/\/franciscanos.org.br\/noticias\/wp-content\/uploads\/2020\/03\/usf_caminhada_01d.jpg","contentUrl":"https:\/\/franciscanos.org.br\/noticias\/wp-content\/uploads\/2020\/03\/usf_caminhada_01d.jpg","width":273,"height":181},{"@type":"WebPage","@id":"https:\/\/franciscanos.org.br\/noticias\/universidade-sao-francisco-presente-na-25a-caminhada-a-pedra-bela.html#webpage","url":"https:\/\/franciscanos.org.br\/noticias\/universidade-sao-francisco-presente-na-25a-caminhada-a-pedra-bela.html","name":"Universidade S\u00e3o Francisco presente na 25\u00aa Caminhada a Pedra Bela - Not\u00edcias - Franciscanos","isPartOf":{"@id":"https:\/\/franciscanos.org.br\/noticias\/#website"},"primaryImageOfPage":{"@id":"https:\/\/franciscanos.org.br\/noticias\/universidade-sao-francisco-presente-na-25a-caminhada-a-pedra-bela.html#primaryimage"},"datePublished":"2020-03-16T11:19:18+00:00","dateModified":"2020-03-16T11:20:13+00:00","author":{"@id":"https:\/\/franciscanos.org.br\/noticias\/#\/schema\/person\/b5c8cba458c330ccff548b056e95a5d4"},"breadcrumb":{"@id":"https:\/\/franciscanos.org.br\/noticias\/universidade-sao-francisco-presente-na-25a-caminhada-a-pedra-bela.html#breadcrumb"},"inLanguage":"pt-BR","potentialAction":[{"@type":"ReadAction","target":["https:\/\/franciscanos.org.br\/noticias\/universidade-sao-francisco-presente-na-25a-caminhada-a-pedra-bela.html"]}]},{"@type":"BreadcrumbList","@id":"https:\/\/franciscanos.org.br\/noticias\/universidade-sao-francisco-presente-na-25a-caminhada-a-pedra-bela.html#breadcrumb","itemListElement":[{"@type":"ListItem","position":1,"name":"Home","item":"https:\/\/franciscanos.org.br\/noticias"},{"@type":"ListItem","position":2,"name":"Universidade S\u00e3o Francisco presente na 25\u00aa Caminhada a Pedra Bela"}]},{"@type":"Person","@id":"https:\/\/franciscanos.org.br\/noticias\/#\/schema\/person\/b5c8cba458c330ccff548b056e95a5d4","name":"moacir","image":{"@type":"ImageObject","inLanguage":"pt-BR","@id":"https:\/\/franciscanos.org.br\/noticias\/#\/schema\/person\/image\/","url":"https:\/\/secure.gravatar.com\/avatar\/d08aa2ce4c8dd416d4479aa8536fcf64?s=96&d=mm&r=g","contentUrl":"https:\/\/secure.gravatar.com\/avatar\/d08aa2ce4c8dd416d4479aa8536fcf64?s=96&d=mm&r=g","caption":"moacir"},"url":"https:\/\/franciscanos.org.br\/noticias\/author\/moacir"}]}},"_links":{"self":[{"href":"https:\/\/franciscanos.org.br\/noticias\/wp-json\/wp\/v2\/posts\/221904"}],"collection":[{"href":"https:\/\/franciscanos.org.br\/noticias\/wp-json\/wp\/v2\/posts"}],"about":[{"href":"https:\/\/franciscanos.org.br\/noticias\/wp-json\/wp\/v2\/types\/post"}],"author":[{"embeddable":true,"href":"https:\/\/franciscanos.org.br\/noticias\/wp-json\/wp\/v2\/users\/3"}],"replies":[{"embeddable":true,"href":"https:\/\/franciscanos.org.br\/noticias\/wp-json\/wp\/v2\/comments?post=221904"}],"version-history":[{"count":3,"href":"https:\/\/franciscanos.org.br\/noticias\/wp-json\/wp\/v2\/posts\/221904\/revisions"}],"predecessor-version":[{"id":221912,"href":"https:\/\/franciscanos.org.br\/noticias\/wp-json\/wp\/v2\/posts\/221904\/revisions\/221912"}],"wp:featuredmedia":[{"embeddable":true,"href":"https:\/\/franciscanos.org.br\/noticias\/wp-json\/wp\/v2\/media\/221906"}],"wp:attachment":[{"href":"https:\/\/franciscanos.org.br\/noticias\/wp-json\/wp\/v2\/media?parent=221904"}],"wp:term":[{"taxonomy":"category","embeddable":true,"href":"https:\/\/franciscanos.org.br\/noticias\/wp-json\/wp\/v2\/categories?post=221904"},{"taxonomy":"post_tag","embeddable":true,"href":"https:\/\/franciscanos.org.br\/noticias\/wp-json\/wp\/v2\/tags?post=221904"}],"curies":[{"name":"wp","href":"https:\/\/api.w.org\/{rel}","templated":true}]}}