{"id":221896,"date":"2020-03-16T07:38:01","date_gmt":"2020-03-16T10:38:01","guid":{"rendered":"https:\/\/franciscanos.org.br\/noticias\/?p=221896"},"modified":"2020-03-16T07:41:05","modified_gmt":"2020-03-16T10:41:05","slug":"usf-inaugura-novos-espacos-nos-campus-campinas-e-itatiba","status":"publish","type":"post","link":"https:\/\/franciscanos.org.br\/noticias\/usf-inaugura-novos-espacos-nos-campus-campinas-e-itatiba.html","title":{"rendered":"USF inaugura novos espa\u00e7os nos c\u00e2mpus Campinas e Itatiba"},"content":{"rendered":"<p><img loading=\"lazy\" class=\"alignnone size-full wp-image-221897\" src=\"https:\/\/franciscanos.org.br\/noticias\/wp-content\/uploads\/2020\/03\/usf_1603.jpg\" alt=\"\" width=\"1280\" height=\"702\" srcset=\"https:\/\/franciscanos.org.br\/noticias\/wp-content\/uploads\/2020\/03\/usf_1603.jpg 1280w, https:\/\/franciscanos.org.br\/noticias\/wp-content\/uploads\/2020\/03\/usf_1603-450x247.jpg 450w, https:\/\/franciscanos.org.br\/noticias\/wp-content\/uploads\/2020\/03\/usf_1603-1024x562.jpg 1024w, https:\/\/franciscanos.org.br\/noticias\/wp-content\/uploads\/2020\/03\/usf_1603-768x421.jpg 768w, https:\/\/franciscanos.org.br\/noticias\/wp-content\/uploads\/2020\/03\/usf_1603-150x82.jpg 150w\" sizes=\"(max-width: 1280px) 100vw, 1280px\" \/><\/p>\n<p><strong>Ana Paula Moreira de Souza<\/strong><\/p>\n<p><strong>Bragan\u00e7a Paulista (SP)<\/strong> &#8211; A Universidade S\u00e3o Francisco (USF) inaugurou na semana passada, no c\u00e2mpus Campinas, o N\u00facleo de Pr\u00e1tica Jur\u00eddica (NPJ). O novo espa\u00e7o fica localizado na rua Antonio Lapa, n\u00ba 859. Na mesma data, no per\u00edodo da tarde foi inaugurado o Complexo de Laborat\u00f3rios, no c\u00e2mpus Itatiba.<\/p>\n<p>Os eventos contaram com a presen\u00e7a do ministro provincial da Prov\u00edncia Franciscana da Imaculada Concei\u00e7\u00e3o do Brasil e Chanceler da USF, Frei C\u00e9sar K\u00fclkamp, o reitor Frei Gilberto Gon\u00e7alves Garcia, o vice-reitor, Frei Thiago Alexandre Hayakawa, pr\u00f3-Reitor de Ensino, Pesquisa e Extens\u00e3o, professor Dilnei Lorenzi, o pr\u00f3-Reitor de Administra\u00e7\u00e3o e Planejamento, professor Adriel de Moura Cabral, o reitor da FAE, Jorge Apostolos Siarcos, o administrador dos C\u00e2mpus, Rodrigo Ribeiro Paiva, os diretores de C\u00e2mpus, professora Patr\u00edcia Teixeira Costa (C\u00e2mpus Bragan\u00e7a Paulista), professor Geraldo Peres Caixeta (C\u00e2mpus Campinas) e professor Volney Zamenhof de Oliveira Silva (C\u00e2mpus Itatiba).<\/p>\n<p><img loading=\"lazy\" class=\"size-full wp-image-221899 alignright\" src=\"https:\/\/franciscanos.org.br\/noticias\/wp-content\/uploads\/2020\/03\/usf_1603_2.jpg\" alt=\"\" width=\"400\" height=\"317\" srcset=\"https:\/\/franciscanos.org.br\/noticias\/wp-content\/uploads\/2020\/03\/usf_1603_2.jpg 400w, https:\/\/franciscanos.org.br\/noticias\/wp-content\/uploads\/2020\/03\/usf_1603_2-150x119.jpg 150w\" sizes=\"(max-width: 400px) 100vw, 400px\" \/>Em Campinas estiveram presentes tamb\u00e9m autoridades locais, como o vice-presidente da C\u00e2mara de Campinas, o vereador Vinicius Gratti, o Presidente do Conselho Comunit\u00e1rio de Pol\u00edcia de Campinas, Arthur Vasconcelos e a vice-presidente a OAB Campinas, Luciana Freitas.<\/p>\n<p>O NPJ contribui de maneira efetiva na constru\u00e7\u00e3o da cidadania, assumindo, por meio de seus estudantes e trabalhadores, seu papel de agente transformador, com orienta\u00e7\u00e3o jur\u00eddica \u00e0 comunidade, como media\u00e7\u00f5es e concilia\u00e7\u00f5es para resolu\u00e7\u00e3o de conflitos, bem como atendimentos nas \u00e1reas de Direito Civil, Penal e Trabalhista. Desta forma, os estudantes t\u00eam as condi\u00e7\u00f5es necess\u00e1rias para o pleno desenvolvimento profissional, tendo a transversalidade em sua pr\u00e1tica e a consci\u00eancia de modificar positivamente a vida em sociedade.<\/p>\n<p>Em Itatiba, os novos laborat\u00f3rios atendem as demandas dos Cursos de Medicina Veterin\u00e1ria, de Biomedicina e de Psicologia, bem como passa a oferecer uma estrutura moderna e de excelente qualidade aos docentes e aos estudantes. A apresenta\u00e7\u00e3o do Complexo de Laborat\u00f3rios da \u00c1rea da Sa\u00fade foi realizada pela Coordenadora do Curso Medicina Veterin\u00e1ria, professora Karin Maia Monteiro. Al\u00e9m de representantes da reitoria, corpo docente, alunos e corpo t\u00e9cnico administrativo, estiveram presentes autoridades locais, o Secret\u00e1rio de Educa\u00e7\u00e3o de Itatiba, Anderson Sanfins, representando o Prefeito Douglas Augusto Pinheiro de Oliveira, a Presidente da LIBRA e Diretora do CONSEG, Patr\u00edcia Sanfins, al\u00e9m de vereadores do munic\u00edpio.<\/p>\n<p>Durante as inaugura\u00e7\u00f5es, o Ministro Provincial da Prov\u00edncia Franciscana da Imaculada Concei\u00e7\u00e3o do Brasil, lembrou o tema da Campanha da Fraternidade 2020. \u2018Fraternidade e vida: dom e compromisso\u2019, remete \u00e0 figura de Irm\u00e3 Dulce, canonizada em 2019. \u201cEsse cuidado e refer\u00eancia fa\u00e7a parte da vida presente e das nossas rela\u00e7\u00f5es. Parab\u00e9ns aos novos espa\u00e7os, conquistas e crescimento. Obrigado por esse centro educacional e centro de vida\u201d, ressaltou Frei C\u00e9sar.<\/p>\n<p><img loading=\"lazy\" class=\"alignright size-full wp-image-221900\" src=\"https:\/\/franciscanos.org.br\/noticias\/wp-content\/uploads\/2020\/03\/usf_1603_1.jpg\" alt=\"\" width=\"1280\" height=\"541\" srcset=\"https:\/\/franciscanos.org.br\/noticias\/wp-content\/uploads\/2020\/03\/usf_1603_1.jpg 1280w, https:\/\/franciscanos.org.br\/noticias\/wp-content\/uploads\/2020\/03\/usf_1603_1-450x190.jpg 450w, https:\/\/franciscanos.org.br\/noticias\/wp-content\/uploads\/2020\/03\/usf_1603_1-1024x433.jpg 1024w, https:\/\/franciscanos.org.br\/noticias\/wp-content\/uploads\/2020\/03\/usf_1603_1-768x325.jpg 768w, https:\/\/franciscanos.org.br\/noticias\/wp-content\/uploads\/2020\/03\/usf_1603_1-150x63.jpg 150w\" sizes=\"(max-width: 1280px) 100vw, 1280px\" \/><\/p>\n","protected":false},"excerpt":{"rendered":"<p>Universidade S\u00e3o Francisco<\/p>\n","protected":false},"author":3,"featured_media":221898,"comment_status":"open","ping_status":"open","sticky":false,"template":"","format":"standard","meta":[],"categories":[1],"tags":[354],"acf":[],"yoast_head":"<!-- This site is optimized with the Yoast SEO plugin v19.2 - https:\/\/yoast.com\/wordpress\/plugins\/seo\/ -->\n<title>USF inaugura novos espa\u00e7os nos c\u00e2mpus Campinas e Itatiba - Not\u00edcias - Franciscanos<\/title>\n<meta name=\"robots\" content=\"index, follow, max-snippet:-1, max-image-preview:large, max-video-preview:-1\" \/>\n<link rel=\"canonical\" href=\"https:\/\/franciscanos.org.br\/noticias\/usf-inaugura-novos-espacos-nos-campus-campinas-e-itatiba.html\" \/>\n<meta property=\"og:locale\" content=\"pt_BR\" \/>\n<meta property=\"og:type\" content=\"article\" \/>\n<meta property=\"og:title\" content=\"USF inaugura novos espa\u00e7os nos c\u00e2mpus Campinas e Itatiba - Not\u00edcias - Franciscanos\" \/>\n<meta property=\"og:description\" content=\"Universidade S\u00e3o Francisco\" \/>\n<meta property=\"og:url\" content=\"https:\/\/franciscanos.org.br\/noticias\/usf-inaugura-novos-espacos-nos-campus-campinas-e-itatiba.html\" \/>\n<meta property=\"og:site_name\" content=\"Not\u00edcias - Franciscanos\" \/>\n<meta property=\"article:published_time\" content=\"2020-03-16T10:38:01+00:00\" \/>\n<meta property=\"article:modified_time\" content=\"2020-03-16T10:41:05+00:00\" \/>\n<meta property=\"og:image\" content=\"https:\/\/franciscanos.org.br\/noticias\/wp-content\/uploads\/2020\/03\/usf_1603d.jpg\" \/>\n\t<meta property=\"og:image:width\" content=\"273\" \/>\n\t<meta property=\"og:image:height\" content=\"181\" \/>\n\t<meta property=\"og:image:type\" content=\"image\/jpeg\" \/>\n<meta name=\"author\" content=\"moacir\" \/>\n<meta name=\"twitter:card\" content=\"summary_large_image\" \/>\n<meta name=\"twitter:label1\" content=\"Escrito por\" \/>\n\t<meta name=\"twitter:data1\" content=\"moacir\" \/>\n\t<meta name=\"twitter:label2\" content=\"Est. tempo de leitura\" \/>\n\t<meta name=\"twitter:data2\" content=\"2 minutos\" \/>\n<script type=\"application\/ld+json\" class=\"yoast-schema-graph\">{\"@context\":\"https:\/\/schema.org\",\"@graph\":[{\"@type\":\"WebSite\",\"@id\":\"https:\/\/franciscanos.org.br\/noticias\/#website\",\"url\":\"https:\/\/franciscanos.org.br\/noticias\/\",\"name\":\"Not\u00edcias - Franciscanos\",\"description\":\"Prov\u00edncia Franciscana da Imaculada Concei\u00e7\u00e3o do Brasil - Ordem dos Frades Menores - OFM\",\"potentialAction\":[{\"@type\":\"SearchAction\",\"target\":{\"@type\":\"EntryPoint\",\"urlTemplate\":\"https:\/\/franciscanos.org.br\/noticias\/?s={search_term_string}\"},\"query-input\":\"required name=search_term_string\"}],\"inLanguage\":\"pt-BR\"},{\"@type\":\"ImageObject\",\"inLanguage\":\"pt-BR\",\"@id\":\"https:\/\/franciscanos.org.br\/noticias\/usf-inaugura-novos-espacos-nos-campus-campinas-e-itatiba.html#primaryimage\",\"url\":\"https:\/\/franciscanos.org.br\/noticias\/wp-content\/uploads\/2020\/03\/usf_1603d.jpg\",\"contentUrl\":\"https:\/\/franciscanos.org.br\/noticias\/wp-content\/uploads\/2020\/03\/usf_1603d.jpg\",\"width\":273,\"height\":181},{\"@type\":\"WebPage\",\"@id\":\"https:\/\/franciscanos.org.br\/noticias\/usf-inaugura-novos-espacos-nos-campus-campinas-e-itatiba.html#webpage\",\"url\":\"https:\/\/franciscanos.org.br\/noticias\/usf-inaugura-novos-espacos-nos-campus-campinas-e-itatiba.html\",\"name\":\"USF inaugura novos espa\u00e7os nos c\u00e2mpus Campinas e Itatiba - Not\u00edcias - Franciscanos\",\"isPartOf\":{\"@id\":\"https:\/\/franciscanos.org.br\/noticias\/#website\"},\"primaryImageOfPage\":{\"@id\":\"https:\/\/franciscanos.org.br\/noticias\/usf-inaugura-novos-espacos-nos-campus-campinas-e-itatiba.html#primaryimage\"},\"datePublished\":\"2020-03-16T10:38:01+00:00\",\"dateModified\":\"2020-03-16T10:41:05+00:00\",\"author\":{\"@id\":\"https:\/\/franciscanos.org.br\/noticias\/#\/schema\/person\/b5c8cba458c330ccff548b056e95a5d4\"},\"breadcrumb\":{\"@id\":\"https:\/\/franciscanos.org.br\/noticias\/usf-inaugura-novos-espacos-nos-campus-campinas-e-itatiba.html#breadcrumb\"},\"inLanguage\":\"pt-BR\",\"potentialAction\":[{\"@type\":\"ReadAction\",\"target\":[\"https:\/\/franciscanos.org.br\/noticias\/usf-inaugura-novos-espacos-nos-campus-campinas-e-itatiba.html\"]}]},{\"@type\":\"BreadcrumbList\",\"@id\":\"https:\/\/franciscanos.org.br\/noticias\/usf-inaugura-novos-espacos-nos-campus-campinas-e-itatiba.html#breadcrumb\",\"itemListElement\":[{\"@type\":\"ListItem\",\"position\":1,\"name\":\"Home\",\"item\":\"https:\/\/franciscanos.org.br\/noticias\"},{\"@type\":\"ListItem\",\"position\":2,\"name\":\"USF inaugura novos espa\u00e7os nos c\u00e2mpus Campinas e Itatiba\"}]},{\"@type\":\"Person\",\"@id\":\"https:\/\/franciscanos.org.br\/noticias\/#\/schema\/person\/b5c8cba458c330ccff548b056e95a5d4\",\"name\":\"moacir\",\"image\":{\"@type\":\"ImageObject\",\"inLanguage\":\"pt-BR\",\"@id\":\"https:\/\/franciscanos.org.br\/noticias\/#\/schema\/person\/image\/\",\"url\":\"https:\/\/secure.gravatar.com\/avatar\/d08aa2ce4c8dd416d4479aa8536fcf64?s=96&d=mm&r=g\",\"contentUrl\":\"https:\/\/secure.gravatar.com\/avatar\/d08aa2ce4c8dd416d4479aa8536fcf64?s=96&d=mm&r=g\",\"caption\":\"moacir\"},\"url\":\"https:\/\/franciscanos.org.br\/noticias\/author\/moacir\"}]}<\/script>\n<!-- \/ Yoast SEO plugin. -->","yoast_head_json":{"title":"USF inaugura novos espa\u00e7os nos c\u00e2mpus Campinas e Itatiba - Not\u00edcias - Franciscanos","robots":{"index":"index","follow":"follow","max-snippet":"max-snippet:-1","max-image-preview":"max-image-preview:large","max-video-preview":"max-video-preview:-1"},"canonical":"https:\/\/franciscanos.org.br\/noticias\/usf-inaugura-novos-espacos-nos-campus-campinas-e-itatiba.html","og_locale":"pt_BR","og_type":"article","og_title":"USF inaugura novos espa\u00e7os nos c\u00e2mpus Campinas e Itatiba - Not\u00edcias - Franciscanos","og_description":"Universidade S\u00e3o Francisco","og_url":"https:\/\/franciscanos.org.br\/noticias\/usf-inaugura-novos-espacos-nos-campus-campinas-e-itatiba.html","og_site_name":"Not\u00edcias - Franciscanos","article_published_time":"2020-03-16T10:38:01+00:00","article_modified_time":"2020-03-16T10:41:05+00:00","og_image":[{"width":273,"height":181,"url":"https:\/\/franciscanos.org.br\/noticias\/wp-content\/uploads\/2020\/03\/usf_1603d.jpg","type":"image\/jpeg"}],"author":"moacir","twitter_card":"summary_large_image","twitter_misc":{"Escrito por":"moacir","Est. tempo de leitura":"2 minutos"},"schema":{"@context":"https:\/\/schema.org","@graph":[{"@type":"WebSite","@id":"https:\/\/franciscanos.org.br\/noticias\/#website","url":"https:\/\/franciscanos.org.br\/noticias\/","name":"Not\u00edcias - Franciscanos","description":"Prov\u00edncia Franciscana da Imaculada Concei\u00e7\u00e3o do Brasil - Ordem dos Frades Menores - OFM","potentialAction":[{"@type":"SearchAction","target":{"@type":"EntryPoint","urlTemplate":"https:\/\/franciscanos.org.br\/noticias\/?s={search_term_string}"},"query-input":"required name=search_term_string"}],"inLanguage":"pt-BR"},{"@type":"ImageObject","inLanguage":"pt-BR","@id":"https:\/\/franciscanos.org.br\/noticias\/usf-inaugura-novos-espacos-nos-campus-campinas-e-itatiba.html#primaryimage","url":"https:\/\/franciscanos.org.br\/noticias\/wp-content\/uploads\/2020\/03\/usf_1603d.jpg","contentUrl":"https:\/\/franciscanos.org.br\/noticias\/wp-content\/uploads\/2020\/03\/usf_1603d.jpg","width":273,"height":181},{"@type":"WebPage","@id":"https:\/\/franciscanos.org.br\/noticias\/usf-inaugura-novos-espacos-nos-campus-campinas-e-itatiba.html#webpage","url":"https:\/\/franciscanos.org.br\/noticias\/usf-inaugura-novos-espacos-nos-campus-campinas-e-itatiba.html","name":"USF inaugura novos espa\u00e7os nos c\u00e2mpus Campinas e Itatiba - Not\u00edcias - Franciscanos","isPartOf":{"@id":"https:\/\/franciscanos.org.br\/noticias\/#website"},"primaryImageOfPage":{"@id":"https:\/\/franciscanos.org.br\/noticias\/usf-inaugura-novos-espacos-nos-campus-campinas-e-itatiba.html#primaryimage"},"datePublished":"2020-03-16T10:38:01+00:00","dateModified":"2020-03-16T10:41:05+00:00","author":{"@id":"https:\/\/franciscanos.org.br\/noticias\/#\/schema\/person\/b5c8cba458c330ccff548b056e95a5d4"},"breadcrumb":{"@id":"https:\/\/franciscanos.org.br\/noticias\/usf-inaugura-novos-espacos-nos-campus-campinas-e-itatiba.html#breadcrumb"},"inLanguage":"pt-BR","potentialAction":[{"@type":"ReadAction","target":["https:\/\/franciscanos.org.br\/noticias\/usf-inaugura-novos-espacos-nos-campus-campinas-e-itatiba.html"]}]},{"@type":"BreadcrumbList","@id":"https:\/\/franciscanos.org.br\/noticias\/usf-inaugura-novos-espacos-nos-campus-campinas-e-itatiba.html#breadcrumb","itemListElement":[{"@type":"ListItem","position":1,"name":"Home","item":"https:\/\/franciscanos.org.br\/noticias"},{"@type":"ListItem","position":2,"name":"USF inaugura novos espa\u00e7os nos c\u00e2mpus Campinas e Itatiba"}]},{"@type":"Person","@id":"https:\/\/franciscanos.org.br\/noticias\/#\/schema\/person\/b5c8cba458c330ccff548b056e95a5d4","name":"moacir","image":{"@type":"ImageObject","inLanguage":"pt-BR","@id":"https:\/\/franciscanos.org.br\/noticias\/#\/schema\/person\/image\/","url":"https:\/\/secure.gravatar.com\/avatar\/d08aa2ce4c8dd416d4479aa8536fcf64?s=96&d=mm&r=g","contentUrl":"https:\/\/secure.gravatar.com\/avatar\/d08aa2ce4c8dd416d4479aa8536fcf64?s=96&d=mm&r=g","caption":"moacir"},"url":"https:\/\/franciscanos.org.br\/noticias\/author\/moacir"}]}},"_links":{"self":[{"href":"https:\/\/franciscanos.org.br\/noticias\/wp-json\/wp\/v2\/posts\/221896"}],"collection":[{"href":"https:\/\/franciscanos.org.br\/noticias\/wp-json\/wp\/v2\/posts"}],"about":[{"href":"https:\/\/franciscanos.org.br\/noticias\/wp-json\/wp\/v2\/types\/post"}],"author":[{"embeddable":true,"href":"https:\/\/franciscanos.org.br\/noticias\/wp-json\/wp\/v2\/users\/3"}],"replies":[{"embeddable":true,"href":"https:\/\/franciscanos.org.br\/noticias\/wp-json\/wp\/v2\/comments?post=221896"}],"version-history":[{"count":3,"href":"https:\/\/franciscanos.org.br\/noticias\/wp-json\/wp\/v2\/posts\/221896\/revisions"}],"predecessor-version":[{"id":221903,"href":"https:\/\/franciscanos.org.br\/noticias\/wp-json\/wp\/v2\/posts\/221896\/revisions\/221903"}],"wp:featuredmedia":[{"embeddable":true,"href":"https:\/\/franciscanos.org.br\/noticias\/wp-json\/wp\/v2\/media\/221898"}],"wp:attachment":[{"href":"https:\/\/franciscanos.org.br\/noticias\/wp-json\/wp\/v2\/media?parent=221896"}],"wp:term":[{"taxonomy":"category","embeddable":true,"href":"https:\/\/franciscanos.org.br\/noticias\/wp-json\/wp\/v2\/categories?post=221896"},{"taxonomy":"post_tag","embeddable":true,"href":"https:\/\/franciscanos.org.br\/noticias\/wp-json\/wp\/v2\/tags?post=221896"}],"curies":[{"name":"wp","href":"https:\/\/api.w.org\/{rel}","templated":true}]}}