{"id":221892,"date":"2020-03-16T07:22:21","date_gmt":"2020-03-16T10:22:21","guid":{"rendered":"https:\/\/franciscanos.org.br\/noticias\/?p=221892"},"modified":"2020-06-06T10:42:50","modified_gmt":"2020-06-06T13:42:50","slug":"papa-deus-ajude-as-familias-a-reencontrar-verdadeiros-afetos-neste-tempo-dificil","status":"publish","type":"post","link":"https:\/\/franciscanos.org.br\/noticias\/papa-deus-ajude-as-familias-a-reencontrar-verdadeiros-afetos-neste-tempo-dificil.html","title":{"rendered":"Papa: Deus, ajude as fam\u00edlias a reencontrar verdadeiros afetos neste tempo dif\u00edcil"},"content":{"rendered":"<p><img loading=\"lazy\" class=\"alignnone size-full wp-image-221893\" src=\"https:\/\/franciscanos.org.br\/noticias\/wp-content\/uploads\/2020\/03\/MARTA_1603.jpg\" alt=\"\" width=\"1280\" height=\"720\" srcset=\"https:\/\/franciscanos.org.br\/noticias\/wp-content\/uploads\/2020\/03\/MARTA_1603.jpg 1280w, https:\/\/franciscanos.org.br\/noticias\/wp-content\/uploads\/2020\/03\/MARTA_1603-450x253.jpg 450w, https:\/\/franciscanos.org.br\/noticias\/wp-content\/uploads\/2020\/03\/MARTA_1603-1024x576.jpg 1024w, https:\/\/franciscanos.org.br\/noticias\/wp-content\/uploads\/2020\/03\/MARTA_1603-768x432.jpg 768w, https:\/\/franciscanos.org.br\/noticias\/wp-content\/uploads\/2020\/03\/MARTA_1603-150x84.jpg 150w\" sizes=\"(max-width: 1280px) 100vw, 1280px\" \/><\/p>\n<p><strong>Cidade do Vaticano<\/strong> &#8211; O Papa Francisco celebra a missa <em>via streaming<\/em> da Casa Santa Marta tamb\u00e9m esta semana para manifestar a sua proximidade aos fi\u00e9is que n\u00e3o podem participar da Eucaristia devido \u00e0 emerg\u00eancia coronav\u00edrus. Na manh\u00e3 desta segunda-feira (16\/03), introduzindo a celebra\u00e7\u00e3o, continuou rezando pelos doentes e as fam\u00edlias.<\/p>\n<p>\u201cContinuemos rezando pelos doentes. Penso nas fam\u00edlias, fechadas em casa, as crian\u00e7as que n\u00e3o v\u00e3o \u00e0 escola, os pais que talvez n\u00e3o possam sair; alguns estar\u00e3o em quarentena. Que o Senhor os ajude a descobrir novos modos, novas express\u00f5es de amor, de conviv\u00eancia nesta nova situa\u00e7\u00e3o. \u00c9 uma ocasi\u00e3o bela para reencontrar os verdadeiros afetos com uma criatividade na fam\u00edlia. Rezemos pela fam\u00edlia, para que as rela\u00e7\u00f5es na fam\u00edlia neste momento flores\u00e7am sempre para o bem.\u201d<\/p>\n<p><em>Confira as palavras do Papa:<\/em><br \/>\nNa homilia, Francisco comentou as leituras do dia, extra\u00eddas do segundo Livro dos Reis (2 Re 5, 1-15) e do Evangelho de Lucas (Lc 4, 24-30). A seguir, o texto da homilia transcrita pelo <em>Vatican News:<\/em><\/p>\n<p>Em ambos os textos que hoje a Liturgia nos leva a meditar, h\u00e1 uma atitude que chama a aten\u00e7\u00e3o, uma atitude humana, mas n\u00e3o de bom esp\u00edrito: a indigna\u00e7\u00e3o. Este povo de Nazar\u00e9 come\u00e7ou a ouvir Jesus, gostava de como Ele falava, mas depois algu\u00e9m disse: \u201cMas este a\u00ed estudou em qual universidade? Este \u00e9 o filho de Maria e Jos\u00e9, este \u00e9 o carpinteiro! O que vem nos dizer?\u201d E o povo se indignou. Entram nesta indigna\u00e7\u00e3o. E essa indigna\u00e7\u00e3o os leva \u00e0 viol\u00eancia. E aquele Jesus que admiravam no in\u00edcio da prega\u00e7\u00e3o \u00e9 lan\u00e7ado fora da cidade, para jog\u00e1-lo do alto do monte. Tamb\u00e9m Naam\u00e3, que era um homem bom, inclusive aberto \u00e0 f\u00e9, mas quando o profeta lhe manda banhar-se no Jord\u00e3o, se indigna. Mas como \u00e9 poss\u00edvel? \u201cEu pensava que ele viria em pessoa, e, diante de mim, invocaria o Senhor, seu Deus, poria a m\u00e3o no lugar infectado e me curaria da lepra. Porventura os rios de Damasco, o Abana e o Farfar, n\u00e3o s\u00e3o melhores que todas as \u00e1guas de Israel? N\u00e3o me poderia eu lavar neles e ficar limpo? E, voltando-se, retirou-se encolerizado\u201d. Com indigna\u00e7\u00e3o.<\/p>\n<p>Tamb\u00e9m em Nazar\u00e9 h\u00e1 pessoas boas; mas o que h\u00e1 por tr\u00e1s destas boas pessoas que as leva a essa atitude de indigna\u00e7\u00e3o? E em Nazar\u00e9 pior: a viol\u00eancia. Quer as pessoas da Sinagoga de Nazar\u00e9, quer Naam\u00e3 pensavam que Deus se manifestasse somente no extraordin\u00e1rio, nas coisas fora do comum; que Deus n\u00e3o podia agir nas coisas comuns da vida, na simplicidade. Indignavam-se do simples. Eles se indignavam, desprezavam as coisas simples. E o nosso Deus nos faz entender que ele age sempre na simplicidade: na simplicidade, na casa de Nazar\u00e9, na simplicidade do trabalho de todos os dias, na simplicidade da ora\u00e7\u00e3o&#8230; As coisas simples. Ao inv\u00e9s, o esp\u00edrito mundano nos leva \u00e0 vaidade, \u00e0s apar\u00eancias e ambas acabam na viol\u00eancia: Naam\u00e3 era muito educado, mas bate a porta diante do profeta e vai embora. A viol\u00eancia, um gesto de viol\u00eancia. O povo da sinagoga come\u00e7a a esquentar-se, a esquentar-se, e toma a decis\u00e3o de assassinar Jesus, mas inconscientemente, e o expulsam para jog\u00e1-lo do monte abaixo. A indigna\u00e7\u00e3o \u00e9 uma tenta\u00e7\u00e3o feia que leva \u00e0 viol\u00eancia.<\/p>\n<p>Dias atr\u00e1s, me mostraram num celular, um v\u00eddeo da porta de um pr\u00e9dio em quarentena. Havia uma pessoa, um senhor jovem, que queria sair. E o guarda lhe disse que n\u00e3o podia. E ele reagiu com socos, com uma indigna\u00e7\u00e3o, com um desprezo. \u201cMas quem \u00e9 voc\u00ea, \u2018negro\u2019, para impedir que eu saia?\u201d A indigna\u00e7\u00e3o \u00e9 a atitude dos soberbos, mas dos soberbos pobres, dos soberbos com uma pobreza de esp\u00edrito feia, dos soberbos que vivem somente com a ilus\u00e3o de ser mais do que aquilo que s\u00e3o. \u00c9 uma estratifica\u00e7\u00e3o espiritual, o povo que se indigna: ali\u00e1s, muitas vezes essa gente precisa indignar-se, indignar-se para se sentir pessoa.<\/p>\n<p>Isso pode acontecer tamb\u00e9m conosco: \u201co esc\u00e2ndalo farisaico\u201d, chamam-no os te\u00f3logos, escandalizar-me de coisas que s\u00e3o a simplicidade de Deus, a simplicidade dos pobres, a simplicidade dos crist\u00e3os como, para dizer: \u201cMas isso n\u00e3o \u00e9 Deus. N\u00e3o, n\u00e3o. O nosso deus \u00e9 mais culto, \u00e9 mais s\u00e1bio, \u00e9 mais importante. Deus n\u00e3o pode agir nesta simplicidade\u201d. E sempre a indigna\u00e7\u00e3o leva-o \u00e0 viol\u00eancia; quer \u00e0 viol\u00eancia f\u00edsica, quer \u00e0 viol\u00eancia das fofocas, que mata como a viol\u00eancia f\u00edsica.<\/p>\n<p>Pensemos nessas duas passagens: a indigna\u00e7\u00e3o do povo na sinagoga de Nazar\u00e9 e a indigna\u00e7\u00e3o de Naam\u00e3, porque n\u00e3o entendiam a simplicidade do nosso Deus.<\/p>\n<hr \/>\n<p><em>Fonte: Vatican News<\/em><\/p>\n","protected":false},"excerpt":{"rendered":"<p>Missa em Santa Marta<\/p>\n","protected":false},"author":3,"featured_media":221894,"comment_status":"open","ping_status":"open","sticky":false,"template":"","format":"standard","meta":[],"categories":[1428],"tags":[1586],"acf":[],"yoast_head":"<!-- This site is optimized with the Yoast SEO plugin v19.2 - https:\/\/yoast.com\/wordpress\/plugins\/seo\/ -->\n<title>Papa: Deus, ajude as fam\u00edlias a reencontrar verdadeiros afetos neste tempo dif\u00edcil - Not\u00edcias - Franciscanos<\/title>\n<meta name=\"robots\" content=\"index, follow, max-snippet:-1, max-image-preview:large, max-video-preview:-1\" \/>\n<link rel=\"canonical\" href=\"https:\/\/franciscanos.org.br\/noticias\/papa-deus-ajude-as-familias-a-reencontrar-verdadeiros-afetos-neste-tempo-dificil.html\" \/>\n<meta property=\"og:locale\" content=\"pt_BR\" \/>\n<meta property=\"og:type\" content=\"article\" \/>\n<meta property=\"og:title\" content=\"Papa: Deus, ajude as fam\u00edlias a reencontrar verdadeiros afetos neste tempo dif\u00edcil - Not\u00edcias - Franciscanos\" \/>\n<meta property=\"og:description\" content=\"Missa em Santa Marta\" \/>\n<meta property=\"og:url\" content=\"https:\/\/franciscanos.org.br\/noticias\/papa-deus-ajude-as-familias-a-reencontrar-verdadeiros-afetos-neste-tempo-dificil.html\" \/>\n<meta property=\"og:site_name\" content=\"Not\u00edcias - Franciscanos\" \/>\n<meta property=\"article:published_time\" content=\"2020-03-16T10:22:21+00:00\" \/>\n<meta property=\"article:modified_time\" content=\"2020-06-06T13:42:50+00:00\" \/>\n<meta property=\"og:image\" content=\"https:\/\/franciscanos.org.br\/noticias\/wp-content\/uploads\/2020\/03\/MARTA_1603d.jpg\" \/>\n\t<meta property=\"og:image:width\" content=\"273\" \/>\n\t<meta property=\"og:image:height\" content=\"181\" \/>\n\t<meta property=\"og:image:type\" content=\"image\/jpeg\" \/>\n<meta name=\"author\" content=\"moacir\" \/>\n<meta name=\"twitter:card\" content=\"summary_large_image\" \/>\n<meta name=\"twitter:label1\" content=\"Escrito por\" \/>\n\t<meta name=\"twitter:data1\" content=\"moacir\" \/>\n\t<meta name=\"twitter:label2\" content=\"Est. tempo de leitura\" \/>\n\t<meta name=\"twitter:data2\" content=\"4 minutos\" \/>\n<script type=\"application\/ld+json\" class=\"yoast-schema-graph\">{\"@context\":\"https:\/\/schema.org\",\"@graph\":[{\"@type\":\"WebSite\",\"@id\":\"https:\/\/franciscanos.org.br\/noticias\/#website\",\"url\":\"https:\/\/franciscanos.org.br\/noticias\/\",\"name\":\"Not\u00edcias - Franciscanos\",\"description\":\"Prov\u00edncia Franciscana da Imaculada Concei\u00e7\u00e3o do Brasil - Ordem dos Frades Menores - OFM\",\"potentialAction\":[{\"@type\":\"SearchAction\",\"target\":{\"@type\":\"EntryPoint\",\"urlTemplate\":\"https:\/\/franciscanos.org.br\/noticias\/?s={search_term_string}\"},\"query-input\":\"required name=search_term_string\"}],\"inLanguage\":\"pt-BR\"},{\"@type\":\"ImageObject\",\"inLanguage\":\"pt-BR\",\"@id\":\"https:\/\/franciscanos.org.br\/noticias\/papa-deus-ajude-as-familias-a-reencontrar-verdadeiros-afetos-neste-tempo-dificil.html#primaryimage\",\"url\":\"https:\/\/franciscanos.org.br\/noticias\/wp-content\/uploads\/2020\/03\/MARTA_1603d.jpg\",\"contentUrl\":\"https:\/\/franciscanos.org.br\/noticias\/wp-content\/uploads\/2020\/03\/MARTA_1603d.jpg\",\"width\":273,\"height\":181},{\"@type\":\"WebPage\",\"@id\":\"https:\/\/franciscanos.org.br\/noticias\/papa-deus-ajude-as-familias-a-reencontrar-verdadeiros-afetos-neste-tempo-dificil.html#webpage\",\"url\":\"https:\/\/franciscanos.org.br\/noticias\/papa-deus-ajude-as-familias-a-reencontrar-verdadeiros-afetos-neste-tempo-dificil.html\",\"name\":\"Papa: Deus, ajude as fam\u00edlias a reencontrar verdadeiros afetos neste tempo dif\u00edcil - Not\u00edcias - Franciscanos\",\"isPartOf\":{\"@id\":\"https:\/\/franciscanos.org.br\/noticias\/#website\"},\"primaryImageOfPage\":{\"@id\":\"https:\/\/franciscanos.org.br\/noticias\/papa-deus-ajude-as-familias-a-reencontrar-verdadeiros-afetos-neste-tempo-dificil.html#primaryimage\"},\"datePublished\":\"2020-03-16T10:22:21+00:00\",\"dateModified\":\"2020-06-06T13:42:50+00:00\",\"author\":{\"@id\":\"https:\/\/franciscanos.org.br\/noticias\/#\/schema\/person\/b5c8cba458c330ccff548b056e95a5d4\"},\"breadcrumb\":{\"@id\":\"https:\/\/franciscanos.org.br\/noticias\/papa-deus-ajude-as-familias-a-reencontrar-verdadeiros-afetos-neste-tempo-dificil.html#breadcrumb\"},\"inLanguage\":\"pt-BR\",\"potentialAction\":[{\"@type\":\"ReadAction\",\"target\":[\"https:\/\/franciscanos.org.br\/noticias\/papa-deus-ajude-as-familias-a-reencontrar-verdadeiros-afetos-neste-tempo-dificil.html\"]}]},{\"@type\":\"BreadcrumbList\",\"@id\":\"https:\/\/franciscanos.org.br\/noticias\/papa-deus-ajude-as-familias-a-reencontrar-verdadeiros-afetos-neste-tempo-dificil.html#breadcrumb\",\"itemListElement\":[{\"@type\":\"ListItem\",\"position\":1,\"name\":\"Home\",\"item\":\"https:\/\/franciscanos.org.br\/noticias\"},{\"@type\":\"ListItem\",\"position\":2,\"name\":\"Papa: Deus, ajude as fam\u00edlias a reencontrar verdadeiros afetos neste tempo dif\u00edcil\"}]},{\"@type\":\"Person\",\"@id\":\"https:\/\/franciscanos.org.br\/noticias\/#\/schema\/person\/b5c8cba458c330ccff548b056e95a5d4\",\"name\":\"moacir\",\"image\":{\"@type\":\"ImageObject\",\"inLanguage\":\"pt-BR\",\"@id\":\"https:\/\/franciscanos.org.br\/noticias\/#\/schema\/person\/image\/\",\"url\":\"https:\/\/secure.gravatar.com\/avatar\/d08aa2ce4c8dd416d4479aa8536fcf64?s=96&d=mm&r=g\",\"contentUrl\":\"https:\/\/secure.gravatar.com\/avatar\/d08aa2ce4c8dd416d4479aa8536fcf64?s=96&d=mm&r=g\",\"caption\":\"moacir\"},\"url\":\"https:\/\/franciscanos.org.br\/noticias\/author\/moacir\"}]}<\/script>\n<!-- \/ Yoast SEO plugin. -->","yoast_head_json":{"title":"Papa: Deus, ajude as fam\u00edlias a reencontrar verdadeiros afetos neste tempo dif\u00edcil - Not\u00edcias - Franciscanos","robots":{"index":"index","follow":"follow","max-snippet":"max-snippet:-1","max-image-preview":"max-image-preview:large","max-video-preview":"max-video-preview:-1"},"canonical":"https:\/\/franciscanos.org.br\/noticias\/papa-deus-ajude-as-familias-a-reencontrar-verdadeiros-afetos-neste-tempo-dificil.html","og_locale":"pt_BR","og_type":"article","og_title":"Papa: Deus, ajude as fam\u00edlias a reencontrar verdadeiros afetos neste tempo dif\u00edcil - Not\u00edcias - Franciscanos","og_description":"Missa em Santa Marta","og_url":"https:\/\/franciscanos.org.br\/noticias\/papa-deus-ajude-as-familias-a-reencontrar-verdadeiros-afetos-neste-tempo-dificil.html","og_site_name":"Not\u00edcias - Franciscanos","article_published_time":"2020-03-16T10:22:21+00:00","article_modified_time":"2020-06-06T13:42:50+00:00","og_image":[{"width":273,"height":181,"url":"https:\/\/franciscanos.org.br\/noticias\/wp-content\/uploads\/2020\/03\/MARTA_1603d.jpg","type":"image\/jpeg"}],"author":"moacir","twitter_card":"summary_large_image","twitter_misc":{"Escrito por":"moacir","Est. tempo de leitura":"4 minutos"},"schema":{"@context":"https:\/\/schema.org","@graph":[{"@type":"WebSite","@id":"https:\/\/franciscanos.org.br\/noticias\/#website","url":"https:\/\/franciscanos.org.br\/noticias\/","name":"Not\u00edcias - Franciscanos","description":"Prov\u00edncia Franciscana da Imaculada Concei\u00e7\u00e3o do Brasil - Ordem dos Frades Menores - OFM","potentialAction":[{"@type":"SearchAction","target":{"@type":"EntryPoint","urlTemplate":"https:\/\/franciscanos.org.br\/noticias\/?s={search_term_string}"},"query-input":"required name=search_term_string"}],"inLanguage":"pt-BR"},{"@type":"ImageObject","inLanguage":"pt-BR","@id":"https:\/\/franciscanos.org.br\/noticias\/papa-deus-ajude-as-familias-a-reencontrar-verdadeiros-afetos-neste-tempo-dificil.html#primaryimage","url":"https:\/\/franciscanos.org.br\/noticias\/wp-content\/uploads\/2020\/03\/MARTA_1603d.jpg","contentUrl":"https:\/\/franciscanos.org.br\/noticias\/wp-content\/uploads\/2020\/03\/MARTA_1603d.jpg","width":273,"height":181},{"@type":"WebPage","@id":"https:\/\/franciscanos.org.br\/noticias\/papa-deus-ajude-as-familias-a-reencontrar-verdadeiros-afetos-neste-tempo-dificil.html#webpage","url":"https:\/\/franciscanos.org.br\/noticias\/papa-deus-ajude-as-familias-a-reencontrar-verdadeiros-afetos-neste-tempo-dificil.html","name":"Papa: Deus, ajude as fam\u00edlias a reencontrar verdadeiros afetos neste tempo dif\u00edcil - Not\u00edcias - Franciscanos","isPartOf":{"@id":"https:\/\/franciscanos.org.br\/noticias\/#website"},"primaryImageOfPage":{"@id":"https:\/\/franciscanos.org.br\/noticias\/papa-deus-ajude-as-familias-a-reencontrar-verdadeiros-afetos-neste-tempo-dificil.html#primaryimage"},"datePublished":"2020-03-16T10:22:21+00:00","dateModified":"2020-06-06T13:42:50+00:00","author":{"@id":"https:\/\/franciscanos.org.br\/noticias\/#\/schema\/person\/b5c8cba458c330ccff548b056e95a5d4"},"breadcrumb":{"@id":"https:\/\/franciscanos.org.br\/noticias\/papa-deus-ajude-as-familias-a-reencontrar-verdadeiros-afetos-neste-tempo-dificil.html#breadcrumb"},"inLanguage":"pt-BR","potentialAction":[{"@type":"ReadAction","target":["https:\/\/franciscanos.org.br\/noticias\/papa-deus-ajude-as-familias-a-reencontrar-verdadeiros-afetos-neste-tempo-dificil.html"]}]},{"@type":"BreadcrumbList","@id":"https:\/\/franciscanos.org.br\/noticias\/papa-deus-ajude-as-familias-a-reencontrar-verdadeiros-afetos-neste-tempo-dificil.html#breadcrumb","itemListElement":[{"@type":"ListItem","position":1,"name":"Home","item":"https:\/\/franciscanos.org.br\/noticias"},{"@type":"ListItem","position":2,"name":"Papa: Deus, ajude as fam\u00edlias a reencontrar verdadeiros afetos neste tempo dif\u00edcil"}]},{"@type":"Person","@id":"https:\/\/franciscanos.org.br\/noticias\/#\/schema\/person\/b5c8cba458c330ccff548b056e95a5d4","name":"moacir","image":{"@type":"ImageObject","inLanguage":"pt-BR","@id":"https:\/\/franciscanos.org.br\/noticias\/#\/schema\/person\/image\/","url":"https:\/\/secure.gravatar.com\/avatar\/d08aa2ce4c8dd416d4479aa8536fcf64?s=96&d=mm&r=g","contentUrl":"https:\/\/secure.gravatar.com\/avatar\/d08aa2ce4c8dd416d4479aa8536fcf64?s=96&d=mm&r=g","caption":"moacir"},"url":"https:\/\/franciscanos.org.br\/noticias\/author\/moacir"}]}},"_links":{"self":[{"href":"https:\/\/franciscanos.org.br\/noticias\/wp-json\/wp\/v2\/posts\/221892"}],"collection":[{"href":"https:\/\/franciscanos.org.br\/noticias\/wp-json\/wp\/v2\/posts"}],"about":[{"href":"https:\/\/franciscanos.org.br\/noticias\/wp-json\/wp\/v2\/types\/post"}],"author":[{"embeddable":true,"href":"https:\/\/franciscanos.org.br\/noticias\/wp-json\/wp\/v2\/users\/3"}],"replies":[{"embeddable":true,"href":"https:\/\/franciscanos.org.br\/noticias\/wp-json\/wp\/v2\/comments?post=221892"}],"version-history":[{"count":2,"href":"https:\/\/franciscanos.org.br\/noticias\/wp-json\/wp\/v2\/posts\/221892\/revisions"}],"predecessor-version":[{"id":224531,"href":"https:\/\/franciscanos.org.br\/noticias\/wp-json\/wp\/v2\/posts\/221892\/revisions\/224531"}],"wp:featuredmedia":[{"embeddable":true,"href":"https:\/\/franciscanos.org.br\/noticias\/wp-json\/wp\/v2\/media\/221894"}],"wp:attachment":[{"href":"https:\/\/franciscanos.org.br\/noticias\/wp-json\/wp\/v2\/media?parent=221892"}],"wp:term":[{"taxonomy":"category","embeddable":true,"href":"https:\/\/franciscanos.org.br\/noticias\/wp-json\/wp\/v2\/categories?post=221892"},{"taxonomy":"post_tag","embeddable":true,"href":"https:\/\/franciscanos.org.br\/noticias\/wp-json\/wp\/v2\/tags?post=221892"}],"curies":[{"name":"wp","href":"https:\/\/api.w.org\/{rel}","templated":true}]}}