{"id":221888,"date":"2020-03-15T20:59:40","date_gmt":"2020-03-15T23:59:40","guid":{"rendered":"https:\/\/franciscanos.org.br\/noticias\/?p=221888"},"modified":"2020-06-06T10:46:18","modified_gmt":"2020-06-06T13:46:18","slug":"papa-salvacao-nao-esta-nas-coisas-deste-mundo-mas-naquele-que-sempre-nos-amou","status":"publish","type":"post","link":"https:\/\/franciscanos.org.br\/noticias\/papa-salvacao-nao-esta-nas-coisas-deste-mundo-mas-naquele-que-sempre-nos-amou.html","title":{"rendered":"Papa: salva\u00e7\u00e3o n\u00e3o est\u00e1 nas coisas deste mundo, mas naquele que sempre nos amou"},"content":{"rendered":"<p><img loading=\"lazy\" class=\"alignnone size-full wp-image-221889\" src=\"https:\/\/franciscanos.org.br\/noticias\/wp-content\/uploads\/2020\/03\/angelus_15.jpg\" alt=\"\" width=\"1366\" height=\"768\" srcset=\"https:\/\/franciscanos.org.br\/noticias\/wp-content\/uploads\/2020\/03\/angelus_15.jpg 1366w, https:\/\/franciscanos.org.br\/noticias\/wp-content\/uploads\/2020\/03\/angelus_15-450x253.jpg 450w, https:\/\/franciscanos.org.br\/noticias\/wp-content\/uploads\/2020\/03\/angelus_15-1024x576.jpg 1024w, https:\/\/franciscanos.org.br\/noticias\/wp-content\/uploads\/2020\/03\/angelus_15-768x432.jpg 768w, https:\/\/franciscanos.org.br\/noticias\/wp-content\/uploads\/2020\/03\/angelus_15-150x84.jpg 150w\" sizes=\"(max-width: 1366px) 100vw, 1366px\" \/><\/p>\n<p><strong>Cidade do Vaticano<\/strong> &#8211; \u201cQuem quer que encontre Jesus vivo sente a necessidade de contar aos outros, para que todos confessem que Jesus \u2018\u00e9 verdadeiramente o Salvador do mundo\u2019, e quem tem sede de salva\u00e7\u00e3o, pode obt\u00ea-la gratuitamente de Jesus\u201d, e \u201co Esp\u00edrito Santo se tornar\u00e1 nele ou nela uma fonte de vida plena e eterna.\u201d<\/p>\n<p>O Papa Francisco inspirou sua alocu\u00e7\u00e3o que precedeu a ora\u00e7\u00e3o do Angelus neste III Domingo da Quaresma, na passagem de Jo\u00e3o que narra o encontro de Jesus com a samaritana. Mas antes da reflex\u00e3o, ele iniciou agradecendo a todos os sacerdotes com zelo apost\u00f3lico, que entenderam bem as exig\u00eancias que esta pandemia acarreta, recordando o arcebispo de Mil\u00e3o [Dom Mario Delpini] que naquele momento conclu\u00eda no Policl\u00ednico, uma Celebra\u00e7\u00e3o Eucar\u00edstica para os doentes, os m\u00e9dicos, os enfermeiros, os volunt\u00e1rios: \u201cO senhor arcebispo est\u00e1 pr\u00f3ximo de seu povo e tamb\u00e9m pr\u00f3ximo a Deus na ora\u00e7\u00e3o. Me vem em mente a fotografia da semana passada, na c\u00fapula da catedral, rezando a Nossa Senhora. Gostaria tamb\u00e9m de agradecer a todos os sacerdotes, \u00e0 criatividade dos sacerdotes. Chegam tantas not\u00edcias da Lombardia sobre essa criatividade, \u00e9 verdade, a Lombardia foi muito atingida. Sacerdotes que pensam mil maneiras de estar pr\u00f3ximos do povo, para que o povo n\u00e3o se sinta abandonado\u201d.<\/p>\n<p><strong>Papa agradece criatividade dos sacerdotes<\/strong><\/p>\n<p>Tamb\u00e9m neste domingo, o Papa rezou o Angelus da Biblioteca do Pal\u00e1cio Apost\u00f3lico. A Pra\u00e7a S\u00e3o Pedro continua fechada, assim os fi\u00e9is puderam acompanhar somente pelos meios de comunica\u00e7\u00e3o.<\/p>\n<p>A passagem do Evangelho deste domingo \u2013 come\u00e7ou explicando Francisco &#8211; apresenta o encontro de Jesus com uma mulher samaritana. Ele est\u00e1 a caminho com seus disc\u00edpulos e fazem uma parada junto a um po\u00e7o, em Samaria. Os samaritanos eram considerados her\u00e9ticos pelos judeus, e muito desprezados, como cidad\u00e3os de segunda categoria. Jesus est\u00e1 cansado, tem sede. Chega uma mulher para tirar \u00e1gua e ele pede: &#8220;D\u00e1-me de beber.&#8221; Assim, rompendo toda barreira, come\u00e7a um di\u00e1logo em que revela a essa mulher o mist\u00e9rio da \u00e1gua viva, isto \u00e9, do Esp\u00edrito Santo, dom de Deus:<\/p>\n<p>No centro deste di\u00e1logo est\u00e1 a \u00e1gua. Por um lado, a \u00e1gua como elemento essencial para viver, que sacia a sede do corpo e sustenta a vida. Por outro, a \u00e1gua como s\u00edmbolo da gra\u00e7a divina, que d\u00e1 a vida eterna. Na tradi\u00e7\u00e3o b\u00edblica, Deus \u00e9 a fonte da \u00e1gua viva &#8211; assim se fala nos salmos, nos profetas: afastar-se de Deus, fonte de \u00e1gua viva, e de sua lei, comporta a pior seca. \u00c9 a experi\u00eancia do povo de Israel no deserto.<\/p>\n<p><strong>Cristo junto com o povo de Deus que caminha<\/strong><\/p>\n<p>E no longo caminho para a liberdade, sedento \u2013 \u201co povo protesta contra Mois\u00e9s e contra Deus porque n\u00e3o h\u00e1 \u00e1gua\u201d, recordou o Papa. Ent\u00e3o, por desejo de Deus, Mois\u00e9s faz brotar \u00e1gua de uma rocha, como sinal da Provid\u00eancia de Deus que acompanha seu povo e lhe d\u00e1 a vida:<\/p>\n<p>E o ap\u00f3stolo Paulo interpreta essa rocha como um s\u00edmbolo de Cristo, dir\u00e1 assim: &#8220;E a rocha \u00e9 Cristo&#8221;. \u00c9 a misteriosa figura de sua presen\u00e7a no meio do povo de Deus que caminha. Cristo, de fato, \u00e9 o Templo do qual, segundo a vis\u00e3o dos profetas, jorra o Esp\u00edrito Santo, isto \u00e9, a \u00e1gua viva que purifica e d\u00e1 vida. Quem t\u00eam sede de salva\u00e7\u00e3o pode obt\u00ea-la gratuitamente de Jesus, e o Esp\u00edrito Santo se tornar\u00e1 nele ou nela uma fonte de vida plena e eterna.<\/p>\n<p><strong>Chamados a testemunhar a vida e a esperan\u00e7a que h\u00e1 em n\u00f3s<\/strong><\/p>\n<p>A promessa da \u00e1gua viva que Jesus fez \u00e0 mulher samaritana &#8211; continuou Francisco &#8211; tornou-se realidade em sua P\u00e1scoa: &#8220;do lado transpassado, saiu sangue e \u00e1gua&#8221;. Cristo, o Cordeiro imolado e ressuscitado, \u00e9 a fonte da qual brota o Esp\u00edrito Santo, que perdoa os pecados e regenera para uma nova vida:<\/p>\n<p>Este dom tamb\u00e9m \u00e9 a fonte do testemunho. Como a samaritana, quem quer que encontre Jesus vivo sente a necessidade de contar aos outros, para que todos confessem que Jesus &#8220;\u00e9 verdadeiramente o Salvador do mundo&#8221;, como disseram depois os conterr\u00e2neos dessa mulher. Tamb\u00e9m n\u00f3s, nascidos para uma vida nova mediante o Batismo, somos chamados a testemunhar a vida e a esperan\u00e7a que h\u00e1 em n\u00f3s. Se nossa busca e nossa sede encontram plena satisfa\u00e7\u00e3o em Cristo, mostraremos que a salva\u00e7\u00e3o n\u00e3o est\u00e1 nas &#8220;coisas&#8221; deste mundo, que no final produzem seca, mas naquele que nos amou e sempre nos ama: Jesus, nosso Salvador, na \u00e1gua viva que Ele nos oferece.<\/p>\n<p>Ao concluir, o Papa pediu a Maria Sant\u00edssima a nos ajudar \u201ca cultivar o desejo de Cristo, a fonte de \u00e1gua viva, o \u00fanico que pode saciar a sede de vida e de amor que carregamos no cora\u00e7\u00e3o\u201d.<\/p>\n<hr \/>\n<p><em>Fonte: Vatican News<\/em><\/p>\n","protected":false},"excerpt":{"rendered":"<p>Angelus<\/p>\n","protected":false},"author":3,"featured_media":221890,"comment_status":"open","ping_status":"open","sticky":false,"template":"","format":"standard","meta":[],"categories":[1428],"tags":[403],"acf":[],"yoast_head":"<!-- This site is optimized with the Yoast SEO plugin v19.2 - https:\/\/yoast.com\/wordpress\/plugins\/seo\/ -->\n<title>Papa: salva\u00e7\u00e3o n\u00e3o est\u00e1 nas coisas deste mundo, mas naquele que sempre nos amou - Not\u00edcias - Franciscanos<\/title>\n<meta name=\"robots\" content=\"index, follow, max-snippet:-1, max-image-preview:large, max-video-preview:-1\" \/>\n<link rel=\"canonical\" href=\"https:\/\/franciscanos.org.br\/noticias\/papa-salvacao-nao-esta-nas-coisas-deste-mundo-mas-naquele-que-sempre-nos-amou.html\" \/>\n<meta property=\"og:locale\" content=\"pt_BR\" \/>\n<meta property=\"og:type\" content=\"article\" \/>\n<meta property=\"og:title\" content=\"Papa: salva\u00e7\u00e3o n\u00e3o est\u00e1 nas coisas deste mundo, mas naquele que sempre nos amou - Not\u00edcias - Franciscanos\" \/>\n<meta property=\"og:description\" content=\"Angelus\" \/>\n<meta property=\"og:url\" content=\"https:\/\/franciscanos.org.br\/noticias\/papa-salvacao-nao-esta-nas-coisas-deste-mundo-mas-naquele-que-sempre-nos-amou.html\" \/>\n<meta property=\"og:site_name\" content=\"Not\u00edcias - Franciscanos\" \/>\n<meta property=\"article:published_time\" content=\"2020-03-15T23:59:40+00:00\" \/>\n<meta property=\"article:modified_time\" content=\"2020-06-06T13:46:18+00:00\" \/>\n<meta property=\"og:image\" content=\"https:\/\/franciscanos.org.br\/noticias\/wp-content\/uploads\/2020\/03\/angelus_15d.jpg\" \/>\n\t<meta property=\"og:image:width\" content=\"273\" \/>\n\t<meta property=\"og:image:height\" content=\"181\" \/>\n\t<meta property=\"og:image:type\" content=\"image\/jpeg\" \/>\n<meta name=\"author\" content=\"moacir\" \/>\n<meta name=\"twitter:card\" content=\"summary_large_image\" \/>\n<meta name=\"twitter:label1\" content=\"Escrito por\" \/>\n\t<meta name=\"twitter:data1\" content=\"moacir\" \/>\n\t<meta name=\"twitter:label2\" content=\"Est. tempo de leitura\" \/>\n\t<meta name=\"twitter:data2\" content=\"4 minutos\" \/>\n<script type=\"application\/ld+json\" class=\"yoast-schema-graph\">{\"@context\":\"https:\/\/schema.org\",\"@graph\":[{\"@type\":\"WebSite\",\"@id\":\"https:\/\/franciscanos.org.br\/noticias\/#website\",\"url\":\"https:\/\/franciscanos.org.br\/noticias\/\",\"name\":\"Not\u00edcias - Franciscanos\",\"description\":\"Prov\u00edncia Franciscana da Imaculada Concei\u00e7\u00e3o do Brasil - Ordem dos Frades Menores - OFM\",\"potentialAction\":[{\"@type\":\"SearchAction\",\"target\":{\"@type\":\"EntryPoint\",\"urlTemplate\":\"https:\/\/franciscanos.org.br\/noticias\/?s={search_term_string}\"},\"query-input\":\"required name=search_term_string\"}],\"inLanguage\":\"pt-BR\"},{\"@type\":\"ImageObject\",\"inLanguage\":\"pt-BR\",\"@id\":\"https:\/\/franciscanos.org.br\/noticias\/papa-salvacao-nao-esta-nas-coisas-deste-mundo-mas-naquele-que-sempre-nos-amou.html#primaryimage\",\"url\":\"https:\/\/franciscanos.org.br\/noticias\/wp-content\/uploads\/2020\/03\/angelus_15d.jpg\",\"contentUrl\":\"https:\/\/franciscanos.org.br\/noticias\/wp-content\/uploads\/2020\/03\/angelus_15d.jpg\",\"width\":273,\"height\":181},{\"@type\":\"WebPage\",\"@id\":\"https:\/\/franciscanos.org.br\/noticias\/papa-salvacao-nao-esta-nas-coisas-deste-mundo-mas-naquele-que-sempre-nos-amou.html#webpage\",\"url\":\"https:\/\/franciscanos.org.br\/noticias\/papa-salvacao-nao-esta-nas-coisas-deste-mundo-mas-naquele-que-sempre-nos-amou.html\",\"name\":\"Papa: salva\u00e7\u00e3o n\u00e3o est\u00e1 nas coisas deste mundo, mas naquele que sempre nos amou - Not\u00edcias - Franciscanos\",\"isPartOf\":{\"@id\":\"https:\/\/franciscanos.org.br\/noticias\/#website\"},\"primaryImageOfPage\":{\"@id\":\"https:\/\/franciscanos.org.br\/noticias\/papa-salvacao-nao-esta-nas-coisas-deste-mundo-mas-naquele-que-sempre-nos-amou.html#primaryimage\"},\"datePublished\":\"2020-03-15T23:59:40+00:00\",\"dateModified\":\"2020-06-06T13:46:18+00:00\",\"author\":{\"@id\":\"https:\/\/franciscanos.org.br\/noticias\/#\/schema\/person\/b5c8cba458c330ccff548b056e95a5d4\"},\"breadcrumb\":{\"@id\":\"https:\/\/franciscanos.org.br\/noticias\/papa-salvacao-nao-esta-nas-coisas-deste-mundo-mas-naquele-que-sempre-nos-amou.html#breadcrumb\"},\"inLanguage\":\"pt-BR\",\"potentialAction\":[{\"@type\":\"ReadAction\",\"target\":[\"https:\/\/franciscanos.org.br\/noticias\/papa-salvacao-nao-esta-nas-coisas-deste-mundo-mas-naquele-que-sempre-nos-amou.html\"]}]},{\"@type\":\"BreadcrumbList\",\"@id\":\"https:\/\/franciscanos.org.br\/noticias\/papa-salvacao-nao-esta-nas-coisas-deste-mundo-mas-naquele-que-sempre-nos-amou.html#breadcrumb\",\"itemListElement\":[{\"@type\":\"ListItem\",\"position\":1,\"name\":\"Home\",\"item\":\"https:\/\/franciscanos.org.br\/noticias\"},{\"@type\":\"ListItem\",\"position\":2,\"name\":\"Papa: salva\u00e7\u00e3o n\u00e3o est\u00e1 nas coisas deste mundo, mas naquele que sempre nos amou\"}]},{\"@type\":\"Person\",\"@id\":\"https:\/\/franciscanos.org.br\/noticias\/#\/schema\/person\/b5c8cba458c330ccff548b056e95a5d4\",\"name\":\"moacir\",\"image\":{\"@type\":\"ImageObject\",\"inLanguage\":\"pt-BR\",\"@id\":\"https:\/\/franciscanos.org.br\/noticias\/#\/schema\/person\/image\/\",\"url\":\"https:\/\/secure.gravatar.com\/avatar\/d08aa2ce4c8dd416d4479aa8536fcf64?s=96&d=mm&r=g\",\"contentUrl\":\"https:\/\/secure.gravatar.com\/avatar\/d08aa2ce4c8dd416d4479aa8536fcf64?s=96&d=mm&r=g\",\"caption\":\"moacir\"},\"url\":\"https:\/\/franciscanos.org.br\/noticias\/author\/moacir\"}]}<\/script>\n<!-- \/ Yoast SEO plugin. -->","yoast_head_json":{"title":"Papa: salva\u00e7\u00e3o n\u00e3o est\u00e1 nas coisas deste mundo, mas naquele que sempre nos amou - Not\u00edcias - Franciscanos","robots":{"index":"index","follow":"follow","max-snippet":"max-snippet:-1","max-image-preview":"max-image-preview:large","max-video-preview":"max-video-preview:-1"},"canonical":"https:\/\/franciscanos.org.br\/noticias\/papa-salvacao-nao-esta-nas-coisas-deste-mundo-mas-naquele-que-sempre-nos-amou.html","og_locale":"pt_BR","og_type":"article","og_title":"Papa: salva\u00e7\u00e3o n\u00e3o est\u00e1 nas coisas deste mundo, mas naquele que sempre nos amou - Not\u00edcias - Franciscanos","og_description":"Angelus","og_url":"https:\/\/franciscanos.org.br\/noticias\/papa-salvacao-nao-esta-nas-coisas-deste-mundo-mas-naquele-que-sempre-nos-amou.html","og_site_name":"Not\u00edcias - Franciscanos","article_published_time":"2020-03-15T23:59:40+00:00","article_modified_time":"2020-06-06T13:46:18+00:00","og_image":[{"width":273,"height":181,"url":"https:\/\/franciscanos.org.br\/noticias\/wp-content\/uploads\/2020\/03\/angelus_15d.jpg","type":"image\/jpeg"}],"author":"moacir","twitter_card":"summary_large_image","twitter_misc":{"Escrito por":"moacir","Est. tempo de leitura":"4 minutos"},"schema":{"@context":"https:\/\/schema.org","@graph":[{"@type":"WebSite","@id":"https:\/\/franciscanos.org.br\/noticias\/#website","url":"https:\/\/franciscanos.org.br\/noticias\/","name":"Not\u00edcias - Franciscanos","description":"Prov\u00edncia Franciscana da Imaculada Concei\u00e7\u00e3o do Brasil - Ordem dos Frades Menores - OFM","potentialAction":[{"@type":"SearchAction","target":{"@type":"EntryPoint","urlTemplate":"https:\/\/franciscanos.org.br\/noticias\/?s={search_term_string}"},"query-input":"required name=search_term_string"}],"inLanguage":"pt-BR"},{"@type":"ImageObject","inLanguage":"pt-BR","@id":"https:\/\/franciscanos.org.br\/noticias\/papa-salvacao-nao-esta-nas-coisas-deste-mundo-mas-naquele-que-sempre-nos-amou.html#primaryimage","url":"https:\/\/franciscanos.org.br\/noticias\/wp-content\/uploads\/2020\/03\/angelus_15d.jpg","contentUrl":"https:\/\/franciscanos.org.br\/noticias\/wp-content\/uploads\/2020\/03\/angelus_15d.jpg","width":273,"height":181},{"@type":"WebPage","@id":"https:\/\/franciscanos.org.br\/noticias\/papa-salvacao-nao-esta-nas-coisas-deste-mundo-mas-naquele-que-sempre-nos-amou.html#webpage","url":"https:\/\/franciscanos.org.br\/noticias\/papa-salvacao-nao-esta-nas-coisas-deste-mundo-mas-naquele-que-sempre-nos-amou.html","name":"Papa: salva\u00e7\u00e3o n\u00e3o est\u00e1 nas coisas deste mundo, mas naquele que sempre nos amou - Not\u00edcias - Franciscanos","isPartOf":{"@id":"https:\/\/franciscanos.org.br\/noticias\/#website"},"primaryImageOfPage":{"@id":"https:\/\/franciscanos.org.br\/noticias\/papa-salvacao-nao-esta-nas-coisas-deste-mundo-mas-naquele-que-sempre-nos-amou.html#primaryimage"},"datePublished":"2020-03-15T23:59:40+00:00","dateModified":"2020-06-06T13:46:18+00:00","author":{"@id":"https:\/\/franciscanos.org.br\/noticias\/#\/schema\/person\/b5c8cba458c330ccff548b056e95a5d4"},"breadcrumb":{"@id":"https:\/\/franciscanos.org.br\/noticias\/papa-salvacao-nao-esta-nas-coisas-deste-mundo-mas-naquele-que-sempre-nos-amou.html#breadcrumb"},"inLanguage":"pt-BR","potentialAction":[{"@type":"ReadAction","target":["https:\/\/franciscanos.org.br\/noticias\/papa-salvacao-nao-esta-nas-coisas-deste-mundo-mas-naquele-que-sempre-nos-amou.html"]}]},{"@type":"BreadcrumbList","@id":"https:\/\/franciscanos.org.br\/noticias\/papa-salvacao-nao-esta-nas-coisas-deste-mundo-mas-naquele-que-sempre-nos-amou.html#breadcrumb","itemListElement":[{"@type":"ListItem","position":1,"name":"Home","item":"https:\/\/franciscanos.org.br\/noticias"},{"@type":"ListItem","position":2,"name":"Papa: salva\u00e7\u00e3o n\u00e3o est\u00e1 nas coisas deste mundo, mas naquele que sempre nos amou"}]},{"@type":"Person","@id":"https:\/\/franciscanos.org.br\/noticias\/#\/schema\/person\/b5c8cba458c330ccff548b056e95a5d4","name":"moacir","image":{"@type":"ImageObject","inLanguage":"pt-BR","@id":"https:\/\/franciscanos.org.br\/noticias\/#\/schema\/person\/image\/","url":"https:\/\/secure.gravatar.com\/avatar\/d08aa2ce4c8dd416d4479aa8536fcf64?s=96&d=mm&r=g","contentUrl":"https:\/\/secure.gravatar.com\/avatar\/d08aa2ce4c8dd416d4479aa8536fcf64?s=96&d=mm&r=g","caption":"moacir"},"url":"https:\/\/franciscanos.org.br\/noticias\/author\/moacir"}]}},"_links":{"self":[{"href":"https:\/\/franciscanos.org.br\/noticias\/wp-json\/wp\/v2\/posts\/221888"}],"collection":[{"href":"https:\/\/franciscanos.org.br\/noticias\/wp-json\/wp\/v2\/posts"}],"about":[{"href":"https:\/\/franciscanos.org.br\/noticias\/wp-json\/wp\/v2\/types\/post"}],"author":[{"embeddable":true,"href":"https:\/\/franciscanos.org.br\/noticias\/wp-json\/wp\/v2\/users\/3"}],"replies":[{"embeddable":true,"href":"https:\/\/franciscanos.org.br\/noticias\/wp-json\/wp\/v2\/comments?post=221888"}],"version-history":[{"count":3,"href":"https:\/\/franciscanos.org.br\/noticias\/wp-json\/wp\/v2\/posts\/221888\/revisions"}],"predecessor-version":[{"id":224533,"href":"https:\/\/franciscanos.org.br\/noticias\/wp-json\/wp\/v2\/posts\/221888\/revisions\/224533"}],"wp:featuredmedia":[{"embeddable":true,"href":"https:\/\/franciscanos.org.br\/noticias\/wp-json\/wp\/v2\/media\/221890"}],"wp:attachment":[{"href":"https:\/\/franciscanos.org.br\/noticias\/wp-json\/wp\/v2\/media?parent=221888"}],"wp:term":[{"taxonomy":"category","embeddable":true,"href":"https:\/\/franciscanos.org.br\/noticias\/wp-json\/wp\/v2\/categories?post=221888"},{"taxonomy":"post_tag","embeddable":true,"href":"https:\/\/franciscanos.org.br\/noticias\/wp-json\/wp\/v2\/tags?post=221888"}],"curies":[{"name":"wp","href":"https:\/\/api.w.org\/{rel}","templated":true}]}}