{"id":221879,"date":"2020-03-13T13:24:23","date_gmt":"2020-03-13T16:24:23","guid":{"rendered":"https:\/\/franciscanos.org.br\/noticias\/?p=221879"},"modified":"2020-03-13T13:29:14","modified_gmt":"2020-03-13T16:29:14","slug":"convento-divulga-programacao-da-450a-edicao-da-festa-da-penha","status":"publish","type":"post","link":"https:\/\/franciscanos.org.br\/noticias\/convento-divulga-programacao-da-450a-edicao-da-festa-da-penha.html","title":{"rendered":"Convento divulga programa\u00e7\u00e3o da 450\u00aa edi\u00e7\u00e3o da Festa da Penha"},"content":{"rendered":"<p><img loading=\"lazy\" class=\"alignnone size-full wp-image-221880\" src=\"https:\/\/franciscanos.org.br\/noticias\/wp-content\/uploads\/2020\/03\/penha_1303.jpg\" alt=\"\" width=\"1280\" height=\"700\" srcset=\"https:\/\/franciscanos.org.br\/noticias\/wp-content\/uploads\/2020\/03\/penha_1303.jpg 1280w, https:\/\/franciscanos.org.br\/noticias\/wp-content\/uploads\/2020\/03\/penha_1303-450x246.jpg 450w, https:\/\/franciscanos.org.br\/noticias\/wp-content\/uploads\/2020\/03\/penha_1303-1024x560.jpg 1024w, https:\/\/franciscanos.org.br\/noticias\/wp-content\/uploads\/2020\/03\/penha_1303-768x420.jpg 768w, https:\/\/franciscanos.org.br\/noticias\/wp-content\/uploads\/2020\/03\/penha_1303-150x82.jpg 150w\" sizes=\"(max-width: 1280px) 100vw, 1280px\" \/><br \/>\n<strong>Vila Velha (ES)<\/strong> &#8211; H\u00e1 450 anos, o Estado do Esp\u00edrito Santo celebra a sua Padroeira Nossa Senhora da Penha. Neste ano, a terceira maior festa mariana nacional tem in\u00edcio no domingo de P\u00e1scoa, 12 de abril, e termina solenemente no dia 20 de abril em Vila Velha (ES). Ser\u00e3o nove dias dedicados \u00e0 devo\u00e7\u00e3o mariana, sendo que os tr\u00eas \u00faltimos ser\u00e3o os mais intensos com as grandes romarias, principalmente a Romaria dos Homens e a das Mulheres, e a Missa do encerramento. Durante esse per\u00edodo festivo, um p\u00fablico de mais de 1 milh\u00e3o e meio de pessoas participa das celebra\u00e7\u00f5es ou visita o Convento da Penha para fazer as suas ora\u00e7\u00f5es.<\/p>\n<p>Neste ano, a festa ter\u00e1 como tema \u201cTodas as gera\u00e7\u00f5es me chamar\u00e3o bem-aventurada\u201d (Lc 1,48). O canto prof\u00e9tico de Maria no<em> Magnificat<\/em> prefigura o imenso carinho e devo\u00e7\u00e3o pela Virgem que marcou e marca todos aqueles que a celebraram nestes 450 anos de tradi\u00e7\u00e3o. A festa da Penha \u00e9 fruto de uma semente lan\u00e7ada por Frei Pedro Pal\u00e1cios em 1558, quando chegou ao Brasil com os colonizadores portugueses e desembarcou nas terras capixabas. O frade espanhol trouxe na sua bagagem um painel de Nossa Senhora das 7 Alegrias, que foi colocado numa gruta e deu origem \u00e0 devo\u00e7\u00e3o franciscana que vem at\u00e9 hoje. Ao longo do tempo, essa devo\u00e7\u00e3o cresceu e foi constru\u00eddo o Santu\u00e1rio para a M\u00e3e de Deus no ponto mais alto do penhasco. Desde ent\u00e3o, romeiros visitam o Convento durante todo o ano.<\/p>\n<p>\u201cHaver\u00e1 amplia\u00e7\u00e3o na programa\u00e7\u00e3o de missas e atra\u00e7\u00f5es culturais no per\u00edodo noturno, como forma de oferecer op\u00e7\u00e3o ao p\u00fablico que trabalha, mas deseja manifestar sua devo\u00e7\u00e3o \u00e0 Santa e tamb\u00e9m aproveitar o momento de lazer com a fam\u00edlia e os amigos. Com isso, ter\u00e1 atividades durante todo o dia: pela manh\u00e3, \u00e0 tarde e \u00e0 noite durante todos os dias do evento\u201d, informa o guardi\u00e3o do Convento, Frei Paulo Pereira.<\/p>\n<p><img loading=\"lazy\" class=\"alignnone size-full wp-image-221881\" src=\"https:\/\/franciscanos.org.br\/noticias\/wp-content\/uploads\/2020\/03\/penha-01.jpg\" alt=\"\" width=\"1280\" height=\"621\" srcset=\"https:\/\/franciscanos.org.br\/noticias\/wp-content\/uploads\/2020\/03\/penha-01.jpg 1280w, https:\/\/franciscanos.org.br\/noticias\/wp-content\/uploads\/2020\/03\/penha-01-450x218.jpg 450w, https:\/\/franciscanos.org.br\/noticias\/wp-content\/uploads\/2020\/03\/penha-01-1024x497.jpg 1024w, https:\/\/franciscanos.org.br\/noticias\/wp-content\/uploads\/2020\/03\/penha-01-768x373.jpg 768w, https:\/\/franciscanos.org.br\/noticias\/wp-content\/uploads\/2020\/03\/penha-01-150x73.jpg 150w\" sizes=\"(max-width: 1280px) 100vw, 1280px\" \/><\/p>\n<p><em>Frei Paulo (centro) falou sobre a programa\u00e7\u00e3o da 450\u00aa edi\u00e7\u00e3o da Festa durante coletiva em Vila Velha.\u00a0<\/em><\/p>\n<p>O frade explicou tamb\u00e9m que a Festa da Penha \u00e9 tempo de resgatar com \u00eanfase a alegria, a amizade, o amor pelas pessoas. \u201cMesmo que vivemos em tempos dif\u00edceis, a Festa quer resgatar em n\u00f3s as alegrias, o gosto de viver e conviver, o dom e a empatia pelo outro\u201d. Ainda na fala inicial, ele disse que o objetivo \u00e9 que as pr\u00f3ximas festas possam ganhar ainda mais abrang\u00eancia, para que n\u00e3o s\u00f3 Vila Velha e Vit\u00f3ria, mas outras cidades tenham eventos.<\/p>\n<p>O Campinho, a Capela do Convento e o Parque da Prainha s\u00e3o os locais que recebem a maioria das atra\u00e7\u00f5es, mas n\u00e3o s\u00f3 nesses lugares ter\u00e1 festividade. Est\u00e3o previstas atividades tamb\u00e9m na Catedral Metropolitana de Vit\u00f3ria, entre elas a B\u00ean\u00e7\u00e3o para Casais com Padre Adriano Zandon\u00e1.<\/p>\n<p>A Prefeitura de Vila Velha preparou atra\u00e7\u00f5es culturais com o objetivo de agradar aos mais variados gostos. As atra\u00e7\u00f5es ser\u00e3o sempre no palco principal montado na Prainha. Ter\u00e1 apresenta\u00e7\u00e3o da cantor e compositor Z\u00e9 Geraldo, a dupla Jean e Juliano, a banda Big Beatles, entre outros, incluindo atra\u00e7\u00f5es locais e orquestras. Um palco maior, possibilitando mais vis\u00e3o ao p\u00fablico, ser\u00e1 uma das novidades da Festa da Penha 2020. Al\u00e9m disso, as estruturas das feiras de artesanato e de gastronomia tamb\u00e9m v\u00e3o ganhar um ambiente mais amplo para levar mais conforto e comodidade aos visitantes. Para o secret\u00e1rio interino de Cultura, Peterson de Castro Cardoso, a programa\u00e7\u00e3o cultural \u00e9 um ponto que dever\u00e1 surpreender os fi\u00e9is. \u201cTeremos nomes de atra\u00e7\u00f5es nacionais para o evento e pretendemos projetar a pra\u00e7a de alimenta\u00e7\u00e3o mais atraente, com apresenta\u00e7\u00e3o de m\u00fasicos locais\u201d, contou.<\/p>\n<p>A organiza\u00e7\u00e3o da festa idealizou um evento com mais conforto e seguran\u00e7a. Uma proposta de mudan\u00e7a de localiza\u00e7\u00e3o do palco no Parque da Prainha, onde ocorrem os shows e o fim da Romaria dos Homens, Romaria das Mulheres e Missa de Encerramento, vai garantir mais espa\u00e7o e comodidade aos fi\u00e9is com a amplia\u00e7\u00e3o da capacidade de p\u00fablico. O projeto foi adotado pelo munic\u00edpio e passar\u00e1 a ser realizado nesta edi\u00e7\u00e3o da festa.<\/p>\n<p><img loading=\"lazy\" class=\"alignnone size-full wp-image-221882\" src=\"https:\/\/franciscanos.org.br\/noticias\/wp-content\/uploads\/2020\/03\/penha_02-scaled.jpg\" alt=\"\" width=\"1269\" height=\"1920\" srcset=\"https:\/\/franciscanos.org.br\/noticias\/wp-content\/uploads\/2020\/03\/penha_02-scaled.jpg 1269w, https:\/\/franciscanos.org.br\/noticias\/wp-content\/uploads\/2020\/03\/penha_02-297x450.jpg 297w, https:\/\/franciscanos.org.br\/noticias\/wp-content\/uploads\/2020\/03\/penha_02-677x1024.jpg 677w, https:\/\/franciscanos.org.br\/noticias\/wp-content\/uploads\/2020\/03\/penha_02-768x1162.jpg 768w, https:\/\/franciscanos.org.br\/noticias\/wp-content\/uploads\/2020\/03\/penha_02-1015x1536.jpg 1015w, https:\/\/franciscanos.org.br\/noticias\/wp-content\/uploads\/2020\/03\/penha_02-1354x2048.jpg 1354w, https:\/\/franciscanos.org.br\/noticias\/wp-content\/uploads\/2020\/03\/penha_02-150x227.jpg 150w\" sizes=\"(max-width: 1269px) 100vw, 1269px\" \/><\/p>\n<p>Uma parceria com o Grupo \u00c1guia Branca, atrav\u00e9s da nova empresa Squad, especializada em transporte para grandes eventos, promete facilitar a ida de fi\u00e9is nos dias da Festa da Penha. \u00c9 que a empresa, por meio da plataforma digital, lan\u00e7ou o servi\u00e7o em que o usu\u00e1rio poder\u00e1 fechar um \u00f4nibus inteiro em um \u00fanico CPF, ou realizar a compra individual de sua passagem no \u00f4nibus que far\u00e1 o roteiro, conforme ocupa\u00e7\u00e3o m\u00ednima, vindo dos munic\u00edpios com destino ao evento.<\/p>\n<p>A opera\u00e7\u00e3o poder\u00e1 ser feita via aplicativo ou no site que ser\u00e1 lan\u00e7ado pelo grupo nos pr\u00f3ximos dias. A expectativa \u00e9 que sejam ofertados pre\u00e7os competitivos, com conforto e seguran\u00e7a para os passageiros. Os roteiros ser\u00e3o refor\u00e7ados principalmente nos dias da Romaria dos Homens e nas atividades realizadas pelas Dioceses durante a Festa da Penha.<\/p>\n<p><strong>Selo comemorativo e sess\u00e3o solene pelos 450 anos da Festa<\/strong><\/p>\n<p>Para marcar os 450 anos da Festa da Penha, ser\u00e1 criado um Selo Postal Comemorativo junto aos Correios. O modelo ser\u00e1 lan\u00e7ado no dia 3 de abril. A expectativa \u00e9 que a novidade atraia pessoas de centros e clubes de filatelistas e tamb\u00e9m o p\u00fablico em geral, j\u00e1 que a Secretaria do Convento vender\u00e1 cart\u00f5es postais j\u00e1 selados a qualquer visitante do local.<\/p>\n<p>Al\u00e9m disso, pessoas que fazem parte da hist\u00f3ria da Festa da Penha tamb\u00e9m ser\u00e3o homenageadas pela Assembleia Legislativa, atrav\u00e9s de Sess\u00e3o Solene oferecida pela Mesa Diretora. O evento est\u00e1 marcado para o dia 7 de abril e trar\u00e1 uma lista de homenageados que ir\u00e3o receber a Comenda Convento da Penha.<\/p>\n<p>A festa \u00e9 a terceira maior manifesta\u00e7\u00e3o religiosa mariana do Brasil, atr\u00e1s somente da festa de Nossa Senhora Aparecida, Padroeira do Brasil, e a festa do C\u00edrio de Nazar\u00e9, em Bel\u00e9m do Par\u00e1. Como santu\u00e1rio mariano mais procurado durante todo o ano por romeiros, \u00e9 o segundo do Brasil depois de Aparecida.<\/p>\n<p>A Romaria dos Homens \u00e9, sem d\u00favida, a grande manifesta\u00e7\u00e3o de f\u00e9 da festa. Mais de 600 mil pessoas caminham de Vit\u00f3ria at\u00e9 o Santu\u00e1rio na noite do s\u00e1bado, que neste ano cair\u00e1 no dia 18 de abril. Os fi\u00e9is caminham durante 14 quil\u00f4metros com velas acesas e em ora\u00e7\u00e3o. Mesmo com toda a multid\u00e3o no longo percurso, a devo\u00e7\u00e3o n\u00e3o \u00e9 quebrada. Saindo da Catedral Metropolitana, \u00e0s 19 horas, a romaria termina \u00e0s 23 horas na Prainha, quando \u00e0s 23h30 tem in\u00edcio a celebra\u00e7\u00e3o eucar\u00edstica.<\/p>\n<hr \/>\n<p><img loading=\"lazy\" class=\"alignnone size-full wp-image-221883\" src=\"https:\/\/franciscanos.org.br\/noticias\/wp-content\/uploads\/2020\/03\/penha_1303_1.jpg\" alt=\"\" width=\"1280\" height=\"960\" srcset=\"https:\/\/franciscanos.org.br\/noticias\/wp-content\/uploads\/2020\/03\/penha_1303_1.jpg 1280w, https:\/\/franciscanos.org.br\/noticias\/wp-content\/uploads\/2020\/03\/penha_1303_1-450x338.jpg 450w, https:\/\/franciscanos.org.br\/noticias\/wp-content\/uploads\/2020\/03\/penha_1303_1-1024x768.jpg 1024w, https:\/\/franciscanos.org.br\/noticias\/wp-content\/uploads\/2020\/03\/penha_1303_1-768x576.jpg 768w, https:\/\/franciscanos.org.br\/noticias\/wp-content\/uploads\/2020\/03\/penha_1303_1-150x113.jpg 150w, https:\/\/franciscanos.org.br\/noticias\/wp-content\/uploads\/2020\/03\/penha_1303_1-600x450.jpg 600w\" sizes=\"(max-width: 1280px) 100vw, 1280px\" \/><\/p>\n<h3>PROGRAMA\u00c7\u00c3O<\/h3>\n<p><strong>12 de abril (Domingo de P\u00e1scoa)<\/strong><\/p>\n<p>Missas na Capela do Convento: 5h, 7h, 9h e 11h<br \/>\n10h \u2013 B\u00ean\u00e7\u00e3o dos Cavaleiros no Parque da Prainha<br \/>\n15h \u2013 Abertura do Oitav\u00e1rio no Campinho do Convento<br \/>\n16h \u2013 Missa (\u00c1rea Pastoral Vila Velha)<br \/>\n20h30 \u2013 Orquestra de Sopro do Instituto Neobaces \u2013 pr\u00f3x. a Igreja do Ros\u00e1rio, Prainha<\/p>\n<p><strong>13 de abril (Segunda-feira)<\/strong><\/p>\n<p>Missas na Capela do Convento: 6h, 7h e 9h30<br \/>\n15h \u2013 Oitav\u00e1rio<br \/>\n16h \u2013 Missa no Campinho<br \/>\n19h \u2013 Missa no Campinho (\u00c1rea Pastoral Serrana)<br \/>\n20h30 \u2013 Orquestra e Cameria IFES na Pra\u00e7a Ot\u00e1vio Ara\u00fajo, atr\u00e1s da Igreja do Ros\u00e1rio, Prainha<\/p>\n<p><strong>14 de abril (Ter\u00e7a-feira)<\/strong><\/p>\n<p>Missas na Capela do Convento: 6h, 7h e 9h30<br \/>\n15h \u2013 Oitav\u00e1rio<br \/>\n16h \u2013 Missa no Campinho<br \/>\n19h \u2013 Missa no Campinho (\u00c1rea Pastoral Cariacica\/Viana)<br \/>\n20h \u2013 Noite Mariana \u2013 Catedral de Vit\u00f3ria<br \/>\n20h30 \u2013 Camerata SESI na Pra\u00e7a Ot\u00e1vio Ara\u00fajo, atr\u00e1s da Igreja do Ros\u00e1rio, Prainha<\/p>\n<p><strong>15 de abril (Quarta-feira)<\/strong><\/p>\n<p>Missas na Capela do Convento: 6h, 7h e 9h30<br \/>\n15h \u2013 Oitav\u00e1rio<br \/>\n16h \u2013 Missa no Campinho<br \/>\n19h \u2013 Missa no Campinho (\u00c1rea Pastoral Benevente)<br \/>\n20h \u2013 B\u00ean\u00e7\u00e3o para casais com Padre Adriano Zandon\u00e1 \u2013 Catedral de Vit\u00f3ria<br \/>\n20h30 \u2013 Orquestra Projeto Vale M\u00fasica na Pra\u00e7a Ot\u00e1vio Ara\u00fajo, atr\u00e1s da Igreja do Ros\u00e1rio, Prainha<\/p>\n<p><strong>16 de abril (Quinta-feira)<\/strong><\/p>\n<p>Missas na Capela do Convento: 6h, 7h e 9h30<br \/>\n15h \u2013 Oitav\u00e1rio<br \/>\n16h \u2013 Missa no Campinho<br \/>\n19h \u2013 Missa no Campinho (\u00c1rea Pastoral Serra\/Fund\u00e3o)<br \/>\n20h \u2013 Apresenta\u00e7\u00e3o da Orquestra Sinf\u00f4nica do Esp\u00edrito Santo no Santu\u00e1rio de Vila Velha<br \/>\n20h30 \u2013 F\u00e1bio Trindade na Pra\u00e7a Ot\u00e1vio Ara\u00fajo, atr\u00e1s da Igreja do Ros\u00e1rio, Prainha<\/p>\n<p><strong>17 de abril (Sexta-feira)<\/strong><\/p>\n<p>Missas na Capela do Convento: 6h, 7h e 9h30<br \/>\n14h \u2013 Romaria dos Militares, com sa\u00edda do Port\u00e3o do Convento<br \/>\n15h \u2013 Oitav\u00e1rio<br \/>\n16h \u2013 Missa no Campinho<br \/>\n19h \u2013 Missa no Campinho (\u00c1rea Pastoral Vit\u00f3ria)<br \/>\n20h \u2013 Show com Jean e Juliano no Parque da Prainha<br \/>\n21h30 \u2013 Show nacional com Z\u00e9 Geraldo no Parque da Prainha<\/p>\n<p><strong>18 de abril (S\u00e1bado)<\/strong><\/p>\n<p>Missa na Capela do Convento: 6h<br \/>\n8h \u2013 Missa da Diocese de S\u00e3o Mateus no Campinho<br \/>\n8h \u2013 Remaria \u2013 Sa\u00edda da Praia da Costa<br \/>\n8h \u2013 Romaria das Pessoas com Defici\u00eancia. Pra\u00e7a Duque de Caxias, Vila Velha<br \/>\n10h \u2013 Translado da Imagem de Nossa Senhora da Penha pela Ba\u00eda de Vit\u00f3ria<br \/>\n10h \u2013 Missa da Romaria dos Adolescentes e Jovens no Campinho<br \/>\n15h \u2013 Oitav\u00e1rio<br \/>\n16h \u2013 Missa da Diocese de Cachoeiro de Itapemirim no Campinho<br \/>\n16h30 \u2013 Banda Ra\u00edzes no Palco Cultural na Pra\u00e7a de Alimenta\u00e7\u00e3o-Prainha<br \/>\n18h \u2013 Banda Bentevi no Palco Cultural da Pra\u00e7a de Alimenta\u00e7\u00e3o \u2013 Prainha<br \/>\n18h \u2013 Missa e envio da Romaria dos Homens, na Catedral Metropolitana de Vit\u00f3ria<br \/>\n19h \u2013 In\u00edcio da caminhada rumo ao Parque da Prainha<br \/>\n23h \u2013 Missa de Encerramento da Romaria dos Homens no Parque da Prainha<\/p>\n<p><strong>19 de abril (Domingo)<\/strong><\/p>\n<p>Missas na Capela do Convento \u00e0s 5h, 7h e 11h<br \/>\n9h \u2013 Missa no Campinho \u2013 CRB e Semin\u00e1rios<br \/>\n10h \u2013 B\u00ean\u00e7\u00e3o dos Motociclistas no Parque da Prainha<br \/>\n16h \u2013 Romaria das Mulheres \u2013 Santu\u00e1rio de Vila Velha<br \/>\n17h \u2013 Encerramento do Oitav\u00e1rio e Missa da Romaria das Mulheres na Prainha<br \/>\n19h \u2013 Show nacional com Cantores de Deus no Parque da Prainha<br \/>\n20h30 \u2013 Banda Carol e Priscila Ac\u00fastico no Parque da Prainha<br \/>\n22h \u2013 Vig\u00edlia Eucar\u00edstica Jovem no Campinho do Convento das 22h<\/p>\n<p><strong>20 de abril (Segunda-feira) \u2013 DIA DA PADROEIRA DO ESP\u00cdRITO SANTO<\/strong><\/p>\n<p>Missas na Capela do Convento \u00e0s 00h, 02h, 06h, 07h30 e 12h<br \/>\n8h \u2013 Romaria dos Ciclistas \u2013 Cobil\u00e2ndia, Vila Velha.<br \/>\n9h \u2013 Romaria dos Conguistas no Campinho do Convento<br \/>\n10h \u2013 Missa das Pastorais Sociais no Campinho<br \/>\n16h \u2013 Missa de Encerramento da Festa da Penha 2020 no Parque da Prainha<br \/>\n19h \u2013 Show com Ana C\u00edntia, no Parque da Prainha<br \/>\n20h30 \u2013 Show de Encerramento com a Banda Big Beatles no Parque da Prainha.<\/p>\n","protected":false},"excerpt":{"rendered":"<p>Vila Velha (ES) &#8211; H\u00e1 450 anos, o Estado do Esp\u00edrito Santo celebra a sua Padroeira Nossa Senhora da Penha. Neste ano, a terceira maior festa mariana nacional tem in\u00edcio no domingo de P\u00e1scoa, 12 de abril, e termina solenemente no dia 20 de abril em Vila Velha (ES). Ser\u00e3o nove dias dedicados \u00e0 devo\u00e7\u00e3o [&hellip;]<\/p>\n","protected":false},"author":3,"featured_media":221884,"comment_status":"open","ping_status":"open","sticky":false,"template":"","format":"standard","meta":[],"categories":[1],"tags":[245],"acf":[],"yoast_head":"<!-- This site is optimized with the Yoast SEO plugin v19.2 - https:\/\/yoast.com\/wordpress\/plugins\/seo\/ -->\n<title>Convento divulga programa\u00e7\u00e3o da 450\u00aa edi\u00e7\u00e3o da Festa da Penha - Not\u00edcias - Franciscanos<\/title>\n<meta name=\"robots\" content=\"index, follow, max-snippet:-1, max-image-preview:large, max-video-preview:-1\" \/>\n<link rel=\"canonical\" href=\"https:\/\/franciscanos.org.br\/noticias\/convento-divulga-programacao-da-450a-edicao-da-festa-da-penha.html\" \/>\n<meta property=\"og:locale\" content=\"pt_BR\" \/>\n<meta property=\"og:type\" content=\"article\" \/>\n<meta property=\"og:title\" content=\"Convento divulga programa\u00e7\u00e3o da 450\u00aa edi\u00e7\u00e3o da Festa da Penha - Not\u00edcias - Franciscanos\" \/>\n<meta property=\"og:description\" content=\"Vila Velha (ES) &#8211; H\u00e1 450 anos, o Estado do Esp\u00edrito Santo celebra a sua Padroeira Nossa Senhora da Penha. Neste ano, a terceira maior festa mariana nacional tem in\u00edcio no domingo de P\u00e1scoa, 12 de abril, e termina solenemente no dia 20 de abril em Vila Velha (ES). Ser\u00e3o nove dias dedicados \u00e0 devo\u00e7\u00e3o [&hellip;]\" \/>\n<meta property=\"og:url\" content=\"https:\/\/franciscanos.org.br\/noticias\/convento-divulga-programacao-da-450a-edicao-da-festa-da-penha.html\" \/>\n<meta property=\"og:site_name\" content=\"Not\u00edcias - Franciscanos\" \/>\n<meta property=\"article:published_time\" content=\"2020-03-13T16:24:23+00:00\" \/>\n<meta property=\"article:modified_time\" content=\"2020-03-13T16:29:14+00:00\" \/>\n<meta property=\"og:image\" content=\"https:\/\/franciscanos.org.br\/noticias\/wp-content\/uploads\/2020\/03\/penha_1303d.jpg\" \/>\n\t<meta property=\"og:image:width\" content=\"273\" \/>\n\t<meta property=\"og:image:height\" content=\"181\" \/>\n\t<meta property=\"og:image:type\" content=\"image\/jpeg\" \/>\n<meta name=\"author\" content=\"moacir\" \/>\n<meta name=\"twitter:card\" content=\"summary_large_image\" \/>\n<meta name=\"twitter:label1\" content=\"Escrito por\" \/>\n\t<meta name=\"twitter:data1\" content=\"moacir\" \/>\n\t<meta name=\"twitter:label2\" content=\"Est. tempo de leitura\" \/>\n\t<meta name=\"twitter:data2\" content=\"9 minutos\" \/>\n<script type=\"application\/ld+json\" class=\"yoast-schema-graph\">{\"@context\":\"https:\/\/schema.org\",\"@graph\":[{\"@type\":\"WebSite\",\"@id\":\"https:\/\/franciscanos.org.br\/noticias\/#website\",\"url\":\"https:\/\/franciscanos.org.br\/noticias\/\",\"name\":\"Not\u00edcias - Franciscanos\",\"description\":\"Prov\u00edncia Franciscana da Imaculada Concei\u00e7\u00e3o do Brasil - Ordem dos Frades Menores - OFM\",\"potentialAction\":[{\"@type\":\"SearchAction\",\"target\":{\"@type\":\"EntryPoint\",\"urlTemplate\":\"https:\/\/franciscanos.org.br\/noticias\/?s={search_term_string}\"},\"query-input\":\"required name=search_term_string\"}],\"inLanguage\":\"pt-BR\"},{\"@type\":\"ImageObject\",\"inLanguage\":\"pt-BR\",\"@id\":\"https:\/\/franciscanos.org.br\/noticias\/convento-divulga-programacao-da-450a-edicao-da-festa-da-penha.html#primaryimage\",\"url\":\"https:\/\/franciscanos.org.br\/noticias\/wp-content\/uploads\/2020\/03\/penha_1303d.jpg\",\"contentUrl\":\"https:\/\/franciscanos.org.br\/noticias\/wp-content\/uploads\/2020\/03\/penha_1303d.jpg\",\"width\":273,\"height\":181},{\"@type\":\"WebPage\",\"@id\":\"https:\/\/franciscanos.org.br\/noticias\/convento-divulga-programacao-da-450a-edicao-da-festa-da-penha.html#webpage\",\"url\":\"https:\/\/franciscanos.org.br\/noticias\/convento-divulga-programacao-da-450a-edicao-da-festa-da-penha.html\",\"name\":\"Convento divulga programa\u00e7\u00e3o da 450\u00aa edi\u00e7\u00e3o da Festa da Penha - Not\u00edcias - Franciscanos\",\"isPartOf\":{\"@id\":\"https:\/\/franciscanos.org.br\/noticias\/#website\"},\"primaryImageOfPage\":{\"@id\":\"https:\/\/franciscanos.org.br\/noticias\/convento-divulga-programacao-da-450a-edicao-da-festa-da-penha.html#primaryimage\"},\"datePublished\":\"2020-03-13T16:24:23+00:00\",\"dateModified\":\"2020-03-13T16:29:14+00:00\",\"author\":{\"@id\":\"https:\/\/franciscanos.org.br\/noticias\/#\/schema\/person\/b5c8cba458c330ccff548b056e95a5d4\"},\"breadcrumb\":{\"@id\":\"https:\/\/franciscanos.org.br\/noticias\/convento-divulga-programacao-da-450a-edicao-da-festa-da-penha.html#breadcrumb\"},\"inLanguage\":\"pt-BR\",\"potentialAction\":[{\"@type\":\"ReadAction\",\"target\":[\"https:\/\/franciscanos.org.br\/noticias\/convento-divulga-programacao-da-450a-edicao-da-festa-da-penha.html\"]}]},{\"@type\":\"BreadcrumbList\",\"@id\":\"https:\/\/franciscanos.org.br\/noticias\/convento-divulga-programacao-da-450a-edicao-da-festa-da-penha.html#breadcrumb\",\"itemListElement\":[{\"@type\":\"ListItem\",\"position\":1,\"name\":\"Home\",\"item\":\"https:\/\/franciscanos.org.br\/noticias\"},{\"@type\":\"ListItem\",\"position\":2,\"name\":\"Convento divulga programa\u00e7\u00e3o da 450\u00aa edi\u00e7\u00e3o da Festa da Penha\"}]},{\"@type\":\"Person\",\"@id\":\"https:\/\/franciscanos.org.br\/noticias\/#\/schema\/person\/b5c8cba458c330ccff548b056e95a5d4\",\"name\":\"moacir\",\"image\":{\"@type\":\"ImageObject\",\"inLanguage\":\"pt-BR\",\"@id\":\"https:\/\/franciscanos.org.br\/noticias\/#\/schema\/person\/image\/\",\"url\":\"https:\/\/secure.gravatar.com\/avatar\/d08aa2ce4c8dd416d4479aa8536fcf64?s=96&d=mm&r=g\",\"contentUrl\":\"https:\/\/secure.gravatar.com\/avatar\/d08aa2ce4c8dd416d4479aa8536fcf64?s=96&d=mm&r=g\",\"caption\":\"moacir\"},\"url\":\"https:\/\/franciscanos.org.br\/noticias\/author\/moacir\"}]}<\/script>\n<!-- \/ Yoast SEO plugin. -->","yoast_head_json":{"title":"Convento divulga programa\u00e7\u00e3o da 450\u00aa edi\u00e7\u00e3o da Festa da Penha - Not\u00edcias - Franciscanos","robots":{"index":"index","follow":"follow","max-snippet":"max-snippet:-1","max-image-preview":"max-image-preview:large","max-video-preview":"max-video-preview:-1"},"canonical":"https:\/\/franciscanos.org.br\/noticias\/convento-divulga-programacao-da-450a-edicao-da-festa-da-penha.html","og_locale":"pt_BR","og_type":"article","og_title":"Convento divulga programa\u00e7\u00e3o da 450\u00aa edi\u00e7\u00e3o da Festa da Penha - Not\u00edcias - Franciscanos","og_description":"Vila Velha (ES) &#8211; H\u00e1 450 anos, o Estado do Esp\u00edrito Santo celebra a sua Padroeira Nossa Senhora da Penha. Neste ano, a terceira maior festa mariana nacional tem in\u00edcio no domingo de P\u00e1scoa, 12 de abril, e termina solenemente no dia 20 de abril em Vila Velha (ES). Ser\u00e3o nove dias dedicados \u00e0 devo\u00e7\u00e3o [&hellip;]","og_url":"https:\/\/franciscanos.org.br\/noticias\/convento-divulga-programacao-da-450a-edicao-da-festa-da-penha.html","og_site_name":"Not\u00edcias - Franciscanos","article_published_time":"2020-03-13T16:24:23+00:00","article_modified_time":"2020-03-13T16:29:14+00:00","og_image":[{"width":273,"height":181,"url":"https:\/\/franciscanos.org.br\/noticias\/wp-content\/uploads\/2020\/03\/penha_1303d.jpg","type":"image\/jpeg"}],"author":"moacir","twitter_card":"summary_large_image","twitter_misc":{"Escrito por":"moacir","Est. tempo de leitura":"9 minutos"},"schema":{"@context":"https:\/\/schema.org","@graph":[{"@type":"WebSite","@id":"https:\/\/franciscanos.org.br\/noticias\/#website","url":"https:\/\/franciscanos.org.br\/noticias\/","name":"Not\u00edcias - Franciscanos","description":"Prov\u00edncia Franciscana da Imaculada Concei\u00e7\u00e3o do Brasil - Ordem dos Frades Menores - OFM","potentialAction":[{"@type":"SearchAction","target":{"@type":"EntryPoint","urlTemplate":"https:\/\/franciscanos.org.br\/noticias\/?s={search_term_string}"},"query-input":"required name=search_term_string"}],"inLanguage":"pt-BR"},{"@type":"ImageObject","inLanguage":"pt-BR","@id":"https:\/\/franciscanos.org.br\/noticias\/convento-divulga-programacao-da-450a-edicao-da-festa-da-penha.html#primaryimage","url":"https:\/\/franciscanos.org.br\/noticias\/wp-content\/uploads\/2020\/03\/penha_1303d.jpg","contentUrl":"https:\/\/franciscanos.org.br\/noticias\/wp-content\/uploads\/2020\/03\/penha_1303d.jpg","width":273,"height":181},{"@type":"WebPage","@id":"https:\/\/franciscanos.org.br\/noticias\/convento-divulga-programacao-da-450a-edicao-da-festa-da-penha.html#webpage","url":"https:\/\/franciscanos.org.br\/noticias\/convento-divulga-programacao-da-450a-edicao-da-festa-da-penha.html","name":"Convento divulga programa\u00e7\u00e3o da 450\u00aa edi\u00e7\u00e3o da Festa da Penha - Not\u00edcias - Franciscanos","isPartOf":{"@id":"https:\/\/franciscanos.org.br\/noticias\/#website"},"primaryImageOfPage":{"@id":"https:\/\/franciscanos.org.br\/noticias\/convento-divulga-programacao-da-450a-edicao-da-festa-da-penha.html#primaryimage"},"datePublished":"2020-03-13T16:24:23+00:00","dateModified":"2020-03-13T16:29:14+00:00","author":{"@id":"https:\/\/franciscanos.org.br\/noticias\/#\/schema\/person\/b5c8cba458c330ccff548b056e95a5d4"},"breadcrumb":{"@id":"https:\/\/franciscanos.org.br\/noticias\/convento-divulga-programacao-da-450a-edicao-da-festa-da-penha.html#breadcrumb"},"inLanguage":"pt-BR","potentialAction":[{"@type":"ReadAction","target":["https:\/\/franciscanos.org.br\/noticias\/convento-divulga-programacao-da-450a-edicao-da-festa-da-penha.html"]}]},{"@type":"BreadcrumbList","@id":"https:\/\/franciscanos.org.br\/noticias\/convento-divulga-programacao-da-450a-edicao-da-festa-da-penha.html#breadcrumb","itemListElement":[{"@type":"ListItem","position":1,"name":"Home","item":"https:\/\/franciscanos.org.br\/noticias"},{"@type":"ListItem","position":2,"name":"Convento divulga programa\u00e7\u00e3o da 450\u00aa edi\u00e7\u00e3o da Festa da Penha"}]},{"@type":"Person","@id":"https:\/\/franciscanos.org.br\/noticias\/#\/schema\/person\/b5c8cba458c330ccff548b056e95a5d4","name":"moacir","image":{"@type":"ImageObject","inLanguage":"pt-BR","@id":"https:\/\/franciscanos.org.br\/noticias\/#\/schema\/person\/image\/","url":"https:\/\/secure.gravatar.com\/avatar\/d08aa2ce4c8dd416d4479aa8536fcf64?s=96&d=mm&r=g","contentUrl":"https:\/\/secure.gravatar.com\/avatar\/d08aa2ce4c8dd416d4479aa8536fcf64?s=96&d=mm&r=g","caption":"moacir"},"url":"https:\/\/franciscanos.org.br\/noticias\/author\/moacir"}]}},"_links":{"self":[{"href":"https:\/\/franciscanos.org.br\/noticias\/wp-json\/wp\/v2\/posts\/221879"}],"collection":[{"href":"https:\/\/franciscanos.org.br\/noticias\/wp-json\/wp\/v2\/posts"}],"about":[{"href":"https:\/\/franciscanos.org.br\/noticias\/wp-json\/wp\/v2\/types\/post"}],"author":[{"embeddable":true,"href":"https:\/\/franciscanos.org.br\/noticias\/wp-json\/wp\/v2\/users\/3"}],"replies":[{"embeddable":true,"href":"https:\/\/franciscanos.org.br\/noticias\/wp-json\/wp\/v2\/comments?post=221879"}],"version-history":[{"count":3,"href":"https:\/\/franciscanos.org.br\/noticias\/wp-json\/wp\/v2\/posts\/221879\/revisions"}],"predecessor-version":[{"id":221887,"href":"https:\/\/franciscanos.org.br\/noticias\/wp-json\/wp\/v2\/posts\/221879\/revisions\/221887"}],"wp:featuredmedia":[{"embeddable":true,"href":"https:\/\/franciscanos.org.br\/noticias\/wp-json\/wp\/v2\/media\/221884"}],"wp:attachment":[{"href":"https:\/\/franciscanos.org.br\/noticias\/wp-json\/wp\/v2\/media?parent=221879"}],"wp:term":[{"taxonomy":"category","embeddable":true,"href":"https:\/\/franciscanos.org.br\/noticias\/wp-json\/wp\/v2\/categories?post=221879"},{"taxonomy":"post_tag","embeddable":true,"href":"https:\/\/franciscanos.org.br\/noticias\/wp-json\/wp\/v2\/tags?post=221879"}],"curies":[{"name":"wp","href":"https:\/\/api.w.org\/{rel}","templated":true}]}}