{"id":221875,"date":"2020-03-13T09:33:40","date_gmt":"2020-03-13T12:33:40","guid":{"rendered":"https:\/\/franciscanos.org.br\/noticias\/?p=221875"},"modified":"2020-03-13T09:33:40","modified_gmt":"2020-03-13T12:33:40","slug":"mensagem-do-ministro-geral-a-todos-os-irmaos-da-ordem-sobre-o-coronavirus","status":"publish","type":"post","link":"https:\/\/franciscanos.org.br\/noticias\/mensagem-do-ministro-geral-a-todos-os-irmaos-da-ordem-sobre-o-coronavirus.html","title":{"rendered":"Mensagem do Ministro Geral a todos os irm\u00e3os da Ordem sobre o coronav\u00edrus"},"content":{"rendered":"<p><img loading=\"lazy\" class=\"alignnone size-full wp-image-221876\" src=\"https:\/\/franciscanos.org.br\/noticias\/wp-content\/uploads\/2020\/03\/carta.jpg\" alt=\"\" width=\"910\" height=\"480\" srcset=\"https:\/\/franciscanos.org.br\/noticias\/wp-content\/uploads\/2020\/03\/carta.jpg 910w, https:\/\/franciscanos.org.br\/noticias\/wp-content\/uploads\/2020\/03\/carta-450x237.jpg 450w, https:\/\/franciscanos.org.br\/noticias\/wp-content\/uploads\/2020\/03\/carta-768x405.jpg 768w, https:\/\/franciscanos.org.br\/noticias\/wp-content\/uploads\/2020\/03\/carta-150x79.jpg 150w\" sizes=\"(max-width: 910px) 100vw, 910px\" \/><\/p>\n<p>O Senhor vos d\u00ea a paz!<\/p>\n<p>Nos \u00faltimos tr\u00eas meses, desde a descoberta do novo Coronav\u00edrus, testemunhamos sua prolifera\u00e7\u00e3o progressiva de uma regi\u00e3o espec\u00edfica da China a mais de 115 pa\u00edses. Praticamente toda a comunidade humana est\u00e1 envolvida em uma grande batalha para tentar conter sua dissemina\u00e7\u00e3o, cuidar dos infectados (mais de 126.000) e chorar pelos entes queridos que morreram (mais de 4.500). O impacto econ\u00f4mico nas na\u00e7\u00f5es, fam\u00edlias, indiv\u00edduos e, especialmente, sobre os pobres ser\u00e1, sem d\u00favida, catastr\u00f3fico.<\/p>\n<p>Nas primeiras etapas dessa pandemia podemos nos sentir protegidos, imunes, distantes e at\u00e9 um pouco despreocupados com o v\u00edrus e seu impacto. No entanto, o v\u00edrus continua sua implac\u00e1vel propaga\u00e7\u00e3o, nos encontramos no epicentro de uma crise. Todavia ainda existem muitos aspectos cient\u00edficos do v\u00edrus que n\u00e3o s\u00e3o totalmente compreendidos. N\u00e3o respeita fronteiras ou limites: f\u00edsico, sociais, psicol\u00f3gicos, religiosos ou culturais. Sua capacidade estrat\u00e9gica de saltar de um indiv\u00edduo para outro o torna particularmente agressivo. As respostas elaboradas e aplicadas pelos governos para impedir sua prolifera\u00e7\u00e3o exigem de n\u00f3s sacrif\u00edcios que restringem o exerc\u00edcio de nossas liberdades pessoais, como nunca experimentamos antes. E, no entanto, essas medidas s\u00e3o necess\u00e1rias para impedir a dissemina\u00e7\u00e3o do v\u00edrus. Oramos especialmente por aqueles que est\u00e3o na linha de frente como pessoal m\u00e9dico, por aqueles que est\u00e3o envolvidos em pesquisas para encontrar uma vacina e por governos que lutam para encontrar respostas eficazes para garantir a seguran\u00e7a e o bem-estar de seus povos.<\/p>\n<p>Minha inten\u00e7\u00e3o ao lhes escrever neste momento crucial \u00e9 tentar ajudar a dissipar seus medos e ansiedade. Para aqueles que vivem em pa\u00edses que foram desproporcionalmente afetados at\u00e9 o momento, quero encoraj\u00e1-los a que permane\u00e7am forte na f\u00e9. Para aqueles que vivem em pa\u00edses que experimentam menos infec\u00e7\u00f5es, permane\u00e7am vigilantes o tempo todo. Durante este per\u00edodo lit\u00fargico especial da Quaresma, os crist\u00e3os s\u00e3o convidados a acompanhar Jesus, lembrando as grandes lutas e crises que ele enfrentou, lembrando tamb\u00e9m sua morte na cruz como sacrif\u00edcio de puro amor.<\/p>\n<p>Mas nem o sofrimento nem a morte tiveram a \u00faltima palavra em sua vida, nem deveriam t\u00ea-las em nossas vidas. A esperan\u00e7a que oferece o evento da ressurrei\u00e7\u00e3o e os atos di\u00e1rios de justi\u00e7a, miseric\u00f3rdia e amor deveriam nos inspirar a olhar al\u00e9m de todo medo, de toda ansiedade, e perceber a presen\u00e7a de Jesus que continua dirigindo-nos as mesmas palavras que disse a seus amigos e disc\u00edpulos amados: &#8220;N\u00e3o tenham medo! Eu estou com voc\u00eas at\u00e9 o fim dos tempos&#8221;.<\/p>\n<p>No meio desta pandemia, n\u00e3o percamos de vista o inumer\u00e1vel grupo de pessoas em todo o mundo que est\u00e3o passando por outras crises. Nossos cora\u00e7\u00f5es est\u00e3o com os povos da S\u00edria, Rep\u00fablica Democr\u00e1tica do Congo, Venezuela, Mindanau, Rep\u00fablicas do Sud\u00e3o e Sud\u00e3o do Sul, Palestina, L\u00edbano e com irm\u00e3os e irm\u00e3s vivendo em outras partes do mundo onde a dignidade humana, os direitos fundamentais e a sobreviv\u00eancia f\u00edsica b\u00e1sica est\u00e3o sempre amea\u00e7adas. Aproveitemos esta circunst\u00e2ncia para superar todas as divis\u00f5es e medos e busquemos caminhos que conduzam a um di\u00e1logo aut\u00eantico, \u00e0 coopera\u00e7\u00e3o e \u00e0 promo\u00e7\u00e3o do bem-estar de toda a humanidade, especialmente dos pobres e exclu\u00eddos. Vamos tamb\u00e9m aprofundar nosso compromisso de amar e cuidar do ambiente natural, nosso lar comum.<\/p>\n<p>Que o Senhor aben\u00e7oe a cada um de voc\u00eas, meus queridos irm\u00e3os. Permitamos que a for\u00e7a de nossas convic\u00e7\u00f5es, nosso compromisso com o modo de vida evang\u00e9lico inspirado por S\u00e3o Francisco de Assis, nos permita ser fi\u00e9is testemunhas do poder do amor e da esperan\u00e7a que nossa f\u00e9 oferece em todas as \u00e1reas da vida.<\/p>\n<p>Fraternalmente em Cristo e Francisco,<\/p>\n<p>Roma, 12 de mar\u00e7o de 2020<\/p>\n<p><strong>Fr. Michael A. Perry, OFM<\/strong><\/p>\n<p><em>Ministro Geral e Servo<\/em><\/p>\n","protected":false},"excerpt":{"rendered":"<p>Mensagem do Ministro Geral da Ordem dos Frades Menores<\/p>\n","protected":false},"author":3,"featured_media":221877,"comment_status":"open","ping_status":"open","sticky":false,"template":"","format":"standard","meta":[],"categories":[1],"tags":[344],"acf":[],"yoast_head":"<!-- This site is optimized with the Yoast SEO plugin v19.2 - https:\/\/yoast.com\/wordpress\/plugins\/seo\/ -->\n<title>Mensagem do Ministro Geral a todos os irm\u00e3os da Ordem sobre o coronav\u00edrus - Not\u00edcias - Franciscanos<\/title>\n<meta name=\"robots\" content=\"index, follow, max-snippet:-1, max-image-preview:large, max-video-preview:-1\" \/>\n<link rel=\"canonical\" href=\"https:\/\/franciscanos.org.br\/noticias\/mensagem-do-ministro-geral-a-todos-os-irmaos-da-ordem-sobre-o-coronavirus.html\" \/>\n<meta property=\"og:locale\" content=\"pt_BR\" \/>\n<meta property=\"og:type\" content=\"article\" \/>\n<meta property=\"og:title\" content=\"Mensagem do Ministro Geral a todos os irm\u00e3os da Ordem sobre o coronav\u00edrus - Not\u00edcias - Franciscanos\" \/>\n<meta property=\"og:description\" content=\"Mensagem do Ministro Geral da Ordem dos Frades Menores\" \/>\n<meta property=\"og:url\" content=\"https:\/\/franciscanos.org.br\/noticias\/mensagem-do-ministro-geral-a-todos-os-irmaos-da-ordem-sobre-o-coronavirus.html\" \/>\n<meta property=\"og:site_name\" content=\"Not\u00edcias - Franciscanos\" \/>\n<meta property=\"article:published_time\" content=\"2020-03-13T12:33:40+00:00\" \/>\n<meta property=\"og:image\" content=\"https:\/\/franciscanos.org.br\/noticias\/wp-content\/uploads\/2020\/03\/carta_p.jpg\" \/>\n\t<meta property=\"og:image:width\" content=\"273\" \/>\n\t<meta property=\"og:image:height\" content=\"181\" \/>\n\t<meta property=\"og:image:type\" content=\"image\/jpeg\" \/>\n<meta name=\"author\" content=\"moacir\" \/>\n<meta name=\"twitter:card\" content=\"summary_large_image\" \/>\n<meta name=\"twitter:label1\" content=\"Escrito por\" \/>\n\t<meta name=\"twitter:data1\" content=\"moacir\" \/>\n\t<meta name=\"twitter:label2\" content=\"Est. tempo de leitura\" \/>\n\t<meta name=\"twitter:data2\" content=\"3 minutos\" \/>\n<script type=\"application\/ld+json\" class=\"yoast-schema-graph\">{\"@context\":\"https:\/\/schema.org\",\"@graph\":[{\"@type\":\"WebSite\",\"@id\":\"https:\/\/franciscanos.org.br\/noticias\/#website\",\"url\":\"https:\/\/franciscanos.org.br\/noticias\/\",\"name\":\"Not\u00edcias - Franciscanos\",\"description\":\"Prov\u00edncia Franciscana da Imaculada Concei\u00e7\u00e3o do Brasil - Ordem dos Frades Menores - OFM\",\"potentialAction\":[{\"@type\":\"SearchAction\",\"target\":{\"@type\":\"EntryPoint\",\"urlTemplate\":\"https:\/\/franciscanos.org.br\/noticias\/?s={search_term_string}\"},\"query-input\":\"required name=search_term_string\"}],\"inLanguage\":\"pt-BR\"},{\"@type\":\"ImageObject\",\"inLanguage\":\"pt-BR\",\"@id\":\"https:\/\/franciscanos.org.br\/noticias\/mensagem-do-ministro-geral-a-todos-os-irmaos-da-ordem-sobre-o-coronavirus.html#primaryimage\",\"url\":\"https:\/\/franciscanos.org.br\/noticias\/wp-content\/uploads\/2020\/03\/carta_p.jpg\",\"contentUrl\":\"https:\/\/franciscanos.org.br\/noticias\/wp-content\/uploads\/2020\/03\/carta_p.jpg\",\"width\":273,\"height\":181},{\"@type\":\"WebPage\",\"@id\":\"https:\/\/franciscanos.org.br\/noticias\/mensagem-do-ministro-geral-a-todos-os-irmaos-da-ordem-sobre-o-coronavirus.html#webpage\",\"url\":\"https:\/\/franciscanos.org.br\/noticias\/mensagem-do-ministro-geral-a-todos-os-irmaos-da-ordem-sobre-o-coronavirus.html\",\"name\":\"Mensagem do Ministro Geral a todos os irm\u00e3os da Ordem sobre o coronav\u00edrus - Not\u00edcias - Franciscanos\",\"isPartOf\":{\"@id\":\"https:\/\/franciscanos.org.br\/noticias\/#website\"},\"primaryImageOfPage\":{\"@id\":\"https:\/\/franciscanos.org.br\/noticias\/mensagem-do-ministro-geral-a-todos-os-irmaos-da-ordem-sobre-o-coronavirus.html#primaryimage\"},\"datePublished\":\"2020-03-13T12:33:40+00:00\",\"dateModified\":\"2020-03-13T12:33:40+00:00\",\"author\":{\"@id\":\"https:\/\/franciscanos.org.br\/noticias\/#\/schema\/person\/b5c8cba458c330ccff548b056e95a5d4\"},\"breadcrumb\":{\"@id\":\"https:\/\/franciscanos.org.br\/noticias\/mensagem-do-ministro-geral-a-todos-os-irmaos-da-ordem-sobre-o-coronavirus.html#breadcrumb\"},\"inLanguage\":\"pt-BR\",\"potentialAction\":[{\"@type\":\"ReadAction\",\"target\":[\"https:\/\/franciscanos.org.br\/noticias\/mensagem-do-ministro-geral-a-todos-os-irmaos-da-ordem-sobre-o-coronavirus.html\"]}]},{\"@type\":\"BreadcrumbList\",\"@id\":\"https:\/\/franciscanos.org.br\/noticias\/mensagem-do-ministro-geral-a-todos-os-irmaos-da-ordem-sobre-o-coronavirus.html#breadcrumb\",\"itemListElement\":[{\"@type\":\"ListItem\",\"position\":1,\"name\":\"Home\",\"item\":\"https:\/\/franciscanos.org.br\/noticias\"},{\"@type\":\"ListItem\",\"position\":2,\"name\":\"Mensagem do Ministro Geral a todos os irm\u00e3os da Ordem sobre o coronav\u00edrus\"}]},{\"@type\":\"Person\",\"@id\":\"https:\/\/franciscanos.org.br\/noticias\/#\/schema\/person\/b5c8cba458c330ccff548b056e95a5d4\",\"name\":\"moacir\",\"image\":{\"@type\":\"ImageObject\",\"inLanguage\":\"pt-BR\",\"@id\":\"https:\/\/franciscanos.org.br\/noticias\/#\/schema\/person\/image\/\",\"url\":\"https:\/\/secure.gravatar.com\/avatar\/d08aa2ce4c8dd416d4479aa8536fcf64?s=96&d=mm&r=g\",\"contentUrl\":\"https:\/\/secure.gravatar.com\/avatar\/d08aa2ce4c8dd416d4479aa8536fcf64?s=96&d=mm&r=g\",\"caption\":\"moacir\"},\"url\":\"https:\/\/franciscanos.org.br\/noticias\/author\/moacir\"}]}<\/script>\n<!-- \/ Yoast SEO plugin. -->","yoast_head_json":{"title":"Mensagem do Ministro Geral a todos os irm\u00e3os da Ordem sobre o coronav\u00edrus - Not\u00edcias - Franciscanos","robots":{"index":"index","follow":"follow","max-snippet":"max-snippet:-1","max-image-preview":"max-image-preview:large","max-video-preview":"max-video-preview:-1"},"canonical":"https:\/\/franciscanos.org.br\/noticias\/mensagem-do-ministro-geral-a-todos-os-irmaos-da-ordem-sobre-o-coronavirus.html","og_locale":"pt_BR","og_type":"article","og_title":"Mensagem do Ministro Geral a todos os irm\u00e3os da Ordem sobre o coronav\u00edrus - Not\u00edcias - Franciscanos","og_description":"Mensagem do Ministro Geral da Ordem dos Frades Menores","og_url":"https:\/\/franciscanos.org.br\/noticias\/mensagem-do-ministro-geral-a-todos-os-irmaos-da-ordem-sobre-o-coronavirus.html","og_site_name":"Not\u00edcias - Franciscanos","article_published_time":"2020-03-13T12:33:40+00:00","og_image":[{"width":273,"height":181,"url":"https:\/\/franciscanos.org.br\/noticias\/wp-content\/uploads\/2020\/03\/carta_p.jpg","type":"image\/jpeg"}],"author":"moacir","twitter_card":"summary_large_image","twitter_misc":{"Escrito por":"moacir","Est. tempo de leitura":"3 minutos"},"schema":{"@context":"https:\/\/schema.org","@graph":[{"@type":"WebSite","@id":"https:\/\/franciscanos.org.br\/noticias\/#website","url":"https:\/\/franciscanos.org.br\/noticias\/","name":"Not\u00edcias - Franciscanos","description":"Prov\u00edncia Franciscana da Imaculada Concei\u00e7\u00e3o do Brasil - Ordem dos Frades Menores - OFM","potentialAction":[{"@type":"SearchAction","target":{"@type":"EntryPoint","urlTemplate":"https:\/\/franciscanos.org.br\/noticias\/?s={search_term_string}"},"query-input":"required name=search_term_string"}],"inLanguage":"pt-BR"},{"@type":"ImageObject","inLanguage":"pt-BR","@id":"https:\/\/franciscanos.org.br\/noticias\/mensagem-do-ministro-geral-a-todos-os-irmaos-da-ordem-sobre-o-coronavirus.html#primaryimage","url":"https:\/\/franciscanos.org.br\/noticias\/wp-content\/uploads\/2020\/03\/carta_p.jpg","contentUrl":"https:\/\/franciscanos.org.br\/noticias\/wp-content\/uploads\/2020\/03\/carta_p.jpg","width":273,"height":181},{"@type":"WebPage","@id":"https:\/\/franciscanos.org.br\/noticias\/mensagem-do-ministro-geral-a-todos-os-irmaos-da-ordem-sobre-o-coronavirus.html#webpage","url":"https:\/\/franciscanos.org.br\/noticias\/mensagem-do-ministro-geral-a-todos-os-irmaos-da-ordem-sobre-o-coronavirus.html","name":"Mensagem do Ministro Geral a todos os irm\u00e3os da Ordem sobre o coronav\u00edrus - Not\u00edcias - Franciscanos","isPartOf":{"@id":"https:\/\/franciscanos.org.br\/noticias\/#website"},"primaryImageOfPage":{"@id":"https:\/\/franciscanos.org.br\/noticias\/mensagem-do-ministro-geral-a-todos-os-irmaos-da-ordem-sobre-o-coronavirus.html#primaryimage"},"datePublished":"2020-03-13T12:33:40+00:00","dateModified":"2020-03-13T12:33:40+00:00","author":{"@id":"https:\/\/franciscanos.org.br\/noticias\/#\/schema\/person\/b5c8cba458c330ccff548b056e95a5d4"},"breadcrumb":{"@id":"https:\/\/franciscanos.org.br\/noticias\/mensagem-do-ministro-geral-a-todos-os-irmaos-da-ordem-sobre-o-coronavirus.html#breadcrumb"},"inLanguage":"pt-BR","potentialAction":[{"@type":"ReadAction","target":["https:\/\/franciscanos.org.br\/noticias\/mensagem-do-ministro-geral-a-todos-os-irmaos-da-ordem-sobre-o-coronavirus.html"]}]},{"@type":"BreadcrumbList","@id":"https:\/\/franciscanos.org.br\/noticias\/mensagem-do-ministro-geral-a-todos-os-irmaos-da-ordem-sobre-o-coronavirus.html#breadcrumb","itemListElement":[{"@type":"ListItem","position":1,"name":"Home","item":"https:\/\/franciscanos.org.br\/noticias"},{"@type":"ListItem","position":2,"name":"Mensagem do Ministro Geral a todos os irm\u00e3os da Ordem sobre o coronav\u00edrus"}]},{"@type":"Person","@id":"https:\/\/franciscanos.org.br\/noticias\/#\/schema\/person\/b5c8cba458c330ccff548b056e95a5d4","name":"moacir","image":{"@type":"ImageObject","inLanguage":"pt-BR","@id":"https:\/\/franciscanos.org.br\/noticias\/#\/schema\/person\/image\/","url":"https:\/\/secure.gravatar.com\/avatar\/d08aa2ce4c8dd416d4479aa8536fcf64?s=96&d=mm&r=g","contentUrl":"https:\/\/secure.gravatar.com\/avatar\/d08aa2ce4c8dd416d4479aa8536fcf64?s=96&d=mm&r=g","caption":"moacir"},"url":"https:\/\/franciscanos.org.br\/noticias\/author\/moacir"}]}},"_links":{"self":[{"href":"https:\/\/franciscanos.org.br\/noticias\/wp-json\/wp\/v2\/posts\/221875"}],"collection":[{"href":"https:\/\/franciscanos.org.br\/noticias\/wp-json\/wp\/v2\/posts"}],"about":[{"href":"https:\/\/franciscanos.org.br\/noticias\/wp-json\/wp\/v2\/types\/post"}],"author":[{"embeddable":true,"href":"https:\/\/franciscanos.org.br\/noticias\/wp-json\/wp\/v2\/users\/3"}],"replies":[{"embeddable":true,"href":"https:\/\/franciscanos.org.br\/noticias\/wp-json\/wp\/v2\/comments?post=221875"}],"version-history":[{"count":1,"href":"https:\/\/franciscanos.org.br\/noticias\/wp-json\/wp\/v2\/posts\/221875\/revisions"}],"predecessor-version":[{"id":221878,"href":"https:\/\/franciscanos.org.br\/noticias\/wp-json\/wp\/v2\/posts\/221875\/revisions\/221878"}],"wp:featuredmedia":[{"embeddable":true,"href":"https:\/\/franciscanos.org.br\/noticias\/wp-json\/wp\/v2\/media\/221877"}],"wp:attachment":[{"href":"https:\/\/franciscanos.org.br\/noticias\/wp-json\/wp\/v2\/media?parent=221875"}],"wp:term":[{"taxonomy":"category","embeddable":true,"href":"https:\/\/franciscanos.org.br\/noticias\/wp-json\/wp\/v2\/categories?post=221875"},{"taxonomy":"post_tag","embeddable":true,"href":"https:\/\/franciscanos.org.br\/noticias\/wp-json\/wp\/v2\/tags?post=221875"}],"curies":[{"name":"wp","href":"https:\/\/api.w.org\/{rel}","templated":true}]}}