{"id":221856,"date":"2020-03-13T06:52:51","date_gmt":"2020-03-13T09:52:51","guid":{"rendered":"https:\/\/franciscanos.org.br\/noticias\/?p=221856"},"modified":"2021-08-29T12:51:47","modified_gmt":"2021-08-29T15:51:47","slug":"o-clericalismo-e-uma-perversao-que-renega-sempre-a-eleicao-gratuita-de-deus","status":"publish","type":"post","link":"https:\/\/franciscanos.org.br\/noticias\/o-clericalismo-e-uma-perversao-que-renega-sempre-a-eleicao-gratuita-de-deus.html","title":{"rendered":"O clericalismo \u00e9 uma pervers\u00e3o que renega sempre a elei\u00e7\u00e3o gratuita de Deus"},"content":{"rendered":"<div id=\"attachment_221858\" style=\"width: 1210px\" class=\"wp-caption alignnone\"><img aria-describedby=\"caption-attachment-221858\" loading=\"lazy\" class=\"wp-image-221858 size-full\" src=\"https:\/\/franciscanos.org.br\/noticias\/wp-content\/uploads\/2020\/03\/papa_marta.jpg\" alt=\"\" width=\"1200\" height=\"584\" srcset=\"https:\/\/franciscanos.org.br\/noticias\/wp-content\/uploads\/2020\/03\/papa_marta.jpg 1200w, https:\/\/franciscanos.org.br\/noticias\/wp-content\/uploads\/2020\/03\/papa_marta-450x219.jpg 450w, https:\/\/franciscanos.org.br\/noticias\/wp-content\/uploads\/2020\/03\/papa_marta-1024x498.jpg 1024w, https:\/\/franciscanos.org.br\/noticias\/wp-content\/uploads\/2020\/03\/papa_marta-768x374.jpg 768w, https:\/\/franciscanos.org.br\/noticias\/wp-content\/uploads\/2020\/03\/papa_marta-150x73.jpg 150w\" sizes=\"(max-width: 1200px) 100vw, 1200px\" \/><p id=\"caption-attachment-221858\" class=\"wp-caption-text\">\u00a0 \u00a0 \u00a0 \u00a0 \u00a0 \u00a0 \u00a0 \u00a0 \u00a0 \u00a0 \u00a0 \u00a0 \u00a0 \u00a0 \u00a0 \u00a0 \u00a0 \u00a0 \u00a0 \u00a0 \u00a0 \u00a0 \u00a0 \u00a0 \u00a0 \u00a0 \u00a0 \u00a0 \u00a0 \u00a0 \u00a0 \u00a0 \u00a0 \u00a0 \u00a0 \u00a0 \u00a0 \u00a0 \u00a0 \u00a0 \u00a0 \u00a0 \u00a0 \u00a0 \u00a0 \u00a0 \u00a0 \u00a0 \u00a0 \u00a0 \u00a0 \u00a0 \u00a0 \u00a0 \u00a0 \u00a0 \u00a0 \u00a0 \u00a0 <em>\u00a0 Imagem: Vatican Media<\/em><\/p><\/div>\n<p>Na quinta missa (<a href=\"https:\/\/www.youtube.com\/watch?v=8rZc0RZ4jUI\">V\u00cdDEO INTEGRAL<\/a>) via streaming da Capela da Casa Santa Marta no Vaticano, esta sexta-feira (13\/03), no dia da sua elei\u00e7\u00e3o \u00e0 C\u00e1tedra de Pedro, Francisco convidou mais uma vez a rezar pelos doentes de coronav\u00edrus, mas em particular rezou pelos pastores.<\/p>\n<p>Nestes dias nos unimos aos doentes, \u00e0s fam\u00edlias, que sofrem esta pandemia. E gostaria tamb\u00e9m de rezar hoje pelos pastores que devem acompanhar o povo de Deus nesta crise: que o Senhor lhes d\u00ea a for\u00e7a e tamb\u00e9m a capacidade de escolher os meios melhores para ajudar. Nem sempre as medidas dr\u00e1sticas s\u00e3o boas, por isso rezemos: para que o Esp\u00edrito Santo d\u00ea aos pastores a capacidade e o discernimento pastoral a fim de que providenciem medidas que n\u00e3o deixem sozinho o santo povo fiel de Deus. Que o povo de Deus se sinta acompanhado pelos pastores e pelo conforto da Palavra de Deus, dos sacramentos e da ora\u00e7\u00e3o.<\/p>\n<p>Obviamente, o Papa n\u00e3o se refere \u00e0s medidas adotadas pelo governo italiano para contrastar os cont\u00e1gios evitando aglomera\u00e7\u00e3o de pessoas, mas se dirige aos pastores a fim de que considerem as exig\u00eancias dos fi\u00e9is que precisam ser acompanhados espiritualmente num momento t\u00e3o dram\u00e1tico.<\/p>\n<p>Na homilia, comentando as leituras do dia, e em particular a par\u00e1bola dos vinhateiros homicidas, falou da infidelidade \u00e0 alian\u00e7a por parte de quem se apropria do dom de Deus que \u00e9 riqueza, abertura e b\u00ean\u00e7\u00e3o, e o aprisiona numa doutrina (Mt 21, 33-43.45). A seguir, o texto da homilia transcrita pelo Vatican News:<\/p>\n<p>Ambas as leituras s\u00e3o uma profecia da Paix\u00e3o do Senhor. Jos\u00e9 vendido como escravo por 20 ciclos de prata, entregue aos pag\u00e3os. E a par\u00e1bola de Jesus, que claramente fala simbolicamente do assassinato do Filho. Esta hist\u00f3ria de \u201cum homem que possu\u00eda um terreno, plantou nele uma vinha \u2013 o cuidado com o qual a fizera \u2013, cercou-a com uma sebe, abriu nela um lugar para a prensa e construiu uma torre \u2013 tinha feito isso muito bem. Depois, a arrendou a vinhateiros e partiu para longe\u201d.<\/p>\n<p>Este \u00e9 o povo de Deus. O Senhor escolheu aquele povo, h\u00e1 uma elei\u00e7\u00e3o daquele povo. \u00c9 o povo da elei\u00e7\u00e3o. Tamb\u00e9m h\u00e1 uma promessa: \u201cIde avante. V\u00f3s sois o meu povo\u201d, uma promessa feita a Abra\u00e3o. E tamb\u00e9m h\u00e1 uma alian\u00e7a feita com o povo no Sinai. O povo deve sempre guardar a elei\u00e7\u00e3o na mem\u00f3ria, que \u00e9 um povo eleito, a promessa para olhar para frente com esperan\u00e7a e a alian\u00e7a para viver a fidelidade a cada dia. Mas nessa par\u00e1bola se d\u00e1 que quando chegou o tempo para colher o frutos esse povo tinha se esquecido que eles n\u00e3o eram os propriet\u00e1rios: \u201cOs lavradores pegaram os servos, bateram num deles, mataram o outro, lapidaram outro. Depois mandou outros servos, mais numerosos, mas o trataram do mesmo modo\u201d. Certamente Jesus mostra a\u00ed \u2013 est\u00e1 falando aos doutores da lei \u2013 como os doutores da lei trataram os profetas. \u201cPor \u00faltimo mandou-lhes o pr\u00f3prio filho\u201d, pensando que respeitariam o filho. \u201cMas os lavradores, vendo o filho, disseram entre eles: \u2018Este \u00e9 o herdeiro. Vamos, matemo-lo e apoderemos-nos da sua heran\u00e7a!\u201d<\/p>\n<p>Roubaram a heran\u00e7a, que era outra. Uma hist\u00f3ria de infidelidade, de infidelidade \u00e0 elei\u00e7\u00e3o, de infidelidade \u00e0 promessa, de infidelidade \u00e0 alian\u00e7a, que \u00e9 um dom. A elei\u00e7\u00e3o, a promessa e a alian\u00e7a s\u00e3o um dom de Deus. Infidelidade ao dom de Deus. N\u00e3o entender que era um dom e tom\u00e1-lo como propriedade. Esse povo se apropriou do dom e tirou esse dom para transform\u00e1-lo em \u201cminha \u201c propriedade. E o dom que \u00e9 riqueza, \u00e9 abertura, \u00e9 b\u00ean\u00e7\u00e3o, foi trancafiado, aprisionado numa doutrina de leis, muitas. Foi ideologizado. E assim o dom perdeu a sua natureza de dom, acabou numa ideologia. Sobretudo numa ideologia moralista repleta de preceitos, inclusive rid\u00edcula porque passa \u00e0 casu\u00edstica para cada coisa. Apropriaram-se do dom.<\/p>\n<p>Este \u00e9 o grande pecado. \u00c9 o pecado de esquecer que Deus se fez dom Ele mesmo para n\u00f3s, que Deus nos doou isso como dom e, esquecendo isso, tornar-se propriet\u00e1rios. E a promessa j\u00e1 n\u00e3o \u00e9 promessa, a elei\u00e7\u00e3o j\u00e1 n\u00e3o \u00e9 elei\u00e7\u00e3o: \u201cA alian\u00e7a deve ser interpretada segundo o meu parecer, ideologizado\u201d. A\u00ed, nessa atitude, eu vejo talvez o in\u00edcio, no Evangelho, do clericalismo, que \u00e9 uma pervers\u00e3o, que renega sempre a elei\u00e7\u00e3o gratuita de Deus, a alian\u00e7a gratuita de Deus, a promessa de Deus. Esquece a gratuidade da revela\u00e7\u00e3o, esquece que Deus se manifestou como dom, se fez dom para n\u00f3s e n\u00f3s devemos d\u00e1-lo, mostr\u00e1-lo aos outros como dom, n\u00e3o como nossa posse.<\/p>\n<p>O clericalismo n\u00e3o \u00e9 uma coisa somente destes dias, a rigidez n\u00e3o \u00e9 uma coisa destes dias, j\u00e1 havia no tempo de Jesus. E depois Jesus seguir\u00e1 adiante na explica\u00e7\u00e3o das par\u00e1bolas &#8211; &#8211; esse \u00e9 o cap\u00edtulo 21 \u2013, seguir\u00e1 adiante at\u00e9 chegar ao cap\u00edtulo 23 com a condena\u00e7\u00e3o, onde se v\u00ea a ira de Deus contra aqueles que tomam o dom para si como propriedade e reduzem a sua riqueza aos caprichos ideol\u00f3gicos da mente deles. Pe\u00e7amos ao Senhor a gra\u00e7a de receber o dom como dom e transmiti-lo como dom, n\u00e3o como propriedade, n\u00e3o de um modo sect\u00e1rio, de modo r\u00edgido, de modo \u201cclericalista\u201d.<\/p>\n<hr \/>\n<p><em>Fonte: Vatican News<\/em><\/p>\n","protected":false},"excerpt":{"rendered":"<p>Missa em Santa Marta<\/p>\n","protected":false},"author":3,"featured_media":221859,"comment_status":"open","ping_status":"open","sticky":false,"template":"","format":"standard","meta":[],"categories":[1428],"tags":[1586],"acf":[],"yoast_head":"<!-- This site is optimized with the Yoast SEO plugin v19.2 - https:\/\/yoast.com\/wordpress\/plugins\/seo\/ -->\n<title>O clericalismo \u00e9 uma pervers\u00e3o que renega sempre a elei\u00e7\u00e3o gratuita de Deus - Not\u00edcias - Franciscanos<\/title>\n<meta name=\"robots\" content=\"index, follow, max-snippet:-1, max-image-preview:large, max-video-preview:-1\" \/>\n<link rel=\"canonical\" href=\"https:\/\/franciscanos.org.br\/noticias\/o-clericalismo-e-uma-perversao-que-renega-sempre-a-eleicao-gratuita-de-deus.html\" \/>\n<meta property=\"og:locale\" content=\"pt_BR\" \/>\n<meta property=\"og:type\" content=\"article\" \/>\n<meta property=\"og:title\" content=\"O clericalismo \u00e9 uma pervers\u00e3o que renega sempre a elei\u00e7\u00e3o gratuita de Deus - Not\u00edcias - Franciscanos\" \/>\n<meta property=\"og:description\" content=\"Missa em Santa Marta\" \/>\n<meta property=\"og:url\" content=\"https:\/\/franciscanos.org.br\/noticias\/o-clericalismo-e-uma-perversao-que-renega-sempre-a-eleicao-gratuita-de-deus.html\" \/>\n<meta property=\"og:site_name\" content=\"Not\u00edcias - Franciscanos\" \/>\n<meta property=\"article:published_time\" content=\"2020-03-13T09:52:51+00:00\" \/>\n<meta property=\"article:modified_time\" content=\"2021-08-29T15:51:47+00:00\" \/>\n<meta property=\"og:image\" content=\"https:\/\/franciscanos.org.br\/noticias\/wp-content\/uploads\/2020\/03\/papa_marta_13.jpg\" \/>\n\t<meta property=\"og:image:width\" content=\"273\" \/>\n\t<meta property=\"og:image:height\" content=\"181\" \/>\n\t<meta property=\"og:image:type\" content=\"image\/jpeg\" \/>\n<meta name=\"author\" content=\"moacir\" \/>\n<meta name=\"twitter:card\" content=\"summary_large_image\" \/>\n<meta name=\"twitter:label1\" content=\"Escrito por\" \/>\n\t<meta name=\"twitter:data1\" content=\"moacir\" \/>\n\t<meta name=\"twitter:label2\" content=\"Est. tempo de leitura\" \/>\n\t<meta name=\"twitter:data2\" content=\"5 minutos\" \/>\n<script type=\"application\/ld+json\" class=\"yoast-schema-graph\">{\"@context\":\"https:\/\/schema.org\",\"@graph\":[{\"@type\":\"WebSite\",\"@id\":\"https:\/\/franciscanos.org.br\/noticias\/#website\",\"url\":\"https:\/\/franciscanos.org.br\/noticias\/\",\"name\":\"Not\u00edcias - Franciscanos\",\"description\":\"Prov\u00edncia Franciscana da Imaculada Concei\u00e7\u00e3o do Brasil - Ordem dos Frades Menores - OFM\",\"potentialAction\":[{\"@type\":\"SearchAction\",\"target\":{\"@type\":\"EntryPoint\",\"urlTemplate\":\"https:\/\/franciscanos.org.br\/noticias\/?s={search_term_string}\"},\"query-input\":\"required name=search_term_string\"}],\"inLanguage\":\"pt-BR\"},{\"@type\":\"ImageObject\",\"inLanguage\":\"pt-BR\",\"@id\":\"https:\/\/franciscanos.org.br\/noticias\/o-clericalismo-e-uma-perversao-que-renega-sempre-a-eleicao-gratuita-de-deus.html#primaryimage\",\"url\":\"https:\/\/franciscanos.org.br\/noticias\/wp-content\/uploads\/2020\/03\/papa_marta_13.jpg\",\"contentUrl\":\"https:\/\/franciscanos.org.br\/noticias\/wp-content\/uploads\/2020\/03\/papa_marta_13.jpg\",\"width\":273,\"height\":181},{\"@type\":\"WebPage\",\"@id\":\"https:\/\/franciscanos.org.br\/noticias\/o-clericalismo-e-uma-perversao-que-renega-sempre-a-eleicao-gratuita-de-deus.html#webpage\",\"url\":\"https:\/\/franciscanos.org.br\/noticias\/o-clericalismo-e-uma-perversao-que-renega-sempre-a-eleicao-gratuita-de-deus.html\",\"name\":\"O clericalismo \u00e9 uma pervers\u00e3o que renega sempre a elei\u00e7\u00e3o gratuita de Deus - Not\u00edcias - Franciscanos\",\"isPartOf\":{\"@id\":\"https:\/\/franciscanos.org.br\/noticias\/#website\"},\"primaryImageOfPage\":{\"@id\":\"https:\/\/franciscanos.org.br\/noticias\/o-clericalismo-e-uma-perversao-que-renega-sempre-a-eleicao-gratuita-de-deus.html#primaryimage\"},\"datePublished\":\"2020-03-13T09:52:51+00:00\",\"dateModified\":\"2021-08-29T15:51:47+00:00\",\"author\":{\"@id\":\"https:\/\/franciscanos.org.br\/noticias\/#\/schema\/person\/b5c8cba458c330ccff548b056e95a5d4\"},\"breadcrumb\":{\"@id\":\"https:\/\/franciscanos.org.br\/noticias\/o-clericalismo-e-uma-perversao-que-renega-sempre-a-eleicao-gratuita-de-deus.html#breadcrumb\"},\"inLanguage\":\"pt-BR\",\"potentialAction\":[{\"@type\":\"ReadAction\",\"target\":[\"https:\/\/franciscanos.org.br\/noticias\/o-clericalismo-e-uma-perversao-que-renega-sempre-a-eleicao-gratuita-de-deus.html\"]}]},{\"@type\":\"BreadcrumbList\",\"@id\":\"https:\/\/franciscanos.org.br\/noticias\/o-clericalismo-e-uma-perversao-que-renega-sempre-a-eleicao-gratuita-de-deus.html#breadcrumb\",\"itemListElement\":[{\"@type\":\"ListItem\",\"position\":1,\"name\":\"Home\",\"item\":\"https:\/\/franciscanos.org.br\/noticias\"},{\"@type\":\"ListItem\",\"position\":2,\"name\":\"O clericalismo \u00e9 uma pervers\u00e3o que renega sempre a elei\u00e7\u00e3o gratuita de Deus\"}]},{\"@type\":\"Person\",\"@id\":\"https:\/\/franciscanos.org.br\/noticias\/#\/schema\/person\/b5c8cba458c330ccff548b056e95a5d4\",\"name\":\"moacir\",\"image\":{\"@type\":\"ImageObject\",\"inLanguage\":\"pt-BR\",\"@id\":\"https:\/\/franciscanos.org.br\/noticias\/#\/schema\/person\/image\/\",\"url\":\"https:\/\/secure.gravatar.com\/avatar\/d08aa2ce4c8dd416d4479aa8536fcf64?s=96&d=mm&r=g\",\"contentUrl\":\"https:\/\/secure.gravatar.com\/avatar\/d08aa2ce4c8dd416d4479aa8536fcf64?s=96&d=mm&r=g\",\"caption\":\"moacir\"},\"url\":\"https:\/\/franciscanos.org.br\/noticias\/author\/moacir\"}]}<\/script>\n<!-- \/ Yoast SEO plugin. -->","yoast_head_json":{"title":"O clericalismo \u00e9 uma pervers\u00e3o que renega sempre a elei\u00e7\u00e3o gratuita de Deus - Not\u00edcias - Franciscanos","robots":{"index":"index","follow":"follow","max-snippet":"max-snippet:-1","max-image-preview":"max-image-preview:large","max-video-preview":"max-video-preview:-1"},"canonical":"https:\/\/franciscanos.org.br\/noticias\/o-clericalismo-e-uma-perversao-que-renega-sempre-a-eleicao-gratuita-de-deus.html","og_locale":"pt_BR","og_type":"article","og_title":"O clericalismo \u00e9 uma pervers\u00e3o que renega sempre a elei\u00e7\u00e3o gratuita de Deus - Not\u00edcias - Franciscanos","og_description":"Missa em Santa Marta","og_url":"https:\/\/franciscanos.org.br\/noticias\/o-clericalismo-e-uma-perversao-que-renega-sempre-a-eleicao-gratuita-de-deus.html","og_site_name":"Not\u00edcias - Franciscanos","article_published_time":"2020-03-13T09:52:51+00:00","article_modified_time":"2021-08-29T15:51:47+00:00","og_image":[{"width":273,"height":181,"url":"https:\/\/franciscanos.org.br\/noticias\/wp-content\/uploads\/2020\/03\/papa_marta_13.jpg","type":"image\/jpeg"}],"author":"moacir","twitter_card":"summary_large_image","twitter_misc":{"Escrito por":"moacir","Est. tempo de leitura":"5 minutos"},"schema":{"@context":"https:\/\/schema.org","@graph":[{"@type":"WebSite","@id":"https:\/\/franciscanos.org.br\/noticias\/#website","url":"https:\/\/franciscanos.org.br\/noticias\/","name":"Not\u00edcias - Franciscanos","description":"Prov\u00edncia Franciscana da Imaculada Concei\u00e7\u00e3o do Brasil - Ordem dos Frades Menores - OFM","potentialAction":[{"@type":"SearchAction","target":{"@type":"EntryPoint","urlTemplate":"https:\/\/franciscanos.org.br\/noticias\/?s={search_term_string}"},"query-input":"required name=search_term_string"}],"inLanguage":"pt-BR"},{"@type":"ImageObject","inLanguage":"pt-BR","@id":"https:\/\/franciscanos.org.br\/noticias\/o-clericalismo-e-uma-perversao-que-renega-sempre-a-eleicao-gratuita-de-deus.html#primaryimage","url":"https:\/\/franciscanos.org.br\/noticias\/wp-content\/uploads\/2020\/03\/papa_marta_13.jpg","contentUrl":"https:\/\/franciscanos.org.br\/noticias\/wp-content\/uploads\/2020\/03\/papa_marta_13.jpg","width":273,"height":181},{"@type":"WebPage","@id":"https:\/\/franciscanos.org.br\/noticias\/o-clericalismo-e-uma-perversao-que-renega-sempre-a-eleicao-gratuita-de-deus.html#webpage","url":"https:\/\/franciscanos.org.br\/noticias\/o-clericalismo-e-uma-perversao-que-renega-sempre-a-eleicao-gratuita-de-deus.html","name":"O clericalismo \u00e9 uma pervers\u00e3o que renega sempre a elei\u00e7\u00e3o gratuita de Deus - Not\u00edcias - Franciscanos","isPartOf":{"@id":"https:\/\/franciscanos.org.br\/noticias\/#website"},"primaryImageOfPage":{"@id":"https:\/\/franciscanos.org.br\/noticias\/o-clericalismo-e-uma-perversao-que-renega-sempre-a-eleicao-gratuita-de-deus.html#primaryimage"},"datePublished":"2020-03-13T09:52:51+00:00","dateModified":"2021-08-29T15:51:47+00:00","author":{"@id":"https:\/\/franciscanos.org.br\/noticias\/#\/schema\/person\/b5c8cba458c330ccff548b056e95a5d4"},"breadcrumb":{"@id":"https:\/\/franciscanos.org.br\/noticias\/o-clericalismo-e-uma-perversao-que-renega-sempre-a-eleicao-gratuita-de-deus.html#breadcrumb"},"inLanguage":"pt-BR","potentialAction":[{"@type":"ReadAction","target":["https:\/\/franciscanos.org.br\/noticias\/o-clericalismo-e-uma-perversao-que-renega-sempre-a-eleicao-gratuita-de-deus.html"]}]},{"@type":"BreadcrumbList","@id":"https:\/\/franciscanos.org.br\/noticias\/o-clericalismo-e-uma-perversao-que-renega-sempre-a-eleicao-gratuita-de-deus.html#breadcrumb","itemListElement":[{"@type":"ListItem","position":1,"name":"Home","item":"https:\/\/franciscanos.org.br\/noticias"},{"@type":"ListItem","position":2,"name":"O clericalismo \u00e9 uma pervers\u00e3o que renega sempre a elei\u00e7\u00e3o gratuita de Deus"}]},{"@type":"Person","@id":"https:\/\/franciscanos.org.br\/noticias\/#\/schema\/person\/b5c8cba458c330ccff548b056e95a5d4","name":"moacir","image":{"@type":"ImageObject","inLanguage":"pt-BR","@id":"https:\/\/franciscanos.org.br\/noticias\/#\/schema\/person\/image\/","url":"https:\/\/secure.gravatar.com\/avatar\/d08aa2ce4c8dd416d4479aa8536fcf64?s=96&d=mm&r=g","contentUrl":"https:\/\/secure.gravatar.com\/avatar\/d08aa2ce4c8dd416d4479aa8536fcf64?s=96&d=mm&r=g","caption":"moacir"},"url":"https:\/\/franciscanos.org.br\/noticias\/author\/moacir"}]}},"_links":{"self":[{"href":"https:\/\/franciscanos.org.br\/noticias\/wp-json\/wp\/v2\/posts\/221856"}],"collection":[{"href":"https:\/\/franciscanos.org.br\/noticias\/wp-json\/wp\/v2\/posts"}],"about":[{"href":"https:\/\/franciscanos.org.br\/noticias\/wp-json\/wp\/v2\/types\/post"}],"author":[{"embeddable":true,"href":"https:\/\/franciscanos.org.br\/noticias\/wp-json\/wp\/v2\/users\/3"}],"replies":[{"embeddable":true,"href":"https:\/\/franciscanos.org.br\/noticias\/wp-json\/wp\/v2\/comments?post=221856"}],"version-history":[{"count":3,"href":"https:\/\/franciscanos.org.br\/noticias\/wp-json\/wp\/v2\/posts\/221856\/revisions"}],"predecessor-version":[{"id":234020,"href":"https:\/\/franciscanos.org.br\/noticias\/wp-json\/wp\/v2\/posts\/221856\/revisions\/234020"}],"wp:featuredmedia":[{"embeddable":true,"href":"https:\/\/franciscanos.org.br\/noticias\/wp-json\/wp\/v2\/media\/221859"}],"wp:attachment":[{"href":"https:\/\/franciscanos.org.br\/noticias\/wp-json\/wp\/v2\/media?parent=221856"}],"wp:term":[{"taxonomy":"category","embeddable":true,"href":"https:\/\/franciscanos.org.br\/noticias\/wp-json\/wp\/v2\/categories?post=221856"},{"taxonomy":"post_tag","embeddable":true,"href":"https:\/\/franciscanos.org.br\/noticias\/wp-json\/wp\/v2\/tags?post=221856"}],"curies":[{"name":"wp","href":"https:\/\/api.w.org\/{rel}","templated":true}]}}