{"id":221830,"date":"2020-03-10T08:53:42","date_gmt":"2020-03-10T11:53:42","guid":{"rendered":"https:\/\/franciscanos.org.br\/noticias\/?p=221830"},"modified":"2021-08-29T12:53:39","modified_gmt":"2021-08-29T15:53:39","slug":"papa-fale-com-o-senhor-ele-sabe-o-que-somos","status":"publish","type":"post","link":"https:\/\/franciscanos.org.br\/noticias\/papa-fale-com-o-senhor-ele-sabe-o-que-somos.html","title":{"rendered":"Papa: Fale com o Senhor. Ele sabe o que somos."},"content":{"rendered":"<div id=\"attachment_221831\" style=\"width: 1010px\" class=\"wp-caption aligncenter\"><img aria-describedby=\"caption-attachment-221831\" loading=\"lazy\" class=\"wp-image-221831 size-full\" src=\"https:\/\/franciscanos.org.br\/noticias\/wp-content\/uploads\/2020\/03\/papa_1003.jpg\" alt=\"\" width=\"1000\" height=\"563\" srcset=\"https:\/\/franciscanos.org.br\/noticias\/wp-content\/uploads\/2020\/03\/papa_1003.jpg 1000w, https:\/\/franciscanos.org.br\/noticias\/wp-content\/uploads\/2020\/03\/papa_1003-450x253.jpg 450w, https:\/\/franciscanos.org.br\/noticias\/wp-content\/uploads\/2020\/03\/papa_1003-768x432.jpg 768w, https:\/\/franciscanos.org.br\/noticias\/wp-content\/uploads\/2020\/03\/papa_1003-150x84.jpg 150w\" sizes=\"(max-width: 1000px) 100vw, 1000px\" \/><p id=\"caption-attachment-221831\" class=\"wp-caption-text\">\u00a0 \u00a0 \u00a0 \u00a0 \u00a0 \u00a0 \u00a0 \u00a0 \u00a0 \u00a0 \u00a0 \u00a0 \u00a0 \u00a0 \u00a0 \u00a0 \u00a0 \u00a0 \u00a0 \u00a0 \u00a0 \u00a0 \u00a0 \u00a0 \u00a0 \u00a0 \u00a0 \u00a0 \u00a0 \u00a0 \u00a0 \u00a0 \u00a0 \u00a0 \u00a0 \u00a0 \u00a0 \u00a0 \u00a0 \u00a0 \u00a0 \u00a0 \u00a0 \u00a0 \u00a0 \u00a0 \u00a0 \u00a0 \u00a0 \u00a0 <em>\u00a0Imagem: Vatican Media<\/em><\/p><\/div>\n<p><strong>Cidade do Vaticano<\/strong> &#8211; As imagens da missa celebrada na Capela da Casa Santa Marta, no Vaticano, que diariamente est\u00e3o levando o encorajamento do Papa via streaming para o mundo, iniciaram nesta ter\u00e7a-feira (10) com um lento zoom da c\u00e2mera sobre o crucifixo que se sobrep\u00f5e ao altar. Em seguida, aparece a figura de Francisco que sai da Sacristia. Come\u00e7a num sil\u00eancio total do local a cerim\u00f4nia presidida pelo Pont\u00edfice. Um sil\u00eancio que o pr\u00f3prio Papa quebra logo ao recordar, como na missa desta segunda-feira (9), que a celebra\u00e7\u00e3o \u00e9 oferecida a quem sofre por causa do coronav\u00edrus, para quem cuida deles: \u201cRezemos ao Senhor tamb\u00e9m pelos nossos sacerdotes para que tenham a coragem de sair e ir ao encontro dos doentes, levando a for\u00e7a da Palavra de Deus e a Eucaristia, e de acompanhar os profissionais de sa\u00fade, os volunt\u00e1rios, nesse trabalho que est\u00e3o fazendo.\u201d<\/p>\n<p><strong>A vaidade \u00e9 venenosa e nunca cura<\/strong><br \/>\nA homilia \u00e9 inspirada no Evangelho, no qual os escribas e fariseus da \u00e9poca faziam exibi\u00e7\u00e3o hip\u00f3crita da sua superioridade diante das pessoas, chamando-se de mestres, mas recusando de se comportar com coer\u00eancia. A seguir, o texto da homilia, com uma transcri\u00e7\u00e3o do <em>Vatican News<\/em>, quando o Papa iniciou comentando:<\/p>\n<p>\u201cOntem a Palavra de Deus nos ensinava a reconhecer os nossos pecados e a confess\u00e1-los, mas n\u00e3o somente com a mente, tamb\u00e9m com o cora\u00e7\u00e3o, com um esp\u00edrito de vergonha; a vergonha como uma postura mais nobre diante de Deus pelos nossos pecados. E, hoje, o Senhor chama todos, pecadores, a dialogar com Ele, porque o pecado nos fecha em n\u00f3s mesmos, nos faz nos escondermos ou esconde a nossa verdade, dentro.<\/p>\n<p>\u00c9 isso que aconteceu com Ad\u00e3o, com Eva: depois do pecado, se esconderam porque tinham vergonha; estavam nus. E o pecador, quando sente a vergonha, depois tem a tenta\u00e7\u00e3o de se esconder. E o Senhor chama: \u2018Vamos, venham, vamos discutir\u2019, diz o Senhor, \u2018vamos falar do teu pecado, da tua situa\u00e7\u00e3o. N\u00e3o tenham medo. N\u00e3o&#8230;\u2019. E continua: \u2018Mesmo se os pecados de voc\u00eas fossem como a cor de escarlate, v\u00e3o se tornar brancos como a neve. Se fossem vermelhos como a p\u00farpura, v\u00e3o se tornar como l\u00e3\u2019. \u2018Venham, porque eu sou capaz de mudar tudo\u2019, diz o Senhor, \u2018n\u00e3o tenham medo de vir falar, sejam corajosos mesmo com as mis\u00e9rias de voc\u00eas\u2019.<\/p>\n<p>Me faz lembrar aquele santo, que t\u00e3o penitente, rezava muito. E procurava sempre dar ao Senhor tudo aquilo que o Senhor lhe pedia. Mas o Senhor n\u00e3o estava feliz. E, um dia, ele estava um pouco irritado com o Senhor, porque tinha um certo temperamento, aquele santo. E disse ao Senhor: \u2018Mas, Senhor, eu n\u00e3o te entendo. Eu te dou tudo, tudo, e tu sempre est\u00e1 t\u00e3o insatisfeito, como se faltasse alguma coisa. O que falta?\u2019. [E o Senhor responde]: \u2018Me d\u00ea os teus pecados: \u00e9 isso que falta\u2019.<\/p>\n<p>Ter a coragem de ir falar com o Senhor com as nossas mis\u00e9rias: \u2018Vamos, venham! Vamos discutir! N\u00e3o tenham medo. Mesmo se os pecados de voc\u00eas fossem como escarlate, v\u00e3o se tornar brancos como a neve. Se fossem vermelhos como a p\u00farpura, v\u00e3o se tornar como l\u00e3\u2019.<\/p>\n<p>Esse \u00e9 o convite do Senhor. Mas sempre h\u00e1 um engano: ao inv\u00e9s de ir falar com o Senhor, fingir de n\u00e3o ser pecadores. \u00c9 aquilo que o Senhor repreende aos doutores da lei. Essas pessoas fazem as obras \u2018para serem admiradas pelas pessoas: ampliam os seus filact\u00e9rios e alongam as franjas; est\u00e3o satisfeitos pelos lugares de honra nos banquetes, dos primeiros lugares nas sinagogas, das sauda\u00e7\u00f5es nas pra\u00e7as, como tamb\u00e9m de serem chamados Rabbi das pessoas\u2019.<\/p>\n<p>A apar\u00eancia, a vaidade. Encobertar a verdade do nosso cora\u00e7\u00e3o com a vaidade. A vaidade nunca cura! A vaidade nunca cura. Al\u00e9m disso, \u00e9 venenosa, continua trazendo a doen\u00e7a do cora\u00e7\u00e3o, trazendo aquela dureza de cora\u00e7\u00e3o que te diz: \u2018N\u00e3o, n\u00e3o v\u00e1 ao Senhor, n\u00e3o v\u00e1. Voc\u00ea fica.\u2019<\/p>\n<p>A vaidade \u00e9 apenas o lugar para se fechar ao chamado do Senhor. Em vez disso, o convite do Senhor \u00e9 aquele de um pai, de um irm\u00e3o: \u2018Venham! Vamos conversar, falar. Ao final, Eu sou capaz de mudar a tua vida do vermelho ao branco\u2019.<\/p>\n<p>\u201cQue essa Palavra do Senhor nos encoraje; que a nossa ora\u00e7\u00e3o seja uma ora\u00e7\u00e3o real. Da nossa realidade, dos nossos pecados, das nossas mis\u00e9rias. Fale com o Senhor. Ele sabe o que somos. Sabemos disso, mas a vaidade nos convida sempre a encobertar. Que o Senhor nos ajude.\u201d<\/p>\n<hr \/>\n<p><em>Fonte: Vatican News<\/em><\/p>\n","protected":false},"excerpt":{"rendered":"<p>Missa em Santa Marta<\/p>\n","protected":false},"author":3,"featured_media":221832,"comment_status":"open","ping_status":"open","sticky":false,"template":"","format":"standard","meta":[],"categories":[1428],"tags":[1586],"acf":[],"yoast_head":"<!-- This site is optimized with the Yoast SEO plugin v19.2 - https:\/\/yoast.com\/wordpress\/plugins\/seo\/ -->\n<title>Papa: Fale com o Senhor. Ele sabe o que somos. - Not\u00edcias - Franciscanos<\/title>\n<meta name=\"robots\" content=\"index, follow, max-snippet:-1, max-image-preview:large, max-video-preview:-1\" \/>\n<link rel=\"canonical\" href=\"https:\/\/franciscanos.org.br\/noticias\/papa-fale-com-o-senhor-ele-sabe-o-que-somos.html\" \/>\n<meta property=\"og:locale\" content=\"pt_BR\" \/>\n<meta property=\"og:type\" content=\"article\" \/>\n<meta property=\"og:title\" content=\"Papa: Fale com o Senhor. Ele sabe o que somos. - Not\u00edcias - Franciscanos\" \/>\n<meta property=\"og:description\" content=\"Missa em Santa Marta\" \/>\n<meta property=\"og:url\" content=\"https:\/\/franciscanos.org.br\/noticias\/papa-fale-com-o-senhor-ele-sabe-o-que-somos.html\" \/>\n<meta property=\"og:site_name\" content=\"Not\u00edcias - Franciscanos\" \/>\n<meta property=\"article:published_time\" content=\"2020-03-10T11:53:42+00:00\" \/>\n<meta property=\"article:modified_time\" content=\"2021-08-29T15:53:39+00:00\" \/>\n<meta property=\"og:image\" content=\"https:\/\/franciscanos.org.br\/noticias\/wp-content\/uploads\/2020\/03\/papa_1003d.jpg\" \/>\n\t<meta property=\"og:image:width\" content=\"273\" \/>\n\t<meta property=\"og:image:height\" content=\"181\" \/>\n\t<meta property=\"og:image:type\" content=\"image\/jpeg\" \/>\n<meta name=\"author\" content=\"moacir\" \/>\n<meta name=\"twitter:card\" content=\"summary_large_image\" \/>\n<meta name=\"twitter:label1\" content=\"Escrito por\" \/>\n\t<meta name=\"twitter:data1\" content=\"moacir\" \/>\n\t<meta name=\"twitter:label2\" content=\"Est. tempo de leitura\" \/>\n\t<meta name=\"twitter:data2\" content=\"4 minutos\" \/>\n<script type=\"application\/ld+json\" class=\"yoast-schema-graph\">{\"@context\":\"https:\/\/schema.org\",\"@graph\":[{\"@type\":\"WebSite\",\"@id\":\"https:\/\/franciscanos.org.br\/noticias\/#website\",\"url\":\"https:\/\/franciscanos.org.br\/noticias\/\",\"name\":\"Not\u00edcias - Franciscanos\",\"description\":\"Prov\u00edncia Franciscana da Imaculada Concei\u00e7\u00e3o do Brasil - Ordem dos Frades Menores - OFM\",\"potentialAction\":[{\"@type\":\"SearchAction\",\"target\":{\"@type\":\"EntryPoint\",\"urlTemplate\":\"https:\/\/franciscanos.org.br\/noticias\/?s={search_term_string}\"},\"query-input\":\"required name=search_term_string\"}],\"inLanguage\":\"pt-BR\"},{\"@type\":\"ImageObject\",\"inLanguage\":\"pt-BR\",\"@id\":\"https:\/\/franciscanos.org.br\/noticias\/papa-fale-com-o-senhor-ele-sabe-o-que-somos.html#primaryimage\",\"url\":\"https:\/\/franciscanos.org.br\/noticias\/wp-content\/uploads\/2020\/03\/papa_1003d.jpg\",\"contentUrl\":\"https:\/\/franciscanos.org.br\/noticias\/wp-content\/uploads\/2020\/03\/papa_1003d.jpg\",\"width\":273,\"height\":181},{\"@type\":\"WebPage\",\"@id\":\"https:\/\/franciscanos.org.br\/noticias\/papa-fale-com-o-senhor-ele-sabe-o-que-somos.html#webpage\",\"url\":\"https:\/\/franciscanos.org.br\/noticias\/papa-fale-com-o-senhor-ele-sabe-o-que-somos.html\",\"name\":\"Papa: Fale com o Senhor. Ele sabe o que somos. - Not\u00edcias - Franciscanos\",\"isPartOf\":{\"@id\":\"https:\/\/franciscanos.org.br\/noticias\/#website\"},\"primaryImageOfPage\":{\"@id\":\"https:\/\/franciscanos.org.br\/noticias\/papa-fale-com-o-senhor-ele-sabe-o-que-somos.html#primaryimage\"},\"datePublished\":\"2020-03-10T11:53:42+00:00\",\"dateModified\":\"2021-08-29T15:53:39+00:00\",\"author\":{\"@id\":\"https:\/\/franciscanos.org.br\/noticias\/#\/schema\/person\/b5c8cba458c330ccff548b056e95a5d4\"},\"breadcrumb\":{\"@id\":\"https:\/\/franciscanos.org.br\/noticias\/papa-fale-com-o-senhor-ele-sabe-o-que-somos.html#breadcrumb\"},\"inLanguage\":\"pt-BR\",\"potentialAction\":[{\"@type\":\"ReadAction\",\"target\":[\"https:\/\/franciscanos.org.br\/noticias\/papa-fale-com-o-senhor-ele-sabe-o-que-somos.html\"]}]},{\"@type\":\"BreadcrumbList\",\"@id\":\"https:\/\/franciscanos.org.br\/noticias\/papa-fale-com-o-senhor-ele-sabe-o-que-somos.html#breadcrumb\",\"itemListElement\":[{\"@type\":\"ListItem\",\"position\":1,\"name\":\"Home\",\"item\":\"https:\/\/franciscanos.org.br\/noticias\"},{\"@type\":\"ListItem\",\"position\":2,\"name\":\"Papa: Fale com o Senhor. Ele sabe o que somos.\"}]},{\"@type\":\"Person\",\"@id\":\"https:\/\/franciscanos.org.br\/noticias\/#\/schema\/person\/b5c8cba458c330ccff548b056e95a5d4\",\"name\":\"moacir\",\"image\":{\"@type\":\"ImageObject\",\"inLanguage\":\"pt-BR\",\"@id\":\"https:\/\/franciscanos.org.br\/noticias\/#\/schema\/person\/image\/\",\"url\":\"https:\/\/secure.gravatar.com\/avatar\/d08aa2ce4c8dd416d4479aa8536fcf64?s=96&d=mm&r=g\",\"contentUrl\":\"https:\/\/secure.gravatar.com\/avatar\/d08aa2ce4c8dd416d4479aa8536fcf64?s=96&d=mm&r=g\",\"caption\":\"moacir\"},\"url\":\"https:\/\/franciscanos.org.br\/noticias\/author\/moacir\"}]}<\/script>\n<!-- \/ Yoast SEO plugin. -->","yoast_head_json":{"title":"Papa: Fale com o Senhor. Ele sabe o que somos. - Not\u00edcias - Franciscanos","robots":{"index":"index","follow":"follow","max-snippet":"max-snippet:-1","max-image-preview":"max-image-preview:large","max-video-preview":"max-video-preview:-1"},"canonical":"https:\/\/franciscanos.org.br\/noticias\/papa-fale-com-o-senhor-ele-sabe-o-que-somos.html","og_locale":"pt_BR","og_type":"article","og_title":"Papa: Fale com o Senhor. Ele sabe o que somos. - Not\u00edcias - Franciscanos","og_description":"Missa em Santa Marta","og_url":"https:\/\/franciscanos.org.br\/noticias\/papa-fale-com-o-senhor-ele-sabe-o-que-somos.html","og_site_name":"Not\u00edcias - Franciscanos","article_published_time":"2020-03-10T11:53:42+00:00","article_modified_time":"2021-08-29T15:53:39+00:00","og_image":[{"width":273,"height":181,"url":"https:\/\/franciscanos.org.br\/noticias\/wp-content\/uploads\/2020\/03\/papa_1003d.jpg","type":"image\/jpeg"}],"author":"moacir","twitter_card":"summary_large_image","twitter_misc":{"Escrito por":"moacir","Est. tempo de leitura":"4 minutos"},"schema":{"@context":"https:\/\/schema.org","@graph":[{"@type":"WebSite","@id":"https:\/\/franciscanos.org.br\/noticias\/#website","url":"https:\/\/franciscanos.org.br\/noticias\/","name":"Not\u00edcias - Franciscanos","description":"Prov\u00edncia Franciscana da Imaculada Concei\u00e7\u00e3o do Brasil - Ordem dos Frades Menores - OFM","potentialAction":[{"@type":"SearchAction","target":{"@type":"EntryPoint","urlTemplate":"https:\/\/franciscanos.org.br\/noticias\/?s={search_term_string}"},"query-input":"required name=search_term_string"}],"inLanguage":"pt-BR"},{"@type":"ImageObject","inLanguage":"pt-BR","@id":"https:\/\/franciscanos.org.br\/noticias\/papa-fale-com-o-senhor-ele-sabe-o-que-somos.html#primaryimage","url":"https:\/\/franciscanos.org.br\/noticias\/wp-content\/uploads\/2020\/03\/papa_1003d.jpg","contentUrl":"https:\/\/franciscanos.org.br\/noticias\/wp-content\/uploads\/2020\/03\/papa_1003d.jpg","width":273,"height":181},{"@type":"WebPage","@id":"https:\/\/franciscanos.org.br\/noticias\/papa-fale-com-o-senhor-ele-sabe-o-que-somos.html#webpage","url":"https:\/\/franciscanos.org.br\/noticias\/papa-fale-com-o-senhor-ele-sabe-o-que-somos.html","name":"Papa: Fale com o Senhor. Ele sabe o que somos. - Not\u00edcias - Franciscanos","isPartOf":{"@id":"https:\/\/franciscanos.org.br\/noticias\/#website"},"primaryImageOfPage":{"@id":"https:\/\/franciscanos.org.br\/noticias\/papa-fale-com-o-senhor-ele-sabe-o-que-somos.html#primaryimage"},"datePublished":"2020-03-10T11:53:42+00:00","dateModified":"2021-08-29T15:53:39+00:00","author":{"@id":"https:\/\/franciscanos.org.br\/noticias\/#\/schema\/person\/b5c8cba458c330ccff548b056e95a5d4"},"breadcrumb":{"@id":"https:\/\/franciscanos.org.br\/noticias\/papa-fale-com-o-senhor-ele-sabe-o-que-somos.html#breadcrumb"},"inLanguage":"pt-BR","potentialAction":[{"@type":"ReadAction","target":["https:\/\/franciscanos.org.br\/noticias\/papa-fale-com-o-senhor-ele-sabe-o-que-somos.html"]}]},{"@type":"BreadcrumbList","@id":"https:\/\/franciscanos.org.br\/noticias\/papa-fale-com-o-senhor-ele-sabe-o-que-somos.html#breadcrumb","itemListElement":[{"@type":"ListItem","position":1,"name":"Home","item":"https:\/\/franciscanos.org.br\/noticias"},{"@type":"ListItem","position":2,"name":"Papa: Fale com o Senhor. Ele sabe o que somos."}]},{"@type":"Person","@id":"https:\/\/franciscanos.org.br\/noticias\/#\/schema\/person\/b5c8cba458c330ccff548b056e95a5d4","name":"moacir","image":{"@type":"ImageObject","inLanguage":"pt-BR","@id":"https:\/\/franciscanos.org.br\/noticias\/#\/schema\/person\/image\/","url":"https:\/\/secure.gravatar.com\/avatar\/d08aa2ce4c8dd416d4479aa8536fcf64?s=96&d=mm&r=g","contentUrl":"https:\/\/secure.gravatar.com\/avatar\/d08aa2ce4c8dd416d4479aa8536fcf64?s=96&d=mm&r=g","caption":"moacir"},"url":"https:\/\/franciscanos.org.br\/noticias\/author\/moacir"}]}},"_links":{"self":[{"href":"https:\/\/franciscanos.org.br\/noticias\/wp-json\/wp\/v2\/posts\/221830"}],"collection":[{"href":"https:\/\/franciscanos.org.br\/noticias\/wp-json\/wp\/v2\/posts"}],"about":[{"href":"https:\/\/franciscanos.org.br\/noticias\/wp-json\/wp\/v2\/types\/post"}],"author":[{"embeddable":true,"href":"https:\/\/franciscanos.org.br\/noticias\/wp-json\/wp\/v2\/users\/3"}],"replies":[{"embeddable":true,"href":"https:\/\/franciscanos.org.br\/noticias\/wp-json\/wp\/v2\/comments?post=221830"}],"version-history":[{"count":2,"href":"https:\/\/franciscanos.org.br\/noticias\/wp-json\/wp\/v2\/posts\/221830\/revisions"}],"predecessor-version":[{"id":234023,"href":"https:\/\/franciscanos.org.br\/noticias\/wp-json\/wp\/v2\/posts\/221830\/revisions\/234023"}],"wp:featuredmedia":[{"embeddable":true,"href":"https:\/\/franciscanos.org.br\/noticias\/wp-json\/wp\/v2\/media\/221832"}],"wp:attachment":[{"href":"https:\/\/franciscanos.org.br\/noticias\/wp-json\/wp\/v2\/media?parent=221830"}],"wp:term":[{"taxonomy":"category","embeddable":true,"href":"https:\/\/franciscanos.org.br\/noticias\/wp-json\/wp\/v2\/categories?post=221830"},{"taxonomy":"post_tag","embeddable":true,"href":"https:\/\/franciscanos.org.br\/noticias\/wp-json\/wp\/v2\/tags?post=221830"}],"curies":[{"name":"wp","href":"https:\/\/api.w.org\/{rel}","templated":true}]}}