{"id":221817,"date":"2020-03-09T09:41:15","date_gmt":"2020-03-09T12:41:15","guid":{"rendered":"https:\/\/franciscanos.org.br\/noticias\/?p=221817"},"modified":"2020-03-09T09:41:51","modified_gmt":"2020-03-09T12:41:51","slug":"dia-internacional-da-mulher-em-imbarie-um-dia-pra-ficar-na-memoria","status":"publish","type":"post","link":"https:\/\/franciscanos.org.br\/noticias\/dia-internacional-da-mulher-em-imbarie-um-dia-pra-ficar-na-memoria.html","title":{"rendered":"Dia Internacional da Mulher em Imbari\u00ea: um dia pra ficar na mem\u00f3ria"},"content":{"rendered":"<p><img loading=\"lazy\" class=\"alignnone wp-image-221818 size-full\" src=\"https:\/\/franciscanos.org.br\/noticias\/wp-content\/uploads\/2020\/03\/imbarie_0903.jpg\" alt=\"\" width=\"1280\" height=\"534\" srcset=\"https:\/\/franciscanos.org.br\/noticias\/wp-content\/uploads\/2020\/03\/imbarie_0903.jpg 1280w, https:\/\/franciscanos.org.br\/noticias\/wp-content\/uploads\/2020\/03\/imbarie_0903-450x188.jpg 450w, https:\/\/franciscanos.org.br\/noticias\/wp-content\/uploads\/2020\/03\/imbarie_0903-1024x427.jpg 1024w, https:\/\/franciscanos.org.br\/noticias\/wp-content\/uploads\/2020\/03\/imbarie_0903-768x320.jpg 768w, https:\/\/franciscanos.org.br\/noticias\/wp-content\/uploads\/2020\/03\/imbarie_0903-150x63.jpg 150w\" sizes=\"(max-width: 1280px) 100vw, 1280px\" \/><\/p>\n<p><strong>Frei Gabriel Dellandrea, O.F.M.<\/strong><\/p>\n<p><strong>Imbari\u00ea (RJ)<\/strong> &#8211; Pela primeira vez na Par\u00f3quia Santa Clara de Assis de Imbari\u00ea, em Duque de Caxias (RJ), aconteceu um encontro no Centro Paroquial que leva o nome da Padroeira, para comemorar o Dia Internacional da Mulher, realizado pelo COPAS (Conselho Paroquial de Assist\u00eancia Social). Por ser um domingo (08\/03), com in\u00edcio do encontro \u00e0s 15h, muitas pessoas puderam participar. As mulheres, \u00e9 claro, foram a grande maioria da presen\u00e7a no encontro que reuniu mais de 100 pessoas. Isso torna-se uma coincid\u00eancia diante das nossas comunidades eclesiais, onde a maioria das pessoas que participam s\u00e3o do sexo feminino.<\/p>\n<p>O encontro come\u00e7ou com uma ora\u00e7\u00e3o dinamizada pela jovem Bruna Maria, da Pastoral da Juventude da par\u00f3quia. Ela lembrou da figura de Maria, a m\u00e3e de Jesus e outras figuras femininas das Sagradas Escrituras, que viveram sua dedica\u00e7\u00e3o a Deus e ao povo. A jovem estudante ainda lembrou das destemidas seguidoras de Jesus que iam at\u00e9 o seu t\u00famulo ap\u00f3s a crucifica\u00e7\u00e3o e sepultamento, e que por isso, foram as primeiras testemunhas do Ressuscitado.<\/p>\n<p><img loading=\"lazy\" class=\"alignnone wp-image-221819 size-full\" src=\"https:\/\/franciscanos.org.br\/noticias\/wp-content\/uploads\/2020\/03\/imbarie_0903_3.jpg\" alt=\"\" width=\"1280\" height=\"669\" srcset=\"https:\/\/franciscanos.org.br\/noticias\/wp-content\/uploads\/2020\/03\/imbarie_0903_3.jpg 1280w, https:\/\/franciscanos.org.br\/noticias\/wp-content\/uploads\/2020\/03\/imbarie_0903_3-450x235.jpg 450w, https:\/\/franciscanos.org.br\/noticias\/wp-content\/uploads\/2020\/03\/imbarie_0903_3-1024x535.jpg 1024w, https:\/\/franciscanos.org.br\/noticias\/wp-content\/uploads\/2020\/03\/imbarie_0903_3-768x401.jpg 768w, https:\/\/franciscanos.org.br\/noticias\/wp-content\/uploads\/2020\/03\/imbarie_0903_3-150x78.jpg 150w\" sizes=\"(max-width: 1280px) 100vw, 1280px\" \/><\/p>\n<p>Al\u00e9m disso, houve um momento muito marcante para todas as mulheres. Uma imagem de Nossa Senhora Aparecida passou pelas m\u00e3os de todos os participantes e cada mulher pode se apresentar e fazer uma prece. Muitas pediram sa\u00fade para suas fam\u00edlias, outras clamaram dignidade \u00e0s mulheres, outras lembraram das mulheres encarceradas, e por fim houve quem pediu at\u00e9 mesmo pelos homens, para que as vejam com maior dignidade e humanidade, levando em considera\u00e7\u00e3o os altos \u00edndices de feminic\u00eddio.<\/p>\n<p><img loading=\"lazy\" class=\"alignnone wp-image-221823 size-full\" src=\"https:\/\/franciscanos.org.br\/noticias\/wp-content\/uploads\/2020\/03\/imbarie_0903_1.jpg\" alt=\"\" width=\"1280\" height=\"720\" srcset=\"https:\/\/franciscanos.org.br\/noticias\/wp-content\/uploads\/2020\/03\/imbarie_0903_1.jpg 1280w, https:\/\/franciscanos.org.br\/noticias\/wp-content\/uploads\/2020\/03\/imbarie_0903_1-450x253.jpg 450w, https:\/\/franciscanos.org.br\/noticias\/wp-content\/uploads\/2020\/03\/imbarie_0903_1-1024x576.jpg 1024w, https:\/\/franciscanos.org.br\/noticias\/wp-content\/uploads\/2020\/03\/imbarie_0903_1-768x432.jpg 768w, https:\/\/franciscanos.org.br\/noticias\/wp-content\/uploads\/2020\/03\/imbarie_0903_1-150x84.jpg 150w\" sizes=\"(max-width: 1280px) 100vw, 1280px\" \/><\/p>\n<p>Em seguida, Frei Jorge Maoski convidou para que tomasse a palavra Raquel Narciso, que est\u00e1 ligada ao CDVida da Diocese de Duque de Caxias. Para falar sobre o tema relacionado ao motivo desta data t\u00e3o importante, ela recordou o evento hist\u00f3rico que inspirou a comemora\u00e7\u00e3o deste dia e fez uma din\u00e2mica com os presentes para \u201cmedir\u201d as situa\u00e7\u00f5es de dificuldades e priva\u00e7\u00e3o de direitos que as mulheres sentiram e ainda sentem. Somando-se a isso, trazendo dados sobre a viol\u00eancia com rela\u00e7\u00e3o \u00e0 mulher, Raquel lembrou que muitos foram os avan\u00e7os conquistados, mas que h\u00e1 muito para superar at\u00e9 que se possa chegar \u00e0 uma equidade de direitos e valoriza\u00e7\u00e3o da figura feminina frente a figura masculina. Basta recordar, como exemplo, que alguns sal\u00e1rios s\u00e3o menores para as mulheres numa mesma fun\u00e7\u00e3o que homens.<\/p>\n<p><img loading=\"lazy\" class=\"alignnone wp-image-221820 size-full\" src=\"https:\/\/franciscanos.org.br\/noticias\/wp-content\/uploads\/2020\/03\/imbarie_0903_2.jpg\" alt=\"\" width=\"1280\" height=\"720\" srcset=\"https:\/\/franciscanos.org.br\/noticias\/wp-content\/uploads\/2020\/03\/imbarie_0903_2.jpg 1280w, https:\/\/franciscanos.org.br\/noticias\/wp-content\/uploads\/2020\/03\/imbarie_0903_2-450x253.jpg 450w, https:\/\/franciscanos.org.br\/noticias\/wp-content\/uploads\/2020\/03\/imbarie_0903_2-1024x576.jpg 1024w, https:\/\/franciscanos.org.br\/noticias\/wp-content\/uploads\/2020\/03\/imbarie_0903_2-768x432.jpg 768w, https:\/\/franciscanos.org.br\/noticias\/wp-content\/uploads\/2020\/03\/imbarie_0903_2-150x84.jpg 150w\" sizes=\"(max-width: 1280px) 100vw, 1280px\" \/><\/p>\n<p>Para finalizar a parte formativa do encontro, Maria da Gl\u00f3ria Rangel, da Par\u00f3quia S\u00e3o Francisco de Assis de Campos El\u00edseos, partilhou uma situa\u00e7\u00e3o de viol\u00eancia que sofreu num relacionamento amoroso anterior ao que vive atualmente, mostrando \u00e0s mulheres presentes que a viol\u00eancia dom\u00e9stica \u00e9 grave e precisa ser denunciada para que n\u00e3o haja continuidade de situa\u00e7\u00f5es de perigo aos direitos e \u00e0 vida da mulher.<\/p>\n<p>Durante o encontro foram sorteados &#8220;vales-beleza&#8221; para maquiagens gratuitas com algumas consultoras de beleza presentes. Al\u00e9m disso, outros brindes completaram os pr\u00eamios para as mulheres. O encontro teve seu fim por volta das 17h com uma agrad\u00e1vel confraterniza\u00e7\u00e3o com doces, biscoitos, sucos naturais, ch\u00e1s e um delicioso bolo.<\/p>\n<p><img loading=\"lazy\" class=\"alignnone wp-image-221821 size-full\" src=\"https:\/\/franciscanos.org.br\/noticias\/wp-content\/uploads\/2020\/03\/imbarie_0903_4.jpg\" alt=\"\" width=\"1280\" height=\"720\" srcset=\"https:\/\/franciscanos.org.br\/noticias\/wp-content\/uploads\/2020\/03\/imbarie_0903_4.jpg 1280w, https:\/\/franciscanos.org.br\/noticias\/wp-content\/uploads\/2020\/03\/imbarie_0903_4-450x253.jpg 450w, https:\/\/franciscanos.org.br\/noticias\/wp-content\/uploads\/2020\/03\/imbarie_0903_4-1024x576.jpg 1024w, https:\/\/franciscanos.org.br\/noticias\/wp-content\/uploads\/2020\/03\/imbarie_0903_4-768x432.jpg 768w, https:\/\/franciscanos.org.br\/noticias\/wp-content\/uploads\/2020\/03\/imbarie_0903_4-150x84.jpg 150w\" sizes=\"(max-width: 1280px) 100vw, 1280px\" \/><\/p>\n","protected":false},"excerpt":{"rendered":"<p>Par\u00f3quia Santa Clara de Imbari\u00ea<\/p>\n","protected":false},"author":3,"featured_media":221822,"comment_status":"open","ping_status":"open","sticky":false,"template":"","format":"standard","meta":[],"categories":[1488,1],"tags":[1145],"acf":[],"yoast_head":"<!-- This site is optimized with the Yoast SEO plugin v19.2 - https:\/\/yoast.com\/wordpress\/plugins\/seo\/ -->\n<title>Dia Internacional da Mulher em Imbari\u00ea: um dia pra ficar na mem\u00f3ria - Not\u00edcias - Franciscanos<\/title>\n<meta name=\"robots\" content=\"index, follow, max-snippet:-1, max-image-preview:large, max-video-preview:-1\" \/>\n<link rel=\"canonical\" href=\"https:\/\/franciscanos.org.br\/noticias\/dia-internacional-da-mulher-em-imbarie-um-dia-pra-ficar-na-memoria.html\" \/>\n<meta property=\"og:locale\" content=\"pt_BR\" \/>\n<meta property=\"og:type\" content=\"article\" \/>\n<meta property=\"og:title\" content=\"Dia Internacional da Mulher em Imbari\u00ea: um dia pra ficar na mem\u00f3ria - Not\u00edcias - Franciscanos\" \/>\n<meta property=\"og:description\" content=\"Par\u00f3quia Santa Clara de Imbari\u00ea\" \/>\n<meta property=\"og:url\" content=\"https:\/\/franciscanos.org.br\/noticias\/dia-internacional-da-mulher-em-imbarie-um-dia-pra-ficar-na-memoria.html\" \/>\n<meta property=\"og:site_name\" content=\"Not\u00edcias - Franciscanos\" \/>\n<meta property=\"article:published_time\" content=\"2020-03-09T12:41:15+00:00\" \/>\n<meta property=\"article:modified_time\" content=\"2020-03-09T12:41:51+00:00\" \/>\n<meta property=\"og:image\" content=\"https:\/\/franciscanos.org.br\/noticias\/wp-content\/uploads\/2020\/03\/imbarie_0903_d.jpg\" \/>\n\t<meta property=\"og:image:width\" content=\"273\" \/>\n\t<meta property=\"og:image:height\" content=\"181\" \/>\n\t<meta property=\"og:image:type\" content=\"image\/jpeg\" \/>\n<meta name=\"author\" content=\"moacir\" \/>\n<meta name=\"twitter:card\" content=\"summary_large_image\" \/>\n<meta name=\"twitter:label1\" content=\"Escrito por\" \/>\n\t<meta name=\"twitter:data1\" content=\"moacir\" \/>\n\t<meta name=\"twitter:label2\" content=\"Est. tempo de leitura\" \/>\n\t<meta name=\"twitter:data2\" content=\"3 minutos\" \/>\n<script type=\"application\/ld+json\" class=\"yoast-schema-graph\">{\"@context\":\"https:\/\/schema.org\",\"@graph\":[{\"@type\":\"WebSite\",\"@id\":\"https:\/\/franciscanos.org.br\/noticias\/#website\",\"url\":\"https:\/\/franciscanos.org.br\/noticias\/\",\"name\":\"Not\u00edcias - Franciscanos\",\"description\":\"Prov\u00edncia Franciscana da Imaculada Concei\u00e7\u00e3o do Brasil - Ordem dos Frades Menores - OFM\",\"potentialAction\":[{\"@type\":\"SearchAction\",\"target\":{\"@type\":\"EntryPoint\",\"urlTemplate\":\"https:\/\/franciscanos.org.br\/noticias\/?s={search_term_string}\"},\"query-input\":\"required name=search_term_string\"}],\"inLanguage\":\"pt-BR\"},{\"@type\":\"ImageObject\",\"inLanguage\":\"pt-BR\",\"@id\":\"https:\/\/franciscanos.org.br\/noticias\/dia-internacional-da-mulher-em-imbarie-um-dia-pra-ficar-na-memoria.html#primaryimage\",\"url\":\"https:\/\/franciscanos.org.br\/noticias\/wp-content\/uploads\/2020\/03\/imbarie_0903_d.jpg\",\"contentUrl\":\"https:\/\/franciscanos.org.br\/noticias\/wp-content\/uploads\/2020\/03\/imbarie_0903_d.jpg\",\"width\":273,\"height\":181},{\"@type\":\"WebPage\",\"@id\":\"https:\/\/franciscanos.org.br\/noticias\/dia-internacional-da-mulher-em-imbarie-um-dia-pra-ficar-na-memoria.html#webpage\",\"url\":\"https:\/\/franciscanos.org.br\/noticias\/dia-internacional-da-mulher-em-imbarie-um-dia-pra-ficar-na-memoria.html\",\"name\":\"Dia Internacional da Mulher em Imbari\u00ea: um dia pra ficar na mem\u00f3ria - Not\u00edcias - Franciscanos\",\"isPartOf\":{\"@id\":\"https:\/\/franciscanos.org.br\/noticias\/#website\"},\"primaryImageOfPage\":{\"@id\":\"https:\/\/franciscanos.org.br\/noticias\/dia-internacional-da-mulher-em-imbarie-um-dia-pra-ficar-na-memoria.html#primaryimage\"},\"datePublished\":\"2020-03-09T12:41:15+00:00\",\"dateModified\":\"2020-03-09T12:41:51+00:00\",\"author\":{\"@id\":\"https:\/\/franciscanos.org.br\/noticias\/#\/schema\/person\/b5c8cba458c330ccff548b056e95a5d4\"},\"breadcrumb\":{\"@id\":\"https:\/\/franciscanos.org.br\/noticias\/dia-internacional-da-mulher-em-imbarie-um-dia-pra-ficar-na-memoria.html#breadcrumb\"},\"inLanguage\":\"pt-BR\",\"potentialAction\":[{\"@type\":\"ReadAction\",\"target\":[\"https:\/\/franciscanos.org.br\/noticias\/dia-internacional-da-mulher-em-imbarie-um-dia-pra-ficar-na-memoria.html\"]}]},{\"@type\":\"BreadcrumbList\",\"@id\":\"https:\/\/franciscanos.org.br\/noticias\/dia-internacional-da-mulher-em-imbarie-um-dia-pra-ficar-na-memoria.html#breadcrumb\",\"itemListElement\":[{\"@type\":\"ListItem\",\"position\":1,\"name\":\"Home\",\"item\":\"https:\/\/franciscanos.org.br\/noticias\"},{\"@type\":\"ListItem\",\"position\":2,\"name\":\"Dia Internacional da Mulher em Imbari\u00ea: um dia pra ficar na mem\u00f3ria\"}]},{\"@type\":\"Person\",\"@id\":\"https:\/\/franciscanos.org.br\/noticias\/#\/schema\/person\/b5c8cba458c330ccff548b056e95a5d4\",\"name\":\"moacir\",\"image\":{\"@type\":\"ImageObject\",\"inLanguage\":\"pt-BR\",\"@id\":\"https:\/\/franciscanos.org.br\/noticias\/#\/schema\/person\/image\/\",\"url\":\"https:\/\/secure.gravatar.com\/avatar\/d08aa2ce4c8dd416d4479aa8536fcf64?s=96&d=mm&r=g\",\"contentUrl\":\"https:\/\/secure.gravatar.com\/avatar\/d08aa2ce4c8dd416d4479aa8536fcf64?s=96&d=mm&r=g\",\"caption\":\"moacir\"},\"url\":\"https:\/\/franciscanos.org.br\/noticias\/author\/moacir\"}]}<\/script>\n<!-- \/ Yoast SEO plugin. -->","yoast_head_json":{"title":"Dia Internacional da Mulher em Imbari\u00ea: um dia pra ficar na mem\u00f3ria - Not\u00edcias - Franciscanos","robots":{"index":"index","follow":"follow","max-snippet":"max-snippet:-1","max-image-preview":"max-image-preview:large","max-video-preview":"max-video-preview:-1"},"canonical":"https:\/\/franciscanos.org.br\/noticias\/dia-internacional-da-mulher-em-imbarie-um-dia-pra-ficar-na-memoria.html","og_locale":"pt_BR","og_type":"article","og_title":"Dia Internacional da Mulher em Imbari\u00ea: um dia pra ficar na mem\u00f3ria - Not\u00edcias - Franciscanos","og_description":"Par\u00f3quia Santa Clara de Imbari\u00ea","og_url":"https:\/\/franciscanos.org.br\/noticias\/dia-internacional-da-mulher-em-imbarie-um-dia-pra-ficar-na-memoria.html","og_site_name":"Not\u00edcias - Franciscanos","article_published_time":"2020-03-09T12:41:15+00:00","article_modified_time":"2020-03-09T12:41:51+00:00","og_image":[{"width":273,"height":181,"url":"https:\/\/franciscanos.org.br\/noticias\/wp-content\/uploads\/2020\/03\/imbarie_0903_d.jpg","type":"image\/jpeg"}],"author":"moacir","twitter_card":"summary_large_image","twitter_misc":{"Escrito por":"moacir","Est. tempo de leitura":"3 minutos"},"schema":{"@context":"https:\/\/schema.org","@graph":[{"@type":"WebSite","@id":"https:\/\/franciscanos.org.br\/noticias\/#website","url":"https:\/\/franciscanos.org.br\/noticias\/","name":"Not\u00edcias - Franciscanos","description":"Prov\u00edncia Franciscana da Imaculada Concei\u00e7\u00e3o do Brasil - Ordem dos Frades Menores - OFM","potentialAction":[{"@type":"SearchAction","target":{"@type":"EntryPoint","urlTemplate":"https:\/\/franciscanos.org.br\/noticias\/?s={search_term_string}"},"query-input":"required name=search_term_string"}],"inLanguage":"pt-BR"},{"@type":"ImageObject","inLanguage":"pt-BR","@id":"https:\/\/franciscanos.org.br\/noticias\/dia-internacional-da-mulher-em-imbarie-um-dia-pra-ficar-na-memoria.html#primaryimage","url":"https:\/\/franciscanos.org.br\/noticias\/wp-content\/uploads\/2020\/03\/imbarie_0903_d.jpg","contentUrl":"https:\/\/franciscanos.org.br\/noticias\/wp-content\/uploads\/2020\/03\/imbarie_0903_d.jpg","width":273,"height":181},{"@type":"WebPage","@id":"https:\/\/franciscanos.org.br\/noticias\/dia-internacional-da-mulher-em-imbarie-um-dia-pra-ficar-na-memoria.html#webpage","url":"https:\/\/franciscanos.org.br\/noticias\/dia-internacional-da-mulher-em-imbarie-um-dia-pra-ficar-na-memoria.html","name":"Dia Internacional da Mulher em Imbari\u00ea: um dia pra ficar na mem\u00f3ria - Not\u00edcias - Franciscanos","isPartOf":{"@id":"https:\/\/franciscanos.org.br\/noticias\/#website"},"primaryImageOfPage":{"@id":"https:\/\/franciscanos.org.br\/noticias\/dia-internacional-da-mulher-em-imbarie-um-dia-pra-ficar-na-memoria.html#primaryimage"},"datePublished":"2020-03-09T12:41:15+00:00","dateModified":"2020-03-09T12:41:51+00:00","author":{"@id":"https:\/\/franciscanos.org.br\/noticias\/#\/schema\/person\/b5c8cba458c330ccff548b056e95a5d4"},"breadcrumb":{"@id":"https:\/\/franciscanos.org.br\/noticias\/dia-internacional-da-mulher-em-imbarie-um-dia-pra-ficar-na-memoria.html#breadcrumb"},"inLanguage":"pt-BR","potentialAction":[{"@type":"ReadAction","target":["https:\/\/franciscanos.org.br\/noticias\/dia-internacional-da-mulher-em-imbarie-um-dia-pra-ficar-na-memoria.html"]}]},{"@type":"BreadcrumbList","@id":"https:\/\/franciscanos.org.br\/noticias\/dia-internacional-da-mulher-em-imbarie-um-dia-pra-ficar-na-memoria.html#breadcrumb","itemListElement":[{"@type":"ListItem","position":1,"name":"Home","item":"https:\/\/franciscanos.org.br\/noticias"},{"@type":"ListItem","position":2,"name":"Dia Internacional da Mulher em Imbari\u00ea: um dia pra ficar na mem\u00f3ria"}]},{"@type":"Person","@id":"https:\/\/franciscanos.org.br\/noticias\/#\/schema\/person\/b5c8cba458c330ccff548b056e95a5d4","name":"moacir","image":{"@type":"ImageObject","inLanguage":"pt-BR","@id":"https:\/\/franciscanos.org.br\/noticias\/#\/schema\/person\/image\/","url":"https:\/\/secure.gravatar.com\/avatar\/d08aa2ce4c8dd416d4479aa8536fcf64?s=96&d=mm&r=g","contentUrl":"https:\/\/secure.gravatar.com\/avatar\/d08aa2ce4c8dd416d4479aa8536fcf64?s=96&d=mm&r=g","caption":"moacir"},"url":"https:\/\/franciscanos.org.br\/noticias\/author\/moacir"}]}},"_links":{"self":[{"href":"https:\/\/franciscanos.org.br\/noticias\/wp-json\/wp\/v2\/posts\/221817"}],"collection":[{"href":"https:\/\/franciscanos.org.br\/noticias\/wp-json\/wp\/v2\/posts"}],"about":[{"href":"https:\/\/franciscanos.org.br\/noticias\/wp-json\/wp\/v2\/types\/post"}],"author":[{"embeddable":true,"href":"https:\/\/franciscanos.org.br\/noticias\/wp-json\/wp\/v2\/users\/3"}],"replies":[{"embeddable":true,"href":"https:\/\/franciscanos.org.br\/noticias\/wp-json\/wp\/v2\/comments?post=221817"}],"version-history":[{"count":0,"href":"https:\/\/franciscanos.org.br\/noticias\/wp-json\/wp\/v2\/posts\/221817\/revisions"}],"wp:featuredmedia":[{"embeddable":true,"href":"https:\/\/franciscanos.org.br\/noticias\/wp-json\/wp\/v2\/media\/221822"}],"wp:attachment":[{"href":"https:\/\/franciscanos.org.br\/noticias\/wp-json\/wp\/v2\/media?parent=221817"}],"wp:term":[{"taxonomy":"category","embeddable":true,"href":"https:\/\/franciscanos.org.br\/noticias\/wp-json\/wp\/v2\/categories?post=221817"},{"taxonomy":"post_tag","embeddable":true,"href":"https:\/\/franciscanos.org.br\/noticias\/wp-json\/wp\/v2\/tags?post=221817"}],"curies":[{"name":"wp","href":"https:\/\/api.w.org\/{rel}","templated":true}]}}