{"id":221805,"date":"2020-03-09T08:23:37","date_gmt":"2020-03-09T11:23:37","guid":{"rendered":"https:\/\/franciscanos.org.br\/noticias\/?p=221805"},"modified":"2020-03-09T08:24:58","modified_gmt":"2020-03-09T11:24:58","slug":"convento-sao-boaventura-acolhe-frades-angolanos","status":"publish","type":"post","link":"https:\/\/franciscanos.org.br\/noticias\/convento-sao-boaventura-acolhe-frades-angolanos.html","title":{"rendered":"Fraternidade S\u00e3o Boaventura acolhe frades angolanos"},"content":{"rendered":"<p><img loading=\"lazy\" class=\"alignnone size-full wp-image-221806\" src=\"https:\/\/franciscanos.org.br\/noticias\/wp-content\/uploads\/2020\/03\/angolanos_09.jpg\" alt=\"\" width=\"1280\" height=\"766\" srcset=\"https:\/\/franciscanos.org.br\/noticias\/wp-content\/uploads\/2020\/03\/angolanos_09.jpg 1280w, https:\/\/franciscanos.org.br\/noticias\/wp-content\/uploads\/2020\/03\/angolanos_09-450x269.jpg 450w, https:\/\/franciscanos.org.br\/noticias\/wp-content\/uploads\/2020\/03\/angolanos_09-1024x613.jpg 1024w, https:\/\/franciscanos.org.br\/noticias\/wp-content\/uploads\/2020\/03\/angolanos_09-768x460.jpg 768w, https:\/\/franciscanos.org.br\/noticias\/wp-content\/uploads\/2020\/03\/angolanos_09-150x90.jpg 150w\" sizes=\"(max-width: 1280px) 100vw, 1280px\" \/><\/p>\n<p><strong>Frei Franklin Matheus<\/strong><\/p>\n<p><strong>\u00a0<\/strong><strong>Rondinha (PR)<\/strong> &#8211; A Fraternidade Franciscana S\u00e3o Boaventura, em Rondinha, no munic\u00edpio de Campo Largo (PR) acolheu neste domingo (8\/3), cinco frades da Funda\u00e7\u00e3o Imaculada M\u00e3e de Deus de Angola (FIMDA), que ir\u00e3o se juntar a tr\u00eas confrades brasileiros para cursar o 1\u00b0 ano de Filosofia na FAE-Centro Universit\u00e1rio de Curitiba. S\u00e3o eles: Frei Ven\u00e2ncio C. Candundo, Frei Jer\u00f3nimo Cheia M\u00e1rio, Frei Herculano Jos\u00e9 Nu\u00f1gulo, Frei Inacio Felipe Puto e Frei Daniel Carlos Teresa. Ap\u00f3s a maratona de viagens, iniciada em Luanda, passando por S\u00e3o Paulo e Curitiba, eles chegaram ap\u00f3s o almo\u00e7o em Campo Largo e foram acolhidos pelo guardi\u00e3o da Fraternidade, Frei Marcos Vin\u00edcius Brugger, pelo vice-mestre Frei Jos\u00e9 Raimundo de Souza.<\/p>\n<p>Como um grupo de nove frades, mais o mestre Frei Samuel Ferreira de Lima, estiveram participando da Caminhada Penitencial Frei Bruno, em Joa\u00e7aba (SC), somente na Ora\u00e7\u00e3o das V\u00e9speras, \u00e0s 19h0, a Fraternidade p\u00f4de celebrar, completa, a vinda dos novos confrades e tamb\u00e9m durante o recreio de acolhida, estando presente tamb\u00e9m os confrades da vizinha Fraternidade Bom Jesus da Aldeia.<\/p>\n<p><img loading=\"lazy\" class=\"alignnone size-full wp-image-221807\" src=\"https:\/\/franciscanos.org.br\/noticias\/wp-content\/uploads\/2020\/03\/angolanos_09_1.jpg\" alt=\"\" width=\"1280\" height=\"663\" srcset=\"https:\/\/franciscanos.org.br\/noticias\/wp-content\/uploads\/2020\/03\/angolanos_09_1.jpg 1280w, https:\/\/franciscanos.org.br\/noticias\/wp-content\/uploads\/2020\/03\/angolanos_09_1-450x233.jpg 450w, https:\/\/franciscanos.org.br\/noticias\/wp-content\/uploads\/2020\/03\/angolanos_09_1-1024x530.jpg 1024w, https:\/\/franciscanos.org.br\/noticias\/wp-content\/uploads\/2020\/03\/angolanos_09_1-768x398.jpg 768w, https:\/\/franciscanos.org.br\/noticias\/wp-content\/uploads\/2020\/03\/angolanos_09_1-150x78.jpg 150w\" sizes=\"(max-width: 1280px) 100vw, 1280px\" \/><\/p>\n<p>Desde o dia 5 de novembro de 1981, quando foi feita a b\u00ean\u00e7\u00e3o das obras do Convento de S\u00e3o Boaventura, esta \u00e9 a primeira vez que a institui\u00e7\u00e3o de Rondinha acolhe os frades angolanos para a etapa de estudos no Brasil. Atualmente, um grupo de frades angolanos faz o curso de Teologia no Instituto Teol\u00f3gico Franciscano de Petr\u00f3polis (RJ). Durante anos, os frades fizeram o Noviciado em Rodeio, mas atualmente, com o crescimento das voca\u00e7\u00f5es em Angola, o Noviciado \u00e9 feito em Quibala.<\/p>\n<p>Credenciada pela Portaria Ministerial em mar\u00e7o de 2002, no m\u00eas seguinte a Faculdade de Filosofia deu in\u00edcio a suas atividades, com a realiza\u00e7\u00e3o do primeiro processo seletivo e abertura do primeiro ano letivo. O curso de filosofia, que se fundamenta, primeiramente, em uma necessidade intr\u00ednseca \u00e0 pr\u00f3pria natureza da institui\u00e7\u00e3o enquanto voltada \u00e0 educa\u00e7\u00e3o superior, t\u00eam por miss\u00e3o produzir e difundir o conhecimento, libertar o ser humano pelo di\u00e1logo entre a ci\u00eancia e a f\u00e9 e promover fraternidade e solidariedade, mediante a pr\u00e1tica do bem e a consequente constru\u00e7\u00e3o da paz.<\/p>\n<hr \/>\n<p><strong>DEPOIS DA ROMARIA, VISITA A TREZE T\u00cdLIAS<\/strong><\/p>\n<p><img loading=\"lazy\" class=\"alignnone size-full wp-image-221808\" src=\"https:\/\/franciscanos.org.br\/noticias\/wp-content\/uploads\/2020\/03\/tilias_0903.jpg\" alt=\"\" width=\"1280\" height=\"571\" srcset=\"https:\/\/franciscanos.org.br\/noticias\/wp-content\/uploads\/2020\/03\/tilias_0903.jpg 1280w, https:\/\/franciscanos.org.br\/noticias\/wp-content\/uploads\/2020\/03\/tilias_0903-450x201.jpg 450w, https:\/\/franciscanos.org.br\/noticias\/wp-content\/uploads\/2020\/03\/tilias_0903-1024x457.jpg 1024w, https:\/\/franciscanos.org.br\/noticias\/wp-content\/uploads\/2020\/03\/tilias_0903-768x343.jpg 768w, https:\/\/franciscanos.org.br\/noticias\/wp-content\/uploads\/2020\/03\/tilias_0903-150x67.jpg 150w\" sizes=\"(max-width: 1280px) 100vw, 1280px\" \/><\/p>\n<p>Depois da Caminhada Penitencial, os frades estudantes de Filosofia e o mestre Frei Samuel; os novi\u00e7os e o mestre Frei Rodrigo da Silva Santos, juntamente com Dom M\u00e1rio M\u00e1rquez, OFMCap, bispo diocesano de Joa\u00e7aba; o Ministro Provincial, Frei C\u00e9sar K\u00fclkamp; o Vig\u00e1rio Provincial, Frei Gustavo Medella; e alguns leigos de Xaxim, visitaram a Par\u00f3quia Nossa Senhora do Perp\u00e9tuo Socorro, em Treze T\u00edlias (SC), uma pequena cidade do meio Oeste Catarinense, conhecida por sua forte influ\u00eancia austr\u00edaca da regi\u00e3o do Tirol. Guiados por Frei Alex Cianorski, foi poss\u00edvel visitar a Par\u00f3quia e a pra\u00e7a central da cidade, bem como a possibilidade de apreciar a maioria de suas constru\u00e7\u00f5es no estilo tirol\u00eas, com detalhes nas sacadas, floreiras e entalhes em madeira.<\/p>\n<p>Frei Alex destacou tamb\u00e9m que, por muitos anos, o Oeste Catarinense foi evangelizado pelos frades da Prov\u00edncia da Imaculada. Desta cidade, nasceram muitas obras sacras talhadas na madeira e hoje embelezam os conventos, como as casas do Noviciado S\u00e3o Jos\u00e9 (Rodeio\/SC) e o Convento S\u00e3o Boaventura. Este encontro teve seu t\u00e9rmino com a b\u00ean\u00e7\u00e3o de Dom M\u00e1rio, seguido por um almo\u00e7o fraterno.<\/p>\n<p><img loading=\"lazy\" class=\"alignnone size-full wp-image-221809\" src=\"https:\/\/franciscanos.org.br\/noticias\/wp-content\/uploads\/2020\/03\/tilias_0903_1.jpg\" alt=\"\" width=\"1280\" height=\"901\" srcset=\"https:\/\/franciscanos.org.br\/noticias\/wp-content\/uploads\/2020\/03\/tilias_0903_1.jpg 1280w, https:\/\/franciscanos.org.br\/noticias\/wp-content\/uploads\/2020\/03\/tilias_0903_1-450x317.jpg 450w, https:\/\/franciscanos.org.br\/noticias\/wp-content\/uploads\/2020\/03\/tilias_0903_1-1024x721.jpg 1024w, https:\/\/franciscanos.org.br\/noticias\/wp-content\/uploads\/2020\/03\/tilias_0903_1-768x541.jpg 768w, https:\/\/franciscanos.org.br\/noticias\/wp-content\/uploads\/2020\/03\/tilias_0903_1-150x106.jpg 150w\" sizes=\"(max-width: 1280px) 100vw, 1280px\" \/><\/p>\n","protected":false},"excerpt":{"rendered":"<p>Convento S\u00e3o Boaventura<\/p>\n","protected":false},"author":3,"featured_media":221810,"comment_status":"open","ping_status":"open","sticky":false,"template":"","format":"standard","meta":[],"categories":[1],"tags":[549],"acf":[],"yoast_head":"<!-- This site is optimized with the Yoast SEO plugin v19.2 - https:\/\/yoast.com\/wordpress\/plugins\/seo\/ -->\n<title>Fraternidade S\u00e3o Boaventura acolhe frades angolanos - Not\u00edcias - Franciscanos<\/title>\n<meta name=\"robots\" content=\"index, follow, max-snippet:-1, max-image-preview:large, max-video-preview:-1\" \/>\n<link rel=\"canonical\" href=\"https:\/\/franciscanos.org.br\/noticias\/convento-sao-boaventura-acolhe-frades-angolanos.html\" \/>\n<meta property=\"og:locale\" content=\"pt_BR\" \/>\n<meta property=\"og:type\" content=\"article\" \/>\n<meta property=\"og:title\" content=\"Fraternidade S\u00e3o Boaventura acolhe frades angolanos - Not\u00edcias - Franciscanos\" \/>\n<meta property=\"og:description\" content=\"Convento S\u00e3o Boaventura\" \/>\n<meta property=\"og:url\" content=\"https:\/\/franciscanos.org.br\/noticias\/convento-sao-boaventura-acolhe-frades-angolanos.html\" \/>\n<meta property=\"og:site_name\" content=\"Not\u00edcias - Franciscanos\" \/>\n<meta property=\"article:published_time\" content=\"2020-03-09T11:23:37+00:00\" \/>\n<meta property=\"article:modified_time\" content=\"2020-03-09T11:24:58+00:00\" \/>\n<meta property=\"og:image\" content=\"https:\/\/franciscanos.org.br\/noticias\/wp-content\/uploads\/2020\/03\/angolanos_09d.jpg\" \/>\n\t<meta property=\"og:image:width\" content=\"273\" \/>\n\t<meta property=\"og:image:height\" content=\"181\" \/>\n\t<meta property=\"og:image:type\" content=\"image\/jpeg\" \/>\n<meta name=\"author\" content=\"moacir\" \/>\n<meta name=\"twitter:card\" content=\"summary_large_image\" \/>\n<meta name=\"twitter:label1\" content=\"Escrito por\" \/>\n\t<meta name=\"twitter:data1\" content=\"moacir\" \/>\n\t<meta name=\"twitter:label2\" content=\"Est. tempo de leitura\" \/>\n\t<meta name=\"twitter:data2\" content=\"3 minutos\" \/>\n<script type=\"application\/ld+json\" class=\"yoast-schema-graph\">{\"@context\":\"https:\/\/schema.org\",\"@graph\":[{\"@type\":\"WebSite\",\"@id\":\"https:\/\/franciscanos.org.br\/noticias\/#website\",\"url\":\"https:\/\/franciscanos.org.br\/noticias\/\",\"name\":\"Not\u00edcias - Franciscanos\",\"description\":\"Prov\u00edncia Franciscana da Imaculada Concei\u00e7\u00e3o do Brasil - Ordem dos Frades Menores - OFM\",\"potentialAction\":[{\"@type\":\"SearchAction\",\"target\":{\"@type\":\"EntryPoint\",\"urlTemplate\":\"https:\/\/franciscanos.org.br\/noticias\/?s={search_term_string}\"},\"query-input\":\"required name=search_term_string\"}],\"inLanguage\":\"pt-BR\"},{\"@type\":\"ImageObject\",\"inLanguage\":\"pt-BR\",\"@id\":\"https:\/\/franciscanos.org.br\/noticias\/convento-sao-boaventura-acolhe-frades-angolanos.html#primaryimage\",\"url\":\"https:\/\/franciscanos.org.br\/noticias\/wp-content\/uploads\/2020\/03\/angolanos_09d.jpg\",\"contentUrl\":\"https:\/\/franciscanos.org.br\/noticias\/wp-content\/uploads\/2020\/03\/angolanos_09d.jpg\",\"width\":273,\"height\":181},{\"@type\":\"WebPage\",\"@id\":\"https:\/\/franciscanos.org.br\/noticias\/convento-sao-boaventura-acolhe-frades-angolanos.html#webpage\",\"url\":\"https:\/\/franciscanos.org.br\/noticias\/convento-sao-boaventura-acolhe-frades-angolanos.html\",\"name\":\"Fraternidade S\u00e3o Boaventura acolhe frades angolanos - Not\u00edcias - Franciscanos\",\"isPartOf\":{\"@id\":\"https:\/\/franciscanos.org.br\/noticias\/#website\"},\"primaryImageOfPage\":{\"@id\":\"https:\/\/franciscanos.org.br\/noticias\/convento-sao-boaventura-acolhe-frades-angolanos.html#primaryimage\"},\"datePublished\":\"2020-03-09T11:23:37+00:00\",\"dateModified\":\"2020-03-09T11:24:58+00:00\",\"author\":{\"@id\":\"https:\/\/franciscanos.org.br\/noticias\/#\/schema\/person\/b5c8cba458c330ccff548b056e95a5d4\"},\"breadcrumb\":{\"@id\":\"https:\/\/franciscanos.org.br\/noticias\/convento-sao-boaventura-acolhe-frades-angolanos.html#breadcrumb\"},\"inLanguage\":\"pt-BR\",\"potentialAction\":[{\"@type\":\"ReadAction\",\"target\":[\"https:\/\/franciscanos.org.br\/noticias\/convento-sao-boaventura-acolhe-frades-angolanos.html\"]}]},{\"@type\":\"BreadcrumbList\",\"@id\":\"https:\/\/franciscanos.org.br\/noticias\/convento-sao-boaventura-acolhe-frades-angolanos.html#breadcrumb\",\"itemListElement\":[{\"@type\":\"ListItem\",\"position\":1,\"name\":\"Home\",\"item\":\"https:\/\/franciscanos.org.br\/noticias\"},{\"@type\":\"ListItem\",\"position\":2,\"name\":\"Fraternidade S\u00e3o Boaventura acolhe frades angolanos\"}]},{\"@type\":\"Person\",\"@id\":\"https:\/\/franciscanos.org.br\/noticias\/#\/schema\/person\/b5c8cba458c330ccff548b056e95a5d4\",\"name\":\"moacir\",\"image\":{\"@type\":\"ImageObject\",\"inLanguage\":\"pt-BR\",\"@id\":\"https:\/\/franciscanos.org.br\/noticias\/#\/schema\/person\/image\/\",\"url\":\"https:\/\/secure.gravatar.com\/avatar\/d08aa2ce4c8dd416d4479aa8536fcf64?s=96&d=mm&r=g\",\"contentUrl\":\"https:\/\/secure.gravatar.com\/avatar\/d08aa2ce4c8dd416d4479aa8536fcf64?s=96&d=mm&r=g\",\"caption\":\"moacir\"},\"url\":\"https:\/\/franciscanos.org.br\/noticias\/author\/moacir\"}]}<\/script>\n<!-- \/ Yoast SEO plugin. -->","yoast_head_json":{"title":"Fraternidade S\u00e3o Boaventura acolhe frades angolanos - Not\u00edcias - Franciscanos","robots":{"index":"index","follow":"follow","max-snippet":"max-snippet:-1","max-image-preview":"max-image-preview:large","max-video-preview":"max-video-preview:-1"},"canonical":"https:\/\/franciscanos.org.br\/noticias\/convento-sao-boaventura-acolhe-frades-angolanos.html","og_locale":"pt_BR","og_type":"article","og_title":"Fraternidade S\u00e3o Boaventura acolhe frades angolanos - Not\u00edcias - Franciscanos","og_description":"Convento S\u00e3o Boaventura","og_url":"https:\/\/franciscanos.org.br\/noticias\/convento-sao-boaventura-acolhe-frades-angolanos.html","og_site_name":"Not\u00edcias - Franciscanos","article_published_time":"2020-03-09T11:23:37+00:00","article_modified_time":"2020-03-09T11:24:58+00:00","og_image":[{"width":273,"height":181,"url":"https:\/\/franciscanos.org.br\/noticias\/wp-content\/uploads\/2020\/03\/angolanos_09d.jpg","type":"image\/jpeg"}],"author":"moacir","twitter_card":"summary_large_image","twitter_misc":{"Escrito por":"moacir","Est. tempo de leitura":"3 minutos"},"schema":{"@context":"https:\/\/schema.org","@graph":[{"@type":"WebSite","@id":"https:\/\/franciscanos.org.br\/noticias\/#website","url":"https:\/\/franciscanos.org.br\/noticias\/","name":"Not\u00edcias - Franciscanos","description":"Prov\u00edncia Franciscana da Imaculada Concei\u00e7\u00e3o do Brasil - Ordem dos Frades Menores - OFM","potentialAction":[{"@type":"SearchAction","target":{"@type":"EntryPoint","urlTemplate":"https:\/\/franciscanos.org.br\/noticias\/?s={search_term_string}"},"query-input":"required name=search_term_string"}],"inLanguage":"pt-BR"},{"@type":"ImageObject","inLanguage":"pt-BR","@id":"https:\/\/franciscanos.org.br\/noticias\/convento-sao-boaventura-acolhe-frades-angolanos.html#primaryimage","url":"https:\/\/franciscanos.org.br\/noticias\/wp-content\/uploads\/2020\/03\/angolanos_09d.jpg","contentUrl":"https:\/\/franciscanos.org.br\/noticias\/wp-content\/uploads\/2020\/03\/angolanos_09d.jpg","width":273,"height":181},{"@type":"WebPage","@id":"https:\/\/franciscanos.org.br\/noticias\/convento-sao-boaventura-acolhe-frades-angolanos.html#webpage","url":"https:\/\/franciscanos.org.br\/noticias\/convento-sao-boaventura-acolhe-frades-angolanos.html","name":"Fraternidade S\u00e3o Boaventura acolhe frades angolanos - Not\u00edcias - Franciscanos","isPartOf":{"@id":"https:\/\/franciscanos.org.br\/noticias\/#website"},"primaryImageOfPage":{"@id":"https:\/\/franciscanos.org.br\/noticias\/convento-sao-boaventura-acolhe-frades-angolanos.html#primaryimage"},"datePublished":"2020-03-09T11:23:37+00:00","dateModified":"2020-03-09T11:24:58+00:00","author":{"@id":"https:\/\/franciscanos.org.br\/noticias\/#\/schema\/person\/b5c8cba458c330ccff548b056e95a5d4"},"breadcrumb":{"@id":"https:\/\/franciscanos.org.br\/noticias\/convento-sao-boaventura-acolhe-frades-angolanos.html#breadcrumb"},"inLanguage":"pt-BR","potentialAction":[{"@type":"ReadAction","target":["https:\/\/franciscanos.org.br\/noticias\/convento-sao-boaventura-acolhe-frades-angolanos.html"]}]},{"@type":"BreadcrumbList","@id":"https:\/\/franciscanos.org.br\/noticias\/convento-sao-boaventura-acolhe-frades-angolanos.html#breadcrumb","itemListElement":[{"@type":"ListItem","position":1,"name":"Home","item":"https:\/\/franciscanos.org.br\/noticias"},{"@type":"ListItem","position":2,"name":"Fraternidade S\u00e3o Boaventura acolhe frades angolanos"}]},{"@type":"Person","@id":"https:\/\/franciscanos.org.br\/noticias\/#\/schema\/person\/b5c8cba458c330ccff548b056e95a5d4","name":"moacir","image":{"@type":"ImageObject","inLanguage":"pt-BR","@id":"https:\/\/franciscanos.org.br\/noticias\/#\/schema\/person\/image\/","url":"https:\/\/secure.gravatar.com\/avatar\/d08aa2ce4c8dd416d4479aa8536fcf64?s=96&d=mm&r=g","contentUrl":"https:\/\/secure.gravatar.com\/avatar\/d08aa2ce4c8dd416d4479aa8536fcf64?s=96&d=mm&r=g","caption":"moacir"},"url":"https:\/\/franciscanos.org.br\/noticias\/author\/moacir"}]}},"_links":{"self":[{"href":"https:\/\/franciscanos.org.br\/noticias\/wp-json\/wp\/v2\/posts\/221805"}],"collection":[{"href":"https:\/\/franciscanos.org.br\/noticias\/wp-json\/wp\/v2\/posts"}],"about":[{"href":"https:\/\/franciscanos.org.br\/noticias\/wp-json\/wp\/v2\/types\/post"}],"author":[{"embeddable":true,"href":"https:\/\/franciscanos.org.br\/noticias\/wp-json\/wp\/v2\/users\/3"}],"replies":[{"embeddable":true,"href":"https:\/\/franciscanos.org.br\/noticias\/wp-json\/wp\/v2\/comments?post=221805"}],"version-history":[{"count":0,"href":"https:\/\/franciscanos.org.br\/noticias\/wp-json\/wp\/v2\/posts\/221805\/revisions"}],"wp:featuredmedia":[{"embeddable":true,"href":"https:\/\/franciscanos.org.br\/noticias\/wp-json\/wp\/v2\/media\/221810"}],"wp:attachment":[{"href":"https:\/\/franciscanos.org.br\/noticias\/wp-json\/wp\/v2\/media?parent=221805"}],"wp:term":[{"taxonomy":"category","embeddable":true,"href":"https:\/\/franciscanos.org.br\/noticias\/wp-json\/wp\/v2\/categories?post=221805"},{"taxonomy":"post_tag","embeddable":true,"href":"https:\/\/franciscanos.org.br\/noticias\/wp-json\/wp\/v2\/tags?post=221805"}],"curies":[{"name":"wp","href":"https:\/\/api.w.org\/{rel}","templated":true}]}}