{"id":221726,"date":"2020-03-08T10:33:21","date_gmt":"2020-03-08T13:33:21","guid":{"rendered":"https:\/\/franciscanos.org.br\/noticias\/?p=221726"},"modified":"2020-03-08T10:33:21","modified_gmt":"2020-03-08T13:33:21","slug":"angelus-ser-testemunha-de-cristo-e-um-dom-nao-podemos-nos-furtar","status":"publish","type":"post","link":"https:\/\/franciscanos.org.br\/noticias\/angelus-ser-testemunha-de-cristo-e-um-dom-nao-podemos-nos-furtar.html","title":{"rendered":"Angelus: &#8220;Ser testemunha de Cristo \u00e9 um dom, n\u00e3o podemos nos furtar&#8221;"},"content":{"rendered":"<p><img loading=\"lazy\" class=\"alignnone wp-image-221729 size-full\" src=\"https:\/\/franciscanos.org.br\/noticias\/wp-content\/uploads\/2020\/03\/papa_angelus_080320_2.jpg\" alt=\"\" width=\"1200\" height=\"700\" srcset=\"https:\/\/franciscanos.org.br\/noticias\/wp-content\/uploads\/2020\/03\/papa_angelus_080320_2.jpg 1200w, https:\/\/franciscanos.org.br\/noticias\/wp-content\/uploads\/2020\/03\/papa_angelus_080320_2-450x263.jpg 450w, https:\/\/franciscanos.org.br\/noticias\/wp-content\/uploads\/2020\/03\/papa_angelus_080320_2-1024x597.jpg 1024w, https:\/\/franciscanos.org.br\/noticias\/wp-content\/uploads\/2020\/03\/papa_angelus_080320_2-768x448.jpg 768w, https:\/\/franciscanos.org.br\/noticias\/wp-content\/uploads\/2020\/03\/papa_angelus_080320_2-150x88.jpg 150w\" sizes=\"(max-width: 1200px) 100vw, 1200px\" \/><\/p>\n<p><strong>Cidade do Vaticano &#8211;<\/strong> \u201cNeste mundo marcado pelo ego\u00edsmo e pela avidez, a luz de Deus est\u00e1 ofuscada pelas preocupa\u00e7\u00f5es do cotidiano. Mas n\u00e3o devemos nos esquecer que o Batismo que recebemos faz de n\u00f3s testemunhas&#8221;, disse o Papa na Ora\u00e7\u00e3o do Angelus deste 2\u00ba Domingo da Quaresma.<\/p>\n<p>Em tempos de coronav\u00edrus, o Papa fez sua tradicional alocu\u00e7\u00e3o dominical n\u00e3o da janela do Pal\u00e1cio Apost\u00f3lico, mas na Biblioteca. Os tel\u00f5es na Pra\u00e7a S\u00e3o Pedro mostraram ao vivo este momento, com a presen\u00e7a de algumas centenas de fi\u00e9is. A medida foi tomada, como explicou o Pont\u00edfice, para evitar aglomera\u00e7\u00f5es que, neste per\u00edodo, podem favorecer a transmiss\u00e3o da doen\u00e7a.<\/p>\n<p><strong>Dimens\u00e3o ultraterrena de Jesus<\/strong><\/p>\n<p>Sem os aplausos e a intera\u00e7\u00e3o dos fi\u00e9is, o Pont\u00edfice comentou o Evangelho deste segundo Domingo da Quaresma (cfr Mt 17,1-9), que apresenta a narra\u00e7\u00e3o da Transfigura\u00e7\u00e3o de Jesus. Cristo toma consigo Pedro, Tiago e Jo\u00e3o e os leva para uma alta montanha, s\u00edmbolo da proximidade com Deus, para abri-los a uma compreens\u00e3o mais plena do mist\u00e9rio da sua pessoa. Jesus diz a eles dos sofrimentos, da morte e da ressurrei\u00e7\u00e3o que o aguardavam, mas os disc\u00edpulos n\u00e3o conseguiam aceitar aquela perspectiva. Por isso, j\u00e1 no topo da montanha, Jesus se imergiu em ora\u00e7\u00e3o e se transfigurou diante dos tr\u00eas: &#8220;o seu rosto brilhou como o sol e as suas roupas ficaram brancas como a luz&#8221; (v. 2).<\/p>\n<p>Atrav\u00e9s do evento maravilhoso da Transfigura\u00e7\u00e3o, explicou o Papa, os tr\u00eas disc\u00edpulos s\u00e3o chamados a reconhecer em Jesus o Filho de Deus. \u201cAssim, eles avan\u00e7am no conhecimento do seu Mestre, dando-se conta que o aspecto humano n\u00e3o expressa toda a sua realidade; aos olhos deles, \u00e9 revelada a dimens\u00e3o ultraterrena e divina de Jesus.\u201d E os disc\u00edpulos s\u00e3o convidados a ouvi-lo e segui-lo.<\/p>\n<p><img loading=\"lazy\" class=\"alignnone wp-image-221728 size-full\" src=\"https:\/\/franciscanos.org.br\/noticias\/wp-content\/uploads\/2020\/03\/papa_angelus_080320_1.jpg\" alt=\"\" width=\"1200\" height=\"700\" srcset=\"https:\/\/franciscanos.org.br\/noticias\/wp-content\/uploads\/2020\/03\/papa_angelus_080320_1.jpg 1200w, https:\/\/franciscanos.org.br\/noticias\/wp-content\/uploads\/2020\/03\/papa_angelus_080320_1-450x263.jpg 450w, https:\/\/franciscanos.org.br\/noticias\/wp-content\/uploads\/2020\/03\/papa_angelus_080320_1-1024x597.jpg 1024w, https:\/\/franciscanos.org.br\/noticias\/wp-content\/uploads\/2020\/03\/papa_angelus_080320_1-768x448.jpg 768w, https:\/\/franciscanos.org.br\/noticias\/wp-content\/uploads\/2020\/03\/papa_angelus_080320_1-150x88.jpg 150w\" sizes=\"(max-width: 1200px) 100vw, 1200px\" \/><\/p>\n<p><strong>Os des\u00edgnios de amor<\/strong><\/p>\n<p>Francisco destacou que, em meio ao grupo dos Doze, Jesus escolhe Pedro, Tiago e Jo\u00e3o. Reserva a eles o privil\u00e9gio de assistir \u00e0 transfigura\u00e7\u00e3o, &#8220;n\u00e3o porque eram os mais santos&#8221;. E mesmo assim, na hora da prova\u00e7\u00e3o, Pedro o renegar\u00e1; e os dois irm\u00e3os Tiago e Jo\u00e3o pedir\u00e3o para ter os primeiros lugares no seu reino.<\/p>\n<p>O Papa recordou que Jesus n\u00e3o escolhe segundo os nossos crit\u00e9rios,\u00a0 mas segundo o seu desenho de amor. \u201cTrata-se de uma escolha gratuita, incondicionada, uma iniciativa livre, uma amizade divina que n\u00e3o pede nada em troca\u201d. E assim como chamou aqueles tr\u00eas disc\u00edpulos, tamb\u00e9m hoje chama algumas pessoas para que estejam pr\u00f3ximas a Ele, para poder testemunhar. \u201cSer testemunhas \u00e9 um dom que n\u00e3o merecemos: nos sentimos inadequados, mas n\u00e3o podemos nos furtar com a desculpa da nossa incapacidade.\u201d<\/p>\n<p><strong>Testemunhar \u00e9 um dom do Esp\u00edrito<\/strong><\/p>\n<p>N\u00e3o estivemos no monte Tabor, prosseguiu Francisco, n\u00e3o vimos com os nossos olhos o rosto de Jesus brilhar como o sol. Todavia, tamb\u00e9m a n\u00f3s foi entregue a Palavra da salva\u00e7\u00e3o, foi doada a f\u00e9. Tamb\u00e9m a n\u00f3s Jesus diz: &#8220;Levantai-vos e n\u00e3o tenhais medo.&#8221;<\/p>\n<p>\u201cNeste mundo, marcado pelo ego\u00edsmo e pela avidez, a luz de Deus est\u00e1 ofuscada pelas preocupa\u00e7\u00f5es do cotidiano. Dizemos com frequ\u00eancia: n\u00e3o tenho tempo para rezar, n\u00e3o sou capaz de realizar um servi\u00e7o na par\u00f3quia, de responder aos pedidos dos outros&#8230; Mas n\u00e3o devemos nos esquecer que o Batismo que recebemos faz de n\u00f3s testemunhas, n\u00e3o pela nossa capacidade, mas pelo dom do Esp\u00edrito.\u201d<\/p>\n<p>O Papa concluiu pedindo a intercess\u00e3o da Virgem Maria para que, no tempo prop\u00edcio da Quaresma, nos d\u00ea a docilidade ao Esp\u00edrito, que \u00e9 \u201cindispens\u00e1vel para nos encaminhar de maneira resoluta no caminho da convers\u00e3o\u201d.<\/p>\n<p><strong>FONTE: <a href=\"https:\/\/www.vaticannews.va\/pt\/papa\/news\/2020-03\/papa-francisco-angelus-transfiguracao-testemunha-coronavirus.html\">Vatican News<\/a><\/strong><\/p>\n","protected":false},"excerpt":{"rendered":"<p>Ora\u00e7\u00e3o do Angelus do Papa Francisco<\/p>\n","protected":false},"author":3,"featured_media":221727,"comment_status":"open","ping_status":"open","sticky":false,"template":"","format":"standard","meta":[],"categories":[1428],"tags":[403,55],"acf":[],"yoast_head":"<!-- This site is optimized with the Yoast SEO plugin v19.2 - https:\/\/yoast.com\/wordpress\/plugins\/seo\/ -->\n<title>Angelus: &quot;Ser testemunha de Cristo \u00e9 um dom, n\u00e3o podemos nos furtar&quot; - Not\u00edcias - Franciscanos<\/title>\n<meta name=\"robots\" content=\"index, follow, max-snippet:-1, max-image-preview:large, max-video-preview:-1\" \/>\n<link rel=\"canonical\" href=\"https:\/\/franciscanos.org.br\/noticias\/angelus-ser-testemunha-de-cristo-e-um-dom-nao-podemos-nos-furtar.html\" \/>\n<meta property=\"og:locale\" content=\"pt_BR\" \/>\n<meta property=\"og:type\" content=\"article\" \/>\n<meta property=\"og:title\" content=\"Angelus: &quot;Ser testemunha de Cristo \u00e9 um dom, n\u00e3o podemos nos furtar&quot; - Not\u00edcias - Franciscanos\" \/>\n<meta property=\"og:description\" content=\"Ora\u00e7\u00e3o do Angelus do Papa Francisco\" \/>\n<meta property=\"og:url\" content=\"https:\/\/franciscanos.org.br\/noticias\/angelus-ser-testemunha-de-cristo-e-um-dom-nao-podemos-nos-furtar.html\" \/>\n<meta property=\"og:site_name\" content=\"Not\u00edcias - Franciscanos\" \/>\n<meta property=\"article:published_time\" content=\"2020-03-08T13:33:21+00:00\" \/>\n<meta property=\"og:image\" content=\"https:\/\/franciscanos.org.br\/noticias\/wp-content\/uploads\/2020\/03\/papa_angelus_080320.jpg\" \/>\n\t<meta property=\"og:image:width\" content=\"273\" \/>\n\t<meta property=\"og:image:height\" content=\"181\" \/>\n\t<meta property=\"og:image:type\" content=\"image\/jpeg\" \/>\n<meta name=\"author\" content=\"moacir\" \/>\n<meta name=\"twitter:card\" content=\"summary_large_image\" \/>\n<meta name=\"twitter:label1\" content=\"Escrito por\" \/>\n\t<meta name=\"twitter:data1\" content=\"moacir\" \/>\n\t<meta name=\"twitter:label2\" content=\"Est. tempo de leitura\" \/>\n\t<meta name=\"twitter:data2\" content=\"3 minutos\" \/>\n<script type=\"application\/ld+json\" class=\"yoast-schema-graph\">{\"@context\":\"https:\/\/schema.org\",\"@graph\":[{\"@type\":\"WebSite\",\"@id\":\"https:\/\/franciscanos.org.br\/noticias\/#website\",\"url\":\"https:\/\/franciscanos.org.br\/noticias\/\",\"name\":\"Not\u00edcias - Franciscanos\",\"description\":\"Prov\u00edncia Franciscana da Imaculada Concei\u00e7\u00e3o do Brasil - Ordem dos Frades Menores - OFM\",\"potentialAction\":[{\"@type\":\"SearchAction\",\"target\":{\"@type\":\"EntryPoint\",\"urlTemplate\":\"https:\/\/franciscanos.org.br\/noticias\/?s={search_term_string}\"},\"query-input\":\"required name=search_term_string\"}],\"inLanguage\":\"pt-BR\"},{\"@type\":\"ImageObject\",\"inLanguage\":\"pt-BR\",\"@id\":\"https:\/\/franciscanos.org.br\/noticias\/angelus-ser-testemunha-de-cristo-e-um-dom-nao-podemos-nos-furtar.html#primaryimage\",\"url\":\"https:\/\/franciscanos.org.br\/noticias\/wp-content\/uploads\/2020\/03\/papa_angelus_080320.jpg\",\"contentUrl\":\"https:\/\/franciscanos.org.br\/noticias\/wp-content\/uploads\/2020\/03\/papa_angelus_080320.jpg\",\"width\":273,\"height\":181},{\"@type\":\"WebPage\",\"@id\":\"https:\/\/franciscanos.org.br\/noticias\/angelus-ser-testemunha-de-cristo-e-um-dom-nao-podemos-nos-furtar.html#webpage\",\"url\":\"https:\/\/franciscanos.org.br\/noticias\/angelus-ser-testemunha-de-cristo-e-um-dom-nao-podemos-nos-furtar.html\",\"name\":\"Angelus: \\\"Ser testemunha de Cristo \u00e9 um dom, n\u00e3o podemos nos furtar\\\" - Not\u00edcias - Franciscanos\",\"isPartOf\":{\"@id\":\"https:\/\/franciscanos.org.br\/noticias\/#website\"},\"primaryImageOfPage\":{\"@id\":\"https:\/\/franciscanos.org.br\/noticias\/angelus-ser-testemunha-de-cristo-e-um-dom-nao-podemos-nos-furtar.html#primaryimage\"},\"datePublished\":\"2020-03-08T13:33:21+00:00\",\"dateModified\":\"2020-03-08T13:33:21+00:00\",\"author\":{\"@id\":\"https:\/\/franciscanos.org.br\/noticias\/#\/schema\/person\/b5c8cba458c330ccff548b056e95a5d4\"},\"breadcrumb\":{\"@id\":\"https:\/\/franciscanos.org.br\/noticias\/angelus-ser-testemunha-de-cristo-e-um-dom-nao-podemos-nos-furtar.html#breadcrumb\"},\"inLanguage\":\"pt-BR\",\"potentialAction\":[{\"@type\":\"ReadAction\",\"target\":[\"https:\/\/franciscanos.org.br\/noticias\/angelus-ser-testemunha-de-cristo-e-um-dom-nao-podemos-nos-furtar.html\"]}]},{\"@type\":\"BreadcrumbList\",\"@id\":\"https:\/\/franciscanos.org.br\/noticias\/angelus-ser-testemunha-de-cristo-e-um-dom-nao-podemos-nos-furtar.html#breadcrumb\",\"itemListElement\":[{\"@type\":\"ListItem\",\"position\":1,\"name\":\"Home\",\"item\":\"https:\/\/franciscanos.org.br\/noticias\"},{\"@type\":\"ListItem\",\"position\":2,\"name\":\"Angelus: &#8220;Ser testemunha de Cristo \u00e9 um dom, n\u00e3o podemos nos furtar&#8221;\"}]},{\"@type\":\"Person\",\"@id\":\"https:\/\/franciscanos.org.br\/noticias\/#\/schema\/person\/b5c8cba458c330ccff548b056e95a5d4\",\"name\":\"moacir\",\"image\":{\"@type\":\"ImageObject\",\"inLanguage\":\"pt-BR\",\"@id\":\"https:\/\/franciscanos.org.br\/noticias\/#\/schema\/person\/image\/\",\"url\":\"https:\/\/secure.gravatar.com\/avatar\/d08aa2ce4c8dd416d4479aa8536fcf64?s=96&d=mm&r=g\",\"contentUrl\":\"https:\/\/secure.gravatar.com\/avatar\/d08aa2ce4c8dd416d4479aa8536fcf64?s=96&d=mm&r=g\",\"caption\":\"moacir\"},\"url\":\"https:\/\/franciscanos.org.br\/noticias\/author\/moacir\"}]}<\/script>\n<!-- \/ Yoast SEO plugin. -->","yoast_head_json":{"title":"Angelus: \"Ser testemunha de Cristo \u00e9 um dom, n\u00e3o podemos nos furtar\" - Not\u00edcias - Franciscanos","robots":{"index":"index","follow":"follow","max-snippet":"max-snippet:-1","max-image-preview":"max-image-preview:large","max-video-preview":"max-video-preview:-1"},"canonical":"https:\/\/franciscanos.org.br\/noticias\/angelus-ser-testemunha-de-cristo-e-um-dom-nao-podemos-nos-furtar.html","og_locale":"pt_BR","og_type":"article","og_title":"Angelus: \"Ser testemunha de Cristo \u00e9 um dom, n\u00e3o podemos nos furtar\" - Not\u00edcias - Franciscanos","og_description":"Ora\u00e7\u00e3o do Angelus do Papa Francisco","og_url":"https:\/\/franciscanos.org.br\/noticias\/angelus-ser-testemunha-de-cristo-e-um-dom-nao-podemos-nos-furtar.html","og_site_name":"Not\u00edcias - Franciscanos","article_published_time":"2020-03-08T13:33:21+00:00","og_image":[{"width":273,"height":181,"url":"https:\/\/franciscanos.org.br\/noticias\/wp-content\/uploads\/2020\/03\/papa_angelus_080320.jpg","type":"image\/jpeg"}],"author":"moacir","twitter_card":"summary_large_image","twitter_misc":{"Escrito por":"moacir","Est. tempo de leitura":"3 minutos"},"schema":{"@context":"https:\/\/schema.org","@graph":[{"@type":"WebSite","@id":"https:\/\/franciscanos.org.br\/noticias\/#website","url":"https:\/\/franciscanos.org.br\/noticias\/","name":"Not\u00edcias - Franciscanos","description":"Prov\u00edncia Franciscana da Imaculada Concei\u00e7\u00e3o do Brasil - Ordem dos Frades Menores - OFM","potentialAction":[{"@type":"SearchAction","target":{"@type":"EntryPoint","urlTemplate":"https:\/\/franciscanos.org.br\/noticias\/?s={search_term_string}"},"query-input":"required name=search_term_string"}],"inLanguage":"pt-BR"},{"@type":"ImageObject","inLanguage":"pt-BR","@id":"https:\/\/franciscanos.org.br\/noticias\/angelus-ser-testemunha-de-cristo-e-um-dom-nao-podemos-nos-furtar.html#primaryimage","url":"https:\/\/franciscanos.org.br\/noticias\/wp-content\/uploads\/2020\/03\/papa_angelus_080320.jpg","contentUrl":"https:\/\/franciscanos.org.br\/noticias\/wp-content\/uploads\/2020\/03\/papa_angelus_080320.jpg","width":273,"height":181},{"@type":"WebPage","@id":"https:\/\/franciscanos.org.br\/noticias\/angelus-ser-testemunha-de-cristo-e-um-dom-nao-podemos-nos-furtar.html#webpage","url":"https:\/\/franciscanos.org.br\/noticias\/angelus-ser-testemunha-de-cristo-e-um-dom-nao-podemos-nos-furtar.html","name":"Angelus: \"Ser testemunha de Cristo \u00e9 um dom, n\u00e3o podemos nos furtar\" - Not\u00edcias - Franciscanos","isPartOf":{"@id":"https:\/\/franciscanos.org.br\/noticias\/#website"},"primaryImageOfPage":{"@id":"https:\/\/franciscanos.org.br\/noticias\/angelus-ser-testemunha-de-cristo-e-um-dom-nao-podemos-nos-furtar.html#primaryimage"},"datePublished":"2020-03-08T13:33:21+00:00","dateModified":"2020-03-08T13:33:21+00:00","author":{"@id":"https:\/\/franciscanos.org.br\/noticias\/#\/schema\/person\/b5c8cba458c330ccff548b056e95a5d4"},"breadcrumb":{"@id":"https:\/\/franciscanos.org.br\/noticias\/angelus-ser-testemunha-de-cristo-e-um-dom-nao-podemos-nos-furtar.html#breadcrumb"},"inLanguage":"pt-BR","potentialAction":[{"@type":"ReadAction","target":["https:\/\/franciscanos.org.br\/noticias\/angelus-ser-testemunha-de-cristo-e-um-dom-nao-podemos-nos-furtar.html"]}]},{"@type":"BreadcrumbList","@id":"https:\/\/franciscanos.org.br\/noticias\/angelus-ser-testemunha-de-cristo-e-um-dom-nao-podemos-nos-furtar.html#breadcrumb","itemListElement":[{"@type":"ListItem","position":1,"name":"Home","item":"https:\/\/franciscanos.org.br\/noticias"},{"@type":"ListItem","position":2,"name":"Angelus: &#8220;Ser testemunha de Cristo \u00e9 um dom, n\u00e3o podemos nos furtar&#8221;"}]},{"@type":"Person","@id":"https:\/\/franciscanos.org.br\/noticias\/#\/schema\/person\/b5c8cba458c330ccff548b056e95a5d4","name":"moacir","image":{"@type":"ImageObject","inLanguage":"pt-BR","@id":"https:\/\/franciscanos.org.br\/noticias\/#\/schema\/person\/image\/","url":"https:\/\/secure.gravatar.com\/avatar\/d08aa2ce4c8dd416d4479aa8536fcf64?s=96&d=mm&r=g","contentUrl":"https:\/\/secure.gravatar.com\/avatar\/d08aa2ce4c8dd416d4479aa8536fcf64?s=96&d=mm&r=g","caption":"moacir"},"url":"https:\/\/franciscanos.org.br\/noticias\/author\/moacir"}]}},"_links":{"self":[{"href":"https:\/\/franciscanos.org.br\/noticias\/wp-json\/wp\/v2\/posts\/221726"}],"collection":[{"href":"https:\/\/franciscanos.org.br\/noticias\/wp-json\/wp\/v2\/posts"}],"about":[{"href":"https:\/\/franciscanos.org.br\/noticias\/wp-json\/wp\/v2\/types\/post"}],"author":[{"embeddable":true,"href":"https:\/\/franciscanos.org.br\/noticias\/wp-json\/wp\/v2\/users\/3"}],"replies":[{"embeddable":true,"href":"https:\/\/franciscanos.org.br\/noticias\/wp-json\/wp\/v2\/comments?post=221726"}],"version-history":[{"count":0,"href":"https:\/\/franciscanos.org.br\/noticias\/wp-json\/wp\/v2\/posts\/221726\/revisions"}],"wp:featuredmedia":[{"embeddable":true,"href":"https:\/\/franciscanos.org.br\/noticias\/wp-json\/wp\/v2\/media\/221727"}],"wp:attachment":[{"href":"https:\/\/franciscanos.org.br\/noticias\/wp-json\/wp\/v2\/media?parent=221726"}],"wp:term":[{"taxonomy":"category","embeddable":true,"href":"https:\/\/franciscanos.org.br\/noticias\/wp-json\/wp\/v2\/categories?post=221726"},{"taxonomy":"post_tag","embeddable":true,"href":"https:\/\/franciscanos.org.br\/noticias\/wp-json\/wp\/v2\/tags?post=221726"}],"curies":[{"name":"wp","href":"https:\/\/api.w.org\/{rel}","templated":true}]}}