{"id":22172,"date":"2012-08-14T12:52:52","date_gmt":"2012-08-14T15:52:52","guid":{"rendered":"http:\/\/new.franciscanos.org.br\/?p=22172"},"modified":"2019-10-31T10:26:40","modified_gmt":"2019-10-31T13:26:40","slug":"igreja-da-vila-clementino-lota-para-celebrar-santa-clara","status":"publish","type":"post","link":"https:\/\/franciscanos.org.br\/noticias\/igreja-da-vila-clementino-lota-para-celebrar-santa-clara.html","title":{"rendered":"Igreja da Vila Clementino lota para celebrar Santa Clara"},"content":{"rendered":"<blockquote><p><em><strong><a href=\"http:\/\/franciscanos.org.br\/wp-content\/uploads\/2012\/08\/3013_140812.jpg\"><img loading=\"lazy\" class=\"alignright size-full wp-image-22173\" title=\"3013_140812\" src=\"http:\/\/franciscanos.org.br\/wp-content\/uploads\/2012\/08\/3013_140812.jpg\" alt=\"\" width=\"450\" height=\"609\" \/><\/a>&#8220;Ponha a mente no espelho da eternidade, coloque a alma no esplendor da gl\u00f3ria, ponha o cora\u00e7\u00e3o na figura da subst\u00e2ncia divina, e transforme-se inteira, pela contempla\u00e7\u00e3o, na imagem da divindade.\u201d<\/strong> (3CtIn 12).<\/em><\/p><\/blockquote>\n<p>Dia 11 de agosto, a igreja S\u00e3o S\u00e3o Francisco de Assis na Vila Clementino lotou para celebrar a Festa de Santa Clara neste encerramento do ano jubilar do VIII Centen\u00e1rio do Carisma Clariano. \u00a0A esse grande n\u00famero de devotos somaram-se a pastoral dos surdos, crian\u00e7as da catequese, algumas fraternidades da OFS (Santa Clara; Imaculada Concei\u00e7\u00e3o; S\u00e3o Francisco da Vila Clementino; Santa In\u00eas; S\u00e3o Francisco das Chagas) e tamb\u00e9m Jufra das Chagas.<\/p>\n<p>Com a igreja belamente decorada e pronta para receber a imagem daquela que tomou a Jesus Cristo por esposo, iniciou-se a celebra\u00e7\u00e3o eucar\u00edstica presidida pelo \u00a0Frei M\u00e1rio Tagliari, OFM.<\/p>\n<p>Frei M\u00e1rio acolheu a todos de modo muito fraterno e franciscano envolveu e encantou a todos em sua homilia. De modo muito simples apresentou Santa Clara, a partir de alguns s\u00edmbolos que eram segurados por Frei Roberto, OFM; a \u201cplantinha\u201d, por se dizer criatura fr\u00e1gil e pequena, mas por meio da qual Deus realizou grandes coisas, s\u00edmbolo que tamb\u00e9m nos lembra o ramo que Clara recebeu naquele Domingo de Ramos em que deixou sua casa e fam\u00edlia; o espelho, diante do qual devemos nos colocar todos os dias para ver o Cristo pobre, humilde e crucificado e buscar se vestir de suas virtudes; o cord\u00e3o com os n\u00f3s, evocando os votos de pobreza, obedi\u00eancia, castidade e uni\u00e3o ao Senhor pela penit\u00eancia; e a vela, que recorda a pr\u00f3pria Santa, cheia de claridade, clara de nome e de vida, e as tochas que iluminaram o caminho at\u00e9 a Porci\u00fancula para o abra\u00e7o definitivo \u00e0 forma de vida que Francisco lhe mostrara. Na consagra\u00e7\u00e3o, toda a assembleia foi conduzida a entoar o mantra com as belas palavras de Clara: &#8220;N\u00e3o perca de vista seu ponto de partida&#8221;, colocando o cora\u00e7\u00e3o e pensamento naquele que sempre deve ser o ponto de partida.<\/p>\n<p>Ao t\u00e9rmino da celebra\u00e7\u00e3o, os freis aben\u00e7oaram o p\u00e3o de Santa Clara explicando que esse gesto recorda o epis\u00f3dio em que o Papa foi visitar Clara e ela pediu preparassem p\u00e3es para servi-lo. antes de comer, por\u00e9m, o Pont\u00edfice pediu que Clara os aben\u00e7oasse e, ao fazer isso, imediatamente apareceram sobre os p\u00e3es o sinal da cruz de Cristo (Fioretti 33). O p\u00e3o foi distribu\u00eddo a todos lembrando a li\u00e7\u00e3o de Clara: partilhar o p\u00e3o, e a vida assim como Cristo, &#8220;p\u00e3o vivo&#8221;, que partilhou amor, carinho, aten\u00e7\u00e3o e vida.<\/p>\n<p>Como n\u00e3o poderia ser diferente, a celebra\u00e7\u00e3o eucar\u00edstica encerrou-se com os aplausos e vivas a Santa Clara.<\/p>\n","protected":false},"excerpt":{"rendered":"<p>Ano Clariano<\/p>\n","protected":false},"author":1,"featured_media":213157,"comment_status":"closed","ping_status":"closed","sticky":false,"template":"","format":"standard","meta":[],"categories":[1],"tags":[],"acf":[],"yoast_head":"<!-- This site is optimized with the Yoast SEO plugin v19.2 - https:\/\/yoast.com\/wordpress\/plugins\/seo\/ -->\n<title>Igreja da Vila Clementino lota para celebrar Santa Clara - Not\u00edcias - Franciscanos<\/title>\n<meta name=\"robots\" content=\"index, follow, max-snippet:-1, max-image-preview:large, max-video-preview:-1\" \/>\n<link rel=\"canonical\" href=\"https:\/\/franciscanos.org.br\/noticias\/igreja-da-vila-clementino-lota-para-celebrar-santa-clara.html\" \/>\n<meta property=\"og:locale\" content=\"pt_BR\" \/>\n<meta property=\"og:type\" content=\"article\" \/>\n<meta property=\"og:title\" content=\"Igreja da Vila Clementino lota para celebrar Santa Clara - Not\u00edcias - Franciscanos\" \/>\n<meta property=\"og:description\" content=\"Ano Clariano\" \/>\n<meta property=\"og:url\" content=\"https:\/\/franciscanos.org.br\/noticias\/igreja-da-vila-clementino-lota-para-celebrar-santa-clara.html\" \/>\n<meta property=\"og:site_name\" content=\"Not\u00edcias - Franciscanos\" \/>\n<meta property=\"article:published_time\" content=\"2012-08-14T15:52:52+00:00\" \/>\n<meta property=\"article:modified_time\" content=\"2019-10-31T13:26:40+00:00\" \/>\n<meta property=\"og:image\" content=\"https:\/\/franciscanos.org.br\/noticias\/wp-content\/uploads\/2012\/08\/3013_140812.jpg\" \/>\n\t<meta property=\"og:image:width\" content=\"273\" \/>\n\t<meta property=\"og:image:height\" content=\"181\" \/>\n\t<meta property=\"og:image:type\" content=\"image\/jpeg\" \/>\n<meta name=\"author\" content=\"admin\" \/>\n<meta name=\"twitter:card\" content=\"summary_large_image\" \/>\n<meta name=\"twitter:label1\" content=\"Escrito por\" \/>\n\t<meta name=\"twitter:data1\" content=\"admin\" \/>\n\t<meta name=\"twitter:label2\" content=\"Est. tempo de leitura\" \/>\n\t<meta name=\"twitter:data2\" content=\"2 minutos\" \/>\n<script type=\"application\/ld+json\" class=\"yoast-schema-graph\">{\"@context\":\"https:\/\/schema.org\",\"@graph\":[{\"@type\":\"WebSite\",\"@id\":\"https:\/\/franciscanos.org.br\/noticias\/#website\",\"url\":\"https:\/\/franciscanos.org.br\/noticias\/\",\"name\":\"Not\u00edcias - Franciscanos\",\"description\":\"Prov\u00edncia Franciscana da Imaculada Concei\u00e7\u00e3o do Brasil - Ordem dos Frades Menores - OFM\",\"potentialAction\":[{\"@type\":\"SearchAction\",\"target\":{\"@type\":\"EntryPoint\",\"urlTemplate\":\"https:\/\/franciscanos.org.br\/noticias\/?s={search_term_string}\"},\"query-input\":\"required name=search_term_string\"}],\"inLanguage\":\"pt-BR\"},{\"@type\":\"ImageObject\",\"inLanguage\":\"pt-BR\",\"@id\":\"https:\/\/franciscanos.org.br\/noticias\/igreja-da-vila-clementino-lota-para-celebrar-santa-clara.html#primaryimage\",\"url\":\"https:\/\/franciscanos.org.br\/noticias\/wp-content\/uploads\/2012\/08\/3013_140812.jpg\",\"contentUrl\":\"https:\/\/franciscanos.org.br\/noticias\/wp-content\/uploads\/2012\/08\/3013_140812.jpg\",\"width\":273,\"height\":181},{\"@type\":\"WebPage\",\"@id\":\"https:\/\/franciscanos.org.br\/noticias\/igreja-da-vila-clementino-lota-para-celebrar-santa-clara.html#webpage\",\"url\":\"https:\/\/franciscanos.org.br\/noticias\/igreja-da-vila-clementino-lota-para-celebrar-santa-clara.html\",\"name\":\"Igreja da Vila Clementino lota para celebrar Santa Clara - Not\u00edcias - Franciscanos\",\"isPartOf\":{\"@id\":\"https:\/\/franciscanos.org.br\/noticias\/#website\"},\"primaryImageOfPage\":{\"@id\":\"https:\/\/franciscanos.org.br\/noticias\/igreja-da-vila-clementino-lota-para-celebrar-santa-clara.html#primaryimage\"},\"datePublished\":\"2012-08-14T15:52:52+00:00\",\"dateModified\":\"2019-10-31T13:26:40+00:00\",\"author\":{\"@id\":\"https:\/\/franciscanos.org.br\/noticias\/#\/schema\/person\/b38fbf43118f02820bd932f2e4b14ad3\"},\"breadcrumb\":{\"@id\":\"https:\/\/franciscanos.org.br\/noticias\/igreja-da-vila-clementino-lota-para-celebrar-santa-clara.html#breadcrumb\"},\"inLanguage\":\"pt-BR\",\"potentialAction\":[{\"@type\":\"ReadAction\",\"target\":[\"https:\/\/franciscanos.org.br\/noticias\/igreja-da-vila-clementino-lota-para-celebrar-santa-clara.html\"]}]},{\"@type\":\"BreadcrumbList\",\"@id\":\"https:\/\/franciscanos.org.br\/noticias\/igreja-da-vila-clementino-lota-para-celebrar-santa-clara.html#breadcrumb\",\"itemListElement\":[{\"@type\":\"ListItem\",\"position\":1,\"name\":\"Home\",\"item\":\"https:\/\/franciscanos.org.br\/noticias\"},{\"@type\":\"ListItem\",\"position\":2,\"name\":\"Igreja da Vila Clementino lota para celebrar Santa Clara\"}]},{\"@type\":\"Person\",\"@id\":\"https:\/\/franciscanos.org.br\/noticias\/#\/schema\/person\/b38fbf43118f02820bd932f2e4b14ad3\",\"name\":\"admin\",\"image\":{\"@type\":\"ImageObject\",\"inLanguage\":\"pt-BR\",\"@id\":\"https:\/\/franciscanos.org.br\/noticias\/#\/schema\/person\/image\/\",\"url\":\"https:\/\/secure.gravatar.com\/avatar\/e8495742d34d0ba6448ea1c628263b3e?s=96&d=mm&r=g\",\"contentUrl\":\"https:\/\/secure.gravatar.com\/avatar\/e8495742d34d0ba6448ea1c628263b3e?s=96&d=mm&r=g\",\"caption\":\"admin\"},\"url\":\"https:\/\/franciscanos.org.br\/noticias\/author\/admin\"}]}<\/script>\n<!-- \/ Yoast SEO plugin. -->","yoast_head_json":{"title":"Igreja da Vila Clementino lota para celebrar Santa Clara - Not\u00edcias - Franciscanos","robots":{"index":"index","follow":"follow","max-snippet":"max-snippet:-1","max-image-preview":"max-image-preview:large","max-video-preview":"max-video-preview:-1"},"canonical":"https:\/\/franciscanos.org.br\/noticias\/igreja-da-vila-clementino-lota-para-celebrar-santa-clara.html","og_locale":"pt_BR","og_type":"article","og_title":"Igreja da Vila Clementino lota para celebrar Santa Clara - Not\u00edcias - Franciscanos","og_description":"Ano Clariano","og_url":"https:\/\/franciscanos.org.br\/noticias\/igreja-da-vila-clementino-lota-para-celebrar-santa-clara.html","og_site_name":"Not\u00edcias - Franciscanos","article_published_time":"2012-08-14T15:52:52+00:00","article_modified_time":"2019-10-31T13:26:40+00:00","og_image":[{"width":273,"height":181,"url":"https:\/\/franciscanos.org.br\/noticias\/wp-content\/uploads\/2012\/08\/3013_140812.jpg","type":"image\/jpeg"}],"author":"admin","twitter_card":"summary_large_image","twitter_misc":{"Escrito por":"admin","Est. tempo de leitura":"2 minutos"},"schema":{"@context":"https:\/\/schema.org","@graph":[{"@type":"WebSite","@id":"https:\/\/franciscanos.org.br\/noticias\/#website","url":"https:\/\/franciscanos.org.br\/noticias\/","name":"Not\u00edcias - Franciscanos","description":"Prov\u00edncia Franciscana da Imaculada Concei\u00e7\u00e3o do Brasil - Ordem dos Frades Menores - OFM","potentialAction":[{"@type":"SearchAction","target":{"@type":"EntryPoint","urlTemplate":"https:\/\/franciscanos.org.br\/noticias\/?s={search_term_string}"},"query-input":"required name=search_term_string"}],"inLanguage":"pt-BR"},{"@type":"ImageObject","inLanguage":"pt-BR","@id":"https:\/\/franciscanos.org.br\/noticias\/igreja-da-vila-clementino-lota-para-celebrar-santa-clara.html#primaryimage","url":"https:\/\/franciscanos.org.br\/noticias\/wp-content\/uploads\/2012\/08\/3013_140812.jpg","contentUrl":"https:\/\/franciscanos.org.br\/noticias\/wp-content\/uploads\/2012\/08\/3013_140812.jpg","width":273,"height":181},{"@type":"WebPage","@id":"https:\/\/franciscanos.org.br\/noticias\/igreja-da-vila-clementino-lota-para-celebrar-santa-clara.html#webpage","url":"https:\/\/franciscanos.org.br\/noticias\/igreja-da-vila-clementino-lota-para-celebrar-santa-clara.html","name":"Igreja da Vila Clementino lota para celebrar Santa Clara - Not\u00edcias - Franciscanos","isPartOf":{"@id":"https:\/\/franciscanos.org.br\/noticias\/#website"},"primaryImageOfPage":{"@id":"https:\/\/franciscanos.org.br\/noticias\/igreja-da-vila-clementino-lota-para-celebrar-santa-clara.html#primaryimage"},"datePublished":"2012-08-14T15:52:52+00:00","dateModified":"2019-10-31T13:26:40+00:00","author":{"@id":"https:\/\/franciscanos.org.br\/noticias\/#\/schema\/person\/b38fbf43118f02820bd932f2e4b14ad3"},"breadcrumb":{"@id":"https:\/\/franciscanos.org.br\/noticias\/igreja-da-vila-clementino-lota-para-celebrar-santa-clara.html#breadcrumb"},"inLanguage":"pt-BR","potentialAction":[{"@type":"ReadAction","target":["https:\/\/franciscanos.org.br\/noticias\/igreja-da-vila-clementino-lota-para-celebrar-santa-clara.html"]}]},{"@type":"BreadcrumbList","@id":"https:\/\/franciscanos.org.br\/noticias\/igreja-da-vila-clementino-lota-para-celebrar-santa-clara.html#breadcrumb","itemListElement":[{"@type":"ListItem","position":1,"name":"Home","item":"https:\/\/franciscanos.org.br\/noticias"},{"@type":"ListItem","position":2,"name":"Igreja da Vila Clementino lota para celebrar Santa Clara"}]},{"@type":"Person","@id":"https:\/\/franciscanos.org.br\/noticias\/#\/schema\/person\/b38fbf43118f02820bd932f2e4b14ad3","name":"admin","image":{"@type":"ImageObject","inLanguage":"pt-BR","@id":"https:\/\/franciscanos.org.br\/noticias\/#\/schema\/person\/image\/","url":"https:\/\/secure.gravatar.com\/avatar\/e8495742d34d0ba6448ea1c628263b3e?s=96&d=mm&r=g","contentUrl":"https:\/\/secure.gravatar.com\/avatar\/e8495742d34d0ba6448ea1c628263b3e?s=96&d=mm&r=g","caption":"admin"},"url":"https:\/\/franciscanos.org.br\/noticias\/author\/admin"}]}},"_links":{"self":[{"href":"https:\/\/franciscanos.org.br\/noticias\/wp-json\/wp\/v2\/posts\/22172"}],"collection":[{"href":"https:\/\/franciscanos.org.br\/noticias\/wp-json\/wp\/v2\/posts"}],"about":[{"href":"https:\/\/franciscanos.org.br\/noticias\/wp-json\/wp\/v2\/types\/post"}],"author":[{"embeddable":true,"href":"https:\/\/franciscanos.org.br\/noticias\/wp-json\/wp\/v2\/users\/1"}],"replies":[{"embeddable":true,"href":"https:\/\/franciscanos.org.br\/noticias\/wp-json\/wp\/v2\/comments?post=22172"}],"version-history":[{"count":0,"href":"https:\/\/franciscanos.org.br\/noticias\/wp-json\/wp\/v2\/posts\/22172\/revisions"}],"wp:featuredmedia":[{"embeddable":true,"href":"https:\/\/franciscanos.org.br\/noticias\/wp-json\/wp\/v2\/media\/213157"}],"wp:attachment":[{"href":"https:\/\/franciscanos.org.br\/noticias\/wp-json\/wp\/v2\/media?parent=22172"}],"wp:term":[{"taxonomy":"category","embeddable":true,"href":"https:\/\/franciscanos.org.br\/noticias\/wp-json\/wp\/v2\/categories?post=22172"},{"taxonomy":"post_tag","embeddable":true,"href":"https:\/\/franciscanos.org.br\/noticias\/wp-json\/wp\/v2\/tags?post=22172"}],"curies":[{"name":"wp","href":"https:\/\/api.w.org\/{rel}","templated":true}]}}