{"id":221650,"date":"2020-03-06T07:55:12","date_gmt":"2020-03-06T10:55:12","guid":{"rendered":"https:\/\/franciscanos.org.br\/noticias\/?p=221650"},"modified":"2020-03-13T08:15:07","modified_gmt":"2020-03-13T11:15:07","slug":"cf-2020-a-justica-punitiva-so-gera-mais-violencia","status":"publish","type":"post","link":"https:\/\/franciscanos.org.br\/noticias\/cf-2020-a-justica-punitiva-so-gera-mais-violencia.html","title":{"rendered":"CF 2020: &#8220;A justi\u00e7a punitiva s\u00f3 gera mais viol\u00eancia&#8221;"},"content":{"rendered":"<div id=\"attachment_221651\" style=\"width: 900px\" class=\"wp-caption alignleft\"><img aria-describedby=\"caption-attachment-221651\" loading=\"lazy\" class=\"wp-image-221651 size-full\" src=\"https:\/\/franciscanos.org.br\/noticias\/wp-content\/uploads\/2020\/03\/cf2020-0603.jpg\" alt=\"\" width=\"890\" height=\"500\" srcset=\"https:\/\/franciscanos.org.br\/noticias\/wp-content\/uploads\/2020\/03\/cf2020-0603.jpg 890w, https:\/\/franciscanos.org.br\/noticias\/wp-content\/uploads\/2020\/03\/cf2020-0603-450x253.jpg 450w, https:\/\/franciscanos.org.br\/noticias\/wp-content\/uploads\/2020\/03\/cf2020-0603-768x431.jpg 768w, https:\/\/franciscanos.org.br\/noticias\/wp-content\/uploads\/2020\/03\/cf2020-0603-150x84.jpg 150w\" sizes=\"(max-width: 890px) 100vw, 890px\" \/><p id=\"caption-attachment-221651\" class=\"wp-caption-text\"><i><small>Superlota\u00e7\u00e3o na Casa de Pris\u00e3o Provis\u00f3ria de Palmas (TO), 284% mais presos que a capacidade <\/small><\/i><\/p><\/div>\n<p><strong>S\u00e3o Paulo (SP) &#8211;<\/strong> Para a assessora nacional da Pastoral Carcer\u00e1ria para a quest\u00e3o da justi\u00e7a restaurativa, Vera Lucia Dalzotto, n\u00e3o \u00e9 poss\u00edvel acreditar que a justi\u00e7a punitiva seja a solu\u00e7\u00e3o para o problema da viol\u00eancia no Brasil. Segundo ela, a justi\u00e7a punitiva gera um ciclo de viol\u00eancia, n\u00e3o oferecendo a recupera\u00e7\u00e3o nem da v\u00edtima, nem do ofensor.<\/p>\n<p>Segundo dados do Conselho Nacional de Justi\u00e7a (CNJ), hoje no Brasil mais de 812 mil pessoas est\u00e3o encarceradas. &#8220;Por tr\u00e1s destes n\u00fameros, h\u00e1 superlota\u00e7\u00e3o, reincid\u00eancia, higiene prec\u00e1ria, consumo de drogas, ambiente prop\u00edcio \u00e0 viol\u00eancia f\u00edsica e sexual, tortura, omiss\u00e3o, morte, neglig\u00eancia. A justi\u00e7a n\u00e3o possibilita a recupera\u00e7\u00e3o da auto estima, nem cuida da dignidade da pessoa humana&#8221;, afirma a especialista.<\/p>\n<p>Utilizada no Brasil h\u00e1 cerca de 10 anos pela Pastoral Carcer\u00e1ria, a justi\u00e7a restaurativa, um sistema de resolu\u00e7\u00e3o de conflitos &#8211; n\u00e3o somente no ambiente prisional &#8211; surge como uma possibilidade de di\u00e1logo, troca de experi\u00eancias, repara\u00e7\u00e3o das faltas, reflex\u00e3o e perd\u00e3o.<\/p>\n<p>A justi\u00e7a restaurativa \u00e9 um dos assuntos abordados nos <em>podcasts<\/em> especiais, dedicados \u00e0 reflex\u00e3o da<strong> <a href=\"https:\/\/franciscanos.org.br\/vidacrista\/especiais\/especial-campanha-da-fraternidade2020\/\" target=\"_blank\" rel=\"noopener noreferrer\">Campanha da Fraternidade<\/a><\/strong>. Nesta sexta-feira (13), lan\u00e7amos a terceira parte da s\u00e9rie de entrevistas, abordando o tema da justi\u00e7a restaurativa, da seguran\u00e7a alimentar e, como um caso concreto de viv\u00eancia da compaix\u00e3o, trazemos o do Arsenal da Esperan\u00e7a, um local que acolhe diariamente 1200 homens em situa\u00e7\u00e3o de vulnerabilidade social.<\/p>\n<p>Os <em>podcasts<\/em> especiais da Campanha da Fraternidade s\u00e3o uma iniciativa da Prov\u00edncia Franciscana da Imaculada Concei\u00e7\u00e3o, atrav\u00e9s da Frente de Evangeliza\u00e7\u00e3o da Comunica\u00e7\u00e3o. Abordando diversos aspectos ligados \u00e0 compaix\u00e3o e \u00e0 solidariedade, o podcast busca levar ao ouvinte a refletir sobre o tema deste ano, al\u00e9m de ajudar na forma\u00e7\u00e3o dos agentes de pastoral. A CF deste ano tem como tema: &#8220;Fraternidade e vida: dom e compromisso&#8221; e lema: &#8220;Viu, sentiu compaix\u00e3o e cuidou dele&#8221;.<\/p>\n<p>O material teve produ\u00e7\u00e3o do Departamento de Comunica\u00e7\u00e3o da Prov\u00edncia e contou com a colabora\u00e7\u00e3o da Funda\u00e7\u00e3o Cultural Celinauta.<\/p>\n<p><strong>CONFIRA ABAIXO OS NOVOS EPIS\u00d3DIOS:<\/strong><\/p>\n<p><a href=\"http:\/\/open.spotify.com\/episode\/0RR1ynvk5c0kDjmVo70SyX\"><strong>13. Evangelizar: gerar experi\u00eancias de solidariedade e inclus\u00e3o junto aos que sofrem \u2013 Frei Diego Melo<\/strong><\/a><br \/>\nCoordenador do Servi\u00e7o de Anima\u00e7\u00e3o Vocacional (SAV) e animador provincial do JPIC (Comiss\u00e3o de Justi\u00e7a, Paz e Integridade da Cria\u00e7\u00e3o)<\/p>\n<p><a href=\"http:\/\/open.spotify.com\/episode\/0ATc8IVGRuQfd61a4nOzwE\"><strong>14.\u00a0O di\u00e1logo inter-religioso e o cuidado com o ser humano e a casa comum\u00a0\u2013 Pastora Marcia Romi Bencke<\/strong><\/a><br \/>\nSecret\u00e1ria-Geral do Conic \u2013 Conselho Nacional de Igrejas Crist\u00e3s do Brasil<\/p>\n<p><a href=\"http:\/\/open.spotify.com\/episode\/1iRTelFIdK0vOR0YsY9lla\"><strong>15. A compaix\u00e3o e o cuidado a partir da compreens\u00e3o Budista<\/strong><\/a><br \/>\nMonja Coen, Fundadora primaz da Comunidade Zen Budista Zendo Brasil<\/p>\n<p><strong>Ou\u00e7a abaixo no Soundcloud:<\/strong><\/p>\n<p><iframe loading=\"lazy\" src=\"https:\/\/w.soundcloud.com\/player\/?url=https%3A\/\/api.soundcloud.com\/playlists\/996568615&amp;color=%23ff5500&amp;auto_play=false&amp;hide_related=false&amp;show_comments=true&amp;show_user=true&amp;show_reposts=false&amp;show_teaser=true\" width=\"100%\" height=\"450\" frameborder=\"no\" scrolling=\"no\"><\/iframe><\/p>\n<hr \/>\n<h3>CONFIRA OS EPIS\u00d3DIOS LAN\u00c7ADOS ANTERIORMENTE:<\/h3>\n<p><a href=\"https:\/\/open.spotify.com\/episode\/0OxoAzBAY6tUJrFBAkftEz\" target=\"_blank\" rel=\"noopener noreferrer\"><strong>01. CF 2020 \u2013 Inspira\u00e7\u00f5es e provoca\u00e7\u00f5es \u2013 Dom Jaime Spengler<\/strong><\/a><br \/>\n1\u00ba Vice-Presidente da Confer\u00eancia Nacional dos Bispos do Brasil (CNBB) e Arcebispo de Porto Alegre (RS).<\/p>\n<p><a href=\"https:\/\/open.spotify.com\/episode\/4B4tzH2BuRyGM8cjjLTi7v\" target=\"_blank\" rel=\"noopener noreferrer\"><strong>02. A compaix\u00e3o em lugar da competi\u00e7\u00e3o \u2013 Frei Vit\u00f3rio Mazzuco<\/strong><\/a><br \/>\nMestre em Espiritualidade Franciscana, coordenador de Pastoral da Universidade S\u00e3o Francisco (USF).<\/p>\n<p><a href=\"https:\/\/open.spotify.com\/episode\/3ocxioBhZXyOTU4OdDgN5M\" target=\"_blank\" rel=\"noopener noreferrer\"><strong>03. Irm\u00e3 Dulce: vida, hist\u00f3ria e exemplo \u2013 Karla Maria<\/strong><\/a><br \/>\nJornalista, autora dos livros Mulheres extraordin\u00e1rias; Irm\u00e3 Dulce \u2013 A Santa brasileira que fez dos pobres sua vida; e O peso do jumbo \u2013 Hist\u00f3rias de uma rep\u00f3rter de dentro e fora do c\u00e1rcere (Editora Paulus). Ganhadora do Pr\u00eamio Dom Helder C\u00e2mara de Imprensa da CNBB (2012 e 2017).<\/p>\n<p><a href=\"https:\/\/open.spotify.com\/episode\/5CXkjIPsxGVxcfeVKPooHi\" target=\"_blank\" rel=\"noopener noreferrer\"><strong>04. A import\u00e2ncia de sermos samaritanos da Casa Comum \u2013 Moema Miranda<\/strong><\/a><br \/>\nAuditora do S\u00ednodo para a Amaz\u00f4nia, doutoranda em Filosofia e a Quest\u00e3o Ambiental pela PUC Rio, leiga da Ordem Franciscana Secular (OFS) e membro da Comiss\u00e3o de Ecologia Integral e Minera\u00e7\u00e3o da CNBB.<\/p>\n<p><a href=\"https:\/\/open.spotify.com\/episode\/27XFQZBr1ZZW8h8k2piq1p\" target=\"_blank\" rel=\"noopener noreferrer\"><strong>05. \u00a0Os exerc\u00edcios quaresmais como inspira\u00e7\u00e3o para o cuidado \u2013 Frei Fid\u00eancio Vanboemmel<\/strong><\/a><br \/>\nModerador da Forma\u00e7\u00e3o Permanente da Prov\u00edncia Franciscana.<\/p>\n<p><a href=\"https:\/\/open.spotify.com\/episode\/2IPqSY7eEKrp8jRT2RjT9j\" target=\"_blank\" rel=\"noopener noreferrer\"><strong>06. O cuidado com o ser humano como compromisso da Constitui\u00e7\u00e3o Federal \u2013 Professor Volney Zamenhof de Oliveira Silva<\/strong><\/a><br \/>\nDiretor do C\u00e2mpus Itatiba e Diretor da \u00c1rea de Ci\u00eancias Humanas e Sociais da Universidade S\u00e3o Francisco (USF)<\/p>\n<p><a href=\"https:\/\/open.spotify.com\/episode\/3Nh7829blptNFiCDFpOje2\" target=\"_blank\" rel=\"noopener noreferrer\"><strong>07. Educar para o cuidado \u2013 Professor Mario Renato Longen<\/strong><\/a><br \/>\nCoordenador de Ensino Religioso do Col\u00e9gio Bom Jesus, em Curitiba (PR).<\/p>\n<p><a href=\"https:\/\/open.spotify.com\/episode\/6Yrbik9eiCnTsEhmutmlQB\" target=\"_blank\" rel=\"noopener noreferrer\"><strong>08. Compaix\u00e3o e cuidado como prioridades pastorais &#8211; Frei Marx Rodrigues dos Reis<\/strong><\/a><br \/>\nCoordenador do setor de forma\u00e7\u00e3o do Sefras e vig\u00e1rio paroquial da Par\u00f3quia Santo Ant\u00f4nio do Pari<\/p>\n<p><a href=\"https:\/\/open.spotify.com\/episode\/4ELUrIPBVHzGBUpEkjZIFx\" target=\"_blank\" rel=\"noopener noreferrer\"><strong>09. A Igreja nas periferias \u2013 Padre Kelder Jos\u00e9 Brand\u00e3o Figueira<\/strong><\/a><br \/>\nP\u00e1roco da Par\u00f3quia Santa Teresa de Calcut\u00e1, de Itarar\u00e9, em Vit\u00f3ria e Vig\u00e1rio Episcopal para a a\u00e7\u00e3o social, pol\u00edtica e ecum\u00eanica da Arquidiocese de Vit\u00f3ria (ES).<\/p>\n<p><a href=\"https:\/\/open.spotify.com\/episode\/0UDVwki36sk4Dt25k9QlTZ\" target=\"_blank\" rel=\"noopener noreferrer\"><strong>10. Justi\u00e7a restaurativa e compaix\u00e3o \u2013 Vera Lucia Dalzotto<\/strong><\/a><br \/>\nAssessora Nacional da Pastoral Carcer\u00e1ria para a quest\u00e3o da Justi\u00e7a Restaurativa e membro da coordena\u00e7\u00e3o da Pastoral Carcer\u00e1ria no Rio Grande do Sul (RS).<\/p>\n<p><a href=\"https:\/\/open.spotify.com\/episode\/0vfK6lkOyMQytK43d79rXU\" target=\"_blank\" rel=\"noopener noreferrer\"><strong>11.\u00a0 Seguran\u00e7a Alimentar \u2013\u00a0 Prof\u00ba\u00a0Alison Douglas da Silva<\/strong><\/a><br \/>\nDocente do curso de nutri\u00e7\u00e3o da Universidade S\u00e3o Francisco (USF) e\u00a0doutorando em Sa\u00fade Coletiva pela Unicamp.<\/p>\n<p><a href=\"https:\/\/open.spotify.com\/episode\/0A9lzQ8bBhBI2jN10RIwE8\" target=\"_blank\" rel=\"noopener noreferrer\"><strong>12. A experi\u00eancia do Arsenal da Esperan\u00e7a como uma atualiza\u00e7\u00e3o da par\u00e1bola do bom samaritano &#8211; Pe. Simone Bernardi<br \/>\n<\/strong><\/a>Membro do Sermig &#8211; Servi\u00e7o Mission\u00e1rio Jovens &#8211; pertence ao Arsenal da Esperan\u00e7a, em S\u00e3o Paulo.<\/p>\n<hr \/>\n<p>A s\u00e9rie tamb\u00e9m est\u00e1 dispon\u00edvel no <a href=\"https:\/\/open.spotify.com\/show\/3yJCUUR7jfxSfUz5QpNPmM?si=hWAltGqPS0ePpWbfVDGSZA\" target=\"_blank\" rel=\"noopener noreferrer\">Spotify<\/a> \/ <a href=\"https:\/\/anchor.fm\/provinciafranciscana\" target=\"_blank\" rel=\"noopener noreferrer\">Anchor<\/a> \/ <a href=\"https:\/\/www.google.com\/podcasts?feed=aHR0cHM6Ly9hbmNob3IuZm0vcy9iMmNhODg0L3BvZGNhc3QvcnNz\" target=\"_blank\" rel=\"noopener noreferrer\">Google Podcast<\/a> \/ <a href=\"https:\/\/www.deezer.com\/pt\/show\/512502\" target=\"_blank\" rel=\"noopener noreferrer\">Deezer <\/a>\/<a href=\"https:\/\/podtail.com\/pt-BR\/podcast\/provincia-franciscana-1\/\" target=\"_blank\" rel=\"noopener noreferrer\"> Podtail<\/a> e tamb\u00e9m no Apple Podcast.<\/p>\n","protected":false},"excerpt":{"rendered":"<p>Campanha da Fraternidade<\/p>\n","protected":false},"author":1,"featured_media":221658,"comment_status":"open","ping_status":"open","sticky":false,"template":"","format":"standard","meta":[],"categories":[1],"tags":[818,1601],"acf":[],"yoast_head":"<!-- This site is optimized with the Yoast SEO plugin v19.2 - https:\/\/yoast.com\/wordpress\/plugins\/seo\/ -->\n<title>CF 2020: &quot;A justi\u00e7a punitiva s\u00f3 gera mais viol\u00eancia&quot; - Not\u00edcias - Franciscanos<\/title>\n<meta name=\"robots\" content=\"index, follow, max-snippet:-1, max-image-preview:large, max-video-preview:-1\" \/>\n<link rel=\"canonical\" href=\"https:\/\/franciscanos.org.br\/noticias\/cf-2020-a-justica-punitiva-so-gera-mais-violencia.html\" \/>\n<meta property=\"og:locale\" content=\"pt_BR\" \/>\n<meta property=\"og:type\" content=\"article\" \/>\n<meta property=\"og:title\" content=\"CF 2020: &quot;A justi\u00e7a punitiva s\u00f3 gera mais viol\u00eancia&quot; - Not\u00edcias - Franciscanos\" \/>\n<meta property=\"og:description\" content=\"Campanha da Fraternidade\" \/>\n<meta property=\"og:url\" content=\"https:\/\/franciscanos.org.br\/noticias\/cf-2020-a-justica-punitiva-so-gera-mais-violencia.html\" \/>\n<meta property=\"og:site_name\" content=\"Not\u00edcias - Franciscanos\" \/>\n<meta property=\"article:published_time\" content=\"2020-03-06T10:55:12+00:00\" \/>\n<meta property=\"article:modified_time\" content=\"2020-03-13T11:15:07+00:00\" \/>\n<meta property=\"og:image\" content=\"https:\/\/franciscanos.org.br\/noticias\/wp-content\/uploads\/2020\/03\/podcast_273.jpg\" \/>\n\t<meta property=\"og:image:width\" content=\"273\" \/>\n\t<meta property=\"og:image:height\" content=\"181\" \/>\n\t<meta property=\"og:image:type\" content=\"image\/jpeg\" \/>\n<meta name=\"author\" content=\"admin\" \/>\n<meta name=\"twitter:card\" content=\"summary_large_image\" \/>\n<meta name=\"twitter:label1\" content=\"Escrito por\" \/>\n\t<meta name=\"twitter:data1\" content=\"admin\" \/>\n\t<meta name=\"twitter:label2\" content=\"Est. tempo de leitura\" \/>\n\t<meta name=\"twitter:data2\" content=\"5 minutos\" \/>\n<script type=\"application\/ld+json\" class=\"yoast-schema-graph\">{\"@context\":\"https:\/\/schema.org\",\"@graph\":[{\"@type\":\"WebSite\",\"@id\":\"https:\/\/franciscanos.org.br\/noticias\/#website\",\"url\":\"https:\/\/franciscanos.org.br\/noticias\/\",\"name\":\"Not\u00edcias - Franciscanos\",\"description\":\"Prov\u00edncia Franciscana da Imaculada Concei\u00e7\u00e3o do Brasil - Ordem dos Frades Menores - OFM\",\"potentialAction\":[{\"@type\":\"SearchAction\",\"target\":{\"@type\":\"EntryPoint\",\"urlTemplate\":\"https:\/\/franciscanos.org.br\/noticias\/?s={search_term_string}\"},\"query-input\":\"required name=search_term_string\"}],\"inLanguage\":\"pt-BR\"},{\"@type\":\"ImageObject\",\"inLanguage\":\"pt-BR\",\"@id\":\"https:\/\/franciscanos.org.br\/noticias\/cf-2020-a-justica-punitiva-so-gera-mais-violencia.html#primaryimage\",\"url\":\"https:\/\/franciscanos.org.br\/noticias\/wp-content\/uploads\/2020\/03\/podcast_273.jpg\",\"contentUrl\":\"https:\/\/franciscanos.org.br\/noticias\/wp-content\/uploads\/2020\/03\/podcast_273.jpg\",\"width\":273,\"height\":181},{\"@type\":\"WebPage\",\"@id\":\"https:\/\/franciscanos.org.br\/noticias\/cf-2020-a-justica-punitiva-so-gera-mais-violencia.html#webpage\",\"url\":\"https:\/\/franciscanos.org.br\/noticias\/cf-2020-a-justica-punitiva-so-gera-mais-violencia.html\",\"name\":\"CF 2020: \\\"A justi\u00e7a punitiva s\u00f3 gera mais viol\u00eancia\\\" - Not\u00edcias - Franciscanos\",\"isPartOf\":{\"@id\":\"https:\/\/franciscanos.org.br\/noticias\/#website\"},\"primaryImageOfPage\":{\"@id\":\"https:\/\/franciscanos.org.br\/noticias\/cf-2020-a-justica-punitiva-so-gera-mais-violencia.html#primaryimage\"},\"datePublished\":\"2020-03-06T10:55:12+00:00\",\"dateModified\":\"2020-03-13T11:15:07+00:00\",\"author\":{\"@id\":\"https:\/\/franciscanos.org.br\/noticias\/#\/schema\/person\/b38fbf43118f02820bd932f2e4b14ad3\"},\"breadcrumb\":{\"@id\":\"https:\/\/franciscanos.org.br\/noticias\/cf-2020-a-justica-punitiva-so-gera-mais-violencia.html#breadcrumb\"},\"inLanguage\":\"pt-BR\",\"potentialAction\":[{\"@type\":\"ReadAction\",\"target\":[\"https:\/\/franciscanos.org.br\/noticias\/cf-2020-a-justica-punitiva-so-gera-mais-violencia.html\"]}]},{\"@type\":\"BreadcrumbList\",\"@id\":\"https:\/\/franciscanos.org.br\/noticias\/cf-2020-a-justica-punitiva-so-gera-mais-violencia.html#breadcrumb\",\"itemListElement\":[{\"@type\":\"ListItem\",\"position\":1,\"name\":\"Home\",\"item\":\"https:\/\/franciscanos.org.br\/noticias\"},{\"@type\":\"ListItem\",\"position\":2,\"name\":\"CF 2020: &#8220;A justi\u00e7a punitiva s\u00f3 gera mais viol\u00eancia&#8221;\"}]},{\"@type\":\"Person\",\"@id\":\"https:\/\/franciscanos.org.br\/noticias\/#\/schema\/person\/b38fbf43118f02820bd932f2e4b14ad3\",\"name\":\"admin\",\"image\":{\"@type\":\"ImageObject\",\"inLanguage\":\"pt-BR\",\"@id\":\"https:\/\/franciscanos.org.br\/noticias\/#\/schema\/person\/image\/\",\"url\":\"https:\/\/secure.gravatar.com\/avatar\/e8495742d34d0ba6448ea1c628263b3e?s=96&d=mm&r=g\",\"contentUrl\":\"https:\/\/secure.gravatar.com\/avatar\/e8495742d34d0ba6448ea1c628263b3e?s=96&d=mm&r=g\",\"caption\":\"admin\"},\"url\":\"https:\/\/franciscanos.org.br\/noticias\/author\/admin\"}]}<\/script>\n<!-- \/ Yoast SEO plugin. -->","yoast_head_json":{"title":"CF 2020: \"A justi\u00e7a punitiva s\u00f3 gera mais viol\u00eancia\" - Not\u00edcias - Franciscanos","robots":{"index":"index","follow":"follow","max-snippet":"max-snippet:-1","max-image-preview":"max-image-preview:large","max-video-preview":"max-video-preview:-1"},"canonical":"https:\/\/franciscanos.org.br\/noticias\/cf-2020-a-justica-punitiva-so-gera-mais-violencia.html","og_locale":"pt_BR","og_type":"article","og_title":"CF 2020: \"A justi\u00e7a punitiva s\u00f3 gera mais viol\u00eancia\" - Not\u00edcias - Franciscanos","og_description":"Campanha da Fraternidade","og_url":"https:\/\/franciscanos.org.br\/noticias\/cf-2020-a-justica-punitiva-so-gera-mais-violencia.html","og_site_name":"Not\u00edcias - Franciscanos","article_published_time":"2020-03-06T10:55:12+00:00","article_modified_time":"2020-03-13T11:15:07+00:00","og_image":[{"width":273,"height":181,"url":"https:\/\/franciscanos.org.br\/noticias\/wp-content\/uploads\/2020\/03\/podcast_273.jpg","type":"image\/jpeg"}],"author":"admin","twitter_card":"summary_large_image","twitter_misc":{"Escrito por":"admin","Est. tempo de leitura":"5 minutos"},"schema":{"@context":"https:\/\/schema.org","@graph":[{"@type":"WebSite","@id":"https:\/\/franciscanos.org.br\/noticias\/#website","url":"https:\/\/franciscanos.org.br\/noticias\/","name":"Not\u00edcias - Franciscanos","description":"Prov\u00edncia Franciscana da Imaculada Concei\u00e7\u00e3o do Brasil - Ordem dos Frades Menores - OFM","potentialAction":[{"@type":"SearchAction","target":{"@type":"EntryPoint","urlTemplate":"https:\/\/franciscanos.org.br\/noticias\/?s={search_term_string}"},"query-input":"required name=search_term_string"}],"inLanguage":"pt-BR"},{"@type":"ImageObject","inLanguage":"pt-BR","@id":"https:\/\/franciscanos.org.br\/noticias\/cf-2020-a-justica-punitiva-so-gera-mais-violencia.html#primaryimage","url":"https:\/\/franciscanos.org.br\/noticias\/wp-content\/uploads\/2020\/03\/podcast_273.jpg","contentUrl":"https:\/\/franciscanos.org.br\/noticias\/wp-content\/uploads\/2020\/03\/podcast_273.jpg","width":273,"height":181},{"@type":"WebPage","@id":"https:\/\/franciscanos.org.br\/noticias\/cf-2020-a-justica-punitiva-so-gera-mais-violencia.html#webpage","url":"https:\/\/franciscanos.org.br\/noticias\/cf-2020-a-justica-punitiva-so-gera-mais-violencia.html","name":"CF 2020: \"A justi\u00e7a punitiva s\u00f3 gera mais viol\u00eancia\" - Not\u00edcias - Franciscanos","isPartOf":{"@id":"https:\/\/franciscanos.org.br\/noticias\/#website"},"primaryImageOfPage":{"@id":"https:\/\/franciscanos.org.br\/noticias\/cf-2020-a-justica-punitiva-so-gera-mais-violencia.html#primaryimage"},"datePublished":"2020-03-06T10:55:12+00:00","dateModified":"2020-03-13T11:15:07+00:00","author":{"@id":"https:\/\/franciscanos.org.br\/noticias\/#\/schema\/person\/b38fbf43118f02820bd932f2e4b14ad3"},"breadcrumb":{"@id":"https:\/\/franciscanos.org.br\/noticias\/cf-2020-a-justica-punitiva-so-gera-mais-violencia.html#breadcrumb"},"inLanguage":"pt-BR","potentialAction":[{"@type":"ReadAction","target":["https:\/\/franciscanos.org.br\/noticias\/cf-2020-a-justica-punitiva-so-gera-mais-violencia.html"]}]},{"@type":"BreadcrumbList","@id":"https:\/\/franciscanos.org.br\/noticias\/cf-2020-a-justica-punitiva-so-gera-mais-violencia.html#breadcrumb","itemListElement":[{"@type":"ListItem","position":1,"name":"Home","item":"https:\/\/franciscanos.org.br\/noticias"},{"@type":"ListItem","position":2,"name":"CF 2020: &#8220;A justi\u00e7a punitiva s\u00f3 gera mais viol\u00eancia&#8221;"}]},{"@type":"Person","@id":"https:\/\/franciscanos.org.br\/noticias\/#\/schema\/person\/b38fbf43118f02820bd932f2e4b14ad3","name":"admin","image":{"@type":"ImageObject","inLanguage":"pt-BR","@id":"https:\/\/franciscanos.org.br\/noticias\/#\/schema\/person\/image\/","url":"https:\/\/secure.gravatar.com\/avatar\/e8495742d34d0ba6448ea1c628263b3e?s=96&d=mm&r=g","contentUrl":"https:\/\/secure.gravatar.com\/avatar\/e8495742d34d0ba6448ea1c628263b3e?s=96&d=mm&r=g","caption":"admin"},"url":"https:\/\/franciscanos.org.br\/noticias\/author\/admin"}]}},"_links":{"self":[{"href":"https:\/\/franciscanos.org.br\/noticias\/wp-json\/wp\/v2\/posts\/221650"}],"collection":[{"href":"https:\/\/franciscanos.org.br\/noticias\/wp-json\/wp\/v2\/posts"}],"about":[{"href":"https:\/\/franciscanos.org.br\/noticias\/wp-json\/wp\/v2\/types\/post"}],"author":[{"embeddable":true,"href":"https:\/\/franciscanos.org.br\/noticias\/wp-json\/wp\/v2\/users\/1"}],"replies":[{"embeddable":true,"href":"https:\/\/franciscanos.org.br\/noticias\/wp-json\/wp\/v2\/comments?post=221650"}],"version-history":[{"count":1,"href":"https:\/\/franciscanos.org.br\/noticias\/wp-json\/wp\/v2\/posts\/221650\/revisions"}],"predecessor-version":[{"id":221868,"href":"https:\/\/franciscanos.org.br\/noticias\/wp-json\/wp\/v2\/posts\/221650\/revisions\/221868"}],"wp:featuredmedia":[{"embeddable":true,"href":"https:\/\/franciscanos.org.br\/noticias\/wp-json\/wp\/v2\/media\/221658"}],"wp:attachment":[{"href":"https:\/\/franciscanos.org.br\/noticias\/wp-json\/wp\/v2\/media?parent=221650"}],"wp:term":[{"taxonomy":"category","embeddable":true,"href":"https:\/\/franciscanos.org.br\/noticias\/wp-json\/wp\/v2\/categories?post=221650"},{"taxonomy":"post_tag","embeddable":true,"href":"https:\/\/franciscanos.org.br\/noticias\/wp-json\/wp\/v2\/tags?post=221650"}],"curies":[{"name":"wp","href":"https:\/\/api.w.org\/{rel}","templated":true}]}}