{"id":221531,"date":"2020-03-05T06:55:54","date_gmt":"2020-03-05T09:55:54","guid":{"rendered":"https:\/\/franciscanos.org.br\/noticias\/?p=221531"},"modified":"2020-06-06T09:18:35","modified_gmt":"2020-06-06T12:18:35","slug":"o-amor-ao-proximo-e-condicao-essencial-para-ser-cristao-diz-papa-no-novo-livro","status":"publish","type":"post","link":"https:\/\/franciscanos.org.br\/noticias\/o-amor-ao-proximo-e-condicao-essencial-para-ser-cristao-diz-papa-no-novo-livro.html","title":{"rendered":"&#8220;O amor ao pr\u00f3ximo \u00e9 condi\u00e7\u00e3o essencial para ser crist\u00e3o&#8221;, diz Papa no novo livro"},"content":{"rendered":"<p>&nbsp;<\/p>\n<p><img loading=\"lazy\" class=\"alignnone wp-image-224515 size-full\" src=\"https:\/\/franciscanos.org.br\/noticias\/wp-content\/uploads\/2020\/03\/livro_06.jpg\" alt=\"\" width=\"1500\" height=\"844\" srcset=\"https:\/\/franciscanos.org.br\/noticias\/wp-content\/uploads\/2020\/03\/livro_06.jpg 1500w, https:\/\/franciscanos.org.br\/noticias\/wp-content\/uploads\/2020\/03\/livro_06-450x253.jpg 450w, https:\/\/franciscanos.org.br\/noticias\/wp-content\/uploads\/2020\/03\/livro_06-1024x576.jpg 1024w, https:\/\/franciscanos.org.br\/noticias\/wp-content\/uploads\/2020\/03\/livro_06-768x432.jpg 768w, https:\/\/franciscanos.org.br\/noticias\/wp-content\/uploads\/2020\/03\/livro_06-150x84.jpg 150w\" sizes=\"(max-width: 1500px) 100vw, 1500px\" \/><\/p>\n<p><strong>Cidade do Vaticano<\/strong> &#8211; Quais s\u00e3o as verdades de f\u00e9 que definem um crist\u00e3o e como ele deve viver para ser um crist\u00e3o verdadeiro? S\u00e3o as perguntas \u00e0s quais o Papa Francisco responde, dialogando com o padre Marco Pozza, capel\u00e3o do c\u00e1rcere de P\u00e1dua, no livro \u201cEu creio, n\u00f3s cremos\u201d, que prossegue as reflex\u00f5es iniciadas com a an\u00e1lise de outras duas ora\u00e7\u00f5es, o Pai Nosso e a Ave Maria.<\/p>\n<p><strong>A nossa f\u00e9 n\u00e3o \u00e9 uma ideologia<\/strong><br \/>\nA profiss\u00e3o de f\u00e9 conhecida como S\u00edmbolo dos Ap\u00f3stolos confessa Deus Criador do C\u00e9u e da Terra, a sua encarna\u00e7\u00e3o em Jesus pela salva\u00e7\u00e3o dos homens, o Esp\u00edrito Santo que d\u00e1 a vida, a Igreja e a comunh\u00e3o dos Santos, o perd\u00e3o dos pecados, a ressurrei\u00e7\u00e3o, a vida eterna. Mas o Credo n\u00e3o \u00e9 apenas um conjunto de f\u00f3rmulas, escreve o Papa no pref\u00e1cio do livro, \u201c\u00e9 tamb\u00e9m a express\u00e3o da vida e da experi\u00eancia que distinguia os crist\u00e3os\u201d. A coer\u00eancia entre f\u00e9 e vida, \u00e9 fundamental para o Papa, a f\u00e9 crist\u00e3 n\u00e3o \u00e9 uma f\u00e9 abstrata, ideol\u00f3gica, afastada da concretitude da realidade. \u201cN\u00e3o cremos \u2013 afirma o Papa \u2013 em um Deus abstrato ou imagin\u00e1rio, fruto das nossas ideias ou teorias. Cremos no Deus Pai que Jesus nos fez encontrar e que \u00e9 amor\u201d. \u201cOs santos \u2013 observa \u2013 s\u00e3o os verdadeiros protagonistas do cristianismo: homens e mulheres que entenderam o que quer dizer crer em um Deus que \u00e9 Pai\u201d.<\/p>\n<p><strong>Devemos aprender a sujar as m\u00e3os<\/strong><br \/>\n\u201cO nosso principal mandamento \u00e9 o amor\u201d diz o Papa Francisco e afirma: \u201cQuando vejo crist\u00e3os muito \u2018limpos\u2019, que pensam saber todas as verdades, a ortodoxia, a verdadeira doutrina \u2013 e dizem: precisa fazer assim e assim -, mas s\u00e3o incapazes de sujar suas m\u00e3os para ajudar algu\u00e9m se levantar; quando vejo estes crist\u00e3os eu digo: voc\u00eas n\u00e3o s\u00e3o crist\u00e3os; voc\u00eas s\u00e3o te\u00edstas com a \u00e1gua benta crist\u00e3, mas ainda n\u00e3o chegaram ao cristianismo\u201d. Portanto o amor ao pr\u00f3ximo \u00e9 condi\u00e7\u00e3o essencial para ser crist\u00e3o e n\u00e3o poderia ser de outro modo se o Deus ao qual se cr\u00ea \u00e9 Pai, \u00e9 Amor, \u00e9 um Deus \u201cdoente de miseric\u00f3rdia\u201d ao qual devemos nos entregar.<\/p>\n<p><strong>A Tradi\u00e7\u00e3o n\u00e3o \u00e9 um museu<\/strong><br \/>\nA rigidez n\u00e3o faz parte do modo de pensar do Papa Francisco que neste livro fala tamb\u00e9m sobre a rela\u00e7\u00e3o entre a tradi\u00e7\u00e3o da Igreja e o Esp\u00edrito que \u00e9 sempre novo e leva continuamente a Igreja a se renovar: \u201c\u00c0s vezes \u2013 l\u00ea-se no livro &#8211; pensamos que manter a tradi\u00e7\u00e3o signifique construir um museu de coisas; e a Igreja torna-se um museu. N\u00e3o, a tradi\u00e7\u00e3o \u00e9 viva, n\u00e3o uma cole\u00e7\u00e3o de coisas, ritos\u2026 \u00e9 viva. E cresce, deve crescer, como a raiz faz com que a \u00e1rvore cres\u00e7a, d\u00ea flores e frutos. Devemos sempre voltar \u00e0 tradi\u00e7\u00e3o para extrair dali o suco, a linfa que faz crescer\u201d.<\/p>\n<p><strong>Satan\u00e1s, o ju\u00edzo universal, a ressurrei\u00e7\u00e3o<\/strong><br \/>\nUm tema que o Papa Francisco fala com frequ\u00eancia \u00e9 a exist\u00eancia do dem\u00f4nio. Nas p\u00e1ginas deste livro o Papa destaca a diferen\u00e7a entre crer em algu\u00e9m e crer na exist\u00eancia de algu\u00e9m. Escreve: \u201cEu creio no Satan\u00e1s, creio na sua exist\u00eancia, mas n\u00e3o o amo. N\u00e3o digo \u2018creio em\u2019, porque sei que existe, mas devo me defender das suas sedu\u00e7\u00f5es\u201d.<\/p>\n<p>S\u00e3o belas e confortantes as palavras do Papa sobre o ju\u00edzo universal. \u201cImagino o momento em que, no crep\u00fasculo da vida \u2013 confidencia Francisco \u2013 me aproximarei de Deus, seduzido por aquela beleza, com o \u00e2nimo humilhado, a cabe\u00e7a inclinada; imagino o seu abra\u00e7o e o meu olhar que se elevar\u00e1 ao seu. N\u00e3o ousaria olh\u00e1-lo sem antes ter recebido o seu abra\u00e7o\u201d. Nos v\u00e1rios cap\u00edtulos Papa Francisco esclarece seu pensamento sobre temas como a ressurrei\u00e7\u00e3o, o di\u00e1logo com os mortos, o para\u00edso, o purgat\u00f3rio e o inferno, a pluralidade das express\u00f5es de f\u00e9 em Jesus porque \u201cDeus \u00e9 sempre maior do que n\u00f3s e nenhuma palavra, nenhuma express\u00e3o, pode esgotar a grandeza do seu amor\u201d.<\/p>\n<p><strong>Filhos de Deus<\/strong><br \/>\nNo cap\u00edtulo dedicado \u00e0 remiss\u00e3o dos pecados, o Papa volta a falar do populismo, que reapareceu no cen\u00e1rio mundial, que \u201coprime o pobre e instrumentaliza a f\u00e9\u201d. Constr\u00f3i um culto ao redor do seu \u2018porta-voz\u2019, homens e mulheres \u201cque pensam apenas em si mesmos\u201d e \u201calimentam o culto de si, acreditando-se Deus\u201d. Todavia o texto n\u00e3o analisa o conte\u00fado da f\u00e9 crist\u00e3 ponto por ponto. Como escreve ele mesmo, ainda no pref\u00e1cio: \u201cPreferi compartilhar o significado di\u00e1rio, existencial, simples mas profundo, da nossa condi\u00e7\u00e3o de sermos filhos de Deus \u2013 convidados \u00e0 mesa do amor com a pr\u00f3pria Trindade \u2013 e da amizade com os irm\u00e3os na f\u00e9 e com a humanidade inteira\u201d.<\/p>\n<hr \/>\n<p><em>Fonte: Vatican News<\/em><\/p>\n","protected":false},"excerpt":{"rendered":"<p>Novo livro do Papa Francisco<\/p>\n","protected":false},"author":3,"featured_media":224516,"comment_status":"open","ping_status":"open","sticky":false,"template":"","format":"standard","meta":[],"categories":[1428],"tags":[55],"acf":[],"yoast_head":"<!-- This site is optimized with the Yoast SEO plugin v19.2 - https:\/\/yoast.com\/wordpress\/plugins\/seo\/ -->\n<title>&quot;O amor ao pr\u00f3ximo \u00e9 condi\u00e7\u00e3o essencial para ser crist\u00e3o&quot;, diz Papa no novo livro - Not\u00edcias - Franciscanos<\/title>\n<meta name=\"robots\" content=\"index, follow, max-snippet:-1, max-image-preview:large, max-video-preview:-1\" \/>\n<link rel=\"canonical\" href=\"https:\/\/franciscanos.org.br\/noticias\/o-amor-ao-proximo-e-condicao-essencial-para-ser-cristao-diz-papa-no-novo-livro.html\" \/>\n<meta property=\"og:locale\" content=\"pt_BR\" \/>\n<meta property=\"og:type\" content=\"article\" \/>\n<meta property=\"og:title\" content=\"&quot;O amor ao pr\u00f3ximo \u00e9 condi\u00e7\u00e3o essencial para ser crist\u00e3o&quot;, diz Papa no novo livro - Not\u00edcias - Franciscanos\" \/>\n<meta property=\"og:description\" content=\"Novo livro do Papa Francisco\" \/>\n<meta property=\"og:url\" content=\"https:\/\/franciscanos.org.br\/noticias\/o-amor-ao-proximo-e-condicao-essencial-para-ser-cristao-diz-papa-no-novo-livro.html\" \/>\n<meta property=\"og:site_name\" content=\"Not\u00edcias - Franciscanos\" \/>\n<meta property=\"article:published_time\" content=\"2020-03-05T09:55:54+00:00\" \/>\n<meta property=\"article:modified_time\" content=\"2020-06-06T12:18:35+00:00\" \/>\n<meta property=\"og:image\" content=\"https:\/\/franciscanos.org.br\/noticias\/wp-content\/uploads\/2020\/03\/livro_06d.jpg\" \/>\n\t<meta property=\"og:image:width\" content=\"800\" \/>\n\t<meta property=\"og:image:height\" content=\"599\" \/>\n\t<meta property=\"og:image:type\" content=\"image\/jpeg\" \/>\n<meta name=\"author\" content=\"moacir\" \/>\n<meta name=\"twitter:card\" content=\"summary_large_image\" \/>\n<meta name=\"twitter:label1\" content=\"Escrito por\" \/>\n\t<meta name=\"twitter:data1\" content=\"moacir\" \/>\n\t<meta name=\"twitter:label2\" content=\"Est. tempo de leitura\" \/>\n\t<meta name=\"twitter:data2\" content=\"4 minutos\" \/>\n<script type=\"application\/ld+json\" class=\"yoast-schema-graph\">{\"@context\":\"https:\/\/schema.org\",\"@graph\":[{\"@type\":\"WebSite\",\"@id\":\"https:\/\/franciscanos.org.br\/noticias\/#website\",\"url\":\"https:\/\/franciscanos.org.br\/noticias\/\",\"name\":\"Not\u00edcias - Franciscanos\",\"description\":\"Prov\u00edncia Franciscana da Imaculada Concei\u00e7\u00e3o do Brasil - Ordem dos Frades Menores - OFM\",\"potentialAction\":[{\"@type\":\"SearchAction\",\"target\":{\"@type\":\"EntryPoint\",\"urlTemplate\":\"https:\/\/franciscanos.org.br\/noticias\/?s={search_term_string}\"},\"query-input\":\"required name=search_term_string\"}],\"inLanguage\":\"pt-BR\"},{\"@type\":\"ImageObject\",\"inLanguage\":\"pt-BR\",\"@id\":\"https:\/\/franciscanos.org.br\/noticias\/o-amor-ao-proximo-e-condicao-essencial-para-ser-cristao-diz-papa-no-novo-livro.html#primaryimage\",\"url\":\"https:\/\/franciscanos.org.br\/noticias\/wp-content\/uploads\/2020\/03\/livro_06d.jpg\",\"contentUrl\":\"https:\/\/franciscanos.org.br\/noticias\/wp-content\/uploads\/2020\/03\/livro_06d.jpg\",\"width\":800,\"height\":599},{\"@type\":\"WebPage\",\"@id\":\"https:\/\/franciscanos.org.br\/noticias\/o-amor-ao-proximo-e-condicao-essencial-para-ser-cristao-diz-papa-no-novo-livro.html#webpage\",\"url\":\"https:\/\/franciscanos.org.br\/noticias\/o-amor-ao-proximo-e-condicao-essencial-para-ser-cristao-diz-papa-no-novo-livro.html\",\"name\":\"\\\"O amor ao pr\u00f3ximo \u00e9 condi\u00e7\u00e3o essencial para ser crist\u00e3o\\\", diz Papa no novo livro - Not\u00edcias - Franciscanos\",\"isPartOf\":{\"@id\":\"https:\/\/franciscanos.org.br\/noticias\/#website\"},\"primaryImageOfPage\":{\"@id\":\"https:\/\/franciscanos.org.br\/noticias\/o-amor-ao-proximo-e-condicao-essencial-para-ser-cristao-diz-papa-no-novo-livro.html#primaryimage\"},\"datePublished\":\"2020-03-05T09:55:54+00:00\",\"dateModified\":\"2020-06-06T12:18:35+00:00\",\"author\":{\"@id\":\"https:\/\/franciscanos.org.br\/noticias\/#\/schema\/person\/b5c8cba458c330ccff548b056e95a5d4\"},\"breadcrumb\":{\"@id\":\"https:\/\/franciscanos.org.br\/noticias\/o-amor-ao-proximo-e-condicao-essencial-para-ser-cristao-diz-papa-no-novo-livro.html#breadcrumb\"},\"inLanguage\":\"pt-BR\",\"potentialAction\":[{\"@type\":\"ReadAction\",\"target\":[\"https:\/\/franciscanos.org.br\/noticias\/o-amor-ao-proximo-e-condicao-essencial-para-ser-cristao-diz-papa-no-novo-livro.html\"]}]},{\"@type\":\"BreadcrumbList\",\"@id\":\"https:\/\/franciscanos.org.br\/noticias\/o-amor-ao-proximo-e-condicao-essencial-para-ser-cristao-diz-papa-no-novo-livro.html#breadcrumb\",\"itemListElement\":[{\"@type\":\"ListItem\",\"position\":1,\"name\":\"Home\",\"item\":\"https:\/\/franciscanos.org.br\/noticias\"},{\"@type\":\"ListItem\",\"position\":2,\"name\":\"&#8220;O amor ao pr\u00f3ximo \u00e9 condi\u00e7\u00e3o essencial para ser crist\u00e3o&#8221;, diz Papa no novo livro\"}]},{\"@type\":\"Person\",\"@id\":\"https:\/\/franciscanos.org.br\/noticias\/#\/schema\/person\/b5c8cba458c330ccff548b056e95a5d4\",\"name\":\"moacir\",\"image\":{\"@type\":\"ImageObject\",\"inLanguage\":\"pt-BR\",\"@id\":\"https:\/\/franciscanos.org.br\/noticias\/#\/schema\/person\/image\/\",\"url\":\"https:\/\/secure.gravatar.com\/avatar\/d08aa2ce4c8dd416d4479aa8536fcf64?s=96&d=mm&r=g\",\"contentUrl\":\"https:\/\/secure.gravatar.com\/avatar\/d08aa2ce4c8dd416d4479aa8536fcf64?s=96&d=mm&r=g\",\"caption\":\"moacir\"},\"url\":\"https:\/\/franciscanos.org.br\/noticias\/author\/moacir\"}]}<\/script>\n<!-- \/ Yoast SEO plugin. -->","yoast_head_json":{"title":"\"O amor ao pr\u00f3ximo \u00e9 condi\u00e7\u00e3o essencial para ser crist\u00e3o\", diz Papa no novo livro - Not\u00edcias - Franciscanos","robots":{"index":"index","follow":"follow","max-snippet":"max-snippet:-1","max-image-preview":"max-image-preview:large","max-video-preview":"max-video-preview:-1"},"canonical":"https:\/\/franciscanos.org.br\/noticias\/o-amor-ao-proximo-e-condicao-essencial-para-ser-cristao-diz-papa-no-novo-livro.html","og_locale":"pt_BR","og_type":"article","og_title":"\"O amor ao pr\u00f3ximo \u00e9 condi\u00e7\u00e3o essencial para ser crist\u00e3o\", diz Papa no novo livro - Not\u00edcias - Franciscanos","og_description":"Novo livro do Papa Francisco","og_url":"https:\/\/franciscanos.org.br\/noticias\/o-amor-ao-proximo-e-condicao-essencial-para-ser-cristao-diz-papa-no-novo-livro.html","og_site_name":"Not\u00edcias - Franciscanos","article_published_time":"2020-03-05T09:55:54+00:00","article_modified_time":"2020-06-06T12:18:35+00:00","og_image":[{"width":800,"height":599,"url":"https:\/\/franciscanos.org.br\/noticias\/wp-content\/uploads\/2020\/03\/livro_06d.jpg","type":"image\/jpeg"}],"author":"moacir","twitter_card":"summary_large_image","twitter_misc":{"Escrito por":"moacir","Est. tempo de leitura":"4 minutos"},"schema":{"@context":"https:\/\/schema.org","@graph":[{"@type":"WebSite","@id":"https:\/\/franciscanos.org.br\/noticias\/#website","url":"https:\/\/franciscanos.org.br\/noticias\/","name":"Not\u00edcias - Franciscanos","description":"Prov\u00edncia Franciscana da Imaculada Concei\u00e7\u00e3o do Brasil - Ordem dos Frades Menores - OFM","potentialAction":[{"@type":"SearchAction","target":{"@type":"EntryPoint","urlTemplate":"https:\/\/franciscanos.org.br\/noticias\/?s={search_term_string}"},"query-input":"required name=search_term_string"}],"inLanguage":"pt-BR"},{"@type":"ImageObject","inLanguage":"pt-BR","@id":"https:\/\/franciscanos.org.br\/noticias\/o-amor-ao-proximo-e-condicao-essencial-para-ser-cristao-diz-papa-no-novo-livro.html#primaryimage","url":"https:\/\/franciscanos.org.br\/noticias\/wp-content\/uploads\/2020\/03\/livro_06d.jpg","contentUrl":"https:\/\/franciscanos.org.br\/noticias\/wp-content\/uploads\/2020\/03\/livro_06d.jpg","width":800,"height":599},{"@type":"WebPage","@id":"https:\/\/franciscanos.org.br\/noticias\/o-amor-ao-proximo-e-condicao-essencial-para-ser-cristao-diz-papa-no-novo-livro.html#webpage","url":"https:\/\/franciscanos.org.br\/noticias\/o-amor-ao-proximo-e-condicao-essencial-para-ser-cristao-diz-papa-no-novo-livro.html","name":"\"O amor ao pr\u00f3ximo \u00e9 condi\u00e7\u00e3o essencial para ser crist\u00e3o\", diz Papa no novo livro - Not\u00edcias - Franciscanos","isPartOf":{"@id":"https:\/\/franciscanos.org.br\/noticias\/#website"},"primaryImageOfPage":{"@id":"https:\/\/franciscanos.org.br\/noticias\/o-amor-ao-proximo-e-condicao-essencial-para-ser-cristao-diz-papa-no-novo-livro.html#primaryimage"},"datePublished":"2020-03-05T09:55:54+00:00","dateModified":"2020-06-06T12:18:35+00:00","author":{"@id":"https:\/\/franciscanos.org.br\/noticias\/#\/schema\/person\/b5c8cba458c330ccff548b056e95a5d4"},"breadcrumb":{"@id":"https:\/\/franciscanos.org.br\/noticias\/o-amor-ao-proximo-e-condicao-essencial-para-ser-cristao-diz-papa-no-novo-livro.html#breadcrumb"},"inLanguage":"pt-BR","potentialAction":[{"@type":"ReadAction","target":["https:\/\/franciscanos.org.br\/noticias\/o-amor-ao-proximo-e-condicao-essencial-para-ser-cristao-diz-papa-no-novo-livro.html"]}]},{"@type":"BreadcrumbList","@id":"https:\/\/franciscanos.org.br\/noticias\/o-amor-ao-proximo-e-condicao-essencial-para-ser-cristao-diz-papa-no-novo-livro.html#breadcrumb","itemListElement":[{"@type":"ListItem","position":1,"name":"Home","item":"https:\/\/franciscanos.org.br\/noticias"},{"@type":"ListItem","position":2,"name":"&#8220;O amor ao pr\u00f3ximo \u00e9 condi\u00e7\u00e3o essencial para ser crist\u00e3o&#8221;, diz Papa no novo livro"}]},{"@type":"Person","@id":"https:\/\/franciscanos.org.br\/noticias\/#\/schema\/person\/b5c8cba458c330ccff548b056e95a5d4","name":"moacir","image":{"@type":"ImageObject","inLanguage":"pt-BR","@id":"https:\/\/franciscanos.org.br\/noticias\/#\/schema\/person\/image\/","url":"https:\/\/secure.gravatar.com\/avatar\/d08aa2ce4c8dd416d4479aa8536fcf64?s=96&d=mm&r=g","contentUrl":"https:\/\/secure.gravatar.com\/avatar\/d08aa2ce4c8dd416d4479aa8536fcf64?s=96&d=mm&r=g","caption":"moacir"},"url":"https:\/\/franciscanos.org.br\/noticias\/author\/moacir"}]}},"_links":{"self":[{"href":"https:\/\/franciscanos.org.br\/noticias\/wp-json\/wp\/v2\/posts\/221531"}],"collection":[{"href":"https:\/\/franciscanos.org.br\/noticias\/wp-json\/wp\/v2\/posts"}],"about":[{"href":"https:\/\/franciscanos.org.br\/noticias\/wp-json\/wp\/v2\/types\/post"}],"author":[{"embeddable":true,"href":"https:\/\/franciscanos.org.br\/noticias\/wp-json\/wp\/v2\/users\/3"}],"replies":[{"embeddable":true,"href":"https:\/\/franciscanos.org.br\/noticias\/wp-json\/wp\/v2\/comments?post=221531"}],"version-history":[{"count":2,"href":"https:\/\/franciscanos.org.br\/noticias\/wp-json\/wp\/v2\/posts\/221531\/revisions"}],"predecessor-version":[{"id":224518,"href":"https:\/\/franciscanos.org.br\/noticias\/wp-json\/wp\/v2\/posts\/221531\/revisions\/224518"}],"wp:featuredmedia":[{"embeddable":true,"href":"https:\/\/franciscanos.org.br\/noticias\/wp-json\/wp\/v2\/media\/224516"}],"wp:attachment":[{"href":"https:\/\/franciscanos.org.br\/noticias\/wp-json\/wp\/v2\/media?parent=221531"}],"wp:term":[{"taxonomy":"category","embeddable":true,"href":"https:\/\/franciscanos.org.br\/noticias\/wp-json\/wp\/v2\/categories?post=221531"},{"taxonomy":"post_tag","embeddable":true,"href":"https:\/\/franciscanos.org.br\/noticias\/wp-json\/wp\/v2\/tags?post=221531"}],"curies":[{"name":"wp","href":"https:\/\/api.w.org\/{rel}","templated":true}]}}