{"id":221521,"date":"2020-03-03T14:05:02","date_gmt":"2020-03-03T17:05:02","guid":{"rendered":"https:\/\/franciscanos.org.br\/noticias\/?p=221521"},"modified":"2020-03-03T14:12:27","modified_gmt":"2020-03-03T17:12:27","slug":"conselho-nacional-da-ofs-define-celebracoes-dos-800-anos","status":"publish","type":"post","link":"https:\/\/franciscanos.org.br\/noticias\/conselho-nacional-da-ofs-define-celebracoes-dos-800-anos.html","title":{"rendered":"Conselho Nacional da OFS define celebra\u00e7\u00f5es dos 800 anos"},"content":{"rendered":"<p><img loading=\"lazy\" class=\"alignnone size-full wp-image-221522\" src=\"https:\/\/franciscanos.org.br\/noticias\/wp-content\/uploads\/2020\/03\/ofs_logo_03.jpg\" alt=\"\" width=\"1280\" height=\"941\" srcset=\"https:\/\/franciscanos.org.br\/noticias\/wp-content\/uploads\/2020\/03\/ofs_logo_03.jpg 1280w, https:\/\/franciscanos.org.br\/noticias\/wp-content\/uploads\/2020\/03\/ofs_logo_03-450x331.jpg 450w, https:\/\/franciscanos.org.br\/noticias\/wp-content\/uploads\/2020\/03\/ofs_logo_03-1024x753.jpg 1024w, https:\/\/franciscanos.org.br\/noticias\/wp-content\/uploads\/2020\/03\/ofs_logo_03-768x565.jpg 768w, https:\/\/franciscanos.org.br\/noticias\/wp-content\/uploads\/2020\/03\/ofs_logo_03-150x110.jpg 150w\" sizes=\"(max-width: 1280px) 100vw, 1280px\" \/><\/p>\n<p>Em 1221, o Papa Hon\u00f3rio III aprovou a <em>Memoriale Propositi<\/em>, primeira Regra da Ordem Terceira ou Ordem Franciscana Secular (OFS). Para celebrar esta data, o Conselho Nacional da OFS do Brasil, que esteve reunido em Campo Grande (MS) para o Cap\u00edtulo Avaliativo, anunciou como ser\u00e3o as celebra\u00e7\u00f5es deste jubileu da Ordem no Brasil.<\/p>\n<p>Segundo a nota do Conselho, as celebra\u00e7\u00f5es j\u00e1 est\u00e3o em andamento com a peregrina\u00e7\u00e3o da Rel\u00edquia e da imagem de S\u00e3o Francisco pelas fraternidades brasileiras. Essa celebra\u00e7\u00e3o vem sendo feita tamb\u00e9m na esfera da forma\u00e7\u00e3o, a partir do Estudo da Regra em Fraternidade.<\/p>\n<p>Para este semestre, a Equipe Nacional de Forma\u00e7\u00e3o ir\u00e1 preparar um Tr\u00edduo Celebrativo, no per\u00edodo de 24 a 26 de junho. Segundo o Conselho, o material ser\u00e1 disponibilizado com anteced\u00eancia para que as Fraternidades possam se organizar a tempo. J\u00e1 para o segundo semestre, as celebra\u00e7\u00f5es ser\u00e3o mensais.<\/p>\n<p>Esse jubileu no Brasil ter\u00e1 como evento principal o encontro a ser realizado em Canind\u00e9-CE, no per\u00edodo de 24 a 27 de junho de 2021. Esse encontro envolver\u00e1 especialmente a Jufra do Brasil, que estar\u00e1 celebrando 50 anos de vida, a Confer\u00eancia da Fam\u00edlia Franciscana do Brasil e a Prov\u00edncia Santo Ant\u00f4nio (OFM).<\/p>\n<p>Segundo o Conselho, as equipes de trabalho est\u00e3o sendo montadas e, s\u00f3 depois das primeiras reuni\u00f5es, ser\u00e3o fornecidas mais informa\u00e7\u00f5es deste evento.<\/p>\n","protected":false},"excerpt":{"rendered":"<p>Ordem Franciscana Secular<\/p>\n","protected":false},"author":3,"featured_media":221523,"comment_status":"open","ping_status":"open","sticky":false,"template":"","format":"standard","meta":[],"categories":[1],"tags":[60],"acf":[],"yoast_head":"<!-- This site is optimized with the Yoast SEO plugin v19.2 - https:\/\/yoast.com\/wordpress\/plugins\/seo\/ -->\n<title>Conselho Nacional da OFS define celebra\u00e7\u00f5es dos 800 anos - Not\u00edcias - Franciscanos<\/title>\n<meta name=\"robots\" content=\"index, follow, max-snippet:-1, max-image-preview:large, max-video-preview:-1\" \/>\n<link rel=\"canonical\" href=\"https:\/\/franciscanos.org.br\/noticias\/conselho-nacional-da-ofs-define-celebracoes-dos-800-anos.html\" \/>\n<meta property=\"og:locale\" content=\"pt_BR\" \/>\n<meta property=\"og:type\" content=\"article\" \/>\n<meta property=\"og:title\" content=\"Conselho Nacional da OFS define celebra\u00e7\u00f5es dos 800 anos - Not\u00edcias - Franciscanos\" \/>\n<meta property=\"og:description\" content=\"Ordem Franciscana Secular\" \/>\n<meta property=\"og:url\" content=\"https:\/\/franciscanos.org.br\/noticias\/conselho-nacional-da-ofs-define-celebracoes-dos-800-anos.html\" \/>\n<meta property=\"og:site_name\" content=\"Not\u00edcias - Franciscanos\" \/>\n<meta property=\"article:published_time\" content=\"2020-03-03T17:05:02+00:00\" \/>\n<meta property=\"article:modified_time\" content=\"2020-03-03T17:12:27+00:00\" \/>\n<meta property=\"og:image\" content=\"https:\/\/franciscanos.org.br\/noticias\/wp-content\/uploads\/2020\/03\/ofs_logo_03d.jpg\" \/>\n\t<meta property=\"og:image:width\" content=\"273\" \/>\n\t<meta property=\"og:image:height\" content=\"181\" \/>\n\t<meta property=\"og:image:type\" content=\"image\/jpeg\" \/>\n<meta name=\"author\" content=\"moacir\" \/>\n<meta name=\"twitter:card\" content=\"summary_large_image\" \/>\n<meta name=\"twitter:label1\" content=\"Escrito por\" \/>\n\t<meta name=\"twitter:data1\" content=\"moacir\" \/>\n\t<meta name=\"twitter:label2\" content=\"Est. tempo de leitura\" \/>\n\t<meta name=\"twitter:data2\" content=\"1 minuto\" \/>\n<script type=\"application\/ld+json\" class=\"yoast-schema-graph\">{\"@context\":\"https:\/\/schema.org\",\"@graph\":[{\"@type\":\"WebSite\",\"@id\":\"https:\/\/franciscanos.org.br\/noticias\/#website\",\"url\":\"https:\/\/franciscanos.org.br\/noticias\/\",\"name\":\"Not\u00edcias - Franciscanos\",\"description\":\"Prov\u00edncia Franciscana da Imaculada Concei\u00e7\u00e3o do Brasil - Ordem dos Frades Menores - OFM\",\"potentialAction\":[{\"@type\":\"SearchAction\",\"target\":{\"@type\":\"EntryPoint\",\"urlTemplate\":\"https:\/\/franciscanos.org.br\/noticias\/?s={search_term_string}\"},\"query-input\":\"required name=search_term_string\"}],\"inLanguage\":\"pt-BR\"},{\"@type\":\"ImageObject\",\"inLanguage\":\"pt-BR\",\"@id\":\"https:\/\/franciscanos.org.br\/noticias\/conselho-nacional-da-ofs-define-celebracoes-dos-800-anos.html#primaryimage\",\"url\":\"https:\/\/franciscanos.org.br\/noticias\/wp-content\/uploads\/2020\/03\/ofs_logo_03d.jpg\",\"contentUrl\":\"https:\/\/franciscanos.org.br\/noticias\/wp-content\/uploads\/2020\/03\/ofs_logo_03d.jpg\",\"width\":273,\"height\":181},{\"@type\":\"WebPage\",\"@id\":\"https:\/\/franciscanos.org.br\/noticias\/conselho-nacional-da-ofs-define-celebracoes-dos-800-anos.html#webpage\",\"url\":\"https:\/\/franciscanos.org.br\/noticias\/conselho-nacional-da-ofs-define-celebracoes-dos-800-anos.html\",\"name\":\"Conselho Nacional da OFS define celebra\u00e7\u00f5es dos 800 anos - Not\u00edcias - Franciscanos\",\"isPartOf\":{\"@id\":\"https:\/\/franciscanos.org.br\/noticias\/#website\"},\"primaryImageOfPage\":{\"@id\":\"https:\/\/franciscanos.org.br\/noticias\/conselho-nacional-da-ofs-define-celebracoes-dos-800-anos.html#primaryimage\"},\"datePublished\":\"2020-03-03T17:05:02+00:00\",\"dateModified\":\"2020-03-03T17:12:27+00:00\",\"author\":{\"@id\":\"https:\/\/franciscanos.org.br\/noticias\/#\/schema\/person\/b5c8cba458c330ccff548b056e95a5d4\"},\"breadcrumb\":{\"@id\":\"https:\/\/franciscanos.org.br\/noticias\/conselho-nacional-da-ofs-define-celebracoes-dos-800-anos.html#breadcrumb\"},\"inLanguage\":\"pt-BR\",\"potentialAction\":[{\"@type\":\"ReadAction\",\"target\":[\"https:\/\/franciscanos.org.br\/noticias\/conselho-nacional-da-ofs-define-celebracoes-dos-800-anos.html\"]}]},{\"@type\":\"BreadcrumbList\",\"@id\":\"https:\/\/franciscanos.org.br\/noticias\/conselho-nacional-da-ofs-define-celebracoes-dos-800-anos.html#breadcrumb\",\"itemListElement\":[{\"@type\":\"ListItem\",\"position\":1,\"name\":\"Home\",\"item\":\"https:\/\/franciscanos.org.br\/noticias\"},{\"@type\":\"ListItem\",\"position\":2,\"name\":\"Conselho Nacional da OFS define celebra\u00e7\u00f5es dos 800 anos\"}]},{\"@type\":\"Person\",\"@id\":\"https:\/\/franciscanos.org.br\/noticias\/#\/schema\/person\/b5c8cba458c330ccff548b056e95a5d4\",\"name\":\"moacir\",\"image\":{\"@type\":\"ImageObject\",\"inLanguage\":\"pt-BR\",\"@id\":\"https:\/\/franciscanos.org.br\/noticias\/#\/schema\/person\/image\/\",\"url\":\"https:\/\/secure.gravatar.com\/avatar\/d08aa2ce4c8dd416d4479aa8536fcf64?s=96&d=mm&r=g\",\"contentUrl\":\"https:\/\/secure.gravatar.com\/avatar\/d08aa2ce4c8dd416d4479aa8536fcf64?s=96&d=mm&r=g\",\"caption\":\"moacir\"},\"url\":\"https:\/\/franciscanos.org.br\/noticias\/author\/moacir\"}]}<\/script>\n<!-- \/ Yoast SEO plugin. -->","yoast_head_json":{"title":"Conselho Nacional da OFS define celebra\u00e7\u00f5es dos 800 anos - Not\u00edcias - Franciscanos","robots":{"index":"index","follow":"follow","max-snippet":"max-snippet:-1","max-image-preview":"max-image-preview:large","max-video-preview":"max-video-preview:-1"},"canonical":"https:\/\/franciscanos.org.br\/noticias\/conselho-nacional-da-ofs-define-celebracoes-dos-800-anos.html","og_locale":"pt_BR","og_type":"article","og_title":"Conselho Nacional da OFS define celebra\u00e7\u00f5es dos 800 anos - Not\u00edcias - Franciscanos","og_description":"Ordem Franciscana Secular","og_url":"https:\/\/franciscanos.org.br\/noticias\/conselho-nacional-da-ofs-define-celebracoes-dos-800-anos.html","og_site_name":"Not\u00edcias - Franciscanos","article_published_time":"2020-03-03T17:05:02+00:00","article_modified_time":"2020-03-03T17:12:27+00:00","og_image":[{"width":273,"height":181,"url":"https:\/\/franciscanos.org.br\/noticias\/wp-content\/uploads\/2020\/03\/ofs_logo_03d.jpg","type":"image\/jpeg"}],"author":"moacir","twitter_card":"summary_large_image","twitter_misc":{"Escrito por":"moacir","Est. tempo de leitura":"1 minuto"},"schema":{"@context":"https:\/\/schema.org","@graph":[{"@type":"WebSite","@id":"https:\/\/franciscanos.org.br\/noticias\/#website","url":"https:\/\/franciscanos.org.br\/noticias\/","name":"Not\u00edcias - Franciscanos","description":"Prov\u00edncia Franciscana da Imaculada Concei\u00e7\u00e3o do Brasil - Ordem dos Frades Menores - OFM","potentialAction":[{"@type":"SearchAction","target":{"@type":"EntryPoint","urlTemplate":"https:\/\/franciscanos.org.br\/noticias\/?s={search_term_string}"},"query-input":"required name=search_term_string"}],"inLanguage":"pt-BR"},{"@type":"ImageObject","inLanguage":"pt-BR","@id":"https:\/\/franciscanos.org.br\/noticias\/conselho-nacional-da-ofs-define-celebracoes-dos-800-anos.html#primaryimage","url":"https:\/\/franciscanos.org.br\/noticias\/wp-content\/uploads\/2020\/03\/ofs_logo_03d.jpg","contentUrl":"https:\/\/franciscanos.org.br\/noticias\/wp-content\/uploads\/2020\/03\/ofs_logo_03d.jpg","width":273,"height":181},{"@type":"WebPage","@id":"https:\/\/franciscanos.org.br\/noticias\/conselho-nacional-da-ofs-define-celebracoes-dos-800-anos.html#webpage","url":"https:\/\/franciscanos.org.br\/noticias\/conselho-nacional-da-ofs-define-celebracoes-dos-800-anos.html","name":"Conselho Nacional da OFS define celebra\u00e7\u00f5es dos 800 anos - Not\u00edcias - Franciscanos","isPartOf":{"@id":"https:\/\/franciscanos.org.br\/noticias\/#website"},"primaryImageOfPage":{"@id":"https:\/\/franciscanos.org.br\/noticias\/conselho-nacional-da-ofs-define-celebracoes-dos-800-anos.html#primaryimage"},"datePublished":"2020-03-03T17:05:02+00:00","dateModified":"2020-03-03T17:12:27+00:00","author":{"@id":"https:\/\/franciscanos.org.br\/noticias\/#\/schema\/person\/b5c8cba458c330ccff548b056e95a5d4"},"breadcrumb":{"@id":"https:\/\/franciscanos.org.br\/noticias\/conselho-nacional-da-ofs-define-celebracoes-dos-800-anos.html#breadcrumb"},"inLanguage":"pt-BR","potentialAction":[{"@type":"ReadAction","target":["https:\/\/franciscanos.org.br\/noticias\/conselho-nacional-da-ofs-define-celebracoes-dos-800-anos.html"]}]},{"@type":"BreadcrumbList","@id":"https:\/\/franciscanos.org.br\/noticias\/conselho-nacional-da-ofs-define-celebracoes-dos-800-anos.html#breadcrumb","itemListElement":[{"@type":"ListItem","position":1,"name":"Home","item":"https:\/\/franciscanos.org.br\/noticias"},{"@type":"ListItem","position":2,"name":"Conselho Nacional da OFS define celebra\u00e7\u00f5es dos 800 anos"}]},{"@type":"Person","@id":"https:\/\/franciscanos.org.br\/noticias\/#\/schema\/person\/b5c8cba458c330ccff548b056e95a5d4","name":"moacir","image":{"@type":"ImageObject","inLanguage":"pt-BR","@id":"https:\/\/franciscanos.org.br\/noticias\/#\/schema\/person\/image\/","url":"https:\/\/secure.gravatar.com\/avatar\/d08aa2ce4c8dd416d4479aa8536fcf64?s=96&d=mm&r=g","contentUrl":"https:\/\/secure.gravatar.com\/avatar\/d08aa2ce4c8dd416d4479aa8536fcf64?s=96&d=mm&r=g","caption":"moacir"},"url":"https:\/\/franciscanos.org.br\/noticias\/author\/moacir"}]}},"_links":{"self":[{"href":"https:\/\/franciscanos.org.br\/noticias\/wp-json\/wp\/v2\/posts\/221521"}],"collection":[{"href":"https:\/\/franciscanos.org.br\/noticias\/wp-json\/wp\/v2\/posts"}],"about":[{"href":"https:\/\/franciscanos.org.br\/noticias\/wp-json\/wp\/v2\/types\/post"}],"author":[{"embeddable":true,"href":"https:\/\/franciscanos.org.br\/noticias\/wp-json\/wp\/v2\/users\/3"}],"replies":[{"embeddable":true,"href":"https:\/\/franciscanos.org.br\/noticias\/wp-json\/wp\/v2\/comments?post=221521"}],"version-history":[{"count":0,"href":"https:\/\/franciscanos.org.br\/noticias\/wp-json\/wp\/v2\/posts\/221521\/revisions"}],"wp:featuredmedia":[{"embeddable":true,"href":"https:\/\/franciscanos.org.br\/noticias\/wp-json\/wp\/v2\/media\/221523"}],"wp:attachment":[{"href":"https:\/\/franciscanos.org.br\/noticias\/wp-json\/wp\/v2\/media?parent=221521"}],"wp:term":[{"taxonomy":"category","embeddable":true,"href":"https:\/\/franciscanos.org.br\/noticias\/wp-json\/wp\/v2\/categories?post=221521"},{"taxonomy":"post_tag","embeddable":true,"href":"https:\/\/franciscanos.org.br\/noticias\/wp-json\/wp\/v2\/tags?post=221521"}],"curies":[{"name":"wp","href":"https:\/\/api.w.org\/{rel}","templated":true}]}}