{"id":221514,"date":"2020-03-19T09:17:18","date_gmt":"2020-03-19T12:17:18","guid":{"rendered":"https:\/\/franciscanos.org.br\/noticias\/?p=221514"},"modified":"2020-03-19T09:17:18","modified_gmt":"2020-03-19T12:17:18","slug":"uma-vida-na-formacao-franciscana","status":"publish","type":"post","link":"https:\/\/franciscanos.org.br\/noticias\/uma-vida-na-formacao-franciscana.html","title":{"rendered":"Uma vida na forma\u00e7\u00e3o franciscana"},"content":{"rendered":"<p><img loading=\"lazy\" src=\"https:\/\/franciscanos.org.br\/noticias\/wp-content\/uploads\/2020\/03\/Alcides-840.jpg\" alt=\"\" width=\"840\" height=\"491\" \/><\/p>\n<p><strong>Moacir Beggo<\/strong><\/p>\n<p><em>Ga\u00facho, aos 89 anos, Frei Alcides Cella passou a maior parte dos seus 75 anos de vida religiosa franciscana trabalhando com a forma\u00e7\u00e3o. \u201cEu me sinto realizado na Ordem Franciscana, que tem espa\u00e7o e abertura para todos!\u201d, diz Frei Alcides, que reside na Par\u00f3quia S\u00e3o Jos\u00e9 de Coronel Freitas desde 2002, onde j\u00e1 foi guardi\u00e3o e vig\u00e1rio paroquial, sempre se dedicando ao \u201cBoletim da Par\u00f3quia\u201d. Nesta entrevista, ele tra\u00e7a um hist\u00f3rico de sua vida familiar e religiosa franciscana e j\u00e1 est\u00e1 na expectativa de celebrar 60 anos de vida sacerdotal no pr\u00f3ximo m\u00eas de dezembro. Acompanhe!<\/em><\/p>\n<p><strong>Site Franciscanos<\/strong> <em>\u2013 Frei, por favor, fale um pouco de sua fam\u00edlia.<\/em><\/p>\n<p><strong>Frei Alcides<\/strong> &#8211; Sou filho de \u00c2ngelo e Assumpta Zordan Cella, nascido no dia 13 de julho de 1931, em Guapor\u00e9, hoje Serafina Correa, no Rio Grande do Sul, Comunidade da Linha 14. Somos 10 irm\u00e3os (05 homens e 05 mulheres), todos, menos eu, casados e com filhos! Quando tinha meus 4 anos, a fam\u00edlia veio de mudan\u00e7a para Aratiba, nas proximidades de Erechim (RS), Par\u00f3quia S\u00e3o Pedro de Sede Dourado, localidade de Rio Anta, onde frequentei a escola prim\u00e1ria at\u00e9 4\u00aa s\u00e9rie. A professora foi Zita Flach Hendges, por mim, muito estimada e que, anos depois, transferiu-se para Chapec\u00f3 com a fam\u00edlia, sendo professora e diretora numa escola do Bairro Passo dos Fortes. Vejam sua import\u00e2ncia: Neste Bairro Passo dos Fortes, o munic\u00edpio de Chapec\u00f3 construiu uma Escola Modelo de Forma\u00e7\u00e3o, com o nome de Zita Hendges, inaugurada em 2019. Em 1945, minha fam\u00edlia mudou-se para a comunidade pr\u00f3xima, Linha Basso, que em seguida recebeu o nome da Padroeira, Santa L\u00facia da Uni\u00e3o. Dois dias depois desta mudan\u00e7a, com a idade de 13 para 14 anos, com a orienta\u00e7\u00e3o e exemplo do jovem padre Frei Artur Kleba, que muito me impulsionou, e que atendia em Tr\u00eas Arroios e Sede Dourado, ingressei no Semin\u00e1rio Franciscano de Luzerna (SC). Na \u00e9poca, esta regi\u00e3o do Noroeste do RS, era atendida pela Prov\u00edncia da Imaculada. Menciono as par\u00f3quias: Gaurama, Tr\u00eas Arroios, Aratiba, Mariano Moro, Severiano de Almeida e \u201cN\u00e3o-me-Toque\u201d!<\/p>\n<p><strong>Site Franciscanos<\/strong> <em>\u2013 A fam\u00edlia sempre lhe apoiou?<\/em><\/p>\n<p><strong>Frei Alcides<\/strong> &#8211; Quanto \u00e0 fam\u00edlia, sempre me senti apoiado pelos pais e ajudado tamb\u00e9m pelos irm\u00e3os(as), recordando com gratid\u00e3o do \u2018mano\u2019 Claudino, que estudou at\u00e9 quase ao final da Teologia em Petr\u00f3polis e foi aconselhado a desistir pelo mestre Frei Marcelo Gomes. Ele cursou a USP, recebeu bolsa de estudo para um curso de lingu\u00edstica na Fran\u00e7a, onde se formou e defendeu a tese que a Universidade publicou em um livro. Eu possuo este volume de 600 p\u00e1ginas, ainda em folhas datilografadas: Acad\u00e9mie de Nancy &#8211; Metz &#8211; Universit\u00e9 de Metz- com o conte\u00fado da Tese: \u00c9tude Comparative- Syst\u00e8me Verbal Fran\u00e7ais et Syst\u00e8me Verbal Portugais- Doctorat 3e Cycle de linguistique- present\u00e9 par Claudino Cella- An\u00e9e 1978. Obs. A Universidade publicou esta tese em livro depois da morte do meu irm\u00e3o e enviou para diversas universidades; eu n\u00e3o consegui mais um exemplar desta impress\u00e3o oficial! Ele faleceu depois de cirurgia de cora\u00e7\u00e3o que n\u00e3o deu certo.<\/p>\n<p>Sou grato tamb\u00e9m pela ajuda de minha irm\u00e3 Ortencila, que reside em S\u00e3o Leopoldo (RS); de Let\u00edcia, que mora em S\u00e3o Paulo; trabalhou at\u00e9 se aposentar em companhias a\u00e9reas (ela me proporcionou viagens para a Europa, Terra Santa e Monte Sinai, que ent\u00e3o pertencia a Israel, passando depois para o controle pol\u00edtico do Egito).<\/p>\n<p><img loading=\"lazy\" class=\" wp-image-221516 alignright\" src=\"https:\/\/franciscanos.org.br\/noticias\/wp-content\/uploads\/2020\/03\/Alcides-450.jpg\" alt=\"\" width=\"547\" height=\"797\" srcset=\"https:\/\/franciscanos.org.br\/noticias\/wp-content\/uploads\/2020\/03\/Alcides-450.jpg 450w, https:\/\/franciscanos.org.br\/noticias\/wp-content\/uploads\/2020\/03\/Alcides-450-309x450.jpg 309w, https:\/\/franciscanos.org.br\/noticias\/wp-content\/uploads\/2020\/03\/Alcides-450-150x219.jpg 150w\" sizes=\"(max-width: 547px) 100vw, 547px\" \/><strong>Site Franciscanos<\/strong> <em>\u2013 Como se deu a sua forma\u00e7\u00e3o religiosa e franciscana?<\/em><\/p>\n<p><strong>Frei Alcides<\/strong> &#8211; De 1947 a 1950 estudei no Semin\u00e1rio S\u00e3o Lu\u00eds de Tolosa, em Rio Negro, no Paran\u00e1. De 1951 a 54, fiz o Segundo Grau em Agudos (SP). O Noviciado em Rodeio, em 1955, cujo Mestre era Frei Hugolino Becker. Recebi o nome de Frei Benjamin! A Filosofia (dois anos) foi em Curitiba e a Teologia, em Petr\u00f3polis, de 1958 a 1960.<\/p>\n<p>Fui ordenado sacerdote no dia 14 de dezembro de 1960. Minha primeira missa solene se realizou em Sede Dourado, hoje Par\u00f3quia S\u00e3o Pedro, no dia 1\u00b0 de janeiro de 1961; nos dias seguintes, na comunidade de Santa L\u00facia da Uni\u00e3o; dia 6 de janeiro de 1961, na Col\u00f4nia Cella, em Chapec\u00f3, que era atendida por Frei Helvico Meyer.<\/p>\n<p>Ap\u00f3s a ordena\u00e7\u00e3o sacerdotal, nossa turma teve um ano de est\u00e1gio no Convento Santo Ant\u00f4nio, no Rio de Janeiro, sob a orienta\u00e7\u00e3o de Frei Pasc\u00e1sio Retler, atendendo comunidades da regi\u00e3o, sobretudo da Baixada Fluminense.<\/p>\n<p>A primeira transfer\u00eancia, de 1962-1965, foi para Duque de Caxias, atendida pelos franciscanos. Em 1966, fui transferido para S\u00e3o Paulo (Provincialado), liberado como coordenador provincial das voca\u00e7\u00f5es. Antes, por\u00e9m de iniciar o trabalho vocacional, participei durante seis meses do ISPAV &#8211; Instituto Pastoral Vocacional, no Rio de Janeiro. Foi um curso tamb\u00e9m de adapta\u00e7\u00e3o \u00e0s novas diretivas do Conc\u00edlio Vaticano II.<\/p>\n<p>Depois de seis anos nesta atividade volante vocacional, com sede no Provincialado, trabalhei muitos anos em casas de forma\u00e7\u00e3o, nesta sequ\u00eancia: 9 anos no Semin\u00e1rio S\u00e3o Francisco de Assis de Ituporanga (SC); 3 anos em Guaratinguet\u00e1 (SP), no Semin\u00e1rio de Voca\u00e7\u00f5es Adultas (Sevoa); 3 anos em Agudos, lecionando Portugu\u00eas, Hist\u00f3ria, Latim para o Colegial; 3 anos em Petr\u00f3polis, Convento do Sagrado, na fun\u00e7\u00e3o de ec\u00f4nomo e guardi\u00e3o.<\/p>\n<p>A seguir, mais quatro anos, como diretor, ec\u00f4nomo e professor no Semin\u00e1rio S\u00e3o Francisco de Assis de Ituporanga. Durante as f\u00e9rias, mormente, participei de Eventos e cursos de aperfei\u00e7oamento: em 1971 &#8211; Complementa\u00e7\u00e3o da Filosofia e Licenciado em Filosofia na Faculdade de Filosofia e Ci\u00eancias e Letras de Iju\u00ed (RS); em 1974 &#8211; Faculdade de orienta\u00e7\u00e3o Educacional, em Passo Fundo. Participei igualmente do III Congresso Brasileiro de Orienta\u00e7\u00e3o Educacional, em Porto Alegre, no per\u00edodo de 7 a 13 de julho\/74; em 1975 &#8211; Conclus\u00e3o e Licenciado em Orienta\u00e7\u00e3o Educacional na Universidade de Passo Fundo (RS).<\/p>\n<p>Depois dessas atividades em Casas de Forma\u00e7\u00e3o, atua em Par\u00f3quias: cinco anos em Porto Uni\u00e3o (SC); Balne\u00e1rio Cambori\u00fa (2 anos) e agora, nesta Par\u00f3quia de S\u00e3o Jos\u00e9 do Patroc\u00ednio de Coronel Freitas, desde do dia 10 de outubro 2002; primeiros tr\u00eas anos como guardi\u00e3o e a seguir na fun\u00e7\u00e3o de vig\u00e1rio paroquial at\u00e9 esta data.<\/p>\n<p><strong>Site Franciscanos<\/strong> <em>\u2013 J\u00e1 s\u00e3o dois jubileus celebrados?<\/em><\/p>\n<p><strong>Frei Alcides<\/strong> &#8211; Voltando atr\u00e1s, lembro o Jubileu de 25 anos de sacerd\u00f3cio, realizado em Guaratinguet\u00e1, no Sevoa, em 1985, com a participa\u00e7\u00e3o de muitos sacerdotes e do sr. bispo de Aparecida. E na sequ\u00eancia, celebrei a missa jubilar na Comunidade de minha fam\u00edlia, comunidade de Santa L\u00facia, munic\u00edpio de Aratiba. O outro jubileu \u00e9 o de ouro de vida sacerdotal, celebrado em tr\u00eas locais: Matriz da Par\u00f3quia S\u00e3o Pedro de Sede Dourado, Aratiba, em 12\/12\/2010; Matriz de Cel. Freitas, dia 14\/12\/2010; e Col\u00f4nia Cella, em Chapec\u00f3, dia 14\/12\/2010. Se Deus quiser, estarei celebrando 60 anos de sacerd\u00f3cio, no dia 12 dezembro deste ano.<\/p>\n<p><strong>Site Franciscanos<\/strong> <em>\u2013 Que dois momentos marcaram esses 50 anos?<\/em><\/p>\n<p><strong>Frei Alcides<\/strong> &#8211; Tive encontro com dois Ministros Gerais. Na primeira viagem \u00e0 Europa, em Assis, me encontrei e pude conversar com Frei Constantino Koser (1965\u20131979), meu ex-professor de Teologia em Petr\u00f3polis; na segunda viagem, com Frei John Vaughn (1979\u20131991),em Roma, rec\u00e9m-eleito Ministro Geral.<\/p>\n<p><strong>Site Franciscanos<\/strong> <em>\u2013 O sr. sempre teve gosto pela comunica\u00e7\u00e3o?<\/em><\/p>\n<p><strong>Frei Alcides<\/strong> &#8211; A iniciativa vem desde o Estudo de Filosofia, em Curitiba, onde iniciei com alguns colegas um Boletim interno, intitulado \u201cA Pena\u201d! Mais tarde, trabalhando na Par\u00f3quia de Balne\u00e1rio Cambori\u00fa, fui o respons\u00e1vel por um boletim paroquial. E chegando a Coronel Freitas, iniciei o \u201cBoletim da Par\u00f3quia S\u00e3o Jos\u00e9\u201d, que \u00e9 bimestral. O n\u00famero 1 saiu em mar\u00e7o\/abril de 2003. At\u00e9 novembro do ano passado foram feitas 102 edi\u00e7\u00f5es.<\/p>\n<p>Foram encadernados os 50 primeiros num s\u00f3 conjunto; depois, os seguintes 25 e mais 25, que est\u00e3o na Casa Paroquial; nos col\u00e9gios e nas sedes dos 4 munic\u00edpios da Par\u00f3quia de Coronel Freitas: \u00c1guas Frias, Uni\u00e3o do Oeste e Jardin\u00f3polis. Nestas edi\u00e7\u00f5es, constam tamb\u00e9m os hist\u00f3ricos de todas as Comunidades da Par\u00f3quia (mais de 50!).<\/p>\n<p><strong>Site Franciscanos<\/strong> <em>\u2013 Como o sr. v\u00ea o Pontificado do Papa Francisco?<\/em><\/p>\n<p><strong>Frei Alcides<\/strong> &#8211; Eu o considero muito carism\u00e1tico, corajoso, din\u00e2mico, abrindo horizontes novos para a Igreja Cat\u00f3lica!<\/p>\n<p><strong>Site Franciscanos<\/strong> <em>\u2013 O que sr. diria a um jovem que quer ser frade?<\/em><\/p>\n<p><strong>Frei Alcides<\/strong> \u2013 Jovem, se voc\u00ea sentir um apelo para ser franciscano, siga o chamado de Deus! Vai se deparar com dificuldades, tenta\u00e7\u00f5es para voltar atr\u00e1s, mas Deus e S\u00e3o Francisco lhe dar\u00e3o for\u00e7as para se purificar, santificar e ser um instrumento de evangeliza\u00e7\u00e3o no Reino deste Criador Supremo e misericordioso! V\u00e1 em frente, porque se Deus chama, tamb\u00e9m habilita! Eu me sinto realizado na Ordem Franciscana, que tem espa\u00e7o e abertura para todos! Passei por fases dif\u00edceis e tenta\u00e7\u00f5es para desistir! Sempre senti apoio por parte dos pais, de toda fam\u00edlia humana e franciscana, com bons mestres, de vida edificante, atraente para prosseguir na caminhada!<\/p>\n","protected":false},"excerpt":{"rendered":"<p>Entrevista com Frei Alcides Cella<\/p>\n","protected":false},"author":7,"featured_media":221517,"comment_status":"open","ping_status":"open","sticky":false,"template":"","format":"standard","meta":[],"categories":[758],"tags":[],"acf":[],"yoast_head":"<!-- This site is optimized with the Yoast SEO plugin v19.2 - https:\/\/yoast.com\/wordpress\/plugins\/seo\/ -->\n<title>Uma vida na forma\u00e7\u00e3o franciscana - Not\u00edcias - Franciscanos<\/title>\n<meta name=\"robots\" content=\"index, follow, max-snippet:-1, max-image-preview:large, max-video-preview:-1\" \/>\n<link rel=\"canonical\" href=\"https:\/\/franciscanos.org.br\/noticias\/uma-vida-na-formacao-franciscana.html\" \/>\n<meta property=\"og:locale\" content=\"pt_BR\" \/>\n<meta property=\"og:type\" content=\"article\" \/>\n<meta property=\"og:title\" content=\"Uma vida na forma\u00e7\u00e3o franciscana - Not\u00edcias - Franciscanos\" \/>\n<meta property=\"og:description\" content=\"Entrevista com Frei Alcides Cella\" \/>\n<meta property=\"og:url\" content=\"https:\/\/franciscanos.org.br\/noticias\/uma-vida-na-formacao-franciscana.html\" \/>\n<meta property=\"og:site_name\" content=\"Not\u00edcias - Franciscanos\" \/>\n<meta property=\"article:published_time\" content=\"2020-03-19T12:17:18+00:00\" \/>\n<meta property=\"og:image\" content=\"https:\/\/franciscanos.org.br\/noticias\/wp-content\/uploads\/2020\/03\/Alcides-273.jpg\" \/>\n\t<meta property=\"og:image:width\" content=\"273\" \/>\n\t<meta property=\"og:image:height\" content=\"181\" \/>\n\t<meta property=\"og:image:type\" content=\"image\/jpeg\" \/>\n<meta name=\"author\" content=\"jovenal\" \/>\n<meta name=\"twitter:card\" content=\"summary_large_image\" \/>\n<meta name=\"twitter:label1\" content=\"Escrito por\" \/>\n\t<meta name=\"twitter:data1\" content=\"jovenal\" \/>\n\t<meta name=\"twitter:label2\" content=\"Est. tempo de leitura\" \/>\n\t<meta name=\"twitter:data2\" content=\"8 minutos\" \/>\n<script type=\"application\/ld+json\" class=\"yoast-schema-graph\">{\"@context\":\"https:\/\/schema.org\",\"@graph\":[{\"@type\":\"WebSite\",\"@id\":\"https:\/\/franciscanos.org.br\/noticias\/#website\",\"url\":\"https:\/\/franciscanos.org.br\/noticias\/\",\"name\":\"Not\u00edcias - Franciscanos\",\"description\":\"Prov\u00edncia Franciscana da Imaculada Concei\u00e7\u00e3o do Brasil - Ordem dos Frades Menores - OFM\",\"potentialAction\":[{\"@type\":\"SearchAction\",\"target\":{\"@type\":\"EntryPoint\",\"urlTemplate\":\"https:\/\/franciscanos.org.br\/noticias\/?s={search_term_string}\"},\"query-input\":\"required name=search_term_string\"}],\"inLanguage\":\"pt-BR\"},{\"@type\":\"ImageObject\",\"inLanguage\":\"pt-BR\",\"@id\":\"https:\/\/franciscanos.org.br\/noticias\/uma-vida-na-formacao-franciscana.html#primaryimage\",\"url\":\"https:\/\/franciscanos.org.br\/noticias\/wp-content\/uploads\/2020\/03\/Alcides-273.jpg\",\"contentUrl\":\"https:\/\/franciscanos.org.br\/noticias\/wp-content\/uploads\/2020\/03\/Alcides-273.jpg\",\"width\":273,\"height\":181},{\"@type\":\"WebPage\",\"@id\":\"https:\/\/franciscanos.org.br\/noticias\/uma-vida-na-formacao-franciscana.html#webpage\",\"url\":\"https:\/\/franciscanos.org.br\/noticias\/uma-vida-na-formacao-franciscana.html\",\"name\":\"Uma vida na forma\u00e7\u00e3o franciscana - Not\u00edcias - Franciscanos\",\"isPartOf\":{\"@id\":\"https:\/\/franciscanos.org.br\/noticias\/#website\"},\"primaryImageOfPage\":{\"@id\":\"https:\/\/franciscanos.org.br\/noticias\/uma-vida-na-formacao-franciscana.html#primaryimage\"},\"datePublished\":\"2020-03-19T12:17:18+00:00\",\"dateModified\":\"2020-03-19T12:17:18+00:00\",\"author\":{\"@id\":\"https:\/\/franciscanos.org.br\/noticias\/#\/schema\/person\/c3a26b08313dd1772495ce300ab257cc\"},\"breadcrumb\":{\"@id\":\"https:\/\/franciscanos.org.br\/noticias\/uma-vida-na-formacao-franciscana.html#breadcrumb\"},\"inLanguage\":\"pt-BR\",\"potentialAction\":[{\"@type\":\"ReadAction\",\"target\":[\"https:\/\/franciscanos.org.br\/noticias\/uma-vida-na-formacao-franciscana.html\"]}]},{\"@type\":\"BreadcrumbList\",\"@id\":\"https:\/\/franciscanos.org.br\/noticias\/uma-vida-na-formacao-franciscana.html#breadcrumb\",\"itemListElement\":[{\"@type\":\"ListItem\",\"position\":1,\"name\":\"Home\",\"item\":\"https:\/\/franciscanos.org.br\/noticias\"},{\"@type\":\"ListItem\",\"position\":2,\"name\":\"Uma vida na forma\u00e7\u00e3o franciscana\"}]},{\"@type\":\"Person\",\"@id\":\"https:\/\/franciscanos.org.br\/noticias\/#\/schema\/person\/c3a26b08313dd1772495ce300ab257cc\",\"name\":\"jovenal\",\"image\":{\"@type\":\"ImageObject\",\"inLanguage\":\"pt-BR\",\"@id\":\"https:\/\/franciscanos.org.br\/noticias\/#\/schema\/person\/image\/\",\"url\":\"https:\/\/secure.gravatar.com\/avatar\/e94509f531086e2eaf97e72f29ea00f9?s=96&d=mm&r=g\",\"contentUrl\":\"https:\/\/secure.gravatar.com\/avatar\/e94509f531086e2eaf97e72f29ea00f9?s=96&d=mm&r=g\",\"caption\":\"jovenal\"},\"url\":\"https:\/\/franciscanos.org.br\/noticias\/author\/jovenal\"}]}<\/script>\n<!-- \/ Yoast SEO plugin. -->","yoast_head_json":{"title":"Uma vida na forma\u00e7\u00e3o franciscana - Not\u00edcias - Franciscanos","robots":{"index":"index","follow":"follow","max-snippet":"max-snippet:-1","max-image-preview":"max-image-preview:large","max-video-preview":"max-video-preview:-1"},"canonical":"https:\/\/franciscanos.org.br\/noticias\/uma-vida-na-formacao-franciscana.html","og_locale":"pt_BR","og_type":"article","og_title":"Uma vida na forma\u00e7\u00e3o franciscana - Not\u00edcias - Franciscanos","og_description":"Entrevista com Frei Alcides Cella","og_url":"https:\/\/franciscanos.org.br\/noticias\/uma-vida-na-formacao-franciscana.html","og_site_name":"Not\u00edcias - Franciscanos","article_published_time":"2020-03-19T12:17:18+00:00","og_image":[{"width":273,"height":181,"url":"https:\/\/franciscanos.org.br\/noticias\/wp-content\/uploads\/2020\/03\/Alcides-273.jpg","type":"image\/jpeg"}],"author":"jovenal","twitter_card":"summary_large_image","twitter_misc":{"Escrito por":"jovenal","Est. tempo de leitura":"8 minutos"},"schema":{"@context":"https:\/\/schema.org","@graph":[{"@type":"WebSite","@id":"https:\/\/franciscanos.org.br\/noticias\/#website","url":"https:\/\/franciscanos.org.br\/noticias\/","name":"Not\u00edcias - Franciscanos","description":"Prov\u00edncia Franciscana da Imaculada Concei\u00e7\u00e3o do Brasil - Ordem dos Frades Menores - OFM","potentialAction":[{"@type":"SearchAction","target":{"@type":"EntryPoint","urlTemplate":"https:\/\/franciscanos.org.br\/noticias\/?s={search_term_string}"},"query-input":"required name=search_term_string"}],"inLanguage":"pt-BR"},{"@type":"ImageObject","inLanguage":"pt-BR","@id":"https:\/\/franciscanos.org.br\/noticias\/uma-vida-na-formacao-franciscana.html#primaryimage","url":"https:\/\/franciscanos.org.br\/noticias\/wp-content\/uploads\/2020\/03\/Alcides-273.jpg","contentUrl":"https:\/\/franciscanos.org.br\/noticias\/wp-content\/uploads\/2020\/03\/Alcides-273.jpg","width":273,"height":181},{"@type":"WebPage","@id":"https:\/\/franciscanos.org.br\/noticias\/uma-vida-na-formacao-franciscana.html#webpage","url":"https:\/\/franciscanos.org.br\/noticias\/uma-vida-na-formacao-franciscana.html","name":"Uma vida na forma\u00e7\u00e3o franciscana - Not\u00edcias - Franciscanos","isPartOf":{"@id":"https:\/\/franciscanos.org.br\/noticias\/#website"},"primaryImageOfPage":{"@id":"https:\/\/franciscanos.org.br\/noticias\/uma-vida-na-formacao-franciscana.html#primaryimage"},"datePublished":"2020-03-19T12:17:18+00:00","dateModified":"2020-03-19T12:17:18+00:00","author":{"@id":"https:\/\/franciscanos.org.br\/noticias\/#\/schema\/person\/c3a26b08313dd1772495ce300ab257cc"},"breadcrumb":{"@id":"https:\/\/franciscanos.org.br\/noticias\/uma-vida-na-formacao-franciscana.html#breadcrumb"},"inLanguage":"pt-BR","potentialAction":[{"@type":"ReadAction","target":["https:\/\/franciscanos.org.br\/noticias\/uma-vida-na-formacao-franciscana.html"]}]},{"@type":"BreadcrumbList","@id":"https:\/\/franciscanos.org.br\/noticias\/uma-vida-na-formacao-franciscana.html#breadcrumb","itemListElement":[{"@type":"ListItem","position":1,"name":"Home","item":"https:\/\/franciscanos.org.br\/noticias"},{"@type":"ListItem","position":2,"name":"Uma vida na forma\u00e7\u00e3o franciscana"}]},{"@type":"Person","@id":"https:\/\/franciscanos.org.br\/noticias\/#\/schema\/person\/c3a26b08313dd1772495ce300ab257cc","name":"jovenal","image":{"@type":"ImageObject","inLanguage":"pt-BR","@id":"https:\/\/franciscanos.org.br\/noticias\/#\/schema\/person\/image\/","url":"https:\/\/secure.gravatar.com\/avatar\/e94509f531086e2eaf97e72f29ea00f9?s=96&d=mm&r=g","contentUrl":"https:\/\/secure.gravatar.com\/avatar\/e94509f531086e2eaf97e72f29ea00f9?s=96&d=mm&r=g","caption":"jovenal"},"url":"https:\/\/franciscanos.org.br\/noticias\/author\/jovenal"}]}},"_links":{"self":[{"href":"https:\/\/franciscanos.org.br\/noticias\/wp-json\/wp\/v2\/posts\/221514"}],"collection":[{"href":"https:\/\/franciscanos.org.br\/noticias\/wp-json\/wp\/v2\/posts"}],"about":[{"href":"https:\/\/franciscanos.org.br\/noticias\/wp-json\/wp\/v2\/types\/post"}],"author":[{"embeddable":true,"href":"https:\/\/franciscanos.org.br\/noticias\/wp-json\/wp\/v2\/users\/7"}],"replies":[{"embeddable":true,"href":"https:\/\/franciscanos.org.br\/noticias\/wp-json\/wp\/v2\/comments?post=221514"}],"version-history":[{"count":1,"href":"https:\/\/franciscanos.org.br\/noticias\/wp-json\/wp\/v2\/posts\/221514\/revisions"}],"predecessor-version":[{"id":221945,"href":"https:\/\/franciscanos.org.br\/noticias\/wp-json\/wp\/v2\/posts\/221514\/revisions\/221945"}],"wp:featuredmedia":[{"embeddable":true,"href":"https:\/\/franciscanos.org.br\/noticias\/wp-json\/wp\/v2\/media\/221517"}],"wp:attachment":[{"href":"https:\/\/franciscanos.org.br\/noticias\/wp-json\/wp\/v2\/media?parent=221514"}],"wp:term":[{"taxonomy":"category","embeddable":true,"href":"https:\/\/franciscanos.org.br\/noticias\/wp-json\/wp\/v2\/categories?post=221514"},{"taxonomy":"post_tag","embeddable":true,"href":"https:\/\/franciscanos.org.br\/noticias\/wp-json\/wp\/v2\/tags?post=221514"}],"curies":[{"name":"wp","href":"https:\/\/api.w.org\/{rel}","templated":true}]}}