{"id":221507,"date":"2020-03-03T13:18:29","date_gmt":"2020-03-03T16:18:29","guid":{"rendered":"https:\/\/franciscanos.org.br\/noticias\/?p=221507"},"modified":"2020-05-18T10:23:36","modified_gmt":"2020-05-18T13:23:36","slug":"acredito-naquele-que-um-dia-me-chamou-e-enviou","status":"publish","type":"post","link":"https:\/\/franciscanos.org.br\/noticias\/acredito-naquele-que-um-dia-me-chamou-e-enviou.html","title":{"rendered":"\u201cAcredito naquele que um dia me chamou e enviou\u201d"},"content":{"rendered":"<p><img loading=\"lazy\" src=\"https:\/\/franciscanos.org.br\/noticias\/wp-content\/uploads\/2020\/03\/decker-840.jpg\" alt=\"\" width=\"840\" height=\"452\" \/><\/p>\n<p><strong>Moacir Beggo<\/strong><\/p>\n<p><em>&#8220;Sou feliz como sou e naquilo que fa\u00e7o\u201d. Sinceridade \u00e9 uma palavra tamb\u00e9m que define bem Frei Nilton Decker, que aceitou falar um pouco de sua hist\u00f3ria de vida familiar e religiosa franciscana nesta s\u00e9rie \u201cNossos Frades\u201c.<\/em><\/p>\n<p><em>Natural de Ibicar\u00e9 (SC), onde nasceu no dia 28 de janeiro de 1950, Frei Nilton Decker ingressou na Ordem dos Frades Menores quando vestiu o h\u00e1bito franciscano em Rodeio, no dia 20 de janeiro de 1971. Sua profiss\u00e3o solene fez no dia de S\u00e3o Francisco de Assis, em 1975 e foi ordenado presb\u00edtero no dia 31 de dezembro de 1976. <\/em><\/p>\n<p><em>Para Frei Nilton, que em 2022 completar\u00e1 50 anos de vida religiosa, n\u00e3o existe uma crise vocacional, mas de \u201csantidade, testemunho e convers\u00e3o\u201d. \u201cPara muitos jovens n\u00e3o \u00e9 falta de Deus. Mas medo de abra\u00e7ar algo, cujo caminho n\u00e3o \u00e9 claro, correto e santo, como Deus exige de cada religioso ou sacerdote\u201d, avalia o frade que trabalhou quase toda a sua vida na forma\u00e7\u00e3o religiosa.<\/em><\/p>\n<p><strong>Site Franciscanos<\/strong> <em>\u2013 De onde \u00e9 a sua fam\u00edlia?<\/em><\/p>\n<p><strong>Frei Nilton<\/strong> &#8211; Eu nasci no dia 28 de janeiro de 1950. Meus pais eram naturais de Ant\u00f4nio Carlos, bem no interior, em Vila Doze, onde tamb\u00e9m moravam meus av\u00f3s. Como era uma fam\u00edlia numerosa, tiveram que procurar o sustento em Ibicar\u00e9-SC, juntamente com outros 4 irm\u00e3os, acompanhados do meu av\u00f4, na capela de Linha Tri\u00e2ngulo. Fiz o prim\u00e1rio na escola isolada de Linha Tri\u00e2ngulo at\u00e9 o terceiro ano e depois ingressei no Semin\u00e1rio de Luzerna, aos 12 anos, em 1962. Foi o ano da inaugura\u00e7\u00e3o do Semin\u00e1rio S\u00e3o Jo\u00e3o Batista. Fiz dois anos de admiss\u00e3o, partindo depois para Rio Negro, Agudos, Postulantado, Noviciado, Filosofia e Teologia em Petr\u00f3polis. Fui ordenado sacerdote no dia 31 de dezembro de 1976, por Dom Henrique M\u00fcller, OFM, e a primeira Missa na Linha Tri\u00e2ngulo, no dia 2 de janeiro de 1977.<\/p>\n<p><strong>Site Franciscanos<\/strong> <em>\u2013 Fale um pouco mais de sua fam\u00edlia. <\/em><\/p>\n<p><strong>Frei Nilton<\/strong> &#8211; N\u00f3s somos 11 irm\u00e3os. Todos ajud\u00e1vamos os pais na lida da ro\u00e7a, na luta para conseguir o p\u00e3o de cada dia. Eram tempos dif\u00edceis, mas tamb\u00e9m de belas lembran\u00e7as, onde viv\u00edamos um verdadeiro esp\u00edrito de fam\u00edlia, um ajudando o outro no trabalho da ro\u00e7a, brincando juntos, rezando o ter\u00e7o todas as noites, etc. Cada filho aprendeu a ser respons\u00e1vel e a fazer um pouco de tudo, visto que \u00e9ramos 9 homens e duas mulheres. Tenho uma irm\u00e3 que \u00e9 religiosa, das Irm\u00e3s de S\u00e3o Jos\u00e9 de Chamberie e trabalha em Pacaraima, Boa Vista, com os imigrantes venezuelanos. Outros cinco irm\u00e3os fizeram pequenas experi\u00eancias no semin\u00e1rio. Somente o Bruno foi at\u00e9 o final da Teologia, fez profiss\u00e3o solene e, ap\u00f3s dois anos de pastoral na par\u00f3quia, desistiu, morando hoje em S\u00e3o Jos\u00e9-SC. Nossa l\u00edngua em casa era o alem\u00e3o, por isso, quando entrei no semin\u00e1rio, mal sabia falar o portugu\u00eas, trocando as letras em cada \u201ctorradinha\u201d.<\/p>\n<p><strong>Site Franciscanos<\/strong> <em>\u2013 E a voca\u00e7\u00e3o, como surgiu?<\/em><\/p>\n<p><strong>Frei Nilton<\/strong> &#8211; Hoje se fala muito que a voca\u00e7\u00e3o nasce na fam\u00edlia, a primeira escola da f\u00e9 e da voca\u00e7\u00e3o, o lugar onde Deus vai conduzindo os passos de cada um. Na realidade, eu n\u00e3o falava em ir para o Semin\u00e1rio. Um certo dia, como num piscar de olhos, veio o desejo de ir. Meu pai foi falar com os freis em Luzerna e j\u00e1 no ano seguinte estava iniciando a caminhada. Meu pai sempre esteve ligado \u00e0 Igreja, dava catequese, \u201cpuxava a reza\u201d na Igreja, cantava e organizava tudo. A m\u00e3e, sempre ao lado dele, o ajudava muito, especialmente no canto, pois tinha voz boa para cantar. O ambiente religioso e o contato com os diversos freis presentes, seja na fam\u00edlia como nas celebra\u00e7\u00f5es (Frei Abel Schneider, Frei S\u00e9rgio Hillesheim, Frei Jord\u00e3o Buschoff e Frei Bruno Kreling), despertaram o desejo de ir para o semin\u00e1rio. S\u00f3 lembro que para os pais foi muito dif\u00edcil o filho mais velho sair de casa. Tanto assim que o pai pagava o semin\u00e1rio trazendo um saco de feij\u00e3o, de arroz, ovos, frangos, etc. Dinheiro a gente quase nunca via.<\/p>\n<p><strong>Site Franciscanos<\/strong> <em>\u2013 Por onde voc\u00ea andou desde que se tornou presb\u00edtero? <\/em><\/p>\n<p><strong>Frei Nilton<\/strong> &#8211; Eu nunca tinha grande desejo de trabalhar na forma\u00e7\u00e3o. Mas, ainda em Petr\u00f3polis, antes de terminar os estudos, veio o pedido de ajuda no Semin\u00e1rio de Rio Brilhante-MS. Era minha \u00faltima op\u00e7\u00e3o de escolha, mas ela se tornou a primeira e fui transferido, j\u00e1 em julho de 1977 para ser formador. L\u00e1 j\u00e1 estavam o Frei Maur\u00edlio Schelbauer, Frei Ari do Amaral Praxedes, Frei Sebasti\u00e3o Assis de Figueiredo, Frei Jo\u00e3o Jorge Ribeiro e Frei Jo\u00e3o Pflanzer, entre outros que vieram depois. O Semin\u00e1rio de Rio Brilhante, por ser a primeira transfer\u00eancia, me marcou bastante. N\u00e3o tanto por estar distante de todos, seja da fam\u00edlia e dos confrades da Prov\u00edncia, mas pela conviv\u00eancia com a Cust\u00f3dia das Sete Alegrias, o trabalho junto \u00e0 comunidade, grupos de jovens, forma\u00e7\u00e3o, etc. Sempre me lembro de tudo e de todos e tenho saudades de l\u00e1.<\/p>\n<p>No final do Cap\u00edtulo Provincial de 1984 veio o pedido de transfer\u00eancia para Lages, onde havia a experi\u00eancia de voca\u00e7\u00f5es adultas. Permaneci a\u00ed por dois anos e depois acompanhei uma parte da turma at\u00e9 Luzerna, porque estava terminando a experi\u00eancia de Lages por diversos motivos. Em Luzerna permaneci por tr\u00eas anos (1986-1988), depois nove anos em Ituporanga (1989-1997), sempre como orientador e professor de algumas mat\u00e9rias extracurriculares. Ituporanga foi um tempo de muita atividade junto aos 120 seminaristas. Sei que poucos daqueles perseveraram, mas n\u00e3o deixamos de cumprir nossa miss\u00e3o de cada dia. Nos \u00faltimos tr\u00eas anos fui guardi\u00e3o, acompanhando a constru\u00e7\u00e3o do gin\u00e1sio, que ainda serve at\u00e9 hoje para jogos, festas e outros eventos.<\/p>\n<p>A minha transfer\u00eancia para Agudos, em 1998, foi uma das mais dif\u00edceis, pela complexidade da casa, envolvendo semin\u00e1rio, fazenda, encontros e reformas. Com a ajuda da Fraternidade, fomos vencendo todos os obst\u00e1culos, nunca nos omitindo do trabalho e da nossa responsabilidade. Frei Marcos Ant\u00f4nio de Andrade, Frei Raimundo J. de O. Castro, Frei Walter Hugo de Almeida, Frei Greg\u00f3rio Johnscher, Frei Osmar Dalazen, Frei Jos\u00e9 Lino Zimmermann, form\u00e1vamos a equipe formadora.<\/p>\n<p>No ano 2001 veio nova tarefa desafiadora: ser vice-mestre dos novi\u00e7os, juntamente com Frei Fid\u00eancio Vanboemmel. Durante seis anos me dediquei inteiramente ao noviciado, na forma\u00e7\u00e3o lit\u00fargica, ensaios di\u00e1rios de cantos, etc. Foram seis anos de forma\u00e7\u00e3o e de crescimento para mim tamb\u00e9m.<\/p>\n<p>Depois disso pensava em fazer uma experi\u00eancia em par\u00f3quia. Mas veio mais um pedido. Ser mestre em Rondinha. Como sempre fui obediente, aceitei o desafio e permaneci por seis anos. Inici\u00e1vamos o ano de 2007 com 74 estudantes. \u00d3timo para acompanhar cada um e, no final, fazer 74 relat\u00f3rios para serem enviados ao Definit\u00f3rio.<\/p>\n<p>Finalmente, ap\u00f3s 36 anos, meu desejo de trabalhar um pouco na evangeliza\u00e7\u00e3o veio, sendo transferido para Santo Amaro da Imperatriz, onde estou at\u00e9 hoje, quase completando sete anos de atividade, formando Fraternidade com Frei Angelo Jos\u00e9 Luiz e de Frei Gentil de Lima Branco.<\/p>\n<p><img loading=\"lazy\" src=\"https:\/\/franciscanos.org.br\/noticias\/wp-content\/uploads\/2020\/03\/decker-840-b.jpg\" alt=\"\" width=\"840\" height=\"345\" \/><\/p>\n<p><strong>Site Franciscanos<\/strong> <em>\u2013 Gostou deste tempo da forma\u00e7\u00e3o? <\/em><\/p>\n<p><strong>Frei Nilton<\/strong> &#8211; Se eu dissesse que n\u00e3o estaria mentindo. Eu acredito que o lugar em que a gente est\u00e1 \u00e9 o lugar certo para darmos o melhor de n\u00f3s mesmos. Sempre sou grato por todos os confrades que conviveram com a gente, na sublime tarefa da forma\u00e7\u00e3o e admiro a todos os que ainda hoje continuam, com muitas dificuldades, marcando presen\u00e7a silenciosa no meio destes jovens. N\u00e3o me arrependo de nada. Fui feliz naquilo que fiz, dentro das minhas limita\u00e7\u00f5es. Sempre me perguntam se gostaria de voltar a trabalhar na forma\u00e7\u00e3o. N\u00e3o digo que seja imposs\u00edvel. Apenas penso que os tempos s\u00e3o outros e teria muita dificuldade em me adaptar novamente.<\/p>\n<p><strong>Site Franciscanos<\/strong> <em>\u2013 Como \u00e9 o Frei Nilton? Poderia fazer um autorretrato? <\/em><\/p>\n<p><strong>Frei Nilton<\/strong> &#8211; Eu me considero uma pessoa tranquila. \u00c0s vezes o meu jeito de falar \u00e9 um tanto agressivo, o que tem causado certa dificuldade com alguns confrades ao longo da caminhada. Mas sou feliz como sou e naquilo que fa\u00e7o. J\u00e1 vou completar 70 anos em janeiro e cada vez mais preciso cuidar de mim mesmo, reconhecer certas limita\u00e7\u00f5es e saber que nunca estamos sozinhos. Sempre precisaremos de ajuda das pessoas, dos confrades. Em 2022 irei fazer 50 anos de Vida Religiosa e espero cada dia poder renovar meu compromisso como religioso franciscano, como sacerdote. Acredito naquele que um dia me chamou e enviou, para ser testemunha, na humildade e na alegria, do Evangelho de Jesus.<\/p>\n<p><strong>Site Franciscanos<\/strong> <em>\u2013 Existe crise vocacional na Vida Religiosa? <\/em><\/p>\n<p><strong>Frei Nilton<\/strong> &#8211; A quest\u00e3o vocacional n\u00e3o \u00e9 somente uma quest\u00e3o de propaganda, de panfletos ou de palavras. Parece-me necess\u00e1rio refletir sobre as nossas fam\u00edlias, primeira escola da f\u00e9 e nossa vida como confrades menores. Por que o jovem n\u00e3o se decide a viver nosso jeito de viver ou n\u00e3o se encanta pela nossa op\u00e7\u00e3o de seguir Jesus Cristo na Vida Religiosa? S\u00e3o Paulo diz: \u201cSede meus imitadores&#8230;\u201d (Fl 3, 17). N\u00f3s podemos ser exemplo para os jovens que nos procuram? N\u00e3o \u00e9 tanto crise, mas santidade, testemunho e convers\u00e3o. Para muitos jovens n\u00e3o \u00e9 falta de Deus, mas medo de abra\u00e7ar algo, cujo caminho n\u00e3o \u00e9 claro, correto e santo, como Deus exige de cada religioso ou sacerdote.<\/p>\n<p><strong>Site Franciscanos<\/strong> <em>\u2013 O que voc\u00ea diria a um jovem que deseja seguir os passos de Francisco de Assis? <\/em><\/p>\n<p><strong>Frei Nilton<\/strong> &#8211; Todo jovem tem sonhos, anseia por uma vida mais justa e fraterna, tem potencialidades mil para se doar e ser a diferen\u00e7a na fam\u00edlia, na Igreja e na sociedade. Por isso, coragem! N\u00e3o tenha medo e saiba que Deus o ama e precisa de voc\u00ea. O caminho \u00e9 estreito e, apesar das dificuldades que sempre existiram e existir\u00e3o, poder\u00e3o realizar os seus sonhos de serem disc\u00edpulos e mission\u00e1rios do Senhor. Pe\u00e7a ao Senhor que mostre sua voca\u00e7\u00e3o e reze bastante. Ou como dizia Santo Ambr\u00f3sio: \u201cDevemos rezar como se tudo dependesse de Deus e agir como se tudo dependesse de n\u00f3s\u201d. Nunca desistam de seus sonhos. Ou como diz o Papa Francisco: \u201cN\u00e3o fiquem observando a vida da sacada. N\u00e3o sejam como ve\u00edculos estacionados. N\u00e3o olhem o mundo como turista\u201d. Ide sem medo e anunciai a alegria do Evangelho a toda criatura.<\/p>\n","protected":false},"excerpt":{"rendered":"<p>Entrevista com Frei Nilton Decker<\/p>\n","protected":false},"author":7,"featured_media":221508,"comment_status":"open","ping_status":"open","sticky":false,"template":"","format":"standard","meta":[],"categories":[758],"tags":[],"acf":[],"yoast_head":"<!-- This site is optimized with the Yoast SEO plugin v19.2 - https:\/\/yoast.com\/wordpress\/plugins\/seo\/ -->\n<title>\u201cAcredito naquele que um dia me chamou e enviou\u201d - Not\u00edcias - Franciscanos<\/title>\n<meta name=\"robots\" content=\"index, follow, max-snippet:-1, max-image-preview:large, max-video-preview:-1\" \/>\n<link rel=\"canonical\" href=\"https:\/\/franciscanos.org.br\/noticias\/acredito-naquele-que-um-dia-me-chamou-e-enviou.html\" \/>\n<meta property=\"og:locale\" content=\"pt_BR\" \/>\n<meta property=\"og:type\" content=\"article\" \/>\n<meta property=\"og:title\" content=\"\u201cAcredito naquele que um dia me chamou e enviou\u201d - Not\u00edcias - Franciscanos\" \/>\n<meta property=\"og:description\" content=\"Entrevista com Frei Nilton Decker\" \/>\n<meta property=\"og:url\" content=\"https:\/\/franciscanos.org.br\/noticias\/acredito-naquele-que-um-dia-me-chamou-e-enviou.html\" \/>\n<meta property=\"og:site_name\" content=\"Not\u00edcias - Franciscanos\" \/>\n<meta property=\"article:published_time\" content=\"2020-03-03T16:18:29+00:00\" \/>\n<meta property=\"article:modified_time\" content=\"2020-05-18T13:23:36+00:00\" \/>\n<meta property=\"og:image\" content=\"https:\/\/franciscanos.org.br\/noticias\/wp-content\/uploads\/2020\/03\/decker-273.jpg\" \/>\n\t<meta property=\"og:image:width\" content=\"273\" \/>\n\t<meta property=\"og:image:height\" content=\"181\" \/>\n\t<meta property=\"og:image:type\" content=\"image\/jpeg\" \/>\n<meta name=\"author\" content=\"jovenal\" \/>\n<meta name=\"twitter:card\" content=\"summary_large_image\" \/>\n<meta name=\"twitter:label1\" content=\"Escrito por\" \/>\n\t<meta name=\"twitter:data1\" content=\"jovenal\" \/>\n\t<meta name=\"twitter:label2\" content=\"Est. tempo de leitura\" \/>\n\t<meta name=\"twitter:data2\" content=\"9 minutos\" \/>\n<script type=\"application\/ld+json\" class=\"yoast-schema-graph\">{\"@context\":\"https:\/\/schema.org\",\"@graph\":[{\"@type\":\"WebSite\",\"@id\":\"https:\/\/franciscanos.org.br\/noticias\/#website\",\"url\":\"https:\/\/franciscanos.org.br\/noticias\/\",\"name\":\"Not\u00edcias - Franciscanos\",\"description\":\"Prov\u00edncia Franciscana da Imaculada Concei\u00e7\u00e3o do Brasil - Ordem dos Frades Menores - OFM\",\"potentialAction\":[{\"@type\":\"SearchAction\",\"target\":{\"@type\":\"EntryPoint\",\"urlTemplate\":\"https:\/\/franciscanos.org.br\/noticias\/?s={search_term_string}\"},\"query-input\":\"required name=search_term_string\"}],\"inLanguage\":\"pt-BR\"},{\"@type\":\"ImageObject\",\"inLanguage\":\"pt-BR\",\"@id\":\"https:\/\/franciscanos.org.br\/noticias\/acredito-naquele-que-um-dia-me-chamou-e-enviou.html#primaryimage\",\"url\":\"https:\/\/franciscanos.org.br\/noticias\/wp-content\/uploads\/2020\/03\/decker-273.jpg\",\"contentUrl\":\"https:\/\/franciscanos.org.br\/noticias\/wp-content\/uploads\/2020\/03\/decker-273.jpg\",\"width\":273,\"height\":181},{\"@type\":\"WebPage\",\"@id\":\"https:\/\/franciscanos.org.br\/noticias\/acredito-naquele-que-um-dia-me-chamou-e-enviou.html#webpage\",\"url\":\"https:\/\/franciscanos.org.br\/noticias\/acredito-naquele-que-um-dia-me-chamou-e-enviou.html\",\"name\":\"\u201cAcredito naquele que um dia me chamou e enviou\u201d - Not\u00edcias - Franciscanos\",\"isPartOf\":{\"@id\":\"https:\/\/franciscanos.org.br\/noticias\/#website\"},\"primaryImageOfPage\":{\"@id\":\"https:\/\/franciscanos.org.br\/noticias\/acredito-naquele-que-um-dia-me-chamou-e-enviou.html#primaryimage\"},\"datePublished\":\"2020-03-03T16:18:29+00:00\",\"dateModified\":\"2020-05-18T13:23:36+00:00\",\"author\":{\"@id\":\"https:\/\/franciscanos.org.br\/noticias\/#\/schema\/person\/c3a26b08313dd1772495ce300ab257cc\"},\"breadcrumb\":{\"@id\":\"https:\/\/franciscanos.org.br\/noticias\/acredito-naquele-que-um-dia-me-chamou-e-enviou.html#breadcrumb\"},\"inLanguage\":\"pt-BR\",\"potentialAction\":[{\"@type\":\"ReadAction\",\"target\":[\"https:\/\/franciscanos.org.br\/noticias\/acredito-naquele-que-um-dia-me-chamou-e-enviou.html\"]}]},{\"@type\":\"BreadcrumbList\",\"@id\":\"https:\/\/franciscanos.org.br\/noticias\/acredito-naquele-que-um-dia-me-chamou-e-enviou.html#breadcrumb\",\"itemListElement\":[{\"@type\":\"ListItem\",\"position\":1,\"name\":\"Home\",\"item\":\"https:\/\/franciscanos.org.br\/noticias\"},{\"@type\":\"ListItem\",\"position\":2,\"name\":\"\u201cAcredito naquele que um dia me chamou e enviou\u201d\"}]},{\"@type\":\"Person\",\"@id\":\"https:\/\/franciscanos.org.br\/noticias\/#\/schema\/person\/c3a26b08313dd1772495ce300ab257cc\",\"name\":\"jovenal\",\"image\":{\"@type\":\"ImageObject\",\"inLanguage\":\"pt-BR\",\"@id\":\"https:\/\/franciscanos.org.br\/noticias\/#\/schema\/person\/image\/\",\"url\":\"https:\/\/secure.gravatar.com\/avatar\/e94509f531086e2eaf97e72f29ea00f9?s=96&d=mm&r=g\",\"contentUrl\":\"https:\/\/secure.gravatar.com\/avatar\/e94509f531086e2eaf97e72f29ea00f9?s=96&d=mm&r=g\",\"caption\":\"jovenal\"},\"url\":\"https:\/\/franciscanos.org.br\/noticias\/author\/jovenal\"}]}<\/script>\n<!-- \/ Yoast SEO plugin. -->","yoast_head_json":{"title":"\u201cAcredito naquele que um dia me chamou e enviou\u201d - Not\u00edcias - Franciscanos","robots":{"index":"index","follow":"follow","max-snippet":"max-snippet:-1","max-image-preview":"max-image-preview:large","max-video-preview":"max-video-preview:-1"},"canonical":"https:\/\/franciscanos.org.br\/noticias\/acredito-naquele-que-um-dia-me-chamou-e-enviou.html","og_locale":"pt_BR","og_type":"article","og_title":"\u201cAcredito naquele que um dia me chamou e enviou\u201d - Not\u00edcias - Franciscanos","og_description":"Entrevista com Frei Nilton Decker","og_url":"https:\/\/franciscanos.org.br\/noticias\/acredito-naquele-que-um-dia-me-chamou-e-enviou.html","og_site_name":"Not\u00edcias - Franciscanos","article_published_time":"2020-03-03T16:18:29+00:00","article_modified_time":"2020-05-18T13:23:36+00:00","og_image":[{"width":273,"height":181,"url":"https:\/\/franciscanos.org.br\/noticias\/wp-content\/uploads\/2020\/03\/decker-273.jpg","type":"image\/jpeg"}],"author":"jovenal","twitter_card":"summary_large_image","twitter_misc":{"Escrito por":"jovenal","Est. tempo de leitura":"9 minutos"},"schema":{"@context":"https:\/\/schema.org","@graph":[{"@type":"WebSite","@id":"https:\/\/franciscanos.org.br\/noticias\/#website","url":"https:\/\/franciscanos.org.br\/noticias\/","name":"Not\u00edcias - Franciscanos","description":"Prov\u00edncia Franciscana da Imaculada Concei\u00e7\u00e3o do Brasil - Ordem dos Frades Menores - OFM","potentialAction":[{"@type":"SearchAction","target":{"@type":"EntryPoint","urlTemplate":"https:\/\/franciscanos.org.br\/noticias\/?s={search_term_string}"},"query-input":"required name=search_term_string"}],"inLanguage":"pt-BR"},{"@type":"ImageObject","inLanguage":"pt-BR","@id":"https:\/\/franciscanos.org.br\/noticias\/acredito-naquele-que-um-dia-me-chamou-e-enviou.html#primaryimage","url":"https:\/\/franciscanos.org.br\/noticias\/wp-content\/uploads\/2020\/03\/decker-273.jpg","contentUrl":"https:\/\/franciscanos.org.br\/noticias\/wp-content\/uploads\/2020\/03\/decker-273.jpg","width":273,"height":181},{"@type":"WebPage","@id":"https:\/\/franciscanos.org.br\/noticias\/acredito-naquele-que-um-dia-me-chamou-e-enviou.html#webpage","url":"https:\/\/franciscanos.org.br\/noticias\/acredito-naquele-que-um-dia-me-chamou-e-enviou.html","name":"\u201cAcredito naquele que um dia me chamou e enviou\u201d - Not\u00edcias - Franciscanos","isPartOf":{"@id":"https:\/\/franciscanos.org.br\/noticias\/#website"},"primaryImageOfPage":{"@id":"https:\/\/franciscanos.org.br\/noticias\/acredito-naquele-que-um-dia-me-chamou-e-enviou.html#primaryimage"},"datePublished":"2020-03-03T16:18:29+00:00","dateModified":"2020-05-18T13:23:36+00:00","author":{"@id":"https:\/\/franciscanos.org.br\/noticias\/#\/schema\/person\/c3a26b08313dd1772495ce300ab257cc"},"breadcrumb":{"@id":"https:\/\/franciscanos.org.br\/noticias\/acredito-naquele-que-um-dia-me-chamou-e-enviou.html#breadcrumb"},"inLanguage":"pt-BR","potentialAction":[{"@type":"ReadAction","target":["https:\/\/franciscanos.org.br\/noticias\/acredito-naquele-que-um-dia-me-chamou-e-enviou.html"]}]},{"@type":"BreadcrumbList","@id":"https:\/\/franciscanos.org.br\/noticias\/acredito-naquele-que-um-dia-me-chamou-e-enviou.html#breadcrumb","itemListElement":[{"@type":"ListItem","position":1,"name":"Home","item":"https:\/\/franciscanos.org.br\/noticias"},{"@type":"ListItem","position":2,"name":"\u201cAcredito naquele que um dia me chamou e enviou\u201d"}]},{"@type":"Person","@id":"https:\/\/franciscanos.org.br\/noticias\/#\/schema\/person\/c3a26b08313dd1772495ce300ab257cc","name":"jovenal","image":{"@type":"ImageObject","inLanguage":"pt-BR","@id":"https:\/\/franciscanos.org.br\/noticias\/#\/schema\/person\/image\/","url":"https:\/\/secure.gravatar.com\/avatar\/e94509f531086e2eaf97e72f29ea00f9?s=96&d=mm&r=g","contentUrl":"https:\/\/secure.gravatar.com\/avatar\/e94509f531086e2eaf97e72f29ea00f9?s=96&d=mm&r=g","caption":"jovenal"},"url":"https:\/\/franciscanos.org.br\/noticias\/author\/jovenal"}]}},"_links":{"self":[{"href":"https:\/\/franciscanos.org.br\/noticias\/wp-json\/wp\/v2\/posts\/221507"}],"collection":[{"href":"https:\/\/franciscanos.org.br\/noticias\/wp-json\/wp\/v2\/posts"}],"about":[{"href":"https:\/\/franciscanos.org.br\/noticias\/wp-json\/wp\/v2\/types\/post"}],"author":[{"embeddable":true,"href":"https:\/\/franciscanos.org.br\/noticias\/wp-json\/wp\/v2\/users\/7"}],"replies":[{"embeddable":true,"href":"https:\/\/franciscanos.org.br\/noticias\/wp-json\/wp\/v2\/comments?post=221507"}],"version-history":[{"count":1,"href":"https:\/\/franciscanos.org.br\/noticias\/wp-json\/wp\/v2\/posts\/221507\/revisions"}],"predecessor-version":[{"id":223929,"href":"https:\/\/franciscanos.org.br\/noticias\/wp-json\/wp\/v2\/posts\/221507\/revisions\/223929"}],"wp:featuredmedia":[{"embeddable":true,"href":"https:\/\/franciscanos.org.br\/noticias\/wp-json\/wp\/v2\/media\/221508"}],"wp:attachment":[{"href":"https:\/\/franciscanos.org.br\/noticias\/wp-json\/wp\/v2\/media?parent=221507"}],"wp:term":[{"taxonomy":"category","embeddable":true,"href":"https:\/\/franciscanos.org.br\/noticias\/wp-json\/wp\/v2\/categories?post=221507"},{"taxonomy":"post_tag","embeddable":true,"href":"https:\/\/franciscanos.org.br\/noticias\/wp-json\/wp\/v2\/tags?post=221507"}],"curies":[{"name":"wp","href":"https:\/\/api.w.org\/{rel}","templated":true}]}}