{"id":221503,"date":"2020-03-03T10:38:12","date_gmt":"2020-03-03T13:38:12","guid":{"rendered":"https:\/\/franciscanos.org.br\/noticias\/?p=221503"},"modified":"2020-03-03T10:38:12","modified_gmt":"2020-03-03T13:38:12","slug":"ano-franciscano-da-paroquia-nossa-senhora-da-conceicao-aparecida-de-nilopolis","status":"publish","type":"post","link":"https:\/\/franciscanos.org.br\/noticias\/ano-franciscano-da-paroquia-nossa-senhora-da-conceicao-aparecida-de-nilopolis.html","title":{"rendered":"Ano Franciscano da Par\u00f3quia Nossa Senhora da Concei\u00e7\u00e3o Aparecida de Nil\u00f3polis"},"content":{"rendered":"<p><img loading=\"lazy\" class=\"alignnone size-full wp-image-221504\" src=\"https:\/\/franciscanos.org.br\/noticias\/wp-content\/uploads\/2020\/03\/aparecida-03.jpg\" alt=\"\" width=\"1037\" height=\"464\" srcset=\"https:\/\/franciscanos.org.br\/noticias\/wp-content\/uploads\/2020\/03\/aparecida-03.jpg 1037w, https:\/\/franciscanos.org.br\/noticias\/wp-content\/uploads\/2020\/03\/aparecida-03-450x201.jpg 450w, https:\/\/franciscanos.org.br\/noticias\/wp-content\/uploads\/2020\/03\/aparecida-03-1024x458.jpg 1024w, https:\/\/franciscanos.org.br\/noticias\/wp-content\/uploads\/2020\/03\/aparecida-03-768x344.jpg 768w, https:\/\/franciscanos.org.br\/noticias\/wp-content\/uploads\/2020\/03\/aparecida-03-150x67.jpg 150w\" sizes=\"(max-width: 1037px) 100vw, 1037px\" \/><\/p>\n<p>Irm\u00e3s e irm\u00e3os, Paz e bem!<br \/>\nNossa Par\u00f3quia fundada e erguida pelo povo sob a orienta\u00e7\u00e3o espiritual dos Frades Menores da Prov\u00edncia Franciscana da Imaculada Concei\u00e7\u00e3o do Brasil, tem por isso, o que poder\u00edamos afirmar ser um DNA Franciscano. A partir do amor que Deus demonstra por todas as suas criaturas, S\u00e3o Francisco iniciou um movimento que tinha como cerne principal a paix\u00e3o por um Cristo nu. Um Cristo com a cara e o jeito do povo pobre de Nazar\u00e9.<\/p>\n<p>Por vezes, as institui\u00e7\u00f5es precisam refletir sobre sua forma de a\u00e7\u00e3o na comunidade a qual pertencem, lan\u00e7ando luz sobre os porqu\u00eas de sua cria\u00e7\u00e3o. Assim \u00e9 o caso de nossa Par\u00f3quia. Temos que ter assinalado em nossos cora\u00e7\u00f5es que somos uma comunidade constru\u00edda a partir do carisma franciscano. Este seria como diria Santa Clara nosso \u201cponto de partida\u201d.<\/p>\n<p>Este ano de 2020 decidimos, ent\u00e3o refletir sobre o que \u00e9 ter este ide\u00e1rio como forma principal de a\u00e7\u00e3o em todas as nossas atividades. Desta forma, tr\u00eas perguntas devem ser respondidas durante este ano que se inicia hoje: a primeira \u00e9 de onde viemos? Ou seja, que ideias foram as motoras de nosso in\u00edcio? A segunda \u00e9 ser\u00e1 que estamos sendo coerentes agora? Isto \u00e9, ser\u00e1 que realmente abra\u00e7amos as propostas do carisma que a par\u00f3quia escolheu? E por \u00faltimo, o que vamos fazer para que este ide\u00e1rio seja nossa identidade?<\/p>\n<p>Diante desses questionamentos a comiss\u00e3o que est\u00e1 pensando este ano escolheu como eixos tem\u00e1ticos Justi\u00e7a, Paz e Integridade da Cria\u00e7\u00e3o. Sendo assim, iremos durante este ano meditar sobre como uma igreja crist\u00e3 franciscana vislumbra estes temas.<\/p>\n<p>Destarte algumas ideias iniciais j\u00e1 nos v\u00eam em mente. Para a concretiza\u00e7\u00e3o deste ideal devemos ser uma par\u00f3quia que luta pela justi\u00e7a. Uma justi\u00e7a que n\u00e3o pode deixar de ser misericordiosa. Segundo o Papa Francisco, \u201cA injusti\u00e7a e a falta de oportunidades tang\u00edveis e concretas s\u00e3o tamb\u00e9m uma forma de gerar viol\u00eancia: silenciosa, mas viol\u00eancia.\u201d<\/p>\n<p>N\u00e3o podemos fechar nossos olhos diante da falta de oportunidades e equidade social. N\u00e3o devem ficar sem resposta as diferen\u00e7as entre o tratamento dado a idosos, crian\u00e7as e doentes, entre outros grupos, em munic\u00edpios como o nosso e em lugares onde a popula\u00e7\u00e3o tem maior renda. Como Povo de Deus temos que nos posicionar.<\/p>\n<p>Ainda a partir da fala do Papa Francisco se n\u00e3o buscamos a solidariedade e a justi\u00e7a n\u00e3o teremos paz. Para ilustrar devemos lembrar aqui de duas passagens da Vida de S\u00e3o Francisco.<\/p>\n<p>A primeira a do Lobo de Gubbio, onde Francisco faz um acordo entre uma fera e os cidad\u00e3os, a fim de que pudessem viver em paz.<\/p>\n<p>A segunda seria a dos frades que atacados na estrada por um grupo de ladr\u00f5es foram orientados a servirem refei\u00e7\u00f5es a estes meliantes, que por isso tornaram-se amigos, inclusive gerando uma voca\u00e7\u00e3o para a fraternidade que vivia no convento que tinha os irm\u00e3os atacados.<\/p>\n<p>N\u00e3o falamos aqui de sermos piegas e defendermos a criminalidade. Falamos de buscar entender e combater os processos diab\u00f3licos que levam as pessoas a cometerem crimes ou desvios que prejudicam a comunidade. Nossas reflex\u00f5es, celebra\u00e7\u00f5es, ora\u00e7\u00f5es e outras atividades devem primar para alcan\u00e7ar a alma e o cora\u00e7\u00e3o de todos os irm\u00e3os da grande fraternidade universal, criatura de nosso Deus.<\/p>\n<p>E isto nos leva ao \u00faltimo tema que ser\u00e1 trabalhado. Nossa Par\u00f3quia Franciscana deve cuidar da Casa Comum. Deve tratar da conscientiza\u00e7\u00e3o de nossa responsabilidade sobre tudo que torna a vida insustent\u00e1vel. Lembremos que os limites de nossa cidade s\u00e3o dois rios polu\u00eddos. Al\u00e9m disso, nosso povo n\u00e3o cuida de seu lixo de forma correta. Nisso e em outras tem\u00e1ticas relacionadas, principalmente a <em>Enc\u00edclica Laudato Si&#8217;<\/em>, tamb\u00e9m temos que ser luz.<\/p>\n<p>Por isso, toda a simbologia franciscana \u00e9 importante. Seu maior exemplo \u00e9 o tau, que \u00e9 o sinal do compromisso que o crist\u00e3o tem com o projeto do Senhor. Sendo assim, ele mais do que ser um s\u00edmbolo m\u00e1gico de prote\u00e7\u00e3o, ou seja, algo que tem um efeito id\u00eantico a um patu\u00e1, torna-se um sinal que nos faz avan\u00e7ar. Nos faz sentir que temos que dar uma contribui\u00e7\u00e3o mais qualificada aos necessitados e injusti\u00e7ados, ou seja, aos exclu\u00eddos. Ele \u00e9 a marca que nos faz diferentes, engajados e fraternos. Sentimos todos que ele faz falta em nossas comunidades, por\u00e9m se ele estiver afixado em local de destaque de nada adiantar\u00e1, se n\u00e3o representar o que fazemos na pr\u00e1tica.<\/p>\n<p>Por fim, nossa espiritualidade \u00e9 marcada pelo encontro. Precisamos ser uma Igreja do encontro que abra\u00e7a aos que precisam se encontrar, sejam eles um irm\u00e3o ou irm\u00e3, uma comunidade ou uma cidade. Francisco e Clara significavam muito para Assis. Eram sinal de Justi\u00e7a, Paz, Amor, Fraternidade e Devo\u00e7\u00e3o. A partir da miseric\u00f3rdia de Deus eles resplandeciam o que de mais belo existe na figura de nosso Pai. Por isso, a import\u00e2ncia de um ano como esse. Um ano onde reencontraremos nossa voca\u00e7\u00e3o paroquial, sem t\u00edtulos, sem preval\u00eancia de nenhum grupo ou comunidade, sem uma identidade mais forte que a outra. Mas sim como um farol que est\u00e1 sendo colocado no monte mais alto e que pode mudar a vida de<br \/>\nmuitos como um sinal da presen\u00e7a do Cristo nu e pobre que encantou aos primeiros e primeiras franciscanas.<br \/>\nPaz e bem!<\/p>\n<hr \/>\n<p><strong>Jefferson Machado, <\/strong><em>Ordem Franciscana Secular (OFS)<\/em><\/p>\n","protected":false},"excerpt":{"rendered":"<p>Par\u00f3quia Nossa Senhora Aparecida de Nil\u00f3polis<\/p>\n","protected":false},"author":3,"featured_media":221505,"comment_status":"open","ping_status":"open","sticky":false,"template":"","format":"standard","meta":[],"categories":[1488,1],"tags":[60],"acf":[],"yoast_head":"<!-- This site is optimized with the Yoast SEO plugin v19.2 - https:\/\/yoast.com\/wordpress\/plugins\/seo\/ -->\n<title>Ano Franciscano da Par\u00f3quia Nossa Senhora da Concei\u00e7\u00e3o Aparecida de Nil\u00f3polis - Not\u00edcias - Franciscanos<\/title>\n<meta name=\"robots\" content=\"index, follow, max-snippet:-1, max-image-preview:large, max-video-preview:-1\" \/>\n<link rel=\"canonical\" href=\"https:\/\/franciscanos.org.br\/noticias\/ano-franciscano-da-paroquia-nossa-senhora-da-conceicao-aparecida-de-nilopolis.html\" \/>\n<meta property=\"og:locale\" content=\"pt_BR\" \/>\n<meta property=\"og:type\" content=\"article\" \/>\n<meta property=\"og:title\" content=\"Ano Franciscano da Par\u00f3quia Nossa Senhora da Concei\u00e7\u00e3o Aparecida de Nil\u00f3polis - Not\u00edcias - Franciscanos\" \/>\n<meta property=\"og:description\" content=\"Par\u00f3quia Nossa Senhora Aparecida de Nil\u00f3polis\" \/>\n<meta property=\"og:url\" content=\"https:\/\/franciscanos.org.br\/noticias\/ano-franciscano-da-paroquia-nossa-senhora-da-conceicao-aparecida-de-nilopolis.html\" \/>\n<meta property=\"og:site_name\" content=\"Not\u00edcias - Franciscanos\" \/>\n<meta property=\"article:published_time\" content=\"2020-03-03T13:38:12+00:00\" \/>\n<meta property=\"og:image\" content=\"https:\/\/franciscanos.org.br\/noticias\/wp-content\/uploads\/2020\/03\/aparecida-03d.jpg\" \/>\n\t<meta property=\"og:image:width\" content=\"273\" \/>\n\t<meta property=\"og:image:height\" content=\"181\" \/>\n\t<meta property=\"og:image:type\" content=\"image\/jpeg\" \/>\n<meta name=\"author\" content=\"moacir\" \/>\n<meta name=\"twitter:card\" content=\"summary_large_image\" \/>\n<meta name=\"twitter:label1\" content=\"Escrito por\" \/>\n\t<meta name=\"twitter:data1\" content=\"moacir\" \/>\n\t<meta name=\"twitter:label2\" content=\"Est. tempo de leitura\" \/>\n\t<meta name=\"twitter:data2\" content=\"5 minutos\" \/>\n<script type=\"application\/ld+json\" class=\"yoast-schema-graph\">{\"@context\":\"https:\/\/schema.org\",\"@graph\":[{\"@type\":\"WebSite\",\"@id\":\"https:\/\/franciscanos.org.br\/noticias\/#website\",\"url\":\"https:\/\/franciscanos.org.br\/noticias\/\",\"name\":\"Not\u00edcias - Franciscanos\",\"description\":\"Prov\u00edncia Franciscana da Imaculada Concei\u00e7\u00e3o do Brasil - Ordem dos Frades Menores - OFM\",\"potentialAction\":[{\"@type\":\"SearchAction\",\"target\":{\"@type\":\"EntryPoint\",\"urlTemplate\":\"https:\/\/franciscanos.org.br\/noticias\/?s={search_term_string}\"},\"query-input\":\"required name=search_term_string\"}],\"inLanguage\":\"pt-BR\"},{\"@type\":\"ImageObject\",\"inLanguage\":\"pt-BR\",\"@id\":\"https:\/\/franciscanos.org.br\/noticias\/ano-franciscano-da-paroquia-nossa-senhora-da-conceicao-aparecida-de-nilopolis.html#primaryimage\",\"url\":\"https:\/\/franciscanos.org.br\/noticias\/wp-content\/uploads\/2020\/03\/aparecida-03d.jpg\",\"contentUrl\":\"https:\/\/franciscanos.org.br\/noticias\/wp-content\/uploads\/2020\/03\/aparecida-03d.jpg\",\"width\":273,\"height\":181},{\"@type\":\"WebPage\",\"@id\":\"https:\/\/franciscanos.org.br\/noticias\/ano-franciscano-da-paroquia-nossa-senhora-da-conceicao-aparecida-de-nilopolis.html#webpage\",\"url\":\"https:\/\/franciscanos.org.br\/noticias\/ano-franciscano-da-paroquia-nossa-senhora-da-conceicao-aparecida-de-nilopolis.html\",\"name\":\"Ano Franciscano da Par\u00f3quia Nossa Senhora da Concei\u00e7\u00e3o Aparecida de Nil\u00f3polis - Not\u00edcias - Franciscanos\",\"isPartOf\":{\"@id\":\"https:\/\/franciscanos.org.br\/noticias\/#website\"},\"primaryImageOfPage\":{\"@id\":\"https:\/\/franciscanos.org.br\/noticias\/ano-franciscano-da-paroquia-nossa-senhora-da-conceicao-aparecida-de-nilopolis.html#primaryimage\"},\"datePublished\":\"2020-03-03T13:38:12+00:00\",\"dateModified\":\"2020-03-03T13:38:12+00:00\",\"author\":{\"@id\":\"https:\/\/franciscanos.org.br\/noticias\/#\/schema\/person\/b5c8cba458c330ccff548b056e95a5d4\"},\"breadcrumb\":{\"@id\":\"https:\/\/franciscanos.org.br\/noticias\/ano-franciscano-da-paroquia-nossa-senhora-da-conceicao-aparecida-de-nilopolis.html#breadcrumb\"},\"inLanguage\":\"pt-BR\",\"potentialAction\":[{\"@type\":\"ReadAction\",\"target\":[\"https:\/\/franciscanos.org.br\/noticias\/ano-franciscano-da-paroquia-nossa-senhora-da-conceicao-aparecida-de-nilopolis.html\"]}]},{\"@type\":\"BreadcrumbList\",\"@id\":\"https:\/\/franciscanos.org.br\/noticias\/ano-franciscano-da-paroquia-nossa-senhora-da-conceicao-aparecida-de-nilopolis.html#breadcrumb\",\"itemListElement\":[{\"@type\":\"ListItem\",\"position\":1,\"name\":\"Home\",\"item\":\"https:\/\/franciscanos.org.br\/noticias\"},{\"@type\":\"ListItem\",\"position\":2,\"name\":\"Ano Franciscano da Par\u00f3quia Nossa Senhora da Concei\u00e7\u00e3o Aparecida de Nil\u00f3polis\"}]},{\"@type\":\"Person\",\"@id\":\"https:\/\/franciscanos.org.br\/noticias\/#\/schema\/person\/b5c8cba458c330ccff548b056e95a5d4\",\"name\":\"moacir\",\"image\":{\"@type\":\"ImageObject\",\"inLanguage\":\"pt-BR\",\"@id\":\"https:\/\/franciscanos.org.br\/noticias\/#\/schema\/person\/image\/\",\"url\":\"https:\/\/secure.gravatar.com\/avatar\/d08aa2ce4c8dd416d4479aa8536fcf64?s=96&d=mm&r=g\",\"contentUrl\":\"https:\/\/secure.gravatar.com\/avatar\/d08aa2ce4c8dd416d4479aa8536fcf64?s=96&d=mm&r=g\",\"caption\":\"moacir\"},\"url\":\"https:\/\/franciscanos.org.br\/noticias\/author\/moacir\"}]}<\/script>\n<!-- \/ Yoast SEO plugin. -->","yoast_head_json":{"title":"Ano Franciscano da Par\u00f3quia Nossa Senhora da Concei\u00e7\u00e3o Aparecida de Nil\u00f3polis - Not\u00edcias - Franciscanos","robots":{"index":"index","follow":"follow","max-snippet":"max-snippet:-1","max-image-preview":"max-image-preview:large","max-video-preview":"max-video-preview:-1"},"canonical":"https:\/\/franciscanos.org.br\/noticias\/ano-franciscano-da-paroquia-nossa-senhora-da-conceicao-aparecida-de-nilopolis.html","og_locale":"pt_BR","og_type":"article","og_title":"Ano Franciscano da Par\u00f3quia Nossa Senhora da Concei\u00e7\u00e3o Aparecida de Nil\u00f3polis - Not\u00edcias - Franciscanos","og_description":"Par\u00f3quia Nossa Senhora Aparecida de Nil\u00f3polis","og_url":"https:\/\/franciscanos.org.br\/noticias\/ano-franciscano-da-paroquia-nossa-senhora-da-conceicao-aparecida-de-nilopolis.html","og_site_name":"Not\u00edcias - Franciscanos","article_published_time":"2020-03-03T13:38:12+00:00","og_image":[{"width":273,"height":181,"url":"https:\/\/franciscanos.org.br\/noticias\/wp-content\/uploads\/2020\/03\/aparecida-03d.jpg","type":"image\/jpeg"}],"author":"moacir","twitter_card":"summary_large_image","twitter_misc":{"Escrito por":"moacir","Est. tempo de leitura":"5 minutos"},"schema":{"@context":"https:\/\/schema.org","@graph":[{"@type":"WebSite","@id":"https:\/\/franciscanos.org.br\/noticias\/#website","url":"https:\/\/franciscanos.org.br\/noticias\/","name":"Not\u00edcias - Franciscanos","description":"Prov\u00edncia Franciscana da Imaculada Concei\u00e7\u00e3o do Brasil - Ordem dos Frades Menores - OFM","potentialAction":[{"@type":"SearchAction","target":{"@type":"EntryPoint","urlTemplate":"https:\/\/franciscanos.org.br\/noticias\/?s={search_term_string}"},"query-input":"required name=search_term_string"}],"inLanguage":"pt-BR"},{"@type":"ImageObject","inLanguage":"pt-BR","@id":"https:\/\/franciscanos.org.br\/noticias\/ano-franciscano-da-paroquia-nossa-senhora-da-conceicao-aparecida-de-nilopolis.html#primaryimage","url":"https:\/\/franciscanos.org.br\/noticias\/wp-content\/uploads\/2020\/03\/aparecida-03d.jpg","contentUrl":"https:\/\/franciscanos.org.br\/noticias\/wp-content\/uploads\/2020\/03\/aparecida-03d.jpg","width":273,"height":181},{"@type":"WebPage","@id":"https:\/\/franciscanos.org.br\/noticias\/ano-franciscano-da-paroquia-nossa-senhora-da-conceicao-aparecida-de-nilopolis.html#webpage","url":"https:\/\/franciscanos.org.br\/noticias\/ano-franciscano-da-paroquia-nossa-senhora-da-conceicao-aparecida-de-nilopolis.html","name":"Ano Franciscano da Par\u00f3quia Nossa Senhora da Concei\u00e7\u00e3o Aparecida de Nil\u00f3polis - Not\u00edcias - Franciscanos","isPartOf":{"@id":"https:\/\/franciscanos.org.br\/noticias\/#website"},"primaryImageOfPage":{"@id":"https:\/\/franciscanos.org.br\/noticias\/ano-franciscano-da-paroquia-nossa-senhora-da-conceicao-aparecida-de-nilopolis.html#primaryimage"},"datePublished":"2020-03-03T13:38:12+00:00","dateModified":"2020-03-03T13:38:12+00:00","author":{"@id":"https:\/\/franciscanos.org.br\/noticias\/#\/schema\/person\/b5c8cba458c330ccff548b056e95a5d4"},"breadcrumb":{"@id":"https:\/\/franciscanos.org.br\/noticias\/ano-franciscano-da-paroquia-nossa-senhora-da-conceicao-aparecida-de-nilopolis.html#breadcrumb"},"inLanguage":"pt-BR","potentialAction":[{"@type":"ReadAction","target":["https:\/\/franciscanos.org.br\/noticias\/ano-franciscano-da-paroquia-nossa-senhora-da-conceicao-aparecida-de-nilopolis.html"]}]},{"@type":"BreadcrumbList","@id":"https:\/\/franciscanos.org.br\/noticias\/ano-franciscano-da-paroquia-nossa-senhora-da-conceicao-aparecida-de-nilopolis.html#breadcrumb","itemListElement":[{"@type":"ListItem","position":1,"name":"Home","item":"https:\/\/franciscanos.org.br\/noticias"},{"@type":"ListItem","position":2,"name":"Ano Franciscano da Par\u00f3quia Nossa Senhora da Concei\u00e7\u00e3o Aparecida de Nil\u00f3polis"}]},{"@type":"Person","@id":"https:\/\/franciscanos.org.br\/noticias\/#\/schema\/person\/b5c8cba458c330ccff548b056e95a5d4","name":"moacir","image":{"@type":"ImageObject","inLanguage":"pt-BR","@id":"https:\/\/franciscanos.org.br\/noticias\/#\/schema\/person\/image\/","url":"https:\/\/secure.gravatar.com\/avatar\/d08aa2ce4c8dd416d4479aa8536fcf64?s=96&d=mm&r=g","contentUrl":"https:\/\/secure.gravatar.com\/avatar\/d08aa2ce4c8dd416d4479aa8536fcf64?s=96&d=mm&r=g","caption":"moacir"},"url":"https:\/\/franciscanos.org.br\/noticias\/author\/moacir"}]}},"_links":{"self":[{"href":"https:\/\/franciscanos.org.br\/noticias\/wp-json\/wp\/v2\/posts\/221503"}],"collection":[{"href":"https:\/\/franciscanos.org.br\/noticias\/wp-json\/wp\/v2\/posts"}],"about":[{"href":"https:\/\/franciscanos.org.br\/noticias\/wp-json\/wp\/v2\/types\/post"}],"author":[{"embeddable":true,"href":"https:\/\/franciscanos.org.br\/noticias\/wp-json\/wp\/v2\/users\/3"}],"replies":[{"embeddable":true,"href":"https:\/\/franciscanos.org.br\/noticias\/wp-json\/wp\/v2\/comments?post=221503"}],"version-history":[{"count":0,"href":"https:\/\/franciscanos.org.br\/noticias\/wp-json\/wp\/v2\/posts\/221503\/revisions"}],"wp:featuredmedia":[{"embeddable":true,"href":"https:\/\/franciscanos.org.br\/noticias\/wp-json\/wp\/v2\/media\/221505"}],"wp:attachment":[{"href":"https:\/\/franciscanos.org.br\/noticias\/wp-json\/wp\/v2\/media?parent=221503"}],"wp:term":[{"taxonomy":"category","embeddable":true,"href":"https:\/\/franciscanos.org.br\/noticias\/wp-json\/wp\/v2\/categories?post=221503"},{"taxonomy":"post_tag","embeddable":true,"href":"https:\/\/franciscanos.org.br\/noticias\/wp-json\/wp\/v2\/tags?post=221503"}],"curies":[{"name":"wp","href":"https:\/\/api.w.org\/{rel}","templated":true}]}}