{"id":221495,"date":"2020-03-03T08:11:35","date_gmt":"2020-03-03T11:11:35","guid":{"rendered":"https:\/\/franciscanos.org.br\/noticias\/?p=221495"},"modified":"2020-08-06T14:17:42","modified_gmt":"2020-08-06T17:17:42","slug":"provincia-da-imaculada-torna-se-parceira-do-papa-na-semana-laudato-si","status":"publish","type":"post","link":"https:\/\/franciscanos.org.br\/noticias\/provincia-da-imaculada-torna-se-parceira-do-papa-na-semana-laudato-si.html","title":{"rendered":"Prov\u00edncia da Imaculada torna-se parceira do Papa na Semana Laudato Si&#8217;"},"content":{"rendered":"<p>&nbsp;<\/p>\n<div id=\"attachment_227544\" style=\"width: 1290px\" class=\"wp-caption alignnone\"><img aria-describedby=\"caption-attachment-227544\" loading=\"lazy\" class=\"wp-image-227544 size-full\" src=\"https:\/\/franciscanos.org.br\/noticias\/wp-content\/uploads\/2020\/03\/terra_0608.jpg\" alt=\"\" width=\"1280\" height=\"720\" srcset=\"https:\/\/franciscanos.org.br\/noticias\/wp-content\/uploads\/2020\/03\/terra_0608.jpg 1280w, https:\/\/franciscanos.org.br\/noticias\/wp-content\/uploads\/2020\/03\/terra_0608-450x253.jpg 450w, https:\/\/franciscanos.org.br\/noticias\/wp-content\/uploads\/2020\/03\/terra_0608-1024x576.jpg 1024w, https:\/\/franciscanos.org.br\/noticias\/wp-content\/uploads\/2020\/03\/terra_0608-768x432.jpg 768w, https:\/\/franciscanos.org.br\/noticias\/wp-content\/uploads\/2020\/03\/terra_0608-150x84.jpg 150w\" sizes=\"(max-width: 1280px) 100vw, 1280px\" \/><p id=\"caption-attachment-227544\" class=\"wp-caption-text\">\u00a0 \u00a0 \u00a0 \u00a0 \u00a0 \u00a0 \u00a0 \u00a0 \u00a0 \u00a0 \u00a0 \u00a0 \u00a0 \u00a0 \u00a0 \u00a0 \u00a0 \u00a0 \u00a0 \u00a0 \u00a0 \u00a0 \u00a0 \u00a0 \u00a0 \u00a0 \u00a0 \u00a0 \u00a0 \u00a0 \u00a0 \u00a0 \u00a0 \u00a0 \u00a0 \u00a0 \u00a0 \u00a0 \u00a0 \u00a0 \u00a0 \u00a0 \u00a0 \u00a0 \u00a0 \u00a0 \u00a0 \u00a0 \u00a0 \u00a0 \u00a0 \u00a0 \u00a0 \u00a0 \u00a0 \u00a0 \u00a0 \u00a0<em> Imagem ilustrativa: Captura de tela do v\u00eddeo do Papa<\/em><\/p><\/div>\n<p>A Prov\u00edncia Franciscana da Imaculada Concei\u00e7\u00e3o do Brasil, atrav\u00e9s do Servi\u00e7o de Justi\u00e7a, Paz e Integridade da Cria\u00e7\u00e3o (JPIC), aceitou o convite do Papa Francisco (<strong><span style=\"color: #00ff00;\"><a style=\"color: #00ff00;\" href=\"https:\/\/www.youtube.com\/watch?v=tmfLxSmHms8\">veja o v\u00eddeo deste convite<\/a><\/span>)<\/strong> para celebrar o quinto anivers\u00e1rio da <em>Laudato Si\u2019<\/em> na Semana <em>Laudato Si\u2019<\/em>, do dia 16 a 24 de maio.<\/p>\n<p>O programa de uma semana coincide com o quinto anivers\u00e1rio da assinatura da <em>Laudato Si&#8217;<\/em> e procura envolver os 1,3 bilh\u00f5es de cat\u00f3licos do mundo em a\u00e7\u00f5es ambiciosas para proteger nossa Casa Comum. Com cerca de um sexto da popula\u00e7\u00e3o mundial e organizada em mais de 220 mil par\u00f3quias em todo o mundo, a Igreja Cat\u00f3lica desempenha um papel \u00fanico e vital na abordagem da crise ambiental. Em seu v\u00eddeo, o Papa Francisco reflete sobre a prote\u00e7\u00e3o ambiental como um tema central de seu papado e incentiva os fi\u00e9is a participarem da Semana <em>Laudato Si\u2019<\/em>:<\/p>\n<p>\u201cQue tipo de mundo queremos deixar para aqueles que nos sucedem, as crian\u00e7as que est\u00e3o crescendo? Motivado por essa pergunta, gostaria de convid\u00e1-los a participar da Semana <em>Laudato Si&#8217;,<\/em> de 16 a 24 de maio de 2020. \u00c9 uma campanha global por ocasi\u00e3o do 5\u00b0 anivers\u00e1rio da carta enc\u00edclica <em>Laudato Si&#8217;<\/em> sobre o cuidado da casa comum. Renovo o meu chamado urgente por uma resposta \u00e0 crise ecol\u00f3gica. O grito da terra e o grito dos pobres n\u00e3o aguentam mais. Cuidemos da cria\u00e7\u00e3o, dom de nosso bom Deus criador. Celebremos juntos a Semana <em>Laudato Si&#8217;.<\/em> Que Deus os aben\u00e7oe e n\u00e3o se esque\u00e7am de rezar por mim.\u201d<\/p>\n<p>&#8220;Vale destacar que a partir dessa convoca\u00e7\u00e3o, haver\u00e1 uma mobiliza\u00e7\u00e3o das nossas Fraternidades e Par\u00f3quias para que se engajem nas iniciativas propostas pela Semana <em>Laudato Si&#8217;<\/em>. Al\u00e9m disso, essa \u00e9 tamb\u00e9m uma proposta de continuidade das Miss\u00f5es Franciscanas da Juventude, pois todos os nossos jovens ser\u00e3o convocados a se mobilizarem localmente para tamb\u00e9m realizarem atividades que reforcem a import\u00e2ncia do Cuidado com a Casa Comum e da Ecologia Integral&#8221;, destacou Frei Diego Melo, animador do servi\u00e7o de JPIC na Prov\u00edncia e das Miss\u00f5es Franciscanas da Juventude, que recentemente, em Xaxim, abordou a quest\u00e3o ambiental na s\u00e9tima edi\u00e7\u00e3o deste evento.<\/p>\n<p><iframe loading=\"lazy\" title=\"2020.03.03 O Papa Francisco convida a Igreja para celebrar a Semana Laudato Si\u2019\" width=\"500\" height=\"281\" src=\"https:\/\/www.youtube.com\/embed\/tmfLxSmHms8?feature=oembed\" frameborder=\"0\" allow=\"accelerometer; autoplay; encrypted-media; gyroscope; picture-in-picture\" allowfullscreen><\/iframe><\/p>\n<p>A enc\u00edclica <em>Laudato Si&#8217;<\/em> do Papa Francisco convoca \u00e0 ora\u00e7\u00e3o e a\u00e7\u00e3o para proteger o meio ambiente em milhares de comunidades cat\u00f3licas e deu novo impulso a comunidade cat\u00f3lica para cuidar da cria\u00e7\u00e3o. No entanto, a an\u00e1lise cient\u00edfica revela que o ritmo das mudan\u00e7as clim\u00e1ticas e das extin\u00e7\u00f5es massivas continuam aumentando. Para enfrentar esse desafio, os compromissos mais ambiciosos s\u00e3o uma necessidade urgente.<\/p>\n<p>Nesse contexto, o Papa Francisco e o Dicast\u00e9rio para o Servi\u00e7o do Desenvolvimento Humano Integral do Vaticano convidam as comunidades cat\u00f3licas a refletirem sobre suas a\u00e7\u00f5es j\u00e1 realizadas e a darem o pr\u00f3ximo passo. As a\u00e7\u00f5es ambiciosas variam para cada comunidade; um guia de sugest\u00f5es para as a\u00e7\u00f5es mais impactantes est\u00e1 dispon\u00edvel no site da Semana <em>Laudato Si\u2019.<\/em><\/p>\n<p>O anivers\u00e1rio da <em>Laudato Si&#8217;<\/em> coincide com outros eventos ambientais significativos que ocorrer\u00e3o ainda este ano. Em novembro, na 26\u00aa Confer\u00eancia das Na\u00e7\u00f5es Unidas sobre Mudan\u00e7a Clim\u00e1tica, os pa\u00edses anunciar\u00e3o seus planos para cumprir as metas do acordo clim\u00e1tico de Paris. A confer\u00eancia da ONU sobre biodiversidade, onde o mundo ter\u00e1 a chance de estabelecer metas significativas para proteger a cria\u00e7\u00e3o, ocorrer\u00e1 em outubro.<\/p>\n<p>\u201cO Papa Francisco est\u00e1 nos chamando a retornar ao \u00e2mago de quem somos como crist\u00e3os: pessoas que amam o pr\u00f3ximo como a si mesmo. A cat\u00e1strofe clim\u00e1tica est\u00e1 aumentando o risco de fome, doen\u00e7as e conflitos para nossos irm\u00e3os e irm\u00e3s mais vulner\u00e1veis. Cada minuto que passamos alterando o clima do planeta \u00e9 uma trag\u00e9dia para os mais vulner\u00e1veis. O Papa Francisco est\u00e1 nos chamando com urg\u00eancia a agir de acordo com os valores de nossa f\u00e9, aqui e agora \u201d, disse Tom\u00e1s Insua, diretor executivo do Movimento Cat\u00f3lico Global pelo Clima.<\/p>\n<p>Um kit de recursos compreensivo e modelos de materiais promocionais, se encontram no <span style=\"color: #00ff00;\"><strong><a style=\"color: #00ff00;\" href=\"http:\/\/laudatosiweek.org\/pt\">site da Semana Laudato Si\u2019<\/a><\/strong>.<\/span><\/p>\n<p>A Semana <em>Laudato Si\u2019<\/em> \u00e9 promovida pelo Dicast\u00e9rio para o Servi\u00e7o do Desenvolvimento Humano Integral e facilitada pelo Movimento Cat\u00f3lico Global pelo Clima e o Renova+ em colabora\u00e7\u00e3o com um grupo de organiza\u00e7\u00f5es parceiras. Mais informa\u00e7\u00f5es sobre os parceiros se encontram aqui.<\/p>\n","protected":false},"excerpt":{"rendered":"<p>Semana Laudato Si&#8217;<\/p>\n","protected":false},"author":3,"featured_media":227546,"comment_status":"open","ping_status":"open","sticky":false,"template":"","format":"standard","meta":[],"categories":[1],"tags":[701],"acf":[],"yoast_head":"<!-- This site is optimized with the Yoast SEO plugin v19.2 - https:\/\/yoast.com\/wordpress\/plugins\/seo\/ -->\n<title>Prov\u00edncia da Imaculada torna-se parceira do Papa na Semana Laudato Si&#039; - Not\u00edcias - Franciscanos<\/title>\n<meta name=\"robots\" content=\"index, follow, max-snippet:-1, max-image-preview:large, max-video-preview:-1\" \/>\n<link rel=\"canonical\" href=\"https:\/\/franciscanos.org.br\/noticias\/provincia-da-imaculada-torna-se-parceira-do-papa-na-semana-laudato-si.html\" \/>\n<meta property=\"og:locale\" content=\"pt_BR\" \/>\n<meta property=\"og:type\" content=\"article\" \/>\n<meta property=\"og:title\" content=\"Prov\u00edncia da Imaculada torna-se parceira do Papa na Semana Laudato Si&#039; - Not\u00edcias - Franciscanos\" \/>\n<meta property=\"og:description\" content=\"Semana Laudato Si&#039;\" \/>\n<meta property=\"og:url\" content=\"https:\/\/franciscanos.org.br\/noticias\/provincia-da-imaculada-torna-se-parceira-do-papa-na-semana-laudato-si.html\" \/>\n<meta property=\"og:site_name\" content=\"Not\u00edcias - Franciscanos\" \/>\n<meta property=\"article:published_time\" content=\"2020-03-03T11:11:35+00:00\" \/>\n<meta property=\"article:modified_time\" content=\"2020-08-06T17:17:42+00:00\" \/>\n<meta property=\"og:image\" content=\"https:\/\/franciscanos.org.br\/noticias\/wp-content\/uploads\/2020\/03\/terra_d.jpg\" \/>\n\t<meta property=\"og:image:width\" content=\"960\" \/>\n\t<meta property=\"og:image:height\" content=\"720\" \/>\n\t<meta property=\"og:image:type\" content=\"image\/jpeg\" \/>\n<meta name=\"author\" content=\"moacir\" \/>\n<meta name=\"twitter:card\" content=\"summary_large_image\" \/>\n<meta name=\"twitter:label1\" content=\"Escrito por\" \/>\n\t<meta name=\"twitter:data1\" content=\"moacir\" \/>\n\t<meta name=\"twitter:label2\" content=\"Est. tempo de leitura\" \/>\n\t<meta name=\"twitter:data2\" content=\"4 minutos\" \/>\n<script type=\"application\/ld+json\" class=\"yoast-schema-graph\">{\"@context\":\"https:\/\/schema.org\",\"@graph\":[{\"@type\":\"WebSite\",\"@id\":\"https:\/\/franciscanos.org.br\/noticias\/#website\",\"url\":\"https:\/\/franciscanos.org.br\/noticias\/\",\"name\":\"Not\u00edcias - Franciscanos\",\"description\":\"Prov\u00edncia Franciscana da Imaculada Concei\u00e7\u00e3o do Brasil - Ordem dos Frades Menores - OFM\",\"potentialAction\":[{\"@type\":\"SearchAction\",\"target\":{\"@type\":\"EntryPoint\",\"urlTemplate\":\"https:\/\/franciscanos.org.br\/noticias\/?s={search_term_string}\"},\"query-input\":\"required name=search_term_string\"}],\"inLanguage\":\"pt-BR\"},{\"@type\":\"ImageObject\",\"inLanguage\":\"pt-BR\",\"@id\":\"https:\/\/franciscanos.org.br\/noticias\/provincia-da-imaculada-torna-se-parceira-do-papa-na-semana-laudato-si.html#primaryimage\",\"url\":\"https:\/\/franciscanos.org.br\/noticias\/wp-content\/uploads\/2020\/03\/terra_d.jpg\",\"contentUrl\":\"https:\/\/franciscanos.org.br\/noticias\/wp-content\/uploads\/2020\/03\/terra_d.jpg\",\"width\":960,\"height\":720},{\"@type\":\"WebPage\",\"@id\":\"https:\/\/franciscanos.org.br\/noticias\/provincia-da-imaculada-torna-se-parceira-do-papa-na-semana-laudato-si.html#webpage\",\"url\":\"https:\/\/franciscanos.org.br\/noticias\/provincia-da-imaculada-torna-se-parceira-do-papa-na-semana-laudato-si.html\",\"name\":\"Prov\u00edncia da Imaculada torna-se parceira do Papa na Semana Laudato Si' - Not\u00edcias - Franciscanos\",\"isPartOf\":{\"@id\":\"https:\/\/franciscanos.org.br\/noticias\/#website\"},\"primaryImageOfPage\":{\"@id\":\"https:\/\/franciscanos.org.br\/noticias\/provincia-da-imaculada-torna-se-parceira-do-papa-na-semana-laudato-si.html#primaryimage\"},\"datePublished\":\"2020-03-03T11:11:35+00:00\",\"dateModified\":\"2020-08-06T17:17:42+00:00\",\"author\":{\"@id\":\"https:\/\/franciscanos.org.br\/noticias\/#\/schema\/person\/b5c8cba458c330ccff548b056e95a5d4\"},\"breadcrumb\":{\"@id\":\"https:\/\/franciscanos.org.br\/noticias\/provincia-da-imaculada-torna-se-parceira-do-papa-na-semana-laudato-si.html#breadcrumb\"},\"inLanguage\":\"pt-BR\",\"potentialAction\":[{\"@type\":\"ReadAction\",\"target\":[\"https:\/\/franciscanos.org.br\/noticias\/provincia-da-imaculada-torna-se-parceira-do-papa-na-semana-laudato-si.html\"]}]},{\"@type\":\"BreadcrumbList\",\"@id\":\"https:\/\/franciscanos.org.br\/noticias\/provincia-da-imaculada-torna-se-parceira-do-papa-na-semana-laudato-si.html#breadcrumb\",\"itemListElement\":[{\"@type\":\"ListItem\",\"position\":1,\"name\":\"Home\",\"item\":\"https:\/\/franciscanos.org.br\/noticias\"},{\"@type\":\"ListItem\",\"position\":2,\"name\":\"Prov\u00edncia da Imaculada torna-se parceira do Papa na Semana Laudato Si&#8217;\"}]},{\"@type\":\"Person\",\"@id\":\"https:\/\/franciscanos.org.br\/noticias\/#\/schema\/person\/b5c8cba458c330ccff548b056e95a5d4\",\"name\":\"moacir\",\"image\":{\"@type\":\"ImageObject\",\"inLanguage\":\"pt-BR\",\"@id\":\"https:\/\/franciscanos.org.br\/noticias\/#\/schema\/person\/image\/\",\"url\":\"https:\/\/secure.gravatar.com\/avatar\/d08aa2ce4c8dd416d4479aa8536fcf64?s=96&d=mm&r=g\",\"contentUrl\":\"https:\/\/secure.gravatar.com\/avatar\/d08aa2ce4c8dd416d4479aa8536fcf64?s=96&d=mm&r=g\",\"caption\":\"moacir\"},\"url\":\"https:\/\/franciscanos.org.br\/noticias\/author\/moacir\"}]}<\/script>\n<!-- \/ Yoast SEO plugin. -->","yoast_head_json":{"title":"Prov\u00edncia da Imaculada torna-se parceira do Papa na Semana Laudato Si' - Not\u00edcias - Franciscanos","robots":{"index":"index","follow":"follow","max-snippet":"max-snippet:-1","max-image-preview":"max-image-preview:large","max-video-preview":"max-video-preview:-1"},"canonical":"https:\/\/franciscanos.org.br\/noticias\/provincia-da-imaculada-torna-se-parceira-do-papa-na-semana-laudato-si.html","og_locale":"pt_BR","og_type":"article","og_title":"Prov\u00edncia da Imaculada torna-se parceira do Papa na Semana Laudato Si' - Not\u00edcias - Franciscanos","og_description":"Semana Laudato Si'","og_url":"https:\/\/franciscanos.org.br\/noticias\/provincia-da-imaculada-torna-se-parceira-do-papa-na-semana-laudato-si.html","og_site_name":"Not\u00edcias - Franciscanos","article_published_time":"2020-03-03T11:11:35+00:00","article_modified_time":"2020-08-06T17:17:42+00:00","og_image":[{"width":960,"height":720,"url":"https:\/\/franciscanos.org.br\/noticias\/wp-content\/uploads\/2020\/03\/terra_d.jpg","type":"image\/jpeg"}],"author":"moacir","twitter_card":"summary_large_image","twitter_misc":{"Escrito por":"moacir","Est. tempo de leitura":"4 minutos"},"schema":{"@context":"https:\/\/schema.org","@graph":[{"@type":"WebSite","@id":"https:\/\/franciscanos.org.br\/noticias\/#website","url":"https:\/\/franciscanos.org.br\/noticias\/","name":"Not\u00edcias - Franciscanos","description":"Prov\u00edncia Franciscana da Imaculada Concei\u00e7\u00e3o do Brasil - Ordem dos Frades Menores - OFM","potentialAction":[{"@type":"SearchAction","target":{"@type":"EntryPoint","urlTemplate":"https:\/\/franciscanos.org.br\/noticias\/?s={search_term_string}"},"query-input":"required name=search_term_string"}],"inLanguage":"pt-BR"},{"@type":"ImageObject","inLanguage":"pt-BR","@id":"https:\/\/franciscanos.org.br\/noticias\/provincia-da-imaculada-torna-se-parceira-do-papa-na-semana-laudato-si.html#primaryimage","url":"https:\/\/franciscanos.org.br\/noticias\/wp-content\/uploads\/2020\/03\/terra_d.jpg","contentUrl":"https:\/\/franciscanos.org.br\/noticias\/wp-content\/uploads\/2020\/03\/terra_d.jpg","width":960,"height":720},{"@type":"WebPage","@id":"https:\/\/franciscanos.org.br\/noticias\/provincia-da-imaculada-torna-se-parceira-do-papa-na-semana-laudato-si.html#webpage","url":"https:\/\/franciscanos.org.br\/noticias\/provincia-da-imaculada-torna-se-parceira-do-papa-na-semana-laudato-si.html","name":"Prov\u00edncia da Imaculada torna-se parceira do Papa na Semana Laudato Si' - Not\u00edcias - Franciscanos","isPartOf":{"@id":"https:\/\/franciscanos.org.br\/noticias\/#website"},"primaryImageOfPage":{"@id":"https:\/\/franciscanos.org.br\/noticias\/provincia-da-imaculada-torna-se-parceira-do-papa-na-semana-laudato-si.html#primaryimage"},"datePublished":"2020-03-03T11:11:35+00:00","dateModified":"2020-08-06T17:17:42+00:00","author":{"@id":"https:\/\/franciscanos.org.br\/noticias\/#\/schema\/person\/b5c8cba458c330ccff548b056e95a5d4"},"breadcrumb":{"@id":"https:\/\/franciscanos.org.br\/noticias\/provincia-da-imaculada-torna-se-parceira-do-papa-na-semana-laudato-si.html#breadcrumb"},"inLanguage":"pt-BR","potentialAction":[{"@type":"ReadAction","target":["https:\/\/franciscanos.org.br\/noticias\/provincia-da-imaculada-torna-se-parceira-do-papa-na-semana-laudato-si.html"]}]},{"@type":"BreadcrumbList","@id":"https:\/\/franciscanos.org.br\/noticias\/provincia-da-imaculada-torna-se-parceira-do-papa-na-semana-laudato-si.html#breadcrumb","itemListElement":[{"@type":"ListItem","position":1,"name":"Home","item":"https:\/\/franciscanos.org.br\/noticias"},{"@type":"ListItem","position":2,"name":"Prov\u00edncia da Imaculada torna-se parceira do Papa na Semana Laudato Si&#8217;"}]},{"@type":"Person","@id":"https:\/\/franciscanos.org.br\/noticias\/#\/schema\/person\/b5c8cba458c330ccff548b056e95a5d4","name":"moacir","image":{"@type":"ImageObject","inLanguage":"pt-BR","@id":"https:\/\/franciscanos.org.br\/noticias\/#\/schema\/person\/image\/","url":"https:\/\/secure.gravatar.com\/avatar\/d08aa2ce4c8dd416d4479aa8536fcf64?s=96&d=mm&r=g","contentUrl":"https:\/\/secure.gravatar.com\/avatar\/d08aa2ce4c8dd416d4479aa8536fcf64?s=96&d=mm&r=g","caption":"moacir"},"url":"https:\/\/franciscanos.org.br\/noticias\/author\/moacir"}]}},"_links":{"self":[{"href":"https:\/\/franciscanos.org.br\/noticias\/wp-json\/wp\/v2\/posts\/221495"}],"collection":[{"href":"https:\/\/franciscanos.org.br\/noticias\/wp-json\/wp\/v2\/posts"}],"about":[{"href":"https:\/\/franciscanos.org.br\/noticias\/wp-json\/wp\/v2\/types\/post"}],"author":[{"embeddable":true,"href":"https:\/\/franciscanos.org.br\/noticias\/wp-json\/wp\/v2\/users\/3"}],"replies":[{"embeddable":true,"href":"https:\/\/franciscanos.org.br\/noticias\/wp-json\/wp\/v2\/comments?post=221495"}],"version-history":[{"count":2,"href":"https:\/\/franciscanos.org.br\/noticias\/wp-json\/wp\/v2\/posts\/221495\/revisions"}],"predecessor-version":[{"id":227547,"href":"https:\/\/franciscanos.org.br\/noticias\/wp-json\/wp\/v2\/posts\/221495\/revisions\/227547"}],"wp:featuredmedia":[{"embeddable":true,"href":"https:\/\/franciscanos.org.br\/noticias\/wp-json\/wp\/v2\/media\/227546"}],"wp:attachment":[{"href":"https:\/\/franciscanos.org.br\/noticias\/wp-json\/wp\/v2\/media?parent=221495"}],"wp:term":[{"taxonomy":"category","embeddable":true,"href":"https:\/\/franciscanos.org.br\/noticias\/wp-json\/wp\/v2\/categories?post=221495"},{"taxonomy":"post_tag","embeddable":true,"href":"https:\/\/franciscanos.org.br\/noticias\/wp-json\/wp\/v2\/tags?post=221495"}],"curies":[{"name":"wp","href":"https:\/\/api.w.org\/{rel}","templated":true}]}}