{"id":221482,"date":"2020-03-02T08:09:34","date_gmt":"2020-03-02T11:09:34","guid":{"rendered":"https:\/\/franciscanos.org.br\/noticias\/?p=221482"},"modified":"2021-08-29T12:56:04","modified_gmt":"2021-08-29T15:56:04","slug":"economia-de-francisco-adiado-para-novembro","status":"publish","type":"post","link":"https:\/\/franciscanos.org.br\/noticias\/economia-de-francisco-adiado-para-novembro.html","title":{"rendered":"&#8220;Economia de Francisco&#8221; adiado para novembro"},"content":{"rendered":"<div id=\"attachment_221483\" style=\"width: 900px\" class=\"wp-caption alignnone\"><img aria-describedby=\"caption-attachment-221483\" loading=\"lazy\" class=\"wp-image-221483 size-full\" src=\"https:\/\/franciscanos.org.br\/noticias\/wp-content\/uploads\/2020\/03\/assis_0203.jpg\" alt=\"\" width=\"890\" height=\"501\" srcset=\"https:\/\/franciscanos.org.br\/noticias\/wp-content\/uploads\/2020\/03\/assis_0203.jpg 890w, https:\/\/franciscanos.org.br\/noticias\/wp-content\/uploads\/2020\/03\/assis_0203-450x253.jpg 450w, https:\/\/franciscanos.org.br\/noticias\/wp-content\/uploads\/2020\/03\/assis_0203-768x432.jpg 768w, https:\/\/franciscanos.org.br\/noticias\/wp-content\/uploads\/2020\/03\/assis_0203-150x84.jpg 150w\" sizes=\"(max-width: 890px) 100vw, 890px\" \/><p id=\"caption-attachment-221483\" class=\"wp-caption-text\">\u00a0 \u00a0 \u00a0 \u00a0 \u00a0 \u00a0 \u00a0 \u00a0 \u00a0 \u00a0 \u00a0 \u00a0 \u00a0 \u00a0 \u00a0 \u00a0 \u00a0 \u00a0 \u00a0 \u00a0 \u00a0 \u00a0 \u00a0 \u00a0 \u00a0 \u00a0 \u00a0 \u00a0 \u00a0 \u00a0 \u00a0 \u00a0 \u00a0 \u00a0 \u00a0 \u00a0 \u00a0 \u00a0 \u00a0 \u00a0 \u00a0 \u00a0 \u00a0 \u00a0 \u00a0 \u00a0 \u00a0 \u00a0 \u00a0 \u00a0 \u00a0 \u00a0 \u00a0 \u00a0 \u00a0 \u00a0 \u00a0<em> \u00a0 \u00a0Imagem: Acervo Prov\u00edncia<\/em><\/p><\/div>\n<p><strong>Cidade do Vaticano &#8211;<\/strong>\u00a0O comit\u00ea organizador da \u201cEconomia de Francisco\u201d informou na noite deste domingo, 01, que o evento desejado pelo Papa Francisco, previsto para os dias 26, 27 e 28 de mar\u00e7o na cidade de Assis, foi transferido para o m\u00eas de novembro.<\/p>\n<p>Segundo a carta enviada aos jovens, para incentivar o melhor desempenho da iniciativa, dada a dificuldade objetiva que tantos jovens t\u00eam no momento para viajar devido \u00e0 dissemina\u00e7\u00e3o do coronav\u00edrus Covid-19, o Comit\u00ea Organizador decidiu adiar o evento e fixou para o dia 21 de novembro de 2020 a nova data do seu encontro com os jovens em Assis, precedido pelos j\u00e1 previstos dias de aprofundamento. Ou seja, o evento acontece de 19 a 21 de novembro de 2020, sendo precedido pelo pr\u00e9-evento, de 17 a 18 de novembro de 2020.<\/p>\n<p>O Comit\u00ea informou que as reservas j\u00e1 feitas atrav\u00e9s dos operadores tur\u00edsticos que trabalham com o Comit\u00ea se mant\u00eam e s\u00e3o automaticamente adiadas: \u00a0&#8211; para jovens inscritos no pr\u00e9-evento: da noite de 16 a 21 de novembro de 2020; e<br \/>\n&#8211; para jovens inscritos no evento: da noite de 18 a 21 de novembro de 2020, nas mesmas condi\u00e7\u00f5es estabelecidas para o evento de mar\u00e7o.<\/p>\n<p>&#8220;J\u00e1 est\u00e1vamos todos na intensa fase final dos preparativos para o evento. Temos que desacelerar agora e &#8216;andar&#8217; mais alguns meses antes de nos encontrarmos em Assis, mas fazemos isso com<br \/>\nainda mais alegria, motiva\u00e7\u00e3o e, acima de tudo, juntos com voc\u00eas. A economia de Francesco j\u00e1 \u00e9 um processo que come\u00e7ou&#8221;, motiva o comunicado, adiantando que no dia 28 de mar\u00e7o, do Sal\u00e3o Papal do Sacro Convento de Assis, haver\u00e1 uma confer\u00eancia via web com os jovens dos pa\u00edses participantes, para dar continuidade \u00e0 jornada com um entusiasmo ainda maior.<\/p>\n<p><strong>Os objetivos do encontro<\/strong><\/p>\n<p>Na carta-convite dirigida a jovens economistas, empreendedores e empres\u00e1rios do mundo inteiro, divulgada em 11 de maio do ano passado, o Papa Francisco explica que Assis \u00e9 o lugar apropriado para inspirar uma nova economia, pois foi ali que Francisco se espojou de todo mundanismo para escolher Deus como b\u00fassola da sua vida, tornando-se pobre com os pobres e irm\u00e3o de todos. Sua decis\u00e3o de abra\u00e7ar a pobreza tamb\u00e9m deu origem a uma vis\u00e3o econ\u00f4mica que permanece atual.<\/p>\n<p>O Papa Francisco convida a Assis os jovens empreendedores, economistas, para fazer um pacto, no esp\u00edrito de S\u00e3o Francisco, a fim de que a economia de hoje e de amanh\u00e3 seja mais justa, fraterna, sustent\u00e1vel e com um novo protagonismo de quem hoje \u00e9 exclu\u00eddo.<\/p>\n<p>Neste pacto, a constru\u00e7\u00e3o de novos caminhos buscando a solu\u00e7\u00e3o dos problemas estruturais da economia mundial. Para isso, \u00e9 preciso questionar as \u201cleis\u201d econ\u00f4micas que produzem desigualdade e exclus\u00e3o, compreender que elas s\u00e3o fruto de decis\u00f5es pol\u00edticas e que, portanto, podem ser questionadas e transformadas.<\/p>\n<p>Trata-se de construir uma nova economia \u00e0 medida do homem e para o homem. Em s\u00edntese, o objetivo do Santo Padre \u00e9 que tenhamos no mundo uma economia socialmente justa, economicamente vi\u00e1vel, ambientalmente sustent\u00e1vel e eticamente respons\u00e1vel.<\/p>\n<hr \/>\n<p><em>Fonte: Vatican News<\/em><\/p>\n","protected":false},"excerpt":{"rendered":"<p>1\u00ba Encontro Economia de Francisco<\/p>\n","protected":false},"author":3,"featured_media":221484,"comment_status":"open","ping_status":"open","sticky":false,"template":"","format":"standard","meta":[],"categories":[1428],"tags":[1554],"acf":[],"yoast_head":"<!-- This site is optimized with the Yoast SEO plugin v19.2 - https:\/\/yoast.com\/wordpress\/plugins\/seo\/ -->\n<title>&quot;Economia de Francisco&quot; adiado para novembro - Not\u00edcias - Franciscanos<\/title>\n<meta name=\"robots\" content=\"index, follow, max-snippet:-1, max-image-preview:large, max-video-preview:-1\" \/>\n<link rel=\"canonical\" href=\"https:\/\/franciscanos.org.br\/noticias\/economia-de-francisco-adiado-para-novembro.html\" \/>\n<meta property=\"og:locale\" content=\"pt_BR\" \/>\n<meta property=\"og:type\" content=\"article\" \/>\n<meta property=\"og:title\" content=\"&quot;Economia de Francisco&quot; adiado para novembro - Not\u00edcias - Franciscanos\" \/>\n<meta property=\"og:description\" content=\"1\u00ba Encontro Economia de Francisco\" \/>\n<meta property=\"og:url\" content=\"https:\/\/franciscanos.org.br\/noticias\/economia-de-francisco-adiado-para-novembro.html\" \/>\n<meta property=\"og:site_name\" content=\"Not\u00edcias - Franciscanos\" \/>\n<meta property=\"article:published_time\" content=\"2020-03-02T11:09:34+00:00\" \/>\n<meta property=\"article:modified_time\" content=\"2021-08-29T15:56:04+00:00\" \/>\n<meta property=\"og:image\" content=\"https:\/\/franciscanos.org.br\/noticias\/wp-content\/uploads\/2020\/03\/assis_0203d.jpg\" \/>\n\t<meta property=\"og:image:width\" content=\"273\" \/>\n\t<meta property=\"og:image:height\" content=\"181\" \/>\n\t<meta property=\"og:image:type\" content=\"image\/jpeg\" \/>\n<meta name=\"author\" content=\"moacir\" \/>\n<meta name=\"twitter:card\" content=\"summary_large_image\" \/>\n<meta name=\"twitter:label1\" content=\"Escrito por\" \/>\n\t<meta name=\"twitter:data1\" content=\"moacir\" \/>\n\t<meta name=\"twitter:label2\" content=\"Est. tempo de leitura\" \/>\n\t<meta name=\"twitter:data2\" content=\"3 minutos\" \/>\n<script type=\"application\/ld+json\" class=\"yoast-schema-graph\">{\"@context\":\"https:\/\/schema.org\",\"@graph\":[{\"@type\":\"WebSite\",\"@id\":\"https:\/\/franciscanos.org.br\/noticias\/#website\",\"url\":\"https:\/\/franciscanos.org.br\/noticias\/\",\"name\":\"Not\u00edcias - Franciscanos\",\"description\":\"Prov\u00edncia Franciscana da Imaculada Concei\u00e7\u00e3o do Brasil - Ordem dos Frades Menores - OFM\",\"potentialAction\":[{\"@type\":\"SearchAction\",\"target\":{\"@type\":\"EntryPoint\",\"urlTemplate\":\"https:\/\/franciscanos.org.br\/noticias\/?s={search_term_string}\"},\"query-input\":\"required name=search_term_string\"}],\"inLanguage\":\"pt-BR\"},{\"@type\":\"ImageObject\",\"inLanguage\":\"pt-BR\",\"@id\":\"https:\/\/franciscanos.org.br\/noticias\/economia-de-francisco-adiado-para-novembro.html#primaryimage\",\"url\":\"https:\/\/franciscanos.org.br\/noticias\/wp-content\/uploads\/2020\/03\/assis_0203d.jpg\",\"contentUrl\":\"https:\/\/franciscanos.org.br\/noticias\/wp-content\/uploads\/2020\/03\/assis_0203d.jpg\",\"width\":273,\"height\":181},{\"@type\":\"WebPage\",\"@id\":\"https:\/\/franciscanos.org.br\/noticias\/economia-de-francisco-adiado-para-novembro.html#webpage\",\"url\":\"https:\/\/franciscanos.org.br\/noticias\/economia-de-francisco-adiado-para-novembro.html\",\"name\":\"\\\"Economia de Francisco\\\" adiado para novembro - Not\u00edcias - Franciscanos\",\"isPartOf\":{\"@id\":\"https:\/\/franciscanos.org.br\/noticias\/#website\"},\"primaryImageOfPage\":{\"@id\":\"https:\/\/franciscanos.org.br\/noticias\/economia-de-francisco-adiado-para-novembro.html#primaryimage\"},\"datePublished\":\"2020-03-02T11:09:34+00:00\",\"dateModified\":\"2021-08-29T15:56:04+00:00\",\"author\":{\"@id\":\"https:\/\/franciscanos.org.br\/noticias\/#\/schema\/person\/b5c8cba458c330ccff548b056e95a5d4\"},\"breadcrumb\":{\"@id\":\"https:\/\/franciscanos.org.br\/noticias\/economia-de-francisco-adiado-para-novembro.html#breadcrumb\"},\"inLanguage\":\"pt-BR\",\"potentialAction\":[{\"@type\":\"ReadAction\",\"target\":[\"https:\/\/franciscanos.org.br\/noticias\/economia-de-francisco-adiado-para-novembro.html\"]}]},{\"@type\":\"BreadcrumbList\",\"@id\":\"https:\/\/franciscanos.org.br\/noticias\/economia-de-francisco-adiado-para-novembro.html#breadcrumb\",\"itemListElement\":[{\"@type\":\"ListItem\",\"position\":1,\"name\":\"Home\",\"item\":\"https:\/\/franciscanos.org.br\/noticias\"},{\"@type\":\"ListItem\",\"position\":2,\"name\":\"&#8220;Economia de Francisco&#8221; adiado para novembro\"}]},{\"@type\":\"Person\",\"@id\":\"https:\/\/franciscanos.org.br\/noticias\/#\/schema\/person\/b5c8cba458c330ccff548b056e95a5d4\",\"name\":\"moacir\",\"image\":{\"@type\":\"ImageObject\",\"inLanguage\":\"pt-BR\",\"@id\":\"https:\/\/franciscanos.org.br\/noticias\/#\/schema\/person\/image\/\",\"url\":\"https:\/\/secure.gravatar.com\/avatar\/d08aa2ce4c8dd416d4479aa8536fcf64?s=96&d=mm&r=g\",\"contentUrl\":\"https:\/\/secure.gravatar.com\/avatar\/d08aa2ce4c8dd416d4479aa8536fcf64?s=96&d=mm&r=g\",\"caption\":\"moacir\"},\"url\":\"https:\/\/franciscanos.org.br\/noticias\/author\/moacir\"}]}<\/script>\n<!-- \/ Yoast SEO plugin. -->","yoast_head_json":{"title":"\"Economia de Francisco\" adiado para novembro - Not\u00edcias - Franciscanos","robots":{"index":"index","follow":"follow","max-snippet":"max-snippet:-1","max-image-preview":"max-image-preview:large","max-video-preview":"max-video-preview:-1"},"canonical":"https:\/\/franciscanos.org.br\/noticias\/economia-de-francisco-adiado-para-novembro.html","og_locale":"pt_BR","og_type":"article","og_title":"\"Economia de Francisco\" adiado para novembro - Not\u00edcias - Franciscanos","og_description":"1\u00ba Encontro Economia de Francisco","og_url":"https:\/\/franciscanos.org.br\/noticias\/economia-de-francisco-adiado-para-novembro.html","og_site_name":"Not\u00edcias - Franciscanos","article_published_time":"2020-03-02T11:09:34+00:00","article_modified_time":"2021-08-29T15:56:04+00:00","og_image":[{"width":273,"height":181,"url":"https:\/\/franciscanos.org.br\/noticias\/wp-content\/uploads\/2020\/03\/assis_0203d.jpg","type":"image\/jpeg"}],"author":"moacir","twitter_card":"summary_large_image","twitter_misc":{"Escrito por":"moacir","Est. tempo de leitura":"3 minutos"},"schema":{"@context":"https:\/\/schema.org","@graph":[{"@type":"WebSite","@id":"https:\/\/franciscanos.org.br\/noticias\/#website","url":"https:\/\/franciscanos.org.br\/noticias\/","name":"Not\u00edcias - Franciscanos","description":"Prov\u00edncia Franciscana da Imaculada Concei\u00e7\u00e3o do Brasil - Ordem dos Frades Menores - OFM","potentialAction":[{"@type":"SearchAction","target":{"@type":"EntryPoint","urlTemplate":"https:\/\/franciscanos.org.br\/noticias\/?s={search_term_string}"},"query-input":"required name=search_term_string"}],"inLanguage":"pt-BR"},{"@type":"ImageObject","inLanguage":"pt-BR","@id":"https:\/\/franciscanos.org.br\/noticias\/economia-de-francisco-adiado-para-novembro.html#primaryimage","url":"https:\/\/franciscanos.org.br\/noticias\/wp-content\/uploads\/2020\/03\/assis_0203d.jpg","contentUrl":"https:\/\/franciscanos.org.br\/noticias\/wp-content\/uploads\/2020\/03\/assis_0203d.jpg","width":273,"height":181},{"@type":"WebPage","@id":"https:\/\/franciscanos.org.br\/noticias\/economia-de-francisco-adiado-para-novembro.html#webpage","url":"https:\/\/franciscanos.org.br\/noticias\/economia-de-francisco-adiado-para-novembro.html","name":"\"Economia de Francisco\" adiado para novembro - Not\u00edcias - Franciscanos","isPartOf":{"@id":"https:\/\/franciscanos.org.br\/noticias\/#website"},"primaryImageOfPage":{"@id":"https:\/\/franciscanos.org.br\/noticias\/economia-de-francisco-adiado-para-novembro.html#primaryimage"},"datePublished":"2020-03-02T11:09:34+00:00","dateModified":"2021-08-29T15:56:04+00:00","author":{"@id":"https:\/\/franciscanos.org.br\/noticias\/#\/schema\/person\/b5c8cba458c330ccff548b056e95a5d4"},"breadcrumb":{"@id":"https:\/\/franciscanos.org.br\/noticias\/economia-de-francisco-adiado-para-novembro.html#breadcrumb"},"inLanguage":"pt-BR","potentialAction":[{"@type":"ReadAction","target":["https:\/\/franciscanos.org.br\/noticias\/economia-de-francisco-adiado-para-novembro.html"]}]},{"@type":"BreadcrumbList","@id":"https:\/\/franciscanos.org.br\/noticias\/economia-de-francisco-adiado-para-novembro.html#breadcrumb","itemListElement":[{"@type":"ListItem","position":1,"name":"Home","item":"https:\/\/franciscanos.org.br\/noticias"},{"@type":"ListItem","position":2,"name":"&#8220;Economia de Francisco&#8221; adiado para novembro"}]},{"@type":"Person","@id":"https:\/\/franciscanos.org.br\/noticias\/#\/schema\/person\/b5c8cba458c330ccff548b056e95a5d4","name":"moacir","image":{"@type":"ImageObject","inLanguage":"pt-BR","@id":"https:\/\/franciscanos.org.br\/noticias\/#\/schema\/person\/image\/","url":"https:\/\/secure.gravatar.com\/avatar\/d08aa2ce4c8dd416d4479aa8536fcf64?s=96&d=mm&r=g","contentUrl":"https:\/\/secure.gravatar.com\/avatar\/d08aa2ce4c8dd416d4479aa8536fcf64?s=96&d=mm&r=g","caption":"moacir"},"url":"https:\/\/franciscanos.org.br\/noticias\/author\/moacir"}]}},"_links":{"self":[{"href":"https:\/\/franciscanos.org.br\/noticias\/wp-json\/wp\/v2\/posts\/221482"}],"collection":[{"href":"https:\/\/franciscanos.org.br\/noticias\/wp-json\/wp\/v2\/posts"}],"about":[{"href":"https:\/\/franciscanos.org.br\/noticias\/wp-json\/wp\/v2\/types\/post"}],"author":[{"embeddable":true,"href":"https:\/\/franciscanos.org.br\/noticias\/wp-json\/wp\/v2\/users\/3"}],"replies":[{"embeddable":true,"href":"https:\/\/franciscanos.org.br\/noticias\/wp-json\/wp\/v2\/comments?post=221482"}],"version-history":[{"count":2,"href":"https:\/\/franciscanos.org.br\/noticias\/wp-json\/wp\/v2\/posts\/221482\/revisions"}],"predecessor-version":[{"id":234026,"href":"https:\/\/franciscanos.org.br\/noticias\/wp-json\/wp\/v2\/posts\/221482\/revisions\/234026"}],"wp:featuredmedia":[{"embeddable":true,"href":"https:\/\/franciscanos.org.br\/noticias\/wp-json\/wp\/v2\/media\/221484"}],"wp:attachment":[{"href":"https:\/\/franciscanos.org.br\/noticias\/wp-json\/wp\/v2\/media?parent=221482"}],"wp:term":[{"taxonomy":"category","embeddable":true,"href":"https:\/\/franciscanos.org.br\/noticias\/wp-json\/wp\/v2\/categories?post=221482"},{"taxonomy":"post_tag","embeddable":true,"href":"https:\/\/franciscanos.org.br\/noticias\/wp-json\/wp\/v2\/tags?post=221482"}],"curies":[{"name":"wp","href":"https:\/\/api.w.org\/{rel}","templated":true}]}}