{"id":221461,"date":"2020-02-28T14:21:35","date_gmt":"2020-02-28T17:21:35","guid":{"rendered":"https:\/\/franciscanos.org.br\/noticias\/?p=221461"},"modified":"2020-03-13T08:16:44","modified_gmt":"2020-03-13T11:16:44","slug":"cf-2020-ha-necessidade-de-politicas","status":"publish","type":"post","link":"https:\/\/franciscanos.org.br\/noticias\/cf-2020-ha-necessidade-de-politicas.html","title":{"rendered":"CF 2020: &#8220;H\u00e1 necessidade de estabelecer pol\u00edticas mais efetivas&#8221;"},"content":{"rendered":"<p><img loading=\"lazy\" class=\"alignnone size-full wp-image-221402\" src=\"https:\/\/franciscanos.org.br\/noticias\/wp-content\/uploads\/2020\/02\/podcast_210220.jpg\" alt=\"\" width=\"890\" height=\"300\" srcset=\"https:\/\/franciscanos.org.br\/noticias\/wp-content\/uploads\/2020\/02\/podcast_210220.jpg 890w, https:\/\/franciscanos.org.br\/noticias\/wp-content\/uploads\/2020\/02\/podcast_210220-450x152.jpg 450w, https:\/\/franciscanos.org.br\/noticias\/wp-content\/uploads\/2020\/02\/podcast_210220-768x259.jpg 768w, https:\/\/franciscanos.org.br\/noticias\/wp-content\/uploads\/2020\/02\/podcast_210220-150x51.jpg 150w\" sizes=\"(max-width: 890px) 100vw, 890px\" \/><\/p>\n<p><strong>S\u00e3o Paulo (SP) &#8211;<\/strong> Dando sequ\u00eancia aos <em>podcasts<\/em> especiais, dedicados \u00e0 Campanha da Fraternidade deste ano, a Prov\u00edncia Franciscana divulga a segunda parte da s\u00e9rie de entrevistas que aborda diferentes temas transversais ao tema central da CF deste ano: &#8220;Fraternidade e vida: dom e compromisso&#8221;.<\/p>\n<p>Nesta semana, abordamos a quest\u00e3o do cuidado com o ser humano a partir do ponto de vista da forma\u00e7\u00e3o escolar, do ponto de vista pastoral e tamb\u00e9m social, compreendendo como o cuidado com o cidad\u00e3o \u00e9 um direito garantido pela Constitui\u00e7\u00e3o Federal.<\/p>\n<p>Segundo o professor Volney Zamenhof de Oliveira Silva, diretor do c\u00e2mpus Itatiba e diretor da \u00c1rea de Ci\u00eancias Humanas e Sociais da Universidade S\u00e3o Francisco (USF), ainda h\u00e1 necessidade de Pol\u00edticas P\u00fablicas que assegurem a dignidade da pessoa humana. &#8220;A Constitui\u00e7\u00e3o Federal nos garante o bem-estar de todos, sem qualquer tipo de preconceito, de origem, ra\u00e7a, cor, idade ou quaisquer outras formas de discrimina\u00e7\u00e3o. Mas, se por um lado, a Constitui\u00e7\u00e3o estabelece a garantia dos direitos como meta, percebe-se que infelizmente o Estado n\u00e3o est\u00e1 cumprindo. Ou seja, h\u00e1 necessidade de estabelecer pol\u00edticas mais efetivas, que surtam efeito, de tal forma que possam oferecer a dignidade da pessoa humana&#8221;, afirma.<\/p>\n<p><img loading=\"lazy\" class=\"alignnone wp-image-221473 size-full\" src=\"https:\/\/franciscanos.org.br\/noticias\/wp-content\/uploads\/2020\/02\/kelder_hoje.jpg\" alt=\"\" width=\"890\" height=\"444\" srcset=\"https:\/\/franciscanos.org.br\/noticias\/wp-content\/uploads\/2020\/02\/kelder_hoje.jpg 890w, https:\/\/franciscanos.org.br\/noticias\/wp-content\/uploads\/2020\/02\/kelder_hoje-450x224.jpg 450w, https:\/\/franciscanos.org.br\/noticias\/wp-content\/uploads\/2020\/02\/kelder_hoje-768x383.jpg 768w, https:\/\/franciscanos.org.br\/noticias\/wp-content\/uploads\/2020\/02\/kelder_hoje-150x75.jpg 150w\" sizes=\"(max-width: 890px) 100vw, 890px\" \/><\/p>\n<p><em>\u00c0 dir: Pe. Kelder Brand\u00e3o, da Arquidiocese de Vit\u00f3ria; e \u00e0 esq.: Volney Zamenhof de Oliveira Silva, diretor do c\u00e2mpus Itatiba<\/em><\/p>\n<p>Como exemplo concreto, trazemos o testemunho do Padre Kelder Jos\u00e9 Brand\u00e3o Figueira, p\u00e1roco da Par\u00f3quia Santa Teresa de Calcut\u00e1, de Itarar\u00e9, em Vit\u00f3ria e vig\u00e1rio Episcopal para a a\u00e7\u00e3o social, pol\u00edtica e ecum\u00eanica da Arquidiocese de Vit\u00f3ria (ES). H\u00e1 quase 30 anos o religioso trabalha na periferia de Vit\u00f3ria. Ele afirma que ainda sofre muita resist\u00eancia por causa de seu trabalho. &#8220;Fui trabalhar numa par\u00f3quia da periferia e na primeira missa que ia celebrar na comunidade, uma pessoa foi assassinada na regi\u00e3o. Na homilia, eu pedi que, ao inv\u00e9s de fazer a homilia, mantiv\u00e9ssemos sil\u00eancio em mem\u00f3ria daquela pessoa que havia perdido a vida a poucos metros da comunidade. Depois, na avalia\u00e7\u00e3o, disseram que as pessoas se envolviam em coisas erradas e a comunidade que ficava sem a homilia. Para aquela pessoa, a homilia do padre era mais importante do que a vida daquela pessoa que tombou. Isso me despertou e, desde ent\u00e3o, tenho trabalhado com as pastorais e movimentos sociais na constru\u00e7\u00e3o de uma cultura da paz, de enfrentamento da viol\u00eancia e das organiza\u00e7\u00f5es populares, tentando aproximar o m\u00e1ximo poss\u00edvel a institui\u00e7\u00e3o religiosa da sociedade civil, para que todos nos empenhemos na transforma\u00e7\u00e3o da viol\u00eancia no Esp\u00edrito Santo&#8221;, afirma o religioso.<\/p>\n<p>Para contribuir com a reflex\u00e3o da Campanha da Fraternidade, a Prov\u00edncia Franciscana da Imaculada Concei\u00e7\u00e3o, atrav\u00e9s da Frente de Evangeliza\u00e7\u00e3o da Comunica\u00e7\u00e3o, produziu uma s\u00e9rie de entrevistas, disponibilizada em formato <em>podcast.<\/em><\/p>\n<p>Abordando diversos aspectos ligados \u00e0 compaix\u00e3o e \u00e0 solidariedade, o<em> podcast<\/em> busca levar ao ouvinte a refletir sobre o tema deste ano, al\u00e9m de ajudar na forma\u00e7\u00e3o dos agentes de pastoral.<\/p>\n<p>O material teve produ\u00e7\u00e3o do Departamento de Comunica\u00e7\u00e3o da Prov\u00edncia e contou com a colabora\u00e7\u00e3o da Funda\u00e7\u00e3o Cultural Celinauta.<\/p>\n<h3>CONFIRA ABAIXO TODOS OS EPIS\u00d3DIOS:<\/h3>\n<p><a href=\"https:\/\/open.spotify.com\/episode\/0OxoAzBAY6tUJrFBAkftEz\" target=\"_blank\" rel=\"noopener noreferrer\"><strong>01. CF 2020 \u2013 Inspira\u00e7\u00f5es e provoca\u00e7\u00f5es \u2013 Dom Jaime Spengler<\/strong><\/a><br \/>\n1\u00ba Vice-Presidente da Confer\u00eancia Nacional dos Bispos do Brasil (CNBB) e Arcebispo de Porto Alegre (RS).<\/p>\n<p><a href=\"https:\/\/open.spotify.com\/episode\/4B4tzH2BuRyGM8cjjLTi7v\" target=\"_blank\" rel=\"noopener noreferrer\"><strong>02. A compaix\u00e3o em lugar da competi\u00e7\u00e3o \u2013 Frei Vit\u00f3rio Mazzuco<\/strong><\/a><br \/>\nMestre em Espiritualidade Franciscana, coordenador de Pastoral da Universidade S\u00e3o Francisco (USF).<\/p>\n<p><a href=\"https:\/\/open.spotify.com\/episode\/3ocxioBhZXyOTU4OdDgN5M\" target=\"_blank\" rel=\"noopener noreferrer\"><strong>03. Irm\u00e3 Dulce: vida, hist\u00f3ria e exemplo \u2013 Karla Maria<\/strong><\/a><br \/>\nJornalista, autora dos livros Mulheres extraordin\u00e1rias; Irm\u00e3 Dulce &#8211; A Santa brasileira que fez dos pobres sua vida; e O peso do jumbo &#8211; Hist\u00f3rias de uma rep\u00f3rter de dentro e fora do c\u00e1rcere (Editora Paulus). Ganhadora do Pr\u00eamio Dom Helder C\u00e2mara de Imprensa da CNBB (2012 e 2017).<\/p>\n<p><a href=\"https:\/\/open.spotify.com\/episode\/5CXkjIPsxGVxcfeVKPooHi\" target=\"_blank\" rel=\"noopener noreferrer\"><strong>04. A import\u00e2ncia de sermos samaritanos da Casa Comum \u2013 Moema Miranda<\/strong><\/a><br \/>\nAuditora do S\u00ednodo para a Amaz\u00f4nia, doutoranda em Filosofia e a Quest\u00e3o Ambiental pela PUC Rio, leiga da Ordem Franciscana Secular (OFS) e membro da Comiss\u00e3o de Ecologia Integral e Minera\u00e7\u00e3o da CNBB.<\/p>\n<p><a href=\"https:\/\/open.spotify.com\/episode\/27XFQZBr1ZZW8h8k2piq1p\" target=\"_blank\" rel=\"noopener noreferrer\"><strong>05. \u00a0Os exerc\u00edcios quaresmais como inspira\u00e7\u00e3o para o cuidado &#8211; Frei Fid\u00eancio Vanboemmel<\/strong><\/a><br \/>\nModerador da Forma\u00e7\u00e3o Permanente da Prov\u00edncia Franciscana.<\/p>\n<p><a href=\"https:\/\/open.spotify.com\/episode\/2IPqSY7eEKrp8jRT2RjT9j\" target=\"_blank\" rel=\"noopener noreferrer\"><strong>06. O cuidado com o ser humano como compromisso da Constitui\u00e7\u00e3o Federal \u2013 Prof\u00ba Volney Zamenhof de Oliveira Silva<\/strong><\/a><br \/>\nDiretor do C\u00e2mpus Itatiba e Diretor da \u00c1rea de Ci\u00eancias Humanas e Sociais da Universidade S\u00e3o Francisco (USF)<\/p>\n<p><a href=\"https:\/\/open.spotify.com\/episode\/3Nh7829blptNFiCDFpOje2\" target=\"_blank\" rel=\"noopener noreferrer\"><strong>07. Educar para o cuidado \u2013 Professor Mario Renato Longen<\/strong><\/a><br \/>\nCoordenador de Ensino Religioso do Col\u00e9gio Bom Jesus, em Curitiba (PR).<\/p>\n<p><a href=\"https:\/\/open.spotify.com\/episode\/6Yrbik9eiCnTsEhmutmlQB\" target=\"_blank\" rel=\"noopener noreferrer\"><strong>08. Compaix\u00e3o e cuidado como prioridades pastorais &#8211; Frei Marx Rodrigues dos Reis<\/strong><\/a><br \/>\nCoordenador do setor de forma\u00e7\u00e3o do Sefras e vig\u00e1rio paroquial da Par\u00f3quia Santo Ant\u00f4nio do Pari<\/p>\n<p><strong><a href=\"https:\/\/open.spotify.com\/episode\/4ELUrIPBVHzGBUpEkjZIFx\" target=\"_blank\" rel=\"noopener noreferrer\">09. A Igreja nas periferias \u2013 Padre Kelder Jos\u00e9 Brand\u00e3o Figueira<\/a><br \/>\n<\/strong>P\u00e1roco da Par\u00f3quia Santa Teresa de Calcut\u00e1, de Itarar\u00e9, em Vit\u00f3ria e Vig\u00e1rio Episcopal para a a\u00e7\u00e3o social, pol\u00edtica e ecum\u00eanica da Arquidiocese de Vit\u00f3ria (ES).<\/p>\n<p><a href=\"https:\/\/open.spotify.com\/episode\/0UDVwki36sk4Dt25k9QlTZ\" target=\"_blank\" rel=\"noopener noreferrer\"><strong>10. Justi\u00e7a restaurativa e compaix\u00e3o \u2013 Vera Lucia Dalzotto<\/strong><\/a><br \/>\nAssessora Nacional da Pastoral Carcer\u00e1ria para a quest\u00e3o da Justi\u00e7a Restaurativa e membro da coordena\u00e7\u00e3o da Pastoral Carcer\u00e1ria no Rio Grande do Sul (RS).<\/p>\n<p><a href=\"https:\/\/open.spotify.com\/episode\/0vfK6lkOyMQytK43d79rXU\" target=\"_blank\" rel=\"noopener noreferrer\"><strong>11.\u00a0 Seguran\u00e7a Alimentar \u2013\u00a0 Prof\u00ba\u00a0Alison Douglas da Silva<\/strong><\/a><br \/>\nDocente do curso de nutri\u00e7\u00e3o da Universidade S\u00e3o Francisco (USF) e\u00a0doutorando em Sa\u00fade Coletiva pela Unicamp.<\/p>\n<p><a href=\"https:\/\/open.spotify.com\/episode\/0A9lzQ8bBhBI2jN10RIwE8\" target=\"_blank\" rel=\"noopener noreferrer\"><strong>12. A experi\u00eancia do Arsenal da Esperan\u00e7a como uma atualiza\u00e7\u00e3o da par\u00e1bola do bom samaritano &#8211; Pe. Simone Bernardi<br \/>\n<\/strong><\/a>Membro do Sermig &#8211; Servi\u00e7o Mission\u00e1rio Jovens &#8211; pertence ao Arsenal da Esperan\u00e7a, em S\u00e3o Paulo.<\/p>\n<p><a href=\"http:\/\/open.spotify.com\/episode\/0RR1ynvk5c0kDjmVo70SyX\"><strong>13. Evangelizar: gerar experi\u00eancias de solidariedade e inclus\u00e3o junto aos que sofrem \u2013 Frei Diego Melo<\/strong><\/a><br \/>\nCoordenador do Servi\u00e7o de Anima\u00e7\u00e3o Vocacional (SAV) e animador provincial do JPIC (Comiss\u00e3o de Justi\u00e7a, Paz e Integridade da Cria\u00e7\u00e3o)<\/p>\n<p><a href=\"http:\/\/open.spotify.com\/episode\/0ATc8IVGRuQfd61a4nOzwE\"><strong>14.\u00a0O di\u00e1logo inter-religioso e o cuidado com o ser humano e a casa comum\u00a0\u2013 Pastora Marcia Romi Bencke<\/strong><\/a><br \/>\nSecret\u00e1ria-Geral do Conic \u2013 Conselho Nacional de Igrejas Crist\u00e3s do Brasil<\/p>\n<p><a href=\"http:\/\/open.spotify.com\/episode\/1iRTelFIdK0vOR0YsY9lla\"><strong>15. A compaix\u00e3o e o cuidado a partir da compreens\u00e3o Budista<\/strong><\/a><br \/>\nMonja Coen, Fundadora primaz da Comunidade Zen Budista Zendo Brasil<\/p>\n<hr \/>\n<p>A s\u00e9rie tamb\u00e9m est\u00e1 dispon\u00edvel no <a href=\"https:\/\/open.spotify.com\/show\/3yJCUUR7jfxSfUz5QpNPmM?si=hWAltGqPS0ePpWbfVDGSZA\" target=\"_blank\" rel=\"noopener noreferrer\">Spotify<\/a> \/ <a href=\"https:\/\/anchor.fm\/provinciafranciscana\" target=\"_blank\" rel=\"noopener noreferrer\">Anchor<\/a> \/ <a href=\"https:\/\/www.google.com\/podcasts?feed=aHR0cHM6Ly9hbmNob3IuZm0vcy9iMmNhODg0L3BvZGNhc3QvcnNz\" target=\"_blank\" rel=\"noopener noreferrer\">Google Podcast<\/a> \/ <a href=\"https:\/\/www.deezer.com\/pt\/show\/512502\" target=\"_blank\" rel=\"noopener noreferrer\">Deezer <\/a>\/<a href=\"https:\/\/podtail.com\/pt-BR\/podcast\/provincia-franciscana-1\/\" target=\"_blank\" rel=\"noopener noreferrer\"> Podtail<\/a> e tamb\u00e9m no Apple Podcast.<\/p>\n","protected":false},"excerpt":{"rendered":"<p>Campanha da Fraternidade<\/p>\n","protected":false},"author":1,"featured_media":221658,"comment_status":"open","ping_status":"open","sticky":false,"template":"","format":"standard","meta":[],"categories":[1],"tags":[818,1601],"acf":[],"yoast_head":"<!-- This site is optimized with the Yoast SEO plugin v19.2 - https:\/\/yoast.com\/wordpress\/plugins\/seo\/ -->\n<title>CF 2020: &quot;H\u00e1 necessidade de estabelecer pol\u00edticas mais efetivas&quot; - Not\u00edcias - Franciscanos<\/title>\n<meta name=\"robots\" content=\"index, follow, max-snippet:-1, max-image-preview:large, max-video-preview:-1\" \/>\n<link rel=\"canonical\" href=\"https:\/\/franciscanos.org.br\/noticias\/cf-2020-ha-necessidade-de-politicas.html\" \/>\n<meta property=\"og:locale\" content=\"pt_BR\" \/>\n<meta property=\"og:type\" content=\"article\" \/>\n<meta property=\"og:title\" content=\"CF 2020: &quot;H\u00e1 necessidade de estabelecer pol\u00edticas mais efetivas&quot; - Not\u00edcias - Franciscanos\" \/>\n<meta property=\"og:description\" content=\"Campanha da Fraternidade\" \/>\n<meta property=\"og:url\" content=\"https:\/\/franciscanos.org.br\/noticias\/cf-2020-ha-necessidade-de-politicas.html\" \/>\n<meta property=\"og:site_name\" content=\"Not\u00edcias - Franciscanos\" \/>\n<meta property=\"article:published_time\" content=\"2020-02-28T17:21:35+00:00\" \/>\n<meta property=\"article:modified_time\" content=\"2020-03-13T11:16:44+00:00\" \/>\n<meta property=\"og:image\" content=\"https:\/\/franciscanos.org.br\/noticias\/wp-content\/uploads\/2020\/03\/podcast_273.jpg\" \/>\n\t<meta property=\"og:image:width\" content=\"273\" \/>\n\t<meta property=\"og:image:height\" content=\"181\" \/>\n\t<meta property=\"og:image:type\" content=\"image\/jpeg\" \/>\n<meta name=\"author\" content=\"admin\" \/>\n<meta name=\"twitter:card\" content=\"summary_large_image\" \/>\n<meta name=\"twitter:label1\" content=\"Escrito por\" \/>\n\t<meta name=\"twitter:data1\" content=\"admin\" \/>\n\t<meta name=\"twitter:label2\" content=\"Est. tempo de leitura\" \/>\n\t<meta name=\"twitter:data2\" content=\"6 minutos\" \/>\n<script type=\"application\/ld+json\" class=\"yoast-schema-graph\">{\"@context\":\"https:\/\/schema.org\",\"@graph\":[{\"@type\":\"WebSite\",\"@id\":\"https:\/\/franciscanos.org.br\/noticias\/#website\",\"url\":\"https:\/\/franciscanos.org.br\/noticias\/\",\"name\":\"Not\u00edcias - Franciscanos\",\"description\":\"Prov\u00edncia Franciscana da Imaculada Concei\u00e7\u00e3o do Brasil - Ordem dos Frades Menores - OFM\",\"potentialAction\":[{\"@type\":\"SearchAction\",\"target\":{\"@type\":\"EntryPoint\",\"urlTemplate\":\"https:\/\/franciscanos.org.br\/noticias\/?s={search_term_string}\"},\"query-input\":\"required name=search_term_string\"}],\"inLanguage\":\"pt-BR\"},{\"@type\":\"ImageObject\",\"inLanguage\":\"pt-BR\",\"@id\":\"https:\/\/franciscanos.org.br\/noticias\/cf-2020-ha-necessidade-de-politicas.html#primaryimage\",\"url\":\"https:\/\/franciscanos.org.br\/noticias\/wp-content\/uploads\/2020\/03\/podcast_273.jpg\",\"contentUrl\":\"https:\/\/franciscanos.org.br\/noticias\/wp-content\/uploads\/2020\/03\/podcast_273.jpg\",\"width\":273,\"height\":181},{\"@type\":\"WebPage\",\"@id\":\"https:\/\/franciscanos.org.br\/noticias\/cf-2020-ha-necessidade-de-politicas.html#webpage\",\"url\":\"https:\/\/franciscanos.org.br\/noticias\/cf-2020-ha-necessidade-de-politicas.html\",\"name\":\"CF 2020: \\\"H\u00e1 necessidade de estabelecer pol\u00edticas mais efetivas\\\" - Not\u00edcias - Franciscanos\",\"isPartOf\":{\"@id\":\"https:\/\/franciscanos.org.br\/noticias\/#website\"},\"primaryImageOfPage\":{\"@id\":\"https:\/\/franciscanos.org.br\/noticias\/cf-2020-ha-necessidade-de-politicas.html#primaryimage\"},\"datePublished\":\"2020-02-28T17:21:35+00:00\",\"dateModified\":\"2020-03-13T11:16:44+00:00\",\"author\":{\"@id\":\"https:\/\/franciscanos.org.br\/noticias\/#\/schema\/person\/b38fbf43118f02820bd932f2e4b14ad3\"},\"breadcrumb\":{\"@id\":\"https:\/\/franciscanos.org.br\/noticias\/cf-2020-ha-necessidade-de-politicas.html#breadcrumb\"},\"inLanguage\":\"pt-BR\",\"potentialAction\":[{\"@type\":\"ReadAction\",\"target\":[\"https:\/\/franciscanos.org.br\/noticias\/cf-2020-ha-necessidade-de-politicas.html\"]}]},{\"@type\":\"BreadcrumbList\",\"@id\":\"https:\/\/franciscanos.org.br\/noticias\/cf-2020-ha-necessidade-de-politicas.html#breadcrumb\",\"itemListElement\":[{\"@type\":\"ListItem\",\"position\":1,\"name\":\"Home\",\"item\":\"https:\/\/franciscanos.org.br\/noticias\"},{\"@type\":\"ListItem\",\"position\":2,\"name\":\"CF 2020: &#8220;H\u00e1 necessidade de estabelecer pol\u00edticas mais efetivas&#8221;\"}]},{\"@type\":\"Person\",\"@id\":\"https:\/\/franciscanos.org.br\/noticias\/#\/schema\/person\/b38fbf43118f02820bd932f2e4b14ad3\",\"name\":\"admin\",\"image\":{\"@type\":\"ImageObject\",\"inLanguage\":\"pt-BR\",\"@id\":\"https:\/\/franciscanos.org.br\/noticias\/#\/schema\/person\/image\/\",\"url\":\"https:\/\/secure.gravatar.com\/avatar\/e8495742d34d0ba6448ea1c628263b3e?s=96&d=mm&r=g\",\"contentUrl\":\"https:\/\/secure.gravatar.com\/avatar\/e8495742d34d0ba6448ea1c628263b3e?s=96&d=mm&r=g\",\"caption\":\"admin\"},\"url\":\"https:\/\/franciscanos.org.br\/noticias\/author\/admin\"}]}<\/script>\n<!-- \/ Yoast SEO plugin. -->","yoast_head_json":{"title":"CF 2020: \"H\u00e1 necessidade de estabelecer pol\u00edticas mais efetivas\" - Not\u00edcias - Franciscanos","robots":{"index":"index","follow":"follow","max-snippet":"max-snippet:-1","max-image-preview":"max-image-preview:large","max-video-preview":"max-video-preview:-1"},"canonical":"https:\/\/franciscanos.org.br\/noticias\/cf-2020-ha-necessidade-de-politicas.html","og_locale":"pt_BR","og_type":"article","og_title":"CF 2020: \"H\u00e1 necessidade de estabelecer pol\u00edticas mais efetivas\" - Not\u00edcias - Franciscanos","og_description":"Campanha da Fraternidade","og_url":"https:\/\/franciscanos.org.br\/noticias\/cf-2020-ha-necessidade-de-politicas.html","og_site_name":"Not\u00edcias - Franciscanos","article_published_time":"2020-02-28T17:21:35+00:00","article_modified_time":"2020-03-13T11:16:44+00:00","og_image":[{"width":273,"height":181,"url":"https:\/\/franciscanos.org.br\/noticias\/wp-content\/uploads\/2020\/03\/podcast_273.jpg","type":"image\/jpeg"}],"author":"admin","twitter_card":"summary_large_image","twitter_misc":{"Escrito por":"admin","Est. tempo de leitura":"6 minutos"},"schema":{"@context":"https:\/\/schema.org","@graph":[{"@type":"WebSite","@id":"https:\/\/franciscanos.org.br\/noticias\/#website","url":"https:\/\/franciscanos.org.br\/noticias\/","name":"Not\u00edcias - Franciscanos","description":"Prov\u00edncia Franciscana da Imaculada Concei\u00e7\u00e3o do Brasil - Ordem dos Frades Menores - OFM","potentialAction":[{"@type":"SearchAction","target":{"@type":"EntryPoint","urlTemplate":"https:\/\/franciscanos.org.br\/noticias\/?s={search_term_string}"},"query-input":"required name=search_term_string"}],"inLanguage":"pt-BR"},{"@type":"ImageObject","inLanguage":"pt-BR","@id":"https:\/\/franciscanos.org.br\/noticias\/cf-2020-ha-necessidade-de-politicas.html#primaryimage","url":"https:\/\/franciscanos.org.br\/noticias\/wp-content\/uploads\/2020\/03\/podcast_273.jpg","contentUrl":"https:\/\/franciscanos.org.br\/noticias\/wp-content\/uploads\/2020\/03\/podcast_273.jpg","width":273,"height":181},{"@type":"WebPage","@id":"https:\/\/franciscanos.org.br\/noticias\/cf-2020-ha-necessidade-de-politicas.html#webpage","url":"https:\/\/franciscanos.org.br\/noticias\/cf-2020-ha-necessidade-de-politicas.html","name":"CF 2020: \"H\u00e1 necessidade de estabelecer pol\u00edticas mais efetivas\" - Not\u00edcias - Franciscanos","isPartOf":{"@id":"https:\/\/franciscanos.org.br\/noticias\/#website"},"primaryImageOfPage":{"@id":"https:\/\/franciscanos.org.br\/noticias\/cf-2020-ha-necessidade-de-politicas.html#primaryimage"},"datePublished":"2020-02-28T17:21:35+00:00","dateModified":"2020-03-13T11:16:44+00:00","author":{"@id":"https:\/\/franciscanos.org.br\/noticias\/#\/schema\/person\/b38fbf43118f02820bd932f2e4b14ad3"},"breadcrumb":{"@id":"https:\/\/franciscanos.org.br\/noticias\/cf-2020-ha-necessidade-de-politicas.html#breadcrumb"},"inLanguage":"pt-BR","potentialAction":[{"@type":"ReadAction","target":["https:\/\/franciscanos.org.br\/noticias\/cf-2020-ha-necessidade-de-politicas.html"]}]},{"@type":"BreadcrumbList","@id":"https:\/\/franciscanos.org.br\/noticias\/cf-2020-ha-necessidade-de-politicas.html#breadcrumb","itemListElement":[{"@type":"ListItem","position":1,"name":"Home","item":"https:\/\/franciscanos.org.br\/noticias"},{"@type":"ListItem","position":2,"name":"CF 2020: &#8220;H\u00e1 necessidade de estabelecer pol\u00edticas mais efetivas&#8221;"}]},{"@type":"Person","@id":"https:\/\/franciscanos.org.br\/noticias\/#\/schema\/person\/b38fbf43118f02820bd932f2e4b14ad3","name":"admin","image":{"@type":"ImageObject","inLanguage":"pt-BR","@id":"https:\/\/franciscanos.org.br\/noticias\/#\/schema\/person\/image\/","url":"https:\/\/secure.gravatar.com\/avatar\/e8495742d34d0ba6448ea1c628263b3e?s=96&d=mm&r=g","contentUrl":"https:\/\/secure.gravatar.com\/avatar\/e8495742d34d0ba6448ea1c628263b3e?s=96&d=mm&r=g","caption":"admin"},"url":"https:\/\/franciscanos.org.br\/noticias\/author\/admin"}]}},"_links":{"self":[{"href":"https:\/\/franciscanos.org.br\/noticias\/wp-json\/wp\/v2\/posts\/221461"}],"collection":[{"href":"https:\/\/franciscanos.org.br\/noticias\/wp-json\/wp\/v2\/posts"}],"about":[{"href":"https:\/\/franciscanos.org.br\/noticias\/wp-json\/wp\/v2\/types\/post"}],"author":[{"embeddable":true,"href":"https:\/\/franciscanos.org.br\/noticias\/wp-json\/wp\/v2\/users\/1"}],"replies":[{"embeddable":true,"href":"https:\/\/franciscanos.org.br\/noticias\/wp-json\/wp\/v2\/comments?post=221461"}],"version-history":[{"count":1,"href":"https:\/\/franciscanos.org.br\/noticias\/wp-json\/wp\/v2\/posts\/221461\/revisions"}],"predecessor-version":[{"id":221869,"href":"https:\/\/franciscanos.org.br\/noticias\/wp-json\/wp\/v2\/posts\/221461\/revisions\/221869"}],"wp:featuredmedia":[{"embeddable":true,"href":"https:\/\/franciscanos.org.br\/noticias\/wp-json\/wp\/v2\/media\/221658"}],"wp:attachment":[{"href":"https:\/\/franciscanos.org.br\/noticias\/wp-json\/wp\/v2\/media?parent=221461"}],"wp:term":[{"taxonomy":"category","embeddable":true,"href":"https:\/\/franciscanos.org.br\/noticias\/wp-json\/wp\/v2\/categories?post=221461"},{"taxonomy":"post_tag","embeddable":true,"href":"https:\/\/franciscanos.org.br\/noticias\/wp-json\/wp\/v2\/tags?post=221461"}],"curies":[{"name":"wp","href":"https:\/\/api.w.org\/{rel}","templated":true}]}}