{"id":221456,"date":"2020-02-28T12:01:18","date_gmt":"2020-02-28T15:01:18","guid":{"rendered":"https:\/\/franciscanos.org.br\/noticias\/?p=221456"},"modified":"2021-08-29T16:18:58","modified_gmt":"2021-08-29T19:18:58","slug":"na-casa-santa-marta-a-oracao-pelas-vitimas-de-brumadinho","status":"publish","type":"post","link":"https:\/\/franciscanos.org.br\/noticias\/na-casa-santa-marta-a-oracao-pelas-vitimas-de-brumadinho.html","title":{"rendered":"Na Casa Santa Marta, a ora\u00e7\u00e3o pelas v\u00edtimas de Brumadinho"},"content":{"rendered":"<div id=\"attachment_221457\" style=\"width: 900px\" class=\"wp-caption alignnone\"><img aria-describedby=\"caption-attachment-221457\" loading=\"lazy\" class=\"wp-image-221457 size-full\" src=\"https:\/\/franciscanos.org.br\/noticias\/wp-content\/uploads\/2020\/02\/marta_2802.jpg\" alt=\"\" width=\"890\" height=\"500\" srcset=\"https:\/\/franciscanos.org.br\/noticias\/wp-content\/uploads\/2020\/02\/marta_2802.jpg 890w, https:\/\/franciscanos.org.br\/noticias\/wp-content\/uploads\/2020\/02\/marta_2802-450x253.jpg 450w, https:\/\/franciscanos.org.br\/noticias\/wp-content\/uploads\/2020\/02\/marta_2802-768x431.jpg 768w, https:\/\/franciscanos.org.br\/noticias\/wp-content\/uploads\/2020\/02\/marta_2802-150x84.jpg 150w\" sizes=\"(max-width: 890px) 100vw, 890px\" \/><p id=\"caption-attachment-221457\" class=\"wp-caption-text\">\u00a0 \u00a0 \u00a0 \u00a0 \u00a0 \u00a0 \u00a0 \u00a0 \u00a0 \u00a0 \u00a0 \u00a0 \u00a0 \u00a0 \u00a0 \u00a0 \u00a0 \u00a0 \u00a0 \u00a0 \u00a0 \u00a0 \u00a0 \u00a0 \u00a0 \u00a0 \u00a0 \u00a0 \u00a0 \u00a0 \u00a0 \u00a0 \u00a0 \u00a0 \u00a0 \u00a0 \u00a0 \u00a0 \u00a0 \u00a0 \u00a0 \u00a0 \u00a0 \u00a0 \u00a0 \u00a0 \u00a0 \u00a0 \u00a0 \u00a0 \u00a0 \u00a0 \u00a0 \u00a0 \u00a0 \u00a0 \u00a0 \u00a0 \u00a0 \u00a0 \u00a0 \u00a0 \u00a0 \u00a0 \u00a0 \u00a0 <em>\u00a0 \u00a0 \u00a0 \u00a0Imagem: Vatican Media<\/em><\/p><\/div>\n<p><strong>Cidade do Vaticano &#8211;<\/strong> O Papa Francisco celebrou na manh\u00e3 desta sexta-feira (28\/02) a missa na capela da Casa Santa Marta e ao final, como de costume, saudou os participantes.<\/p>\n<p>Entre eles, havia brasileiros: o bispo auxiliar de Belo Horizonte, Dom Vicente de Paula Ferreira, e o Fr. Rodrigo Peret. Eles estavam acompanhados do Padre Dario Bossi, mission\u00e1rio italiano provincial dos combonianos no Brasil.<\/p>\n<p>&#8220;Para n\u00f3s, \u00e9 uma alegria e pedir tamb\u00e9m a b\u00ean\u00e7\u00e3o para o nosso povo no Brasil, para o nosso trabalho, nosso minist\u00e9rio, nossa miss\u00e3o. Porque n\u00f3s estamos aqui com uma s\u00e9rie de compromissos ligados a esse tema da ecologia integral. Este ano faz 5 anos da Laudato Si&#8217;, ent\u00e3o essa uni\u00e3o, essa comunh\u00e3o com o Santo Padre foi expressada na celebra\u00e7\u00e3o da Eucaristia, que \u00e9 a nossa mesa comum, o nosso Sacramento maior, fonte e cume da Igreja. Ent\u00e3o celebrar com o Papa neste tempo quaresmal, tamb\u00e9m de convers\u00e3o, para n\u00f3s foi uma grande experi\u00eancia&#8221;, afirmou Dom Vicente de Paula Ferreira.<\/p>\n<p>Dom Vicente \u00e9 respons\u00e1vel por Brumadinho e est\u00e1 na Europa seguindo uma agenda de encontros sobre a quest\u00e3o ambiental. At\u00e9 11 de mar\u00e7o, h\u00e1 etapas previstas em Viena, Bruxelas, Essen, Berlim e Genebra, para a 43a Sess\u00e3o de Direitos Humanos. Dom Vicente e o Fr. Peret integram a Comiss\u00e3o Episcopal de Ecologia Integral e Minera\u00e7\u00e3o da CNNB.<\/p>\n<p>De fato, a Igreja vem lutando ao lado das v\u00edtimas das trag\u00e9dias de Brumadinho e de outros crimes, como o de Mariana, em busca n\u00e3o s\u00f3 de justi\u00e7a, mas de uma verdadeira convers\u00e3o do sistema para que esses epis\u00f3dios n\u00e3o ocorram mais.<\/p>\n<p><img loading=\"lazy\" class=\"alignnone size-full wp-image-221459\" src=\"https:\/\/franciscanos.org.br\/noticias\/wp-content\/uploads\/2020\/02\/marta_2802_b.jpg\" alt=\"\" width=\"890\" height=\"500\" srcset=\"https:\/\/franciscanos.org.br\/noticias\/wp-content\/uploads\/2020\/02\/marta_2802_b.jpg 890w, https:\/\/franciscanos.org.br\/noticias\/wp-content\/uploads\/2020\/02\/marta_2802_b-450x253.jpg 450w, https:\/\/franciscanos.org.br\/noticias\/wp-content\/uploads\/2020\/02\/marta_2802_b-768x431.jpg 768w, https:\/\/franciscanos.org.br\/noticias\/wp-content\/uploads\/2020\/02\/marta_2802_b-150x84.jpg 150w\" sizes=\"(max-width: 890px) 100vw, 890px\" \/><\/p>\n<p>Passado um ano do rompimento da barragem em Brumadinho, depois de in\u00fameras l\u00e1grimas, missas e de tantas caminhadas, Dom Vicente compara este momento com o de Maria ao p\u00e9 da Cruz, afirmando que \u201co amor existe, \u00e9 Deus, mas o amor que resiste at\u00e9 o fim \u00e9 feminino, \u00e9 de mulher, \u00e9 de Maria\u201d. \u201cA resist\u00eancia de um amor que n\u00e3o desiste \u00e9 mariano. A grande resist\u00eancia hoje que vem de Brumadinho \u00e9 das mulheres, das m\u00e3es que continuam procurando seus filhos, s\u00e3o onze ainda que est\u00e3o desaparecidos, das m\u00e3es que est\u00e3o chorando, mas est\u00e3o celebrando, confiantes. At\u00e9 mesmo a nossa equipe de trabalho s\u00e3o todas mulheres, jovens\u201d, afirma.<\/p>\n<p>Ao comentar a Exorta\u00e7\u00e3o apost\u00f3lica p\u00f3s-sinodal \u201cQuerida Amaz\u00f4nia\u201d, Dom Vicente se inspirou nos quatros sonhos de Francisco expressos no documento (cultural, social, ecol\u00f3gico e eclesial) para revelar seu sonho em rela\u00e7\u00e3o a Brumadinho:<\/p>\n<p>&#8220;O meu sonho \u00e9 que Brumadinho pudesse ser para humanidade um caso especial, que a gente tem que se debru\u00e7ar sobre isso para aprender alguma coisa, porque o meu medo \u00e9 que Brumadinho seja mais um caso e passe. Eu sei que pode ser uma coisa meio ut\u00f3pica, mas eu pe\u00e7o a Deus que seja assim, que a gente aprende e diga: nunca mais queremos isso para a humanidade. N\u00f3s honrar\u00edamos pelo menos o sangue dessas 272 pessoas que, inocentemente, morreram em fra\u00e7\u00f5es de segundo por esse mar de lamas. Inclusive \u00e9 por isso que n\u00f3s estamos aqui.&#8221;<\/p>\n<hr \/>\n<p><em>Fonte: Vatican News<\/em><\/p>\n","protected":false},"excerpt":{"rendered":"<p>Missa em Santa Marta<\/p>\n","protected":false},"author":1,"featured_media":221458,"comment_status":"open","ping_status":"open","sticky":false,"template":"","format":"standard","meta":[],"categories":[1428],"tags":[1586],"acf":[],"yoast_head":"<!-- This site is optimized with the Yoast SEO plugin v19.2 - https:\/\/yoast.com\/wordpress\/plugins\/seo\/ -->\n<title>Na Casa Santa Marta, a ora\u00e7\u00e3o pelas v\u00edtimas de Brumadinho - Not\u00edcias - Franciscanos<\/title>\n<meta name=\"robots\" content=\"index, follow, max-snippet:-1, max-image-preview:large, max-video-preview:-1\" \/>\n<link rel=\"canonical\" href=\"https:\/\/franciscanos.org.br\/noticias\/na-casa-santa-marta-a-oracao-pelas-vitimas-de-brumadinho.html\" \/>\n<meta property=\"og:locale\" content=\"pt_BR\" \/>\n<meta property=\"og:type\" content=\"article\" \/>\n<meta property=\"og:title\" content=\"Na Casa Santa Marta, a ora\u00e7\u00e3o pelas v\u00edtimas de Brumadinho - Not\u00edcias - Franciscanos\" \/>\n<meta property=\"og:description\" content=\"Missa em Santa Marta\" \/>\n<meta property=\"og:url\" content=\"https:\/\/franciscanos.org.br\/noticias\/na-casa-santa-marta-a-oracao-pelas-vitimas-de-brumadinho.html\" \/>\n<meta property=\"og:site_name\" content=\"Not\u00edcias - Franciscanos\" \/>\n<meta property=\"article:published_time\" content=\"2020-02-28T15:01:18+00:00\" \/>\n<meta property=\"article:modified_time\" content=\"2021-08-29T19:18:58+00:00\" \/>\n<meta property=\"og:image\" content=\"https:\/\/franciscanos.org.br\/noticias\/wp-content\/uploads\/2020\/02\/marta_2802_p.jpg\" \/>\n\t<meta property=\"og:image:width\" content=\"273\" \/>\n\t<meta property=\"og:image:height\" content=\"181\" \/>\n\t<meta property=\"og:image:type\" content=\"image\/jpeg\" \/>\n<meta name=\"author\" content=\"admin\" \/>\n<meta name=\"twitter:card\" content=\"summary_large_image\" \/>\n<meta name=\"twitter:label1\" content=\"Escrito por\" \/>\n\t<meta name=\"twitter:data1\" content=\"admin\" \/>\n\t<meta name=\"twitter:label2\" content=\"Est. tempo de leitura\" \/>\n\t<meta name=\"twitter:data2\" content=\"3 minutos\" \/>\n<script type=\"application\/ld+json\" class=\"yoast-schema-graph\">{\"@context\":\"https:\/\/schema.org\",\"@graph\":[{\"@type\":\"WebSite\",\"@id\":\"https:\/\/franciscanos.org.br\/noticias\/#website\",\"url\":\"https:\/\/franciscanos.org.br\/noticias\/\",\"name\":\"Not\u00edcias - Franciscanos\",\"description\":\"Prov\u00edncia Franciscana da Imaculada Concei\u00e7\u00e3o do Brasil - Ordem dos Frades Menores - OFM\",\"potentialAction\":[{\"@type\":\"SearchAction\",\"target\":{\"@type\":\"EntryPoint\",\"urlTemplate\":\"https:\/\/franciscanos.org.br\/noticias\/?s={search_term_string}\"},\"query-input\":\"required name=search_term_string\"}],\"inLanguage\":\"pt-BR\"},{\"@type\":\"ImageObject\",\"inLanguage\":\"pt-BR\",\"@id\":\"https:\/\/franciscanos.org.br\/noticias\/na-casa-santa-marta-a-oracao-pelas-vitimas-de-brumadinho.html#primaryimage\",\"url\":\"https:\/\/franciscanos.org.br\/noticias\/wp-content\/uploads\/2020\/02\/marta_2802_p.jpg\",\"contentUrl\":\"https:\/\/franciscanos.org.br\/noticias\/wp-content\/uploads\/2020\/02\/marta_2802_p.jpg\",\"width\":273,\"height\":181},{\"@type\":\"WebPage\",\"@id\":\"https:\/\/franciscanos.org.br\/noticias\/na-casa-santa-marta-a-oracao-pelas-vitimas-de-brumadinho.html#webpage\",\"url\":\"https:\/\/franciscanos.org.br\/noticias\/na-casa-santa-marta-a-oracao-pelas-vitimas-de-brumadinho.html\",\"name\":\"Na Casa Santa Marta, a ora\u00e7\u00e3o pelas v\u00edtimas de Brumadinho - Not\u00edcias - Franciscanos\",\"isPartOf\":{\"@id\":\"https:\/\/franciscanos.org.br\/noticias\/#website\"},\"primaryImageOfPage\":{\"@id\":\"https:\/\/franciscanos.org.br\/noticias\/na-casa-santa-marta-a-oracao-pelas-vitimas-de-brumadinho.html#primaryimage\"},\"datePublished\":\"2020-02-28T15:01:18+00:00\",\"dateModified\":\"2021-08-29T19:18:58+00:00\",\"author\":{\"@id\":\"https:\/\/franciscanos.org.br\/noticias\/#\/schema\/person\/b38fbf43118f02820bd932f2e4b14ad3\"},\"breadcrumb\":{\"@id\":\"https:\/\/franciscanos.org.br\/noticias\/na-casa-santa-marta-a-oracao-pelas-vitimas-de-brumadinho.html#breadcrumb\"},\"inLanguage\":\"pt-BR\",\"potentialAction\":[{\"@type\":\"ReadAction\",\"target\":[\"https:\/\/franciscanos.org.br\/noticias\/na-casa-santa-marta-a-oracao-pelas-vitimas-de-brumadinho.html\"]}]},{\"@type\":\"BreadcrumbList\",\"@id\":\"https:\/\/franciscanos.org.br\/noticias\/na-casa-santa-marta-a-oracao-pelas-vitimas-de-brumadinho.html#breadcrumb\",\"itemListElement\":[{\"@type\":\"ListItem\",\"position\":1,\"name\":\"Home\",\"item\":\"https:\/\/franciscanos.org.br\/noticias\"},{\"@type\":\"ListItem\",\"position\":2,\"name\":\"Na Casa Santa Marta, a ora\u00e7\u00e3o pelas v\u00edtimas de Brumadinho\"}]},{\"@type\":\"Person\",\"@id\":\"https:\/\/franciscanos.org.br\/noticias\/#\/schema\/person\/b38fbf43118f02820bd932f2e4b14ad3\",\"name\":\"admin\",\"image\":{\"@type\":\"ImageObject\",\"inLanguage\":\"pt-BR\",\"@id\":\"https:\/\/franciscanos.org.br\/noticias\/#\/schema\/person\/image\/\",\"url\":\"https:\/\/secure.gravatar.com\/avatar\/e8495742d34d0ba6448ea1c628263b3e?s=96&d=mm&r=g\",\"contentUrl\":\"https:\/\/secure.gravatar.com\/avatar\/e8495742d34d0ba6448ea1c628263b3e?s=96&d=mm&r=g\",\"caption\":\"admin\"},\"url\":\"https:\/\/franciscanos.org.br\/noticias\/author\/admin\"}]}<\/script>\n<!-- \/ Yoast SEO plugin. -->","yoast_head_json":{"title":"Na Casa Santa Marta, a ora\u00e7\u00e3o pelas v\u00edtimas de Brumadinho - Not\u00edcias - Franciscanos","robots":{"index":"index","follow":"follow","max-snippet":"max-snippet:-1","max-image-preview":"max-image-preview:large","max-video-preview":"max-video-preview:-1"},"canonical":"https:\/\/franciscanos.org.br\/noticias\/na-casa-santa-marta-a-oracao-pelas-vitimas-de-brumadinho.html","og_locale":"pt_BR","og_type":"article","og_title":"Na Casa Santa Marta, a ora\u00e7\u00e3o pelas v\u00edtimas de Brumadinho - Not\u00edcias - Franciscanos","og_description":"Missa em Santa Marta","og_url":"https:\/\/franciscanos.org.br\/noticias\/na-casa-santa-marta-a-oracao-pelas-vitimas-de-brumadinho.html","og_site_name":"Not\u00edcias - Franciscanos","article_published_time":"2020-02-28T15:01:18+00:00","article_modified_time":"2021-08-29T19:18:58+00:00","og_image":[{"width":273,"height":181,"url":"https:\/\/franciscanos.org.br\/noticias\/wp-content\/uploads\/2020\/02\/marta_2802_p.jpg","type":"image\/jpeg"}],"author":"admin","twitter_card":"summary_large_image","twitter_misc":{"Escrito por":"admin","Est. tempo de leitura":"3 minutos"},"schema":{"@context":"https:\/\/schema.org","@graph":[{"@type":"WebSite","@id":"https:\/\/franciscanos.org.br\/noticias\/#website","url":"https:\/\/franciscanos.org.br\/noticias\/","name":"Not\u00edcias - Franciscanos","description":"Prov\u00edncia Franciscana da Imaculada Concei\u00e7\u00e3o do Brasil - Ordem dos Frades Menores - OFM","potentialAction":[{"@type":"SearchAction","target":{"@type":"EntryPoint","urlTemplate":"https:\/\/franciscanos.org.br\/noticias\/?s={search_term_string}"},"query-input":"required name=search_term_string"}],"inLanguage":"pt-BR"},{"@type":"ImageObject","inLanguage":"pt-BR","@id":"https:\/\/franciscanos.org.br\/noticias\/na-casa-santa-marta-a-oracao-pelas-vitimas-de-brumadinho.html#primaryimage","url":"https:\/\/franciscanos.org.br\/noticias\/wp-content\/uploads\/2020\/02\/marta_2802_p.jpg","contentUrl":"https:\/\/franciscanos.org.br\/noticias\/wp-content\/uploads\/2020\/02\/marta_2802_p.jpg","width":273,"height":181},{"@type":"WebPage","@id":"https:\/\/franciscanos.org.br\/noticias\/na-casa-santa-marta-a-oracao-pelas-vitimas-de-brumadinho.html#webpage","url":"https:\/\/franciscanos.org.br\/noticias\/na-casa-santa-marta-a-oracao-pelas-vitimas-de-brumadinho.html","name":"Na Casa Santa Marta, a ora\u00e7\u00e3o pelas v\u00edtimas de Brumadinho - Not\u00edcias - Franciscanos","isPartOf":{"@id":"https:\/\/franciscanos.org.br\/noticias\/#website"},"primaryImageOfPage":{"@id":"https:\/\/franciscanos.org.br\/noticias\/na-casa-santa-marta-a-oracao-pelas-vitimas-de-brumadinho.html#primaryimage"},"datePublished":"2020-02-28T15:01:18+00:00","dateModified":"2021-08-29T19:18:58+00:00","author":{"@id":"https:\/\/franciscanos.org.br\/noticias\/#\/schema\/person\/b38fbf43118f02820bd932f2e4b14ad3"},"breadcrumb":{"@id":"https:\/\/franciscanos.org.br\/noticias\/na-casa-santa-marta-a-oracao-pelas-vitimas-de-brumadinho.html#breadcrumb"},"inLanguage":"pt-BR","potentialAction":[{"@type":"ReadAction","target":["https:\/\/franciscanos.org.br\/noticias\/na-casa-santa-marta-a-oracao-pelas-vitimas-de-brumadinho.html"]}]},{"@type":"BreadcrumbList","@id":"https:\/\/franciscanos.org.br\/noticias\/na-casa-santa-marta-a-oracao-pelas-vitimas-de-brumadinho.html#breadcrumb","itemListElement":[{"@type":"ListItem","position":1,"name":"Home","item":"https:\/\/franciscanos.org.br\/noticias"},{"@type":"ListItem","position":2,"name":"Na Casa Santa Marta, a ora\u00e7\u00e3o pelas v\u00edtimas de Brumadinho"}]},{"@type":"Person","@id":"https:\/\/franciscanos.org.br\/noticias\/#\/schema\/person\/b38fbf43118f02820bd932f2e4b14ad3","name":"admin","image":{"@type":"ImageObject","inLanguage":"pt-BR","@id":"https:\/\/franciscanos.org.br\/noticias\/#\/schema\/person\/image\/","url":"https:\/\/secure.gravatar.com\/avatar\/e8495742d34d0ba6448ea1c628263b3e?s=96&d=mm&r=g","contentUrl":"https:\/\/secure.gravatar.com\/avatar\/e8495742d34d0ba6448ea1c628263b3e?s=96&d=mm&r=g","caption":"admin"},"url":"https:\/\/franciscanos.org.br\/noticias\/author\/admin"}]}},"_links":{"self":[{"href":"https:\/\/franciscanos.org.br\/noticias\/wp-json\/wp\/v2\/posts\/221456"}],"collection":[{"href":"https:\/\/franciscanos.org.br\/noticias\/wp-json\/wp\/v2\/posts"}],"about":[{"href":"https:\/\/franciscanos.org.br\/noticias\/wp-json\/wp\/v2\/types\/post"}],"author":[{"embeddable":true,"href":"https:\/\/franciscanos.org.br\/noticias\/wp-json\/wp\/v2\/users\/1"}],"replies":[{"embeddable":true,"href":"https:\/\/franciscanos.org.br\/noticias\/wp-json\/wp\/v2\/comments?post=221456"}],"version-history":[{"count":2,"href":"https:\/\/franciscanos.org.br\/noticias\/wp-json\/wp\/v2\/posts\/221456\/revisions"}],"predecessor-version":[{"id":234032,"href":"https:\/\/franciscanos.org.br\/noticias\/wp-json\/wp\/v2\/posts\/221456\/revisions\/234032"}],"wp:featuredmedia":[{"embeddable":true,"href":"https:\/\/franciscanos.org.br\/noticias\/wp-json\/wp\/v2\/media\/221458"}],"wp:attachment":[{"href":"https:\/\/franciscanos.org.br\/noticias\/wp-json\/wp\/v2\/media?parent=221456"}],"wp:term":[{"taxonomy":"category","embeddable":true,"href":"https:\/\/franciscanos.org.br\/noticias\/wp-json\/wp\/v2\/categories?post=221456"},{"taxonomy":"post_tag","embeddable":true,"href":"https:\/\/franciscanos.org.br\/noticias\/wp-json\/wp\/v2\/tags?post=221456"}],"curies":[{"name":"wp","href":"https:\/\/api.w.org\/{rel}","templated":true}]}}