{"id":221449,"date":"2020-02-28T09:32:27","date_gmt":"2020-02-28T12:32:27","guid":{"rendered":"https:\/\/franciscanos.org.br\/noticias\/?p=221449"},"modified":"2020-02-28T09:32:27","modified_gmt":"2020-02-28T12:32:27","slug":"centro-cultural-da-juventude-ruth-cardoso-recebe-exposicao-dom-paulo-arns-no-dia-3","status":"publish","type":"post","link":"https:\/\/franciscanos.org.br\/noticias\/centro-cultural-da-juventude-ruth-cardoso-recebe-exposicao-dom-paulo-arns-no-dia-3.html","title":{"rendered":"Centro Cultural da Juventude Ruth Cardoso recebe Exposi\u00e7\u00e3o Dom Paulo Arns no dia 3"},"content":{"rendered":"<p><img loading=\"lazy\" class=\"alignnone size-full wp-image-221450\" src=\"https:\/\/franciscanos.org.br\/noticias\/wp-content\/uploads\/2020\/02\/paulo_2802.jpg\" alt=\"\" width=\"1280\" height=\"707\" srcset=\"https:\/\/franciscanos.org.br\/noticias\/wp-content\/uploads\/2020\/02\/paulo_2802.jpg 1280w, https:\/\/franciscanos.org.br\/noticias\/wp-content\/uploads\/2020\/02\/paulo_2802-450x249.jpg 450w, https:\/\/franciscanos.org.br\/noticias\/wp-content\/uploads\/2020\/02\/paulo_2802-1024x566.jpg 1024w, https:\/\/franciscanos.org.br\/noticias\/wp-content\/uploads\/2020\/02\/paulo_2802-768x424.jpg 768w, https:\/\/franciscanos.org.br\/noticias\/wp-content\/uploads\/2020\/02\/paulo_2802-150x83.jpg 150w\" sizes=\"(max-width: 1280px) 100vw, 1280px\" \/><\/p>\n<p>Cardeal da liberdade e guardi\u00e3o dos direitos humanos, Dom Paulo Evaristo Arns foi figura central no processo de redemocratiza\u00e7\u00e3o do pa\u00eds. Sua trajet\u00f3ria foi constantemente marcada pela justi\u00e7a social, defesa dos exclu\u00eddos e dos trabalhadores. Tudo isso o credencia para a alcunha pela qual escolheu ser lembrado, segundo suas pr\u00f3prias palavras, como \u201cCardeal do Povo\u201d. Tamanha personalidade recebe agora uma homenagem \u00e0 altura. Trata-se da Exposi\u00e7\u00e3o Dom Paulo Evaristo Arns, que acontece no Centro Cultural da Juventude Ruth Cardoso, o CCJ, na Vila Nova Cachoeirinha, em S\u00e3o Paulo, entre os dias 3 de mar\u00e7o e 26 de abril, com entrada franca. A exposi\u00e7\u00e3o \u00e9 uma realiza\u00e7\u00e3o da Mirar Lejos em parceria com a C\u00e1ritas Brasileira Regional S\u00e3o Paulo, com curadoria e coordena\u00e7\u00e3o-geral das jornalistas e bi\u00f3grafas de Dom Paulo, Evanize Sydow e Marilda Ferri.<\/p>\n<p>A exposi\u00e7\u00e3o foi toda concebida pensando no p\u00fablico jovem e estudantes, incluindo um n\u00facleo educativo para receber as escolas. Conta com elementos interativos, l\u00fadicos, multim\u00eddia e tecnologia sensorial dispostos em v\u00e1rios ambientes do CCJ, somando cerca de 1.200 metros de espa\u00e7o expositivo. A mostra prop\u00f5e um passeio pela trajet\u00f3ria do cardeal por meio de seis eixos tem\u00e1ticos, destacando assuntos como Democracia, Pol\u00edtica, Sociedade, Legado Intelectual, Igreja e Comunica\u00e7\u00e3o. Por esses eixos ser\u00e3o enfocados temas como Dom Paulo e o povo da rua; a contribui\u00e7\u00e3o para a justi\u00e7a social e os direitos humanos; sua import\u00e2ncia para os perseguidos pol\u00edticos brasileiros e do Cone Sul; Dom Paulo e os oper\u00e1rios; o papel da mulher na Igreja e na sociedade; seu legado para os movimentos sociais, entre outros.<\/p>\n<p>\u00c9 destaque na exposi\u00e7\u00e3o a imers\u00e3o e interatividade com o universo de Dom Paulo e a propaga\u00e7\u00e3o de suas ideias. Logo na entrada, um painel de LED interativo de 9 metros de comprimento por 2,50 metros de altura, com a possibilidade do visitante explorar, interagir e manusear os assuntos ali dispostos. Num outro ambiente, dois totens gigantes convidam o p\u00fablico a responder perguntas e quest\u00f5es sobre a Democracia e os Direitos Humanos por meio de um divertido Quizz. Tamb\u00e9m os Direitos Humanos, tema central na trajet\u00f3ria de Dom Paulo, ser\u00e1 lembrado num grande jogo de amarelinha, onde o visitante percorre os destaques desse assunto se divertindo. Na reprodu\u00e7\u00e3o de um mini campo do Corinthians os visitantes s\u00e3o convidados a formar dois times para responder a um n\u00famero especifico de perguntas e disputarem entre si, para ver quem acerta mais pontos. Nessa instala\u00e7\u00e3o, a relev\u00e2ncia da trajet\u00f3ria de dom Paulo e a \u201cDemocracia Corintiana\u201d.<\/p>\n<p>Ainda na proposta de interatividade, numa grande \u00e1rea expositiva do t\u00e9rreo, ser\u00e1 retratado o per\u00edodo do regime militar e a atua\u00e7\u00e3o de dom Paulo contra os desmandos ocorridos. Numa reprodu\u00e7\u00e3o do Deops (Departamento Estadual de Ordem Pol\u00edtica e Social de S\u00e3o Paulo), um dos centros de tortura na capital paulista, o p\u00fablico ser\u00e1 convidado a participar da pe\u00e7a interativa &#8220;Mem\u00f3rias e Resist\u00eancia&#8221;, com texto de Tin Urbinatti e Iza\u00edas Almada, que tamb\u00e9m dirige a pe\u00e7a. Tendo no elenco Ana Clara Fisher, Cl\u00e9o Moraes, Gerson Almoster e Tin Urbinatti, o p\u00fablico ser\u00e1 convidado a voltar aos anos 1960\/70, sendo conduzido de cela em cela, como presos pol\u00edticos da \u00e9poca. As apresenta\u00e7\u00f5es ser\u00e3o de quarta a s\u00e1bado, \u00e0s 14h30 e 16h30. No mesmo espa\u00e7o haver\u00e1 ainda uma vers\u00e3o gigante do livro &#8220;Brasil: Nunca Mais&#8221;, al\u00e9m de um grande vale remontando \u00e0 vala clandestina do cemit\u00e9rio de Perus, onde foram encontradas mais de mil ossadas humanas, muitas delas de presos pol\u00edticos desaparecidos, que ser\u00e3o lembrados com um memorial.<\/p>\n<p>A interatividade tamb\u00e9m estar\u00e1 presente numa linha do tempo com temas como os 70 anos da Declara\u00e7\u00e3o Universal dos Direitos Humanos. Em v\u00eddeo, os 30 artigos da Declara\u00e7\u00e3o s\u00e3o lidos por 30 pessoas de origens diferentes, entre elas refugiados, moradores de rua e artistas, como Criolo, Martinho da Vila e Paulinho da Viola. Outros pontos relevantes da trajet\u00f3ria de Dom Paulo, como as redes de solidariedade no Cone Sul que ele ajudou a criar; a origem de alguns partidos pol\u00edticos no Brasil p\u00f3s 1980; a figura de S\u00e3o Francisco de Assis e a influ\u00eancia franciscana na vida simples que levava; o protagonismo que deu aos leigos; a divis\u00e3o da Arquidiocese no final dos anos 1980; a venda do pal\u00e1cio episcopal para comprar mais de mil terrenos na periferia e distribuir para as comunidades se organizarem, entre outros, estar\u00e3o retratados na exposi\u00e7\u00e3o.<\/p>\n<p>A curadoria e coordena\u00e7\u00e3o-geral da exposi\u00e7\u00e3o s\u00e3o de Evanize Sydow e Marilda Ferri, que s\u00e3o tamb\u00e9m bi\u00f3grafas do Arcebispo com o livro &#8220;Dom Paulo Evaristo Arns \u2013 um homem amado e perseguido&#8221;. O evento conta com o apoio da Secretaria Municipal de Direitos Humanos e Cidadania de S\u00e3o Paulo e da Secretaria Municipal de Cultura de S\u00e3o Paulo.<\/p>\n<hr \/>\n<p><strong>Servi\u00e7o<\/strong><\/p>\n<p style=\"padding-left: 40px;\"><strong>Exposi\u00e7\u00e3o Dom Paulo Evaristo Arns<\/strong><br \/>\n<strong>Evento de Abertura: dia 3 de mar\u00e7o, \u00e0s 11h<\/strong><br \/>\n<strong>Visita\u00e7\u00e3o: de 3 de mar\u00e7o a 26 de abril de 2020, de ter\u00e7a a domingo, das 10h \u00e0s 22h<\/strong><br \/>\n<strong>Local: Centro Cultural da Juventude Ruth Cardoso &#8211; CCJ<\/strong><br \/>\n<strong>Av. Dep. Em\u00edlio Carlos, 3641, Vila Nova Cachoeirinha, S\u00e3o Paulo\/SP \u2013 Tel. (11) 3343-8999<\/strong><br \/>\n<strong>Entrada franca<\/strong><\/p>\n","protected":false},"excerpt":{"rendered":"<p>Exposi\u00e7\u00e3o Dom Paulo Evaristo Arns<\/p>\n","protected":false},"author":3,"featured_media":221451,"comment_status":"open","ping_status":"open","sticky":false,"template":"","format":"standard","meta":[],"categories":[1],"tags":[693],"acf":[],"yoast_head":"<!-- This site is optimized with the Yoast SEO plugin v19.2 - https:\/\/yoast.com\/wordpress\/plugins\/seo\/ -->\n<title>Centro Cultural da Juventude Ruth Cardoso recebe Exposi\u00e7\u00e3o Dom Paulo Arns no dia 3 - Not\u00edcias - Franciscanos<\/title>\n<meta name=\"robots\" content=\"index, follow, max-snippet:-1, max-image-preview:large, max-video-preview:-1\" \/>\n<link rel=\"canonical\" href=\"https:\/\/franciscanos.org.br\/noticias\/centro-cultural-da-juventude-ruth-cardoso-recebe-exposicao-dom-paulo-arns-no-dia-3.html\" \/>\n<meta property=\"og:locale\" content=\"pt_BR\" \/>\n<meta property=\"og:type\" content=\"article\" \/>\n<meta property=\"og:title\" content=\"Centro Cultural da Juventude Ruth Cardoso recebe Exposi\u00e7\u00e3o Dom Paulo Arns no dia 3 - Not\u00edcias - Franciscanos\" \/>\n<meta property=\"og:description\" content=\"Exposi\u00e7\u00e3o Dom Paulo Evaristo Arns\" \/>\n<meta property=\"og:url\" content=\"https:\/\/franciscanos.org.br\/noticias\/centro-cultural-da-juventude-ruth-cardoso-recebe-exposicao-dom-paulo-arns-no-dia-3.html\" \/>\n<meta property=\"og:site_name\" content=\"Not\u00edcias - Franciscanos\" \/>\n<meta property=\"article:published_time\" content=\"2020-02-28T12:32:27+00:00\" \/>\n<meta property=\"og:image\" content=\"https:\/\/franciscanos.org.br\/noticias\/wp-content\/uploads\/2020\/02\/paulo_2802d.jpg\" \/>\n\t<meta property=\"og:image:width\" content=\"273\" \/>\n\t<meta property=\"og:image:height\" content=\"181\" \/>\n\t<meta property=\"og:image:type\" content=\"image\/jpeg\" \/>\n<meta name=\"author\" content=\"moacir\" \/>\n<meta name=\"twitter:card\" content=\"summary_large_image\" \/>\n<meta name=\"twitter:label1\" content=\"Escrito por\" \/>\n\t<meta name=\"twitter:data1\" content=\"moacir\" \/>\n\t<meta name=\"twitter:label2\" content=\"Est. tempo de leitura\" \/>\n\t<meta name=\"twitter:data2\" content=\"5 minutos\" \/>\n<script type=\"application\/ld+json\" class=\"yoast-schema-graph\">{\"@context\":\"https:\/\/schema.org\",\"@graph\":[{\"@type\":\"WebSite\",\"@id\":\"https:\/\/franciscanos.org.br\/noticias\/#website\",\"url\":\"https:\/\/franciscanos.org.br\/noticias\/\",\"name\":\"Not\u00edcias - Franciscanos\",\"description\":\"Prov\u00edncia Franciscana da Imaculada Concei\u00e7\u00e3o do Brasil - Ordem dos Frades Menores - OFM\",\"potentialAction\":[{\"@type\":\"SearchAction\",\"target\":{\"@type\":\"EntryPoint\",\"urlTemplate\":\"https:\/\/franciscanos.org.br\/noticias\/?s={search_term_string}\"},\"query-input\":\"required name=search_term_string\"}],\"inLanguage\":\"pt-BR\"},{\"@type\":\"ImageObject\",\"inLanguage\":\"pt-BR\",\"@id\":\"https:\/\/franciscanos.org.br\/noticias\/centro-cultural-da-juventude-ruth-cardoso-recebe-exposicao-dom-paulo-arns-no-dia-3.html#primaryimage\",\"url\":\"https:\/\/franciscanos.org.br\/noticias\/wp-content\/uploads\/2020\/02\/paulo_2802d.jpg\",\"contentUrl\":\"https:\/\/franciscanos.org.br\/noticias\/wp-content\/uploads\/2020\/02\/paulo_2802d.jpg\",\"width\":273,\"height\":181},{\"@type\":\"WebPage\",\"@id\":\"https:\/\/franciscanos.org.br\/noticias\/centro-cultural-da-juventude-ruth-cardoso-recebe-exposicao-dom-paulo-arns-no-dia-3.html#webpage\",\"url\":\"https:\/\/franciscanos.org.br\/noticias\/centro-cultural-da-juventude-ruth-cardoso-recebe-exposicao-dom-paulo-arns-no-dia-3.html\",\"name\":\"Centro Cultural da Juventude Ruth Cardoso recebe Exposi\u00e7\u00e3o Dom Paulo Arns no dia 3 - Not\u00edcias - Franciscanos\",\"isPartOf\":{\"@id\":\"https:\/\/franciscanos.org.br\/noticias\/#website\"},\"primaryImageOfPage\":{\"@id\":\"https:\/\/franciscanos.org.br\/noticias\/centro-cultural-da-juventude-ruth-cardoso-recebe-exposicao-dom-paulo-arns-no-dia-3.html#primaryimage\"},\"datePublished\":\"2020-02-28T12:32:27+00:00\",\"dateModified\":\"2020-02-28T12:32:27+00:00\",\"author\":{\"@id\":\"https:\/\/franciscanos.org.br\/noticias\/#\/schema\/person\/b5c8cba458c330ccff548b056e95a5d4\"},\"breadcrumb\":{\"@id\":\"https:\/\/franciscanos.org.br\/noticias\/centro-cultural-da-juventude-ruth-cardoso-recebe-exposicao-dom-paulo-arns-no-dia-3.html#breadcrumb\"},\"inLanguage\":\"pt-BR\",\"potentialAction\":[{\"@type\":\"ReadAction\",\"target\":[\"https:\/\/franciscanos.org.br\/noticias\/centro-cultural-da-juventude-ruth-cardoso-recebe-exposicao-dom-paulo-arns-no-dia-3.html\"]}]},{\"@type\":\"BreadcrumbList\",\"@id\":\"https:\/\/franciscanos.org.br\/noticias\/centro-cultural-da-juventude-ruth-cardoso-recebe-exposicao-dom-paulo-arns-no-dia-3.html#breadcrumb\",\"itemListElement\":[{\"@type\":\"ListItem\",\"position\":1,\"name\":\"Home\",\"item\":\"https:\/\/franciscanos.org.br\/noticias\"},{\"@type\":\"ListItem\",\"position\":2,\"name\":\"Centro Cultural da Juventude Ruth Cardoso recebe Exposi\u00e7\u00e3o Dom Paulo Arns no dia 3\"}]},{\"@type\":\"Person\",\"@id\":\"https:\/\/franciscanos.org.br\/noticias\/#\/schema\/person\/b5c8cba458c330ccff548b056e95a5d4\",\"name\":\"moacir\",\"image\":{\"@type\":\"ImageObject\",\"inLanguage\":\"pt-BR\",\"@id\":\"https:\/\/franciscanos.org.br\/noticias\/#\/schema\/person\/image\/\",\"url\":\"https:\/\/secure.gravatar.com\/avatar\/d08aa2ce4c8dd416d4479aa8536fcf64?s=96&d=mm&r=g\",\"contentUrl\":\"https:\/\/secure.gravatar.com\/avatar\/d08aa2ce4c8dd416d4479aa8536fcf64?s=96&d=mm&r=g\",\"caption\":\"moacir\"},\"url\":\"https:\/\/franciscanos.org.br\/noticias\/author\/moacir\"}]}<\/script>\n<!-- \/ Yoast SEO plugin. -->","yoast_head_json":{"title":"Centro Cultural da Juventude Ruth Cardoso recebe Exposi\u00e7\u00e3o Dom Paulo Arns no dia 3 - Not\u00edcias - Franciscanos","robots":{"index":"index","follow":"follow","max-snippet":"max-snippet:-1","max-image-preview":"max-image-preview:large","max-video-preview":"max-video-preview:-1"},"canonical":"https:\/\/franciscanos.org.br\/noticias\/centro-cultural-da-juventude-ruth-cardoso-recebe-exposicao-dom-paulo-arns-no-dia-3.html","og_locale":"pt_BR","og_type":"article","og_title":"Centro Cultural da Juventude Ruth Cardoso recebe Exposi\u00e7\u00e3o Dom Paulo Arns no dia 3 - Not\u00edcias - Franciscanos","og_description":"Exposi\u00e7\u00e3o Dom Paulo Evaristo Arns","og_url":"https:\/\/franciscanos.org.br\/noticias\/centro-cultural-da-juventude-ruth-cardoso-recebe-exposicao-dom-paulo-arns-no-dia-3.html","og_site_name":"Not\u00edcias - Franciscanos","article_published_time":"2020-02-28T12:32:27+00:00","og_image":[{"width":273,"height":181,"url":"https:\/\/franciscanos.org.br\/noticias\/wp-content\/uploads\/2020\/02\/paulo_2802d.jpg","type":"image\/jpeg"}],"author":"moacir","twitter_card":"summary_large_image","twitter_misc":{"Escrito por":"moacir","Est. tempo de leitura":"5 minutos"},"schema":{"@context":"https:\/\/schema.org","@graph":[{"@type":"WebSite","@id":"https:\/\/franciscanos.org.br\/noticias\/#website","url":"https:\/\/franciscanos.org.br\/noticias\/","name":"Not\u00edcias - Franciscanos","description":"Prov\u00edncia Franciscana da Imaculada Concei\u00e7\u00e3o do Brasil - Ordem dos Frades Menores - OFM","potentialAction":[{"@type":"SearchAction","target":{"@type":"EntryPoint","urlTemplate":"https:\/\/franciscanos.org.br\/noticias\/?s={search_term_string}"},"query-input":"required name=search_term_string"}],"inLanguage":"pt-BR"},{"@type":"ImageObject","inLanguage":"pt-BR","@id":"https:\/\/franciscanos.org.br\/noticias\/centro-cultural-da-juventude-ruth-cardoso-recebe-exposicao-dom-paulo-arns-no-dia-3.html#primaryimage","url":"https:\/\/franciscanos.org.br\/noticias\/wp-content\/uploads\/2020\/02\/paulo_2802d.jpg","contentUrl":"https:\/\/franciscanos.org.br\/noticias\/wp-content\/uploads\/2020\/02\/paulo_2802d.jpg","width":273,"height":181},{"@type":"WebPage","@id":"https:\/\/franciscanos.org.br\/noticias\/centro-cultural-da-juventude-ruth-cardoso-recebe-exposicao-dom-paulo-arns-no-dia-3.html#webpage","url":"https:\/\/franciscanos.org.br\/noticias\/centro-cultural-da-juventude-ruth-cardoso-recebe-exposicao-dom-paulo-arns-no-dia-3.html","name":"Centro Cultural da Juventude Ruth Cardoso recebe Exposi\u00e7\u00e3o Dom Paulo Arns no dia 3 - Not\u00edcias - Franciscanos","isPartOf":{"@id":"https:\/\/franciscanos.org.br\/noticias\/#website"},"primaryImageOfPage":{"@id":"https:\/\/franciscanos.org.br\/noticias\/centro-cultural-da-juventude-ruth-cardoso-recebe-exposicao-dom-paulo-arns-no-dia-3.html#primaryimage"},"datePublished":"2020-02-28T12:32:27+00:00","dateModified":"2020-02-28T12:32:27+00:00","author":{"@id":"https:\/\/franciscanos.org.br\/noticias\/#\/schema\/person\/b5c8cba458c330ccff548b056e95a5d4"},"breadcrumb":{"@id":"https:\/\/franciscanos.org.br\/noticias\/centro-cultural-da-juventude-ruth-cardoso-recebe-exposicao-dom-paulo-arns-no-dia-3.html#breadcrumb"},"inLanguage":"pt-BR","potentialAction":[{"@type":"ReadAction","target":["https:\/\/franciscanos.org.br\/noticias\/centro-cultural-da-juventude-ruth-cardoso-recebe-exposicao-dom-paulo-arns-no-dia-3.html"]}]},{"@type":"BreadcrumbList","@id":"https:\/\/franciscanos.org.br\/noticias\/centro-cultural-da-juventude-ruth-cardoso-recebe-exposicao-dom-paulo-arns-no-dia-3.html#breadcrumb","itemListElement":[{"@type":"ListItem","position":1,"name":"Home","item":"https:\/\/franciscanos.org.br\/noticias"},{"@type":"ListItem","position":2,"name":"Centro Cultural da Juventude Ruth Cardoso recebe Exposi\u00e7\u00e3o Dom Paulo Arns no dia 3"}]},{"@type":"Person","@id":"https:\/\/franciscanos.org.br\/noticias\/#\/schema\/person\/b5c8cba458c330ccff548b056e95a5d4","name":"moacir","image":{"@type":"ImageObject","inLanguage":"pt-BR","@id":"https:\/\/franciscanos.org.br\/noticias\/#\/schema\/person\/image\/","url":"https:\/\/secure.gravatar.com\/avatar\/d08aa2ce4c8dd416d4479aa8536fcf64?s=96&d=mm&r=g","contentUrl":"https:\/\/secure.gravatar.com\/avatar\/d08aa2ce4c8dd416d4479aa8536fcf64?s=96&d=mm&r=g","caption":"moacir"},"url":"https:\/\/franciscanos.org.br\/noticias\/author\/moacir"}]}},"_links":{"self":[{"href":"https:\/\/franciscanos.org.br\/noticias\/wp-json\/wp\/v2\/posts\/221449"}],"collection":[{"href":"https:\/\/franciscanos.org.br\/noticias\/wp-json\/wp\/v2\/posts"}],"about":[{"href":"https:\/\/franciscanos.org.br\/noticias\/wp-json\/wp\/v2\/types\/post"}],"author":[{"embeddable":true,"href":"https:\/\/franciscanos.org.br\/noticias\/wp-json\/wp\/v2\/users\/3"}],"replies":[{"embeddable":true,"href":"https:\/\/franciscanos.org.br\/noticias\/wp-json\/wp\/v2\/comments?post=221449"}],"version-history":[{"count":0,"href":"https:\/\/franciscanos.org.br\/noticias\/wp-json\/wp\/v2\/posts\/221449\/revisions"}],"wp:featuredmedia":[{"embeddable":true,"href":"https:\/\/franciscanos.org.br\/noticias\/wp-json\/wp\/v2\/media\/221451"}],"wp:attachment":[{"href":"https:\/\/franciscanos.org.br\/noticias\/wp-json\/wp\/v2\/media?parent=221449"}],"wp:term":[{"taxonomy":"category","embeddable":true,"href":"https:\/\/franciscanos.org.br\/noticias\/wp-json\/wp\/v2\/categories?post=221449"},{"taxonomy":"post_tag","embeddable":true,"href":"https:\/\/franciscanos.org.br\/noticias\/wp-json\/wp\/v2\/tags?post=221449"}],"curies":[{"name":"wp","href":"https:\/\/api.w.org\/{rel}","templated":true}]}}