{"id":221443,"date":"2020-02-28T06:52:38","date_gmt":"2020-02-28T09:52:38","guid":{"rendered":"https:\/\/franciscanos.org.br\/noticias\/?p=221443"},"modified":"2021-08-29T16:19:58","modified_gmt":"2021-08-29T19:19:58","slug":"papa_clero","status":"publish","type":"post","link":"https:\/\/franciscanos.org.br\/noticias\/papa_clero.html","title":{"rendered":"Papa: um sacerdote n\u00e3o se isola, mas vive em comunh\u00e3o com o seu povo"},"content":{"rendered":"<div id=\"attachment_221444\" style=\"width: 1010px\" class=\"wp-caption alignnone\"><img aria-describedby=\"caption-attachment-221444\" loading=\"lazy\" class=\"wp-image-221444 size-full\" src=\"https:\/\/franciscanos.org.br\/noticias\/wp-content\/uploads\/2020\/02\/sacerdotes.jpg\" alt=\"\" width=\"1000\" height=\"563\" srcset=\"https:\/\/franciscanos.org.br\/noticias\/wp-content\/uploads\/2020\/02\/sacerdotes.jpg 1000w, https:\/\/franciscanos.org.br\/noticias\/wp-content\/uploads\/2020\/02\/sacerdotes-450x253.jpg 450w, https:\/\/franciscanos.org.br\/noticias\/wp-content\/uploads\/2020\/02\/sacerdotes-768x432.jpg 768w, https:\/\/franciscanos.org.br\/noticias\/wp-content\/uploads\/2020\/02\/sacerdotes-150x84.jpg 150w\" sizes=\"(max-width: 1000px) 100vw, 1000px\" \/><p id=\"caption-attachment-221444\" class=\"wp-caption-text\">\u00a0 \u00a0 \u00a0 \u00a0 \u00a0 \u00a0 \u00a0 \u00a0 \u00a0 \u00a0 \u00a0 \u00a0 \u00a0 \u00a0 \u00a0 \u00a0 \u00a0 \u00a0 \u00a0 \u00a0 \u00a0 \u00a0 \u00a0 \u00a0 \u00a0 \u00a0 \u00a0 \u00a0 \u00a0 \u00a0 \u00a0 \u00a0 \u00a0 \u00a0 \u00a0 \u00a0 \u00a0 \u00a0 \u00a0 \u00a0 \u00a0 \u00a0 \u00a0 \u00a0 \u00a0 \u00a0 \u00a0 \u00a0 \u00a0 \u00a0 \u00a0<em> \u00a0 \u00a0 \u00a0 \u00a0 \u00a0 \u00a0Imagem: Vatican Media<\/em><\/p><\/div>\n<p><strong>Cidade do Vaticano<\/strong> &#8211; Pessoas de esperan\u00e7a, reconciliadas que reconhecem suas amarguras e foram transformadas. \u00c9 a exorta\u00e7\u00e3o que o Papa Francisco dirige ao clero da Diocese de Roma, no discurso lido, na manh\u00e3 desta quinta-feira (27\/02), pelo cardeal vig\u00e1rio, Angelo De Donatis, na Bas\u00edlica de S\u00e3o Jo\u00e3o de Latr\u00e3o, durante a tradicional liturgia penitencial no in\u00edcio da Quaresma, na qual Francisco n\u00e3o participou por causa de uma \u201cleve indisposi\u00e7\u00e3o\u201d, conforme a nota divulgada pela Sala de Imprensa da Santa S\u00e9. Toda a reflex\u00e3o fala sobre a amargura que pode se infiltrar na vida de um sacerdote como um \u201cinimigo sutil\u201d que encontra uma maneira de se camuflar de parasita. Trata-se de amargura na rela\u00e7\u00e3o de f\u00e9, com o bispo e entre confrades.<\/p>\n<p><strong>N\u00e3o onipotentes, mas pecadores perdoados<\/strong><br \/>\nO Papa enfatiza que o seu pensamento \u00e9 fruto, por um lado, de ouvir alguns seminaristas e sacerdotes italianos, mas sem refer\u00eancia a nenhuma situa\u00e7\u00e3o espec\u00edfica, enquanto, por outro, observa que a maioria dos sacerdotes ainda est\u00e1 feliz com a sua vida e considera essas amarguras como normais. Portanto, encar\u00e1-las, ajuda a entrar em contato com a nossa humanidade e, afirma Francisco, \u201cnos lembra que, como sacerdotes, n\u00e3o somos chamados a ser onipotentes, mas homens pecadores perdoados\u201d.<\/p>\n<p><strong>\u201cA espiritualidade do protesto\u201d<\/strong><br \/>\nNa raiz da amargura no relacionamento de f\u00e9, vemos uma esperan\u00e7a desiludida. Uma esperan\u00e7a provavelmente trocada por uma expectativa. \u201cDe fato, a esperan\u00e7a crist\u00e3 n\u00e3o decepciona\u201d, sublinha o Papa, porque \u201cesperar n\u00e3o \u00e9 se convencer de que as coisas v\u00e3o melhorar, mas que tudo o que acontece tem significado \u00e0 luz da P\u00e1scoa\u201d. Para aliment\u00e1-la, no entanto, \u00e9 necess\u00e1ria uma intensa vida de ora\u00e7\u00e3o, colocando-se \u201c\u00e0 luz da Palavra de Deus\u201d. \u201cO verdadeiro protesto\u201d, explica ele, n\u00e3o \u00e9 \u201ccontra Deus, mas diante dele\u201d, nasce da confian\u00e7a.<\/p>\n<p><strong>Esperan\u00e7a crist\u00e3, n\u00e3o expectativa<\/strong><br \/>\nPara entrar profundamente no sentido da esperan\u00e7a \u00e9 preciso entender a diferen\u00e7a da expectativa que nasce quando\u201d, observa Francisco, \u201clutamos\u201d, buscando certezas, quando o ponto de refer\u00eancia somos n\u00f3s mesmos. Em vez disso, a esperan\u00e7a brota quando se decide n\u00e3o se defender mais e, como o teatino Lorenzo Scupoli disse em sua \u2018Luta espiritual\u2019, \u00e9 preciso \u201cdesconfiar-se de si e confiar em Deus\u201d. Baseia-se numa alian\u00e7a: que a vida plena prometida por Deus no dia da ordena\u00e7\u00e3o se realiza \u201cse vivo a P\u00e1scoa e n\u00e3o se as coisas acontecem como eu digo\u201d.<\/p>\n<p><strong>Problemas com o bispo<\/strong><br \/>\n\u201cSem cair no lugar comum que d\u00e1 a culpa de tudo aos superiores, pois na realidade somos falhos, permanece o fato\u201d, escreve o Papa, de que \u201cmuita amargura na vida do sacerdote acontece por causa das omiss\u00f5es dos pastores\u201d. N\u00e3o se trata de diverg\u00eancias inevit\u00e1veis sobre problemas administrativos ou estilos pastorais, mas de dois aspectos \u201cdesestabilizadores para os padres\u201d. Primeiramente, o que Francisco chama de \u201cuma certa origem autorit\u00e1ria suave\u201d, quando, por uma \u201cdistin\u00e7\u00e3o\u201d, a pessoa \u00e9 inscrita entre os que remam contra. O segundo, \u00e9 a ades\u00e3o a iniciativas que corre o risco de se tornar \u201ca medida da comunh\u00e3o\u201d, enquanto o \u201cculto das iniciativas\u201d vai substituindo ao essencial.<\/p>\n<p><strong>A compet\u00eancia suplantada por suposta lealdade<\/strong><br \/>\nPara tra\u00e7ar a dire\u00e7\u00e3o certa, o Papa Francisco se refere a S\u00e3o Bento. Na Regra, ele recomenda que o abade consulte toda a comunidade quando tiver que enfrentar uma quest\u00e3o importante, mas tamb\u00e9m que a decis\u00e3o final depende dele, com prud\u00eancia e equidade.<\/p>\n<p>A grande tenta\u00e7\u00e3o do pastor \u00e9 circundar-se dos \u201cseus\u201d, dos \u201cvizinhos\u201d; e, assim, infelizmente, a compet\u00eancia real \u00e9 suplantada por uma certa lealdade presumida, sem distinguir entre quem agrada e quem aconselha desinteressadamente. Isso faz com que o rebanho sofra muito, aceitando frequentemente sem externar nada.<\/p>\n<p>No entanto, os fi\u00e9is t\u00eam o direito, e algumas vezes o dever, de expressar seus pensamentos sobre o bem da Igreja aos Pastores, conforme exigido pelo C\u00f3digo de Direito Can\u00f4nico. Certamente, neste tempo de precariedade, a solu\u00e7\u00e3o parece ser o autoritarismo, \u201cna esfera pol\u00edtica isso \u00e9 evidente\u201d, mas o verdadeiro zelo est\u00e1 na equidade, n\u00e3o na uniformidade, recorda o Papa.<\/p>\n<p><strong>Amargura entre os sacerdotes<\/strong><br \/>\nUma terceira causa de amargura nos sacerdotes pode vir dos problemas \u201centre n\u00f3s\u201d, ressalta Francisco. O presb\u00edtero nos \u00faltimos tempos sofreu \u201cos golpes de esc\u00e2ndalos, financeiros e sexuais\u201d e a suspeita tornou as rela\u00e7\u00f5es mais frias e formais:<\/p>\n<p>Diante de esc\u00e2ndalos, o maligno nos tenta, impelindo-nos a uma vis\u00e3o \u201cdonatista\u201d da Igreja: dentro os impec\u00e1veis, fora os que erram! Temos falsas concep\u00e7\u00f5es da Igreja militante, numa esp\u00e9cie de puritanismo eclesiol\u00f3gico. A Noiva de Cristo \u00e9 e continua sendo o campo em que o trigo e o joio crescem at\u00e9 a parusia. Quem n\u00e3o se apropriou dessa vis\u00e3o evang\u00e9lica da realidade, exp\u00f5e-se \u00e0 amarguras indiz\u00edveis e in\u00fateis. No entanto, os pecados p\u00fablicos e divulgados do clero tornaram todos mais cautelosos e menos dispostos a criar la\u00e7os significativos, sobretudo em rela\u00e7\u00e3o \u00e0 partilha da f\u00e9.<\/p>\n<p><strong>O povo de Deus espera pessoas que reconciliam<\/strong><br \/>\nNa conclus\u00e3o, Francisco ressalta que o povo de Deus \u201cos conhece melhor que ningu\u00e9m\u201d:\u00a0\u00c9 muito respeitoso, sabe acompanhar e cuidar de seus pastores. Conhece as nossas amarguras e pede ao Senhor n\u00f3s. Unamos as nossas ora\u00e7\u00f5es \u00e0s suas e pe\u00e7amos ao Senhor para que transforme as nossas amarguras em \u00e1gua fresca para o seu povo. Pe\u00e7amos ao Senhor para que nos d\u00ea a capacidade de reconhecer o que est\u00e1 nos amargando e nos deixar-se transformar, ser pessoas reconciliadas que reconciliam, pac\u00edficas que pacificam, cheias de esperan\u00e7a que infundem esperan\u00e7a. O povo de Deus espera de n\u00f3s, mestres de esp\u00edrito, capazes de indicar os po\u00e7os de \u00e1gua fresca no meio do deserto.<\/p>\n<hr \/>\n<p><em>Fonte: Vatican News<\/em><\/p>\n","protected":false},"excerpt":{"rendered":"<p>Discurso ao clero da Diocese de Roma<\/p>\n","protected":false},"author":3,"featured_media":221445,"comment_status":"open","ping_status":"open","sticky":false,"template":"","format":"standard","meta":[],"categories":[1428],"tags":[55],"acf":[],"yoast_head":"<!-- This site is optimized with the Yoast SEO plugin v19.2 - https:\/\/yoast.com\/wordpress\/plugins\/seo\/ -->\n<title>Papa: um sacerdote n\u00e3o se isola, mas vive em comunh\u00e3o com o seu povo - Not\u00edcias - Franciscanos<\/title>\n<meta name=\"robots\" content=\"index, follow, max-snippet:-1, max-image-preview:large, max-video-preview:-1\" \/>\n<link rel=\"canonical\" href=\"https:\/\/franciscanos.org.br\/noticias\/papa_clero.html\" \/>\n<meta property=\"og:locale\" content=\"pt_BR\" \/>\n<meta property=\"og:type\" content=\"article\" \/>\n<meta property=\"og:title\" content=\"Papa: um sacerdote n\u00e3o se isola, mas vive em comunh\u00e3o com o seu povo - Not\u00edcias - Franciscanos\" \/>\n<meta property=\"og:description\" content=\"Discurso ao clero da Diocese de Roma\" \/>\n<meta property=\"og:url\" content=\"https:\/\/franciscanos.org.br\/noticias\/papa_clero.html\" \/>\n<meta property=\"og:site_name\" content=\"Not\u00edcias - Franciscanos\" \/>\n<meta property=\"article:published_time\" content=\"2020-02-28T09:52:38+00:00\" \/>\n<meta property=\"article:modified_time\" content=\"2021-08-29T19:19:58+00:00\" \/>\n<meta property=\"og:image\" content=\"https:\/\/franciscanos.org.br\/noticias\/wp-content\/uploads\/2020\/02\/sacerdotes_2802.jpg\" \/>\n\t<meta property=\"og:image:width\" content=\"273\" \/>\n\t<meta property=\"og:image:height\" content=\"181\" \/>\n\t<meta property=\"og:image:type\" content=\"image\/jpeg\" \/>\n<meta name=\"author\" content=\"moacir\" \/>\n<meta name=\"twitter:card\" content=\"summary_large_image\" \/>\n<meta name=\"twitter:label1\" content=\"Escrito por\" \/>\n\t<meta name=\"twitter:data1\" content=\"moacir\" \/>\n\t<meta name=\"twitter:label2\" content=\"Est. tempo de leitura\" \/>\n\t<meta name=\"twitter:data2\" content=\"5 minutos\" \/>\n<script type=\"application\/ld+json\" class=\"yoast-schema-graph\">{\"@context\":\"https:\/\/schema.org\",\"@graph\":[{\"@type\":\"WebSite\",\"@id\":\"https:\/\/franciscanos.org.br\/noticias\/#website\",\"url\":\"https:\/\/franciscanos.org.br\/noticias\/\",\"name\":\"Not\u00edcias - Franciscanos\",\"description\":\"Prov\u00edncia Franciscana da Imaculada Concei\u00e7\u00e3o do Brasil - Ordem dos Frades Menores - OFM\",\"potentialAction\":[{\"@type\":\"SearchAction\",\"target\":{\"@type\":\"EntryPoint\",\"urlTemplate\":\"https:\/\/franciscanos.org.br\/noticias\/?s={search_term_string}\"},\"query-input\":\"required name=search_term_string\"}],\"inLanguage\":\"pt-BR\"},{\"@type\":\"ImageObject\",\"inLanguage\":\"pt-BR\",\"@id\":\"https:\/\/franciscanos.org.br\/noticias\/papa_clero.html#primaryimage\",\"url\":\"https:\/\/franciscanos.org.br\/noticias\/wp-content\/uploads\/2020\/02\/sacerdotes_2802.jpg\",\"contentUrl\":\"https:\/\/franciscanos.org.br\/noticias\/wp-content\/uploads\/2020\/02\/sacerdotes_2802.jpg\",\"width\":273,\"height\":181},{\"@type\":\"WebPage\",\"@id\":\"https:\/\/franciscanos.org.br\/noticias\/papa_clero.html#webpage\",\"url\":\"https:\/\/franciscanos.org.br\/noticias\/papa_clero.html\",\"name\":\"Papa: um sacerdote n\u00e3o se isola, mas vive em comunh\u00e3o com o seu povo - Not\u00edcias - Franciscanos\",\"isPartOf\":{\"@id\":\"https:\/\/franciscanos.org.br\/noticias\/#website\"},\"primaryImageOfPage\":{\"@id\":\"https:\/\/franciscanos.org.br\/noticias\/papa_clero.html#primaryimage\"},\"datePublished\":\"2020-02-28T09:52:38+00:00\",\"dateModified\":\"2021-08-29T19:19:58+00:00\",\"author\":{\"@id\":\"https:\/\/franciscanos.org.br\/noticias\/#\/schema\/person\/b5c8cba458c330ccff548b056e95a5d4\"},\"breadcrumb\":{\"@id\":\"https:\/\/franciscanos.org.br\/noticias\/papa_clero.html#breadcrumb\"},\"inLanguage\":\"pt-BR\",\"potentialAction\":[{\"@type\":\"ReadAction\",\"target\":[\"https:\/\/franciscanos.org.br\/noticias\/papa_clero.html\"]}]},{\"@type\":\"BreadcrumbList\",\"@id\":\"https:\/\/franciscanos.org.br\/noticias\/papa_clero.html#breadcrumb\",\"itemListElement\":[{\"@type\":\"ListItem\",\"position\":1,\"name\":\"Home\",\"item\":\"https:\/\/franciscanos.org.br\/noticias\"},{\"@type\":\"ListItem\",\"position\":2,\"name\":\"Papa: um sacerdote n\u00e3o se isola, mas vive em comunh\u00e3o com o seu povo\"}]},{\"@type\":\"Person\",\"@id\":\"https:\/\/franciscanos.org.br\/noticias\/#\/schema\/person\/b5c8cba458c330ccff548b056e95a5d4\",\"name\":\"moacir\",\"image\":{\"@type\":\"ImageObject\",\"inLanguage\":\"pt-BR\",\"@id\":\"https:\/\/franciscanos.org.br\/noticias\/#\/schema\/person\/image\/\",\"url\":\"https:\/\/secure.gravatar.com\/avatar\/d08aa2ce4c8dd416d4479aa8536fcf64?s=96&d=mm&r=g\",\"contentUrl\":\"https:\/\/secure.gravatar.com\/avatar\/d08aa2ce4c8dd416d4479aa8536fcf64?s=96&d=mm&r=g\",\"caption\":\"moacir\"},\"url\":\"https:\/\/franciscanos.org.br\/noticias\/author\/moacir\"}]}<\/script>\n<!-- \/ Yoast SEO plugin. -->","yoast_head_json":{"title":"Papa: um sacerdote n\u00e3o se isola, mas vive em comunh\u00e3o com o seu povo - Not\u00edcias - Franciscanos","robots":{"index":"index","follow":"follow","max-snippet":"max-snippet:-1","max-image-preview":"max-image-preview:large","max-video-preview":"max-video-preview:-1"},"canonical":"https:\/\/franciscanos.org.br\/noticias\/papa_clero.html","og_locale":"pt_BR","og_type":"article","og_title":"Papa: um sacerdote n\u00e3o se isola, mas vive em comunh\u00e3o com o seu povo - Not\u00edcias - Franciscanos","og_description":"Discurso ao clero da Diocese de Roma","og_url":"https:\/\/franciscanos.org.br\/noticias\/papa_clero.html","og_site_name":"Not\u00edcias - Franciscanos","article_published_time":"2020-02-28T09:52:38+00:00","article_modified_time":"2021-08-29T19:19:58+00:00","og_image":[{"width":273,"height":181,"url":"https:\/\/franciscanos.org.br\/noticias\/wp-content\/uploads\/2020\/02\/sacerdotes_2802.jpg","type":"image\/jpeg"}],"author":"moacir","twitter_card":"summary_large_image","twitter_misc":{"Escrito por":"moacir","Est. tempo de leitura":"5 minutos"},"schema":{"@context":"https:\/\/schema.org","@graph":[{"@type":"WebSite","@id":"https:\/\/franciscanos.org.br\/noticias\/#website","url":"https:\/\/franciscanos.org.br\/noticias\/","name":"Not\u00edcias - Franciscanos","description":"Prov\u00edncia Franciscana da Imaculada Concei\u00e7\u00e3o do Brasil - Ordem dos Frades Menores - OFM","potentialAction":[{"@type":"SearchAction","target":{"@type":"EntryPoint","urlTemplate":"https:\/\/franciscanos.org.br\/noticias\/?s={search_term_string}"},"query-input":"required name=search_term_string"}],"inLanguage":"pt-BR"},{"@type":"ImageObject","inLanguage":"pt-BR","@id":"https:\/\/franciscanos.org.br\/noticias\/papa_clero.html#primaryimage","url":"https:\/\/franciscanos.org.br\/noticias\/wp-content\/uploads\/2020\/02\/sacerdotes_2802.jpg","contentUrl":"https:\/\/franciscanos.org.br\/noticias\/wp-content\/uploads\/2020\/02\/sacerdotes_2802.jpg","width":273,"height":181},{"@type":"WebPage","@id":"https:\/\/franciscanos.org.br\/noticias\/papa_clero.html#webpage","url":"https:\/\/franciscanos.org.br\/noticias\/papa_clero.html","name":"Papa: um sacerdote n\u00e3o se isola, mas vive em comunh\u00e3o com o seu povo - Not\u00edcias - Franciscanos","isPartOf":{"@id":"https:\/\/franciscanos.org.br\/noticias\/#website"},"primaryImageOfPage":{"@id":"https:\/\/franciscanos.org.br\/noticias\/papa_clero.html#primaryimage"},"datePublished":"2020-02-28T09:52:38+00:00","dateModified":"2021-08-29T19:19:58+00:00","author":{"@id":"https:\/\/franciscanos.org.br\/noticias\/#\/schema\/person\/b5c8cba458c330ccff548b056e95a5d4"},"breadcrumb":{"@id":"https:\/\/franciscanos.org.br\/noticias\/papa_clero.html#breadcrumb"},"inLanguage":"pt-BR","potentialAction":[{"@type":"ReadAction","target":["https:\/\/franciscanos.org.br\/noticias\/papa_clero.html"]}]},{"@type":"BreadcrumbList","@id":"https:\/\/franciscanos.org.br\/noticias\/papa_clero.html#breadcrumb","itemListElement":[{"@type":"ListItem","position":1,"name":"Home","item":"https:\/\/franciscanos.org.br\/noticias"},{"@type":"ListItem","position":2,"name":"Papa: um sacerdote n\u00e3o se isola, mas vive em comunh\u00e3o com o seu povo"}]},{"@type":"Person","@id":"https:\/\/franciscanos.org.br\/noticias\/#\/schema\/person\/b5c8cba458c330ccff548b056e95a5d4","name":"moacir","image":{"@type":"ImageObject","inLanguage":"pt-BR","@id":"https:\/\/franciscanos.org.br\/noticias\/#\/schema\/person\/image\/","url":"https:\/\/secure.gravatar.com\/avatar\/d08aa2ce4c8dd416d4479aa8536fcf64?s=96&d=mm&r=g","contentUrl":"https:\/\/secure.gravatar.com\/avatar\/d08aa2ce4c8dd416d4479aa8536fcf64?s=96&d=mm&r=g","caption":"moacir"},"url":"https:\/\/franciscanos.org.br\/noticias\/author\/moacir"}]}},"_links":{"self":[{"href":"https:\/\/franciscanos.org.br\/noticias\/wp-json\/wp\/v2\/posts\/221443"}],"collection":[{"href":"https:\/\/franciscanos.org.br\/noticias\/wp-json\/wp\/v2\/posts"}],"about":[{"href":"https:\/\/franciscanos.org.br\/noticias\/wp-json\/wp\/v2\/types\/post"}],"author":[{"embeddable":true,"href":"https:\/\/franciscanos.org.br\/noticias\/wp-json\/wp\/v2\/users\/3"}],"replies":[{"embeddable":true,"href":"https:\/\/franciscanos.org.br\/noticias\/wp-json\/wp\/v2\/comments?post=221443"}],"version-history":[{"count":2,"href":"https:\/\/franciscanos.org.br\/noticias\/wp-json\/wp\/v2\/posts\/221443\/revisions"}],"predecessor-version":[{"id":234033,"href":"https:\/\/franciscanos.org.br\/noticias\/wp-json\/wp\/v2\/posts\/221443\/revisions\/234033"}],"wp:featuredmedia":[{"embeddable":true,"href":"https:\/\/franciscanos.org.br\/noticias\/wp-json\/wp\/v2\/media\/221445"}],"wp:attachment":[{"href":"https:\/\/franciscanos.org.br\/noticias\/wp-json\/wp\/v2\/media?parent=221443"}],"wp:term":[{"taxonomy":"category","embeddable":true,"href":"https:\/\/franciscanos.org.br\/noticias\/wp-json\/wp\/v2\/categories?post=221443"},{"taxonomy":"post_tag","embeddable":true,"href":"https:\/\/franciscanos.org.br\/noticias\/wp-json\/wp\/v2\/tags?post=221443"}],"curies":[{"name":"wp","href":"https:\/\/api.w.org\/{rel}","templated":true}]}}