{"id":221428,"date":"2020-02-25T07:32:10","date_gmt":"2020-02-25T10:32:10","guid":{"rendered":"https:\/\/franciscanos.org.br\/noticias\/?p=221428"},"modified":"2021-08-29T16:23:27","modified_gmt":"2021-08-29T19:23:27","slug":"papa-na-igreja-o-maior-e-quem-serve-nao-quem-tem-mais-titulos","status":"publish","type":"post","link":"https:\/\/franciscanos.org.br\/noticias\/papa-na-igreja-o-maior-e-quem-serve-nao-quem-tem-mais-titulos.html","title":{"rendered":"Papa: na Igreja, o maior \u00e9 quem serve, n\u00e3o quem tem mais t\u00edtulos"},"content":{"rendered":"<div id=\"attachment_221429\" style=\"width: 1010px\" class=\"wp-caption alignnone\"><img aria-describedby=\"caption-attachment-221429\" loading=\"lazy\" class=\"wp-image-221429 size-full\" src=\"https:\/\/franciscanos.org.br\/noticias\/wp-content\/uploads\/2020\/02\/marta_2502.jpg\" alt=\"\" width=\"1000\" height=\"563\" srcset=\"https:\/\/franciscanos.org.br\/noticias\/wp-content\/uploads\/2020\/02\/marta_2502.jpg 1000w, https:\/\/franciscanos.org.br\/noticias\/wp-content\/uploads\/2020\/02\/marta_2502-450x253.jpg 450w, https:\/\/franciscanos.org.br\/noticias\/wp-content\/uploads\/2020\/02\/marta_2502-768x432.jpg 768w, https:\/\/franciscanos.org.br\/noticias\/wp-content\/uploads\/2020\/02\/marta_2502-150x84.jpg 150w\" sizes=\"(max-width: 1000px) 100vw, 1000px\" \/><p id=\"caption-attachment-221429\" class=\"wp-caption-text\">\u00a0 \u00a0 \u00a0 \u00a0 \u00a0 \u00a0 \u00a0 \u00a0 \u00a0 \u00a0 \u00a0 \u00a0 \u00a0 \u00a0 \u00a0 \u00a0 \u00a0 \u00a0 \u00a0 \u00a0 \u00a0 \u00a0 \u00a0 \u00a0 \u00a0 \u00a0 \u00a0 \u00a0 \u00a0 \u00a0 \u00a0 \u00a0 \u00a0 \u00a0 \u00a0 \u00a0 \u00a0 \u00a0 \u00a0 \u00a0 \u00a0 \u00a0 \u00a0 \u00a0 \u00a0 \u00a0 \u00a0 \u00a0 \u00a0 \u00a0 \u00a0 \u00a0 \u00a0 \u00a0 \u00a0 \u00a0 \u00a0 \u00a0<em> \u00a0Imagem: Vatican Media<\/em><\/p><\/div>\n<p><strong>Cidade do Vaticano<\/strong> &#8211; N\u00e3o se pode viver o Evangelho fazendo conchavos; do contr\u00e1rio, se acaba com o esp\u00edrito do mundo, que visa o dom\u00ednio dos outros e \u00e9 \u201cinimigo de Deus\u201d.<\/p>\n<p>A reflex\u00e3o do Papa na homilia desta manh\u00e3 na Casa Santa Marta (25\/02) partiu do trecho do Evangelho do dia (Mc 9,30-37), no qual Jesus diz aos Doze que se algu\u00e9m quiser ser o primeiro, deve ser o \u00faltimo e servidor de todos. Jesus sabia que, ao atravessar a Galileia, os disc\u00edpulos haviam discutido entre si sobre quem seria o maior \u201cpor ambi\u00e7\u00e3o\u201d. Esta briga dizendo \u201ceu tenho que caminhar \u00e0 frente, eu tenho que avan\u00e7ar\u201d, explicou o Papa, \u00e9 o esp\u00edrito do mundo. Mas tamb\u00e9m a Primeira Leitura de hoje (Tg 4, 1-10) ressalta este aspecto, quando o ap\u00f3stolo Tiago recorda que o amor pelo mundo \u00e9 inimigo de Deus.<\/p>\n<p>Esta \u00e2nsia de mundanidade, esta \u00e2nsia de ser mais importante do que os outros e dizer: \u201cN\u00e3o! Eu mere\u00e7o isto, n\u00e3o aquela pessoa\u201d. Isso \u00e9 mundanidade, este \u00e9 o esp\u00edrito do mundo e quem respira este esp\u00edrito, respira a inimizade de Deus. Jesus, em outro trecho, diz aos disc\u00edpulos: \u201cOu est\u00e3o comigo ou contra mim\u201d. N\u00e3o h\u00e1 conchavos no Evangelho. E quando algu\u00e9m quer viver o Evangelho fazendo conchavos, no final se encontra com o esp\u00edrito mundano, que sempre busca pactos para galgar mais, para dominar, para ser maior.<\/p>\n<p><strong>A inveja \u00e9 um caruncho que leva \u00e0 destrui\u00e7\u00e3o<\/strong><br \/>\nTantas guerras e tantas brigas acontecem por causa de desejos mundanos, de paix\u00f5es, afirma o Papa, referindo-se ainda \u00e0s palavras de S\u00e3o Tiago. \u00c9 verdade, \u201choje todo o mundo \u00e9 semeado por guerras. Mas e as guerras entre n\u00f3s? Como aquela que havia entre os ap\u00f3stolos: quem \u00e9 o mais importante?\u201d, questionou Francisco:<\/p>\n<p>Olhem a carreira que eu fiz: agora n\u00e3o posso ir para tr\u00e1s!\u201d. Este \u00e9 o esp\u00edrito do mundo e isso n\u00e3o \u00e9 crist\u00e3o. \u201cN\u00e3o! \u00c9 a minha vez! Eu tenho que ganhar mais para ter mais dinheiro e mais poder\u201d. Este \u00e9 o esp\u00edrito do mundo. E depois a malvadeza das intrigas: a fofoca. De onde vem? Da inveja. O maior invejoso \u00e9 o diabo, a gente sabe, a B\u00edblia o diz. Da inveja. Por inveja do diabo o mal entra no mundo. A inveja \u00e9 um caruncho que leva a destruir, a falar mal, a aniquilar o outro.<\/p>\n<p><strong>Na Igreja, o maior \u00e9 quem serve<\/strong><br \/>\nNo di\u00e1logo dos disc\u00edpulos, havia todas essas paix\u00f5es e, por isso, Jesus os repreende e os exorta a fazerem-se servidores de todos e a tomar o \u00faltimo lugar:\u00a0Quem \u00e9 o mais importante na Igreja? O Papa, os bispos, os monsenhores, os cardeais, os p\u00e1rocos das par\u00f3quias mais belas, os presidentes das associa\u00e7\u00f5es de leigos? N\u00e3o! O maior na Igreja \u00e9 quem se faz servidor de todos, quem serve a todos, n\u00e3o quem tem mais t\u00edtulos. E para explicar isso, pegou uma crian\u00e7a, a colocou no meio deles e, abra\u00e7ando-a com ternura \u2013 porque Jesus falava assim, tinha tanta ternura \u2013 disse a eles: \u201cQuem acolher em meu nome uma destas crian\u00e7as, \u00e9 a mim que estar\u00e1 acolhendo\u201d, isto \u00e9, quem acolhe o mais humilde, o mais servidor. Este \u00e9 o caminho. O caminho contra o esp\u00edrito do mundo \u00e9 um s\u00f3: a humildade. Servir os outros, escolher o \u00faltimo lugar, n\u00e3o galgar.<\/p>\n<p>Portanto, n\u00e3o se deve \u201cnegociar com o esp\u00edrito do mundo\u201d, n\u00e3o \u00e9 preciso dizer: \u201cTenho direito \u00e0quele lugar, porque olhem a carreira que eu fiz\u201d. A mundanidade, com efeito, \u201c\u00e9 inimigo de Deus\u201d. Ao inv\u00e9s, \u00e9 preciso ouvir esta palavra \u201ct\u00e3o s\u00e1bia\u201d e encorajadora que Jesus diz no Evangelho: \u201cSe algu\u00e9m quiser ser o primeiro, que seja o \u00faltimo de todos e aquele que serve a todos!&#8217;\u201d.<\/p>\n<hr \/>\n<p><em>Fonte: Vatican News<\/em><\/p>\n","protected":false},"excerpt":{"rendered":"<p>Missa em Santa Marta<\/p>\n","protected":false},"author":3,"featured_media":221430,"comment_status":"open","ping_status":"open","sticky":false,"template":"","format":"standard","meta":[],"categories":[1428],"tags":[1586],"acf":[],"yoast_head":"<!-- This site is optimized with the Yoast SEO plugin v19.2 - https:\/\/yoast.com\/wordpress\/plugins\/seo\/ -->\n<title>Papa: na Igreja, o maior \u00e9 quem serve, n\u00e3o quem tem mais t\u00edtulos - Not\u00edcias - Franciscanos<\/title>\n<meta name=\"robots\" content=\"index, follow, max-snippet:-1, max-image-preview:large, max-video-preview:-1\" \/>\n<link rel=\"canonical\" href=\"https:\/\/franciscanos.org.br\/noticias\/papa-na-igreja-o-maior-e-quem-serve-nao-quem-tem-mais-titulos.html\" \/>\n<meta property=\"og:locale\" content=\"pt_BR\" \/>\n<meta property=\"og:type\" content=\"article\" \/>\n<meta property=\"og:title\" content=\"Papa: na Igreja, o maior \u00e9 quem serve, n\u00e3o quem tem mais t\u00edtulos - Not\u00edcias - Franciscanos\" \/>\n<meta property=\"og:description\" content=\"Missa em Santa Marta\" \/>\n<meta property=\"og:url\" content=\"https:\/\/franciscanos.org.br\/noticias\/papa-na-igreja-o-maior-e-quem-serve-nao-quem-tem-mais-titulos.html\" \/>\n<meta property=\"og:site_name\" content=\"Not\u00edcias - Franciscanos\" \/>\n<meta property=\"article:published_time\" content=\"2020-02-25T10:32:10+00:00\" \/>\n<meta property=\"article:modified_time\" content=\"2021-08-29T19:23:27+00:00\" \/>\n<meta property=\"og:image\" content=\"https:\/\/franciscanos.org.br\/noticias\/wp-content\/uploads\/2020\/02\/marta_2502d.jpg\" \/>\n\t<meta property=\"og:image:width\" content=\"273\" \/>\n\t<meta property=\"og:image:height\" content=\"181\" \/>\n\t<meta property=\"og:image:type\" content=\"image\/jpeg\" \/>\n<meta name=\"author\" content=\"moacir\" \/>\n<meta name=\"twitter:card\" content=\"summary_large_image\" \/>\n<meta name=\"twitter:label1\" content=\"Escrito por\" \/>\n\t<meta name=\"twitter:data1\" content=\"moacir\" \/>\n\t<meta name=\"twitter:label2\" content=\"Est. tempo de leitura\" \/>\n\t<meta name=\"twitter:data2\" content=\"3 minutos\" \/>\n<script type=\"application\/ld+json\" class=\"yoast-schema-graph\">{\"@context\":\"https:\/\/schema.org\",\"@graph\":[{\"@type\":\"WebSite\",\"@id\":\"https:\/\/franciscanos.org.br\/noticias\/#website\",\"url\":\"https:\/\/franciscanos.org.br\/noticias\/\",\"name\":\"Not\u00edcias - Franciscanos\",\"description\":\"Prov\u00edncia Franciscana da Imaculada Concei\u00e7\u00e3o do Brasil - Ordem dos Frades Menores - OFM\",\"potentialAction\":[{\"@type\":\"SearchAction\",\"target\":{\"@type\":\"EntryPoint\",\"urlTemplate\":\"https:\/\/franciscanos.org.br\/noticias\/?s={search_term_string}\"},\"query-input\":\"required name=search_term_string\"}],\"inLanguage\":\"pt-BR\"},{\"@type\":\"ImageObject\",\"inLanguage\":\"pt-BR\",\"@id\":\"https:\/\/franciscanos.org.br\/noticias\/papa-na-igreja-o-maior-e-quem-serve-nao-quem-tem-mais-titulos.html#primaryimage\",\"url\":\"https:\/\/franciscanos.org.br\/noticias\/wp-content\/uploads\/2020\/02\/marta_2502d.jpg\",\"contentUrl\":\"https:\/\/franciscanos.org.br\/noticias\/wp-content\/uploads\/2020\/02\/marta_2502d.jpg\",\"width\":273,\"height\":181},{\"@type\":\"WebPage\",\"@id\":\"https:\/\/franciscanos.org.br\/noticias\/papa-na-igreja-o-maior-e-quem-serve-nao-quem-tem-mais-titulos.html#webpage\",\"url\":\"https:\/\/franciscanos.org.br\/noticias\/papa-na-igreja-o-maior-e-quem-serve-nao-quem-tem-mais-titulos.html\",\"name\":\"Papa: na Igreja, o maior \u00e9 quem serve, n\u00e3o quem tem mais t\u00edtulos - Not\u00edcias - Franciscanos\",\"isPartOf\":{\"@id\":\"https:\/\/franciscanos.org.br\/noticias\/#website\"},\"primaryImageOfPage\":{\"@id\":\"https:\/\/franciscanos.org.br\/noticias\/papa-na-igreja-o-maior-e-quem-serve-nao-quem-tem-mais-titulos.html#primaryimage\"},\"datePublished\":\"2020-02-25T10:32:10+00:00\",\"dateModified\":\"2021-08-29T19:23:27+00:00\",\"author\":{\"@id\":\"https:\/\/franciscanos.org.br\/noticias\/#\/schema\/person\/b5c8cba458c330ccff548b056e95a5d4\"},\"breadcrumb\":{\"@id\":\"https:\/\/franciscanos.org.br\/noticias\/papa-na-igreja-o-maior-e-quem-serve-nao-quem-tem-mais-titulos.html#breadcrumb\"},\"inLanguage\":\"pt-BR\",\"potentialAction\":[{\"@type\":\"ReadAction\",\"target\":[\"https:\/\/franciscanos.org.br\/noticias\/papa-na-igreja-o-maior-e-quem-serve-nao-quem-tem-mais-titulos.html\"]}]},{\"@type\":\"BreadcrumbList\",\"@id\":\"https:\/\/franciscanos.org.br\/noticias\/papa-na-igreja-o-maior-e-quem-serve-nao-quem-tem-mais-titulos.html#breadcrumb\",\"itemListElement\":[{\"@type\":\"ListItem\",\"position\":1,\"name\":\"Home\",\"item\":\"https:\/\/franciscanos.org.br\/noticias\"},{\"@type\":\"ListItem\",\"position\":2,\"name\":\"Papa: na Igreja, o maior \u00e9 quem serve, n\u00e3o quem tem mais t\u00edtulos\"}]},{\"@type\":\"Person\",\"@id\":\"https:\/\/franciscanos.org.br\/noticias\/#\/schema\/person\/b5c8cba458c330ccff548b056e95a5d4\",\"name\":\"moacir\",\"image\":{\"@type\":\"ImageObject\",\"inLanguage\":\"pt-BR\",\"@id\":\"https:\/\/franciscanos.org.br\/noticias\/#\/schema\/person\/image\/\",\"url\":\"https:\/\/secure.gravatar.com\/avatar\/d08aa2ce4c8dd416d4479aa8536fcf64?s=96&d=mm&r=g\",\"contentUrl\":\"https:\/\/secure.gravatar.com\/avatar\/d08aa2ce4c8dd416d4479aa8536fcf64?s=96&d=mm&r=g\",\"caption\":\"moacir\"},\"url\":\"https:\/\/franciscanos.org.br\/noticias\/author\/moacir\"}]}<\/script>\n<!-- \/ Yoast SEO plugin. -->","yoast_head_json":{"title":"Papa: na Igreja, o maior \u00e9 quem serve, n\u00e3o quem tem mais t\u00edtulos - Not\u00edcias - Franciscanos","robots":{"index":"index","follow":"follow","max-snippet":"max-snippet:-1","max-image-preview":"max-image-preview:large","max-video-preview":"max-video-preview:-1"},"canonical":"https:\/\/franciscanos.org.br\/noticias\/papa-na-igreja-o-maior-e-quem-serve-nao-quem-tem-mais-titulos.html","og_locale":"pt_BR","og_type":"article","og_title":"Papa: na Igreja, o maior \u00e9 quem serve, n\u00e3o quem tem mais t\u00edtulos - Not\u00edcias - Franciscanos","og_description":"Missa em Santa Marta","og_url":"https:\/\/franciscanos.org.br\/noticias\/papa-na-igreja-o-maior-e-quem-serve-nao-quem-tem-mais-titulos.html","og_site_name":"Not\u00edcias - Franciscanos","article_published_time":"2020-02-25T10:32:10+00:00","article_modified_time":"2021-08-29T19:23:27+00:00","og_image":[{"width":273,"height":181,"url":"https:\/\/franciscanos.org.br\/noticias\/wp-content\/uploads\/2020\/02\/marta_2502d.jpg","type":"image\/jpeg"}],"author":"moacir","twitter_card":"summary_large_image","twitter_misc":{"Escrito por":"moacir","Est. tempo de leitura":"3 minutos"},"schema":{"@context":"https:\/\/schema.org","@graph":[{"@type":"WebSite","@id":"https:\/\/franciscanos.org.br\/noticias\/#website","url":"https:\/\/franciscanos.org.br\/noticias\/","name":"Not\u00edcias - Franciscanos","description":"Prov\u00edncia Franciscana da Imaculada Concei\u00e7\u00e3o do Brasil - Ordem dos Frades Menores - OFM","potentialAction":[{"@type":"SearchAction","target":{"@type":"EntryPoint","urlTemplate":"https:\/\/franciscanos.org.br\/noticias\/?s={search_term_string}"},"query-input":"required name=search_term_string"}],"inLanguage":"pt-BR"},{"@type":"ImageObject","inLanguage":"pt-BR","@id":"https:\/\/franciscanos.org.br\/noticias\/papa-na-igreja-o-maior-e-quem-serve-nao-quem-tem-mais-titulos.html#primaryimage","url":"https:\/\/franciscanos.org.br\/noticias\/wp-content\/uploads\/2020\/02\/marta_2502d.jpg","contentUrl":"https:\/\/franciscanos.org.br\/noticias\/wp-content\/uploads\/2020\/02\/marta_2502d.jpg","width":273,"height":181},{"@type":"WebPage","@id":"https:\/\/franciscanos.org.br\/noticias\/papa-na-igreja-o-maior-e-quem-serve-nao-quem-tem-mais-titulos.html#webpage","url":"https:\/\/franciscanos.org.br\/noticias\/papa-na-igreja-o-maior-e-quem-serve-nao-quem-tem-mais-titulos.html","name":"Papa: na Igreja, o maior \u00e9 quem serve, n\u00e3o quem tem mais t\u00edtulos - Not\u00edcias - Franciscanos","isPartOf":{"@id":"https:\/\/franciscanos.org.br\/noticias\/#website"},"primaryImageOfPage":{"@id":"https:\/\/franciscanos.org.br\/noticias\/papa-na-igreja-o-maior-e-quem-serve-nao-quem-tem-mais-titulos.html#primaryimage"},"datePublished":"2020-02-25T10:32:10+00:00","dateModified":"2021-08-29T19:23:27+00:00","author":{"@id":"https:\/\/franciscanos.org.br\/noticias\/#\/schema\/person\/b5c8cba458c330ccff548b056e95a5d4"},"breadcrumb":{"@id":"https:\/\/franciscanos.org.br\/noticias\/papa-na-igreja-o-maior-e-quem-serve-nao-quem-tem-mais-titulos.html#breadcrumb"},"inLanguage":"pt-BR","potentialAction":[{"@type":"ReadAction","target":["https:\/\/franciscanos.org.br\/noticias\/papa-na-igreja-o-maior-e-quem-serve-nao-quem-tem-mais-titulos.html"]}]},{"@type":"BreadcrumbList","@id":"https:\/\/franciscanos.org.br\/noticias\/papa-na-igreja-o-maior-e-quem-serve-nao-quem-tem-mais-titulos.html#breadcrumb","itemListElement":[{"@type":"ListItem","position":1,"name":"Home","item":"https:\/\/franciscanos.org.br\/noticias"},{"@type":"ListItem","position":2,"name":"Papa: na Igreja, o maior \u00e9 quem serve, n\u00e3o quem tem mais t\u00edtulos"}]},{"@type":"Person","@id":"https:\/\/franciscanos.org.br\/noticias\/#\/schema\/person\/b5c8cba458c330ccff548b056e95a5d4","name":"moacir","image":{"@type":"ImageObject","inLanguage":"pt-BR","@id":"https:\/\/franciscanos.org.br\/noticias\/#\/schema\/person\/image\/","url":"https:\/\/secure.gravatar.com\/avatar\/d08aa2ce4c8dd416d4479aa8536fcf64?s=96&d=mm&r=g","contentUrl":"https:\/\/secure.gravatar.com\/avatar\/d08aa2ce4c8dd416d4479aa8536fcf64?s=96&d=mm&r=g","caption":"moacir"},"url":"https:\/\/franciscanos.org.br\/noticias\/author\/moacir"}]}},"_links":{"self":[{"href":"https:\/\/franciscanos.org.br\/noticias\/wp-json\/wp\/v2\/posts\/221428"}],"collection":[{"href":"https:\/\/franciscanos.org.br\/noticias\/wp-json\/wp\/v2\/posts"}],"about":[{"href":"https:\/\/franciscanos.org.br\/noticias\/wp-json\/wp\/v2\/types\/post"}],"author":[{"embeddable":true,"href":"https:\/\/franciscanos.org.br\/noticias\/wp-json\/wp\/v2\/users\/3"}],"replies":[{"embeddable":true,"href":"https:\/\/franciscanos.org.br\/noticias\/wp-json\/wp\/v2\/comments?post=221428"}],"version-history":[{"count":2,"href":"https:\/\/franciscanos.org.br\/noticias\/wp-json\/wp\/v2\/posts\/221428\/revisions"}],"predecessor-version":[{"id":234038,"href":"https:\/\/franciscanos.org.br\/noticias\/wp-json\/wp\/v2\/posts\/221428\/revisions\/234038"}],"wp:featuredmedia":[{"embeddable":true,"href":"https:\/\/franciscanos.org.br\/noticias\/wp-json\/wp\/v2\/media\/221430"}],"wp:attachment":[{"href":"https:\/\/franciscanos.org.br\/noticias\/wp-json\/wp\/v2\/media?parent=221428"}],"wp:term":[{"taxonomy":"category","embeddable":true,"href":"https:\/\/franciscanos.org.br\/noticias\/wp-json\/wp\/v2\/categories?post=221428"},{"taxonomy":"post_tag","embeddable":true,"href":"https:\/\/franciscanos.org.br\/noticias\/wp-json\/wp\/v2\/tags?post=221428"}],"curies":[{"name":"wp","href":"https:\/\/api.w.org\/{rel}","templated":true}]}}