{"id":221415,"date":"2020-02-23T11:09:22","date_gmt":"2020-02-23T14:09:22","guid":{"rendered":"https:\/\/franciscanos.org.br\/noticias\/?p=221415"},"modified":"2021-08-29T16:24:53","modified_gmt":"2021-08-29T19:24:53","slug":"papa-em-bari-optemos-pelo-amor-mesmo-contracorrente","status":"publish","type":"post","link":"https:\/\/franciscanos.org.br\/noticias\/papa-em-bari-optemos-pelo-amor-mesmo-contracorrente.html","title":{"rendered":"Papa em Bari: \u201cOptemos pelo amor, mesmo contracorrente\u201c"},"content":{"rendered":"<div id=\"attachment_221419\" style=\"width: 1210px\" class=\"wp-caption alignnone\"><img aria-describedby=\"caption-attachment-221419\" loading=\"lazy\" class=\"wp-image-221419 size-full\" src=\"https:\/\/franciscanos.org.br\/noticias\/wp-content\/uploads\/2020\/02\/papa_230220.jpg\" alt=\"\" width=\"1200\" height=\"650\" srcset=\"https:\/\/franciscanos.org.br\/noticias\/wp-content\/uploads\/2020\/02\/papa_230220.jpg 1200w, https:\/\/franciscanos.org.br\/noticias\/wp-content\/uploads\/2020\/02\/papa_230220-450x244.jpg 450w, https:\/\/franciscanos.org.br\/noticias\/wp-content\/uploads\/2020\/02\/papa_230220-1024x555.jpg 1024w, https:\/\/franciscanos.org.br\/noticias\/wp-content\/uploads\/2020\/02\/papa_230220-768x416.jpg 768w, https:\/\/franciscanos.org.br\/noticias\/wp-content\/uploads\/2020\/02\/papa_230220-150x81.jpg 150w\" sizes=\"(max-width: 1200px) 100vw, 1200px\" \/><p id=\"caption-attachment-221419\" class=\"wp-caption-text\">\u00a0 \u00a0 \u00a0 \u00a0 \u00a0 \u00a0 \u00a0 \u00a0 \u00a0 \u00a0 \u00a0 \u00a0 \u00a0 \u00a0 \u00a0 \u00a0 \u00a0 \u00a0 \u00a0 \u00a0 \u00a0 \u00a0 \u00a0 \u00a0 \u00a0 \u00a0 \u00a0 \u00a0 \u00a0 \u00a0 \u00a0 \u00a0 \u00a0 \u00a0 \u00a0 \u00a0 \u00a0 \u00a0 \u00a0 \u00a0 \u00a0 \u00a0 \u00a0 \u00a0 \u00a0 \u00a0 \u00a0 \u00a0<em> \u00a0Imagens: Vatican Media<\/em><\/p><\/div>\n<p><strong>Cidade do Vaticano &#8211;<\/strong> Se quisermos ser disc\u00edpulos de Cristo, se quisermos chamarmo-nos crist\u00e3os, este \u00e9 o caminho. Amados por Deus, somos chamados a amar; perdoados, a perdoar; tocados pelo amor, a dar amor sem esperar que comecem os outros; salvos gratuitamente, a n\u00e3o buscar lucro algum no bem que fazemos\u201d, foi a indica\u00e7\u00e3o do Papa na missa celebrada na manh\u00e3 deste domingo (23\/02) na cidade de Bari, sul da It\u00e1lia, no encerramento do Encontro de reflex\u00e3o e espiritualidade \u201cMediterr\u00e2neo, fronteira de paz\u201d, promovido pela Confer\u00eancia Episcopal Italiana (CEI), ocasi\u00e3o em que Francisco encontrou patriarcas, cardeais, bispos e sacerdotes participantes.<\/p>\n<p>Na homilia da celebra\u00e7\u00e3o, presidida no Corso Vittorio Emanuele II, centro de Bari, o Santo Padre ateve-se \u00e0 p\u00e1gina do Evangelho deste VII Domingo do Tempo Comum, em cujas leituras somos chamados \u00e0 santidade.<\/p>\n<p>Francisco ressaltou que nela Jesus cita a lei antiga do \u201colho por olho e dente por dente\u201d, que j\u00e1 era um progresso, porque impedia retalia\u00e7\u00f5es mais graves, para dizer que o Filho de Deus vai mais al\u00e9m, muito mais al\u00e9m!<\/p>\n<p><strong>Chamados \u00e0 lei do amor<\/strong><\/p>\n<p>\u201cEu, por\u00e9m, digo-vos: N\u00e3o oponhais resist\u00eancia ao mau\u201d (Mt 5, 39). Mas como, Senhor? Se algu\u00e9m pensa mal de mim, se algu\u00e9m me faz mal, n\u00e3o posso retribuir-lhe com a mesma moeda? \u201cN\u00e3o\u201d \u2013 diz Jesus. N\u00e3o-viol\u00eancia, nenhuma viol\u00eancia, frisou o Pont\u00edfice.<\/p>\n<p>Qual \u00e9 o motivo pelo qual Jesus pede para amar mesmo a quem nos faz mal? \u2013 perguntou o Papa, respondendo: \u201cPorque o Pai, o nosso Pai, ama sempre a todos, mesmo quando n\u00e3o \u00e9 correspondido. Ele \u2018faz com que o sol se levante sobre os bons e os maus, e faz cair a chuva sobre os justos e os pecadores\u2019 (Mt 5, 45)\u201d.<\/p>\n<p>Francisco lembrou que Jesus \u201cn\u00e3o levantou a m\u00e3o contra aqueles que O condenaram injustamente e mataram cruelmente, mas abriu-lhes os bra\u00e7os na cruz. E perdoou a quem Lhe fincou os cravos nos pulsos\u201d.<\/p>\n<p><img loading=\"lazy\" class=\"alignnone size-full wp-image-221417\" src=\"https:\/\/franciscanos.org.br\/noticias\/wp-content\/uploads\/2020\/02\/papa_230220_1.jpg\" alt=\"\" width=\"1200\" height=\"650\" srcset=\"https:\/\/franciscanos.org.br\/noticias\/wp-content\/uploads\/2020\/02\/papa_230220_1.jpg 1200w, https:\/\/franciscanos.org.br\/noticias\/wp-content\/uploads\/2020\/02\/papa_230220_1-450x244.jpg 450w, https:\/\/franciscanos.org.br\/noticias\/wp-content\/uploads\/2020\/02\/papa_230220_1-1024x555.jpg 1024w, https:\/\/franciscanos.org.br\/noticias\/wp-content\/uploads\/2020\/02\/papa_230220_1-768x416.jpg 768w, https:\/\/franciscanos.org.br\/noticias\/wp-content\/uploads\/2020\/02\/papa_230220_1-150x81.jpg 150w\" sizes=\"(max-width: 1200px) 100vw, 1200px\" \/><\/p>\n<p><strong>Perdoados, chamados a perdoar<\/strong><\/p>\n<p>\u201cSe quisermos ser disc\u00edpulos de Cristo, se nos quisermos chamar crist\u00e3os, este \u00e9 o caminho. Amados por Deus, somos chamados a amar; perdoados, a perdoar; tocados pelo amor, a dar amor sem esperar que comecem os outros; salvos gratuitamente, a n\u00e3o buscar lucro algum no bem que fazemos.\u201d<\/p>\n<p>\u201c\u2018Amai os vossos inimigos e orai pelos que vos perseguem\u2019. \u00c9 a novidade crist\u00e3, a especificidade crist\u00e3\u201d, ressaltou. \u201cOrar e amar: isto \u00e9 o que devemos fazer; e n\u00e3o s\u00f3 com quem nos ama, n\u00e3o s\u00f3 com os amigos, n\u00e3o s\u00f3 com os do nosso povo, porque o amor de Jesus n\u00e3o conhece fronteiras nem barreiras. O Senhor pede-nos a coragem dum amor sem c\u00e1lculos. Porque a medida de Jesus \u00e9 o amor sem medida.\u201d<\/p>\n<p><strong>O mandamento do amor est\u00e1 no cora\u00e7\u00e3o do Evangelho<\/strong><\/p>\n<p>Quantas vezes negligenciamos os seus pedidos, comportando-nos como todo mundo, observou o Papa, acrescentando: \u201cO mandamento do amor n\u00e3o \u00e9 uma simples provoca\u00e7\u00e3o; est\u00e1 no cora\u00e7\u00e3o do Evangelho. Sobre o amor para com todos, n\u00e3o procuremos desculpas, nem apregoemos prud\u00eancias que nos s\u00e3o c\u00f3modas. O Senhor n\u00e3o Se mostrou prudente, n\u00e3o desceu a compromissos, pediu-nos o extremismo da caridade. \u00c9 o \u00fanico extremismo crist\u00e3o: o do amor.\u201d<\/p>\n<p>Francisco afirmou ainda que o culto a Deus \u00e9 contr\u00e1rio \u00e0 cultura do \u00f3dio. E a cultura do \u00f3dio combate-se, contrariando\u00a0o culto do lamento. \u201cQuantas vezes nos lamentamos do que n\u00e3o recebemos, daquilo que est\u00e1 errado! Jesus bem sabe que muitas coisas est\u00e3o erradas, que haver\u00e1 sempre algu\u00e9m que nos quer mal, at\u00e9 mesmo algu\u00e9m que nos perseguir\u00e1. Mas a n\u00f3s, Jesus pede-nos apenas para rezar e amar.\u201d<\/p>\n<p><strong>Caminho de Jesus: amor ativo, humilde, levado ao extremo<\/strong><\/p>\n<p>Nos \u201cgets\u00eamanis\u201d de hoje, ressaltou, no nosso mundo indiferente e injusto, onde parece assistir-se \u00e0 agonia da esperan\u00e7a, \u201co crist\u00e3o n\u00e3o pode fazer como aqueles disc\u00edpulos que, primeiro, empunharam a espada e, depois, fugiram. N\u00e3o! A solu\u00e7\u00e3o n\u00e3o \u00e9 desembainhar a espada contra algu\u00e9m, nem sequer fugir dos tempos que vivemos. A solu\u00e7\u00e3o \u00e9 o caminho de Jesus: o amor ativo, o amor humilde, o amor levado \u2018at\u00e9 ao extremo\u2019\u201d.<\/p>\n<p>Francisco concluiu afirmando que com seu amor sem limites Jesus eleva o n\u00edvel da nossa humanidade, e que se a meta fosse imposs\u00edvel o Senhor n\u00e3o nos teria pedido para a atingir.<\/p>\n<p><strong>N\u00e3o contentar-se com meias medidas<\/strong><\/p>\n<p>\u201cMas, sozinhos, \u00e9 dif\u00edcil. \u00c9 uma gra\u00e7a que devemos pedir. Suplicar a Deus a for\u00e7a de amar, dizendo-Lhe: \u2018Senhor, ajudai-me a amar; ensinai-me a perdoar\u2019\u201d, acrescentou.<\/p>\n<p>\u201cN\u00e3o nos deixemos condicionar pelo pensamento comum \u2013 foi a exorta\u00e7\u00e3o final do Santo Padre \u2013, nem nos contentemos com meias medidas. Acolhamos o desafio de Jesus, o desafio da caridade. Seremos verdadeiros crist\u00e3os e o mundo ser\u00e1 mais humano.\u201d<\/p>\n<p><strong>ANGELUS: PAPA FAZ FORTE APELO EM FAVOR DA S\u00cdRIA<\/strong><\/p>\n<p>\u201cDe nossos cora\u00e7\u00f5es de pastores se eleva um forte apelo aos atores envolvidos e \u00e0 comunidade internacional, a fim de que silencie o ribombar das armas e se ou\u00e7a o choro dos pequenos e dos indefesos; a fim de que os c\u00e1lculos e os interesses sejam colocados de lado, para salvaguardar a vida dos civis e das muitas crian\u00e7as inocentes que pagam suas consequ\u00eancias\u201d, disse o Papa este domingo (23\/02) no Angelus em Bari, em mais um apelo em favor da S\u00edria<\/p>\n<p>\u201cEnquanto estamos aqui reunidos para rezar e refletir sobre a paz e sobre as sortes dos povos que est\u00e3o \u00e0 margem Mediterr\u00e2neo, do outro lado deste mar, em particular no noroeste da S\u00edria, se consuma uma imane trag\u00e9dia.\u201d<\/p>\n<p>Foi o que disse o Papa no Angelus ao t\u00e9rmino da Santa Missa celebrada no corso Vittorio Emanuele II, centro de Bari, na conclus\u00e3o do Encontro de reflex\u00e3o e espiritualidade \u201cMediterr\u00e2neo, fronteira de paz\u201d, promovido pela Confer\u00eancia Episcopal Italiana (CEI) na cidade da regi\u00e3o da Puglia, sul da Pen\u00ednsula.<\/p>\n<p><strong>Apelo \u00e0s partes envolvidas e \u00e0 comunidade internacional<\/strong><\/p>\n<p>Em seguida, o Santo Padre fez um premente apelo \u00e0s partes envolvidas no conflito s\u00edrio e \u00e0 comunidade internacional: \u201cDe nossos cora\u00e7\u00f5es de pastores se eleva um forte apelo aos atores envolvidos e \u00e0 comunidade internacional, a fim de que silencie o ribombar das armas e se ou\u00e7a o choro dos pequenos e dos indefesos; a fim de que os c\u00e1lculos e os interesses sejam colocados de lado, para salvaguardar a vida dos civis e das muitas crian\u00e7as inocentes que pagam suas consequ\u00eancias.\u201d<\/p>\n<p><img loading=\"lazy\" class=\"alignnone size-full wp-image-221417\" src=\"https:\/\/franciscanos.org.br\/noticias\/wp-content\/uploads\/2020\/02\/papa_230220_1.jpg\" alt=\"\" width=\"1200\" height=\"650\" srcset=\"https:\/\/franciscanos.org.br\/noticias\/wp-content\/uploads\/2020\/02\/papa_230220_1.jpg 1200w, https:\/\/franciscanos.org.br\/noticias\/wp-content\/uploads\/2020\/02\/papa_230220_1-450x244.jpg 450w, https:\/\/franciscanos.org.br\/noticias\/wp-content\/uploads\/2020\/02\/papa_230220_1-1024x555.jpg 1024w, https:\/\/franciscanos.org.br\/noticias\/wp-content\/uploads\/2020\/02\/papa_230220_1-768x416.jpg 768w, https:\/\/franciscanos.org.br\/noticias\/wp-content\/uploads\/2020\/02\/papa_230220_1-150x81.jpg 150w\" sizes=\"(max-width: 1200px) 100vw, 1200px\" \/><\/p>\n<p><strong>Superar a l\u00f3gica do \u00f3dio para redescobrir-se irm\u00e3os<\/strong><\/p>\n<p>\u201cRezemos ao Senhor a fim de que mova os cora\u00e7\u00f5es e todos possam superar a l\u00f3gica do confronto, do \u00f3dio e da vingan\u00e7a para redescobrir-se irm\u00e3os, filhos de um s\u00f3 Pai, que faz o sol nascer sobre os bons e sobre os maus\u201d, exortou o Pont\u00edfice.<\/p>\n<p>O Papa convidou a invocar o Esp\u00edrito Santo, a fim de que cada um de n\u00f3s \u2013 disse \u2013 \u201ca partir de gestos cotidianos de amor, contribua para construir rela\u00e7\u00f5es novas, inspiradas na compreens\u00e3o, no acolhimento, na paci\u00eancia, colocando assim as condi\u00e7\u00f5es para experimentar a alegria do Evangelho e difundi-la em todo ambiente de vida.<\/p>\n<p><strong>Agradecimento aos participantes do encontro<\/strong><\/p>\n<p>Antes de recitar a ora\u00e7\u00e3o mariana, o Papa agradeceu a todos os bispos e aos que participaram do encontro sobre o Mediterr\u00e2neo como fronteira de paz, bem como aos que de diferentes modos trabalharam por seu bom \u00eaxito. \u201cVoc\u00eas contribu\u00edram para fazer crescer a cultura do encontro e do di\u00e1logo nesta regi\u00e3o t\u00e3o importante para a paz no mundo\u201d, disse por fim.<\/p>\n<hr \/>\n<p><em>Fonte: Vatican News<\/em><\/p>\n","protected":false},"excerpt":{"rendered":"<p>Papa Francisco na Missa de Encerramento do Encontro \u201cMediterr\u00e2neo, fronteira de paz\u201d<\/p>\n","protected":false},"author":3,"featured_media":221418,"comment_status":"open","ping_status":"open","sticky":false,"template":"","format":"standard","meta":[],"categories":[1428],"tags":[403,55],"acf":[],"yoast_head":"<!-- This site is optimized with the Yoast SEO plugin v19.2 - https:\/\/yoast.com\/wordpress\/plugins\/seo\/ -->\n<title>Papa em Bari: \u201cOptemos pelo amor, mesmo contracorrente\u201c - Not\u00edcias - Franciscanos<\/title>\n<meta name=\"robots\" content=\"index, follow, max-snippet:-1, max-image-preview:large, max-video-preview:-1\" \/>\n<link rel=\"canonical\" href=\"https:\/\/franciscanos.org.br\/noticias\/papa-em-bari-optemos-pelo-amor-mesmo-contracorrente.html\" \/>\n<meta property=\"og:locale\" content=\"pt_BR\" \/>\n<meta property=\"og:type\" content=\"article\" \/>\n<meta property=\"og:title\" content=\"Papa em Bari: \u201cOptemos pelo amor, mesmo contracorrente\u201c - Not\u00edcias - Franciscanos\" \/>\n<meta property=\"og:description\" content=\"Papa Francisco na Missa de Encerramento do Encontro \u201cMediterr\u00e2neo, fronteira de paz\u201d\" \/>\n<meta property=\"og:url\" content=\"https:\/\/franciscanos.org.br\/noticias\/papa-em-bari-optemos-pelo-amor-mesmo-contracorrente.html\" \/>\n<meta property=\"og:site_name\" content=\"Not\u00edcias - Franciscanos\" \/>\n<meta property=\"article:published_time\" content=\"2020-02-23T14:09:22+00:00\" \/>\n<meta property=\"article:modified_time\" content=\"2021-08-29T19:24:53+00:00\" \/>\n<meta property=\"og:image\" content=\"https:\/\/franciscanos.org.br\/noticias\/wp-content\/uploads\/2020\/02\/papa_230220_2.jpg\" \/>\n\t<meta property=\"og:image:width\" content=\"273\" \/>\n\t<meta property=\"og:image:height\" content=\"181\" \/>\n\t<meta property=\"og:image:type\" content=\"image\/jpeg\" \/>\n<meta name=\"author\" content=\"moacir\" \/>\n<meta name=\"twitter:card\" content=\"summary_large_image\" \/>\n<meta name=\"twitter:label1\" content=\"Escrito por\" \/>\n\t<meta name=\"twitter:data1\" content=\"moacir\" \/>\n\t<meta name=\"twitter:label2\" content=\"Est. tempo de leitura\" \/>\n\t<meta name=\"twitter:data2\" content=\"7 minutos\" \/>\n<script type=\"application\/ld+json\" class=\"yoast-schema-graph\">{\"@context\":\"https:\/\/schema.org\",\"@graph\":[{\"@type\":\"WebSite\",\"@id\":\"https:\/\/franciscanos.org.br\/noticias\/#website\",\"url\":\"https:\/\/franciscanos.org.br\/noticias\/\",\"name\":\"Not\u00edcias - Franciscanos\",\"description\":\"Prov\u00edncia Franciscana da Imaculada Concei\u00e7\u00e3o do Brasil - Ordem dos Frades Menores - OFM\",\"potentialAction\":[{\"@type\":\"SearchAction\",\"target\":{\"@type\":\"EntryPoint\",\"urlTemplate\":\"https:\/\/franciscanos.org.br\/noticias\/?s={search_term_string}\"},\"query-input\":\"required name=search_term_string\"}],\"inLanguage\":\"pt-BR\"},{\"@type\":\"ImageObject\",\"inLanguage\":\"pt-BR\",\"@id\":\"https:\/\/franciscanos.org.br\/noticias\/papa-em-bari-optemos-pelo-amor-mesmo-contracorrente.html#primaryimage\",\"url\":\"https:\/\/franciscanos.org.br\/noticias\/wp-content\/uploads\/2020\/02\/papa_230220_2.jpg\",\"contentUrl\":\"https:\/\/franciscanos.org.br\/noticias\/wp-content\/uploads\/2020\/02\/papa_230220_2.jpg\",\"width\":273,\"height\":181},{\"@type\":\"WebPage\",\"@id\":\"https:\/\/franciscanos.org.br\/noticias\/papa-em-bari-optemos-pelo-amor-mesmo-contracorrente.html#webpage\",\"url\":\"https:\/\/franciscanos.org.br\/noticias\/papa-em-bari-optemos-pelo-amor-mesmo-contracorrente.html\",\"name\":\"Papa em Bari: \u201cOptemos pelo amor, mesmo contracorrente\u201c - Not\u00edcias - Franciscanos\",\"isPartOf\":{\"@id\":\"https:\/\/franciscanos.org.br\/noticias\/#website\"},\"primaryImageOfPage\":{\"@id\":\"https:\/\/franciscanos.org.br\/noticias\/papa-em-bari-optemos-pelo-amor-mesmo-contracorrente.html#primaryimage\"},\"datePublished\":\"2020-02-23T14:09:22+00:00\",\"dateModified\":\"2021-08-29T19:24:53+00:00\",\"author\":{\"@id\":\"https:\/\/franciscanos.org.br\/noticias\/#\/schema\/person\/b5c8cba458c330ccff548b056e95a5d4\"},\"breadcrumb\":{\"@id\":\"https:\/\/franciscanos.org.br\/noticias\/papa-em-bari-optemos-pelo-amor-mesmo-contracorrente.html#breadcrumb\"},\"inLanguage\":\"pt-BR\",\"potentialAction\":[{\"@type\":\"ReadAction\",\"target\":[\"https:\/\/franciscanos.org.br\/noticias\/papa-em-bari-optemos-pelo-amor-mesmo-contracorrente.html\"]}]},{\"@type\":\"BreadcrumbList\",\"@id\":\"https:\/\/franciscanos.org.br\/noticias\/papa-em-bari-optemos-pelo-amor-mesmo-contracorrente.html#breadcrumb\",\"itemListElement\":[{\"@type\":\"ListItem\",\"position\":1,\"name\":\"Home\",\"item\":\"https:\/\/franciscanos.org.br\/noticias\"},{\"@type\":\"ListItem\",\"position\":2,\"name\":\"Papa em Bari: \u201cOptemos pelo amor, mesmo contracorrente\u201c\"}]},{\"@type\":\"Person\",\"@id\":\"https:\/\/franciscanos.org.br\/noticias\/#\/schema\/person\/b5c8cba458c330ccff548b056e95a5d4\",\"name\":\"moacir\",\"image\":{\"@type\":\"ImageObject\",\"inLanguage\":\"pt-BR\",\"@id\":\"https:\/\/franciscanos.org.br\/noticias\/#\/schema\/person\/image\/\",\"url\":\"https:\/\/secure.gravatar.com\/avatar\/d08aa2ce4c8dd416d4479aa8536fcf64?s=96&d=mm&r=g\",\"contentUrl\":\"https:\/\/secure.gravatar.com\/avatar\/d08aa2ce4c8dd416d4479aa8536fcf64?s=96&d=mm&r=g\",\"caption\":\"moacir\"},\"url\":\"https:\/\/franciscanos.org.br\/noticias\/author\/moacir\"}]}<\/script>\n<!-- \/ Yoast SEO plugin. -->","yoast_head_json":{"title":"Papa em Bari: \u201cOptemos pelo amor, mesmo contracorrente\u201c - Not\u00edcias - Franciscanos","robots":{"index":"index","follow":"follow","max-snippet":"max-snippet:-1","max-image-preview":"max-image-preview:large","max-video-preview":"max-video-preview:-1"},"canonical":"https:\/\/franciscanos.org.br\/noticias\/papa-em-bari-optemos-pelo-amor-mesmo-contracorrente.html","og_locale":"pt_BR","og_type":"article","og_title":"Papa em Bari: \u201cOptemos pelo amor, mesmo contracorrente\u201c - Not\u00edcias - Franciscanos","og_description":"Papa Francisco na Missa de Encerramento do Encontro \u201cMediterr\u00e2neo, fronteira de paz\u201d","og_url":"https:\/\/franciscanos.org.br\/noticias\/papa-em-bari-optemos-pelo-amor-mesmo-contracorrente.html","og_site_name":"Not\u00edcias - Franciscanos","article_published_time":"2020-02-23T14:09:22+00:00","article_modified_time":"2021-08-29T19:24:53+00:00","og_image":[{"width":273,"height":181,"url":"https:\/\/franciscanos.org.br\/noticias\/wp-content\/uploads\/2020\/02\/papa_230220_2.jpg","type":"image\/jpeg"}],"author":"moacir","twitter_card":"summary_large_image","twitter_misc":{"Escrito por":"moacir","Est. tempo de leitura":"7 minutos"},"schema":{"@context":"https:\/\/schema.org","@graph":[{"@type":"WebSite","@id":"https:\/\/franciscanos.org.br\/noticias\/#website","url":"https:\/\/franciscanos.org.br\/noticias\/","name":"Not\u00edcias - Franciscanos","description":"Prov\u00edncia Franciscana da Imaculada Concei\u00e7\u00e3o do Brasil - Ordem dos Frades Menores - OFM","potentialAction":[{"@type":"SearchAction","target":{"@type":"EntryPoint","urlTemplate":"https:\/\/franciscanos.org.br\/noticias\/?s={search_term_string}"},"query-input":"required name=search_term_string"}],"inLanguage":"pt-BR"},{"@type":"ImageObject","inLanguage":"pt-BR","@id":"https:\/\/franciscanos.org.br\/noticias\/papa-em-bari-optemos-pelo-amor-mesmo-contracorrente.html#primaryimage","url":"https:\/\/franciscanos.org.br\/noticias\/wp-content\/uploads\/2020\/02\/papa_230220_2.jpg","contentUrl":"https:\/\/franciscanos.org.br\/noticias\/wp-content\/uploads\/2020\/02\/papa_230220_2.jpg","width":273,"height":181},{"@type":"WebPage","@id":"https:\/\/franciscanos.org.br\/noticias\/papa-em-bari-optemos-pelo-amor-mesmo-contracorrente.html#webpage","url":"https:\/\/franciscanos.org.br\/noticias\/papa-em-bari-optemos-pelo-amor-mesmo-contracorrente.html","name":"Papa em Bari: \u201cOptemos pelo amor, mesmo contracorrente\u201c - Not\u00edcias - Franciscanos","isPartOf":{"@id":"https:\/\/franciscanos.org.br\/noticias\/#website"},"primaryImageOfPage":{"@id":"https:\/\/franciscanos.org.br\/noticias\/papa-em-bari-optemos-pelo-amor-mesmo-contracorrente.html#primaryimage"},"datePublished":"2020-02-23T14:09:22+00:00","dateModified":"2021-08-29T19:24:53+00:00","author":{"@id":"https:\/\/franciscanos.org.br\/noticias\/#\/schema\/person\/b5c8cba458c330ccff548b056e95a5d4"},"breadcrumb":{"@id":"https:\/\/franciscanos.org.br\/noticias\/papa-em-bari-optemos-pelo-amor-mesmo-contracorrente.html#breadcrumb"},"inLanguage":"pt-BR","potentialAction":[{"@type":"ReadAction","target":["https:\/\/franciscanos.org.br\/noticias\/papa-em-bari-optemos-pelo-amor-mesmo-contracorrente.html"]}]},{"@type":"BreadcrumbList","@id":"https:\/\/franciscanos.org.br\/noticias\/papa-em-bari-optemos-pelo-amor-mesmo-contracorrente.html#breadcrumb","itemListElement":[{"@type":"ListItem","position":1,"name":"Home","item":"https:\/\/franciscanos.org.br\/noticias"},{"@type":"ListItem","position":2,"name":"Papa em Bari: \u201cOptemos pelo amor, mesmo contracorrente\u201c"}]},{"@type":"Person","@id":"https:\/\/franciscanos.org.br\/noticias\/#\/schema\/person\/b5c8cba458c330ccff548b056e95a5d4","name":"moacir","image":{"@type":"ImageObject","inLanguage":"pt-BR","@id":"https:\/\/franciscanos.org.br\/noticias\/#\/schema\/person\/image\/","url":"https:\/\/secure.gravatar.com\/avatar\/d08aa2ce4c8dd416d4479aa8536fcf64?s=96&d=mm&r=g","contentUrl":"https:\/\/secure.gravatar.com\/avatar\/d08aa2ce4c8dd416d4479aa8536fcf64?s=96&d=mm&r=g","caption":"moacir"},"url":"https:\/\/franciscanos.org.br\/noticias\/author\/moacir"}]}},"_links":{"self":[{"href":"https:\/\/franciscanos.org.br\/noticias\/wp-json\/wp\/v2\/posts\/221415"}],"collection":[{"href":"https:\/\/franciscanos.org.br\/noticias\/wp-json\/wp\/v2\/posts"}],"about":[{"href":"https:\/\/franciscanos.org.br\/noticias\/wp-json\/wp\/v2\/types\/post"}],"author":[{"embeddable":true,"href":"https:\/\/franciscanos.org.br\/noticias\/wp-json\/wp\/v2\/users\/3"}],"replies":[{"embeddable":true,"href":"https:\/\/franciscanos.org.br\/noticias\/wp-json\/wp\/v2\/comments?post=221415"}],"version-history":[{"count":2,"href":"https:\/\/franciscanos.org.br\/noticias\/wp-json\/wp\/v2\/posts\/221415\/revisions"}],"predecessor-version":[{"id":234040,"href":"https:\/\/franciscanos.org.br\/noticias\/wp-json\/wp\/v2\/posts\/221415\/revisions\/234040"}],"wp:featuredmedia":[{"embeddable":true,"href":"https:\/\/franciscanos.org.br\/noticias\/wp-json\/wp\/v2\/media\/221418"}],"wp:attachment":[{"href":"https:\/\/franciscanos.org.br\/noticias\/wp-json\/wp\/v2\/media?parent=221415"}],"wp:term":[{"taxonomy":"category","embeddable":true,"href":"https:\/\/franciscanos.org.br\/noticias\/wp-json\/wp\/v2\/categories?post=221415"},{"taxonomy":"post_tag","embeddable":true,"href":"https:\/\/franciscanos.org.br\/noticias\/wp-json\/wp\/v2\/tags?post=221415"}],"curies":[{"name":"wp","href":"https:\/\/api.w.org\/{rel}","templated":true}]}}