{"id":221406,"date":"2020-02-21T14:47:48","date_gmt":"2020-02-21T17:47:48","guid":{"rendered":"https:\/\/franciscanos.org.br\/noticias\/?p=221406"},"modified":"2020-02-21T14:51:40","modified_gmt":"2020-02-21T17:51:40","slug":"pastoral-participa-da-aula-inaugural-nos-campi-de-sao-jose-dos-pinhais-e-araucaria","status":"publish","type":"post","link":"https:\/\/franciscanos.org.br\/noticias\/pastoral-participa-da-aula-inaugural-nos-campi-de-sao-jose-dos-pinhais-e-araucaria.html","title":{"rendered":"FAE: Pastoral participa da Aula Inaugural nos campi de S\u00e3o Jos\u00e9 dos Pinhais e Arauc\u00e1ria"},"content":{"rendered":"<p><img loading=\"lazy\" class=\"alignnone size-full wp-image-221407\" src=\"https:\/\/franciscanos.org.br\/noticias\/wp-content\/uploads\/2020\/02\/fae_21.jpg\" alt=\"\" width=\"1280\" height=\"643\" srcset=\"https:\/\/franciscanos.org.br\/noticias\/wp-content\/uploads\/2020\/02\/fae_21.jpg 1280w, https:\/\/franciscanos.org.br\/noticias\/wp-content\/uploads\/2020\/02\/fae_21-450x226.jpg 450w, https:\/\/franciscanos.org.br\/noticias\/wp-content\/uploads\/2020\/02\/fae_21-1024x514.jpg 1024w, https:\/\/franciscanos.org.br\/noticias\/wp-content\/uploads\/2020\/02\/fae_21-768x386.jpg 768w, https:\/\/franciscanos.org.br\/noticias\/wp-content\/uploads\/2020\/02\/fae_21-150x75.jpg 150w\" sizes=\"(max-width: 1280px) 100vw, 1280px\" \/><\/p>\n<p>A Pastoral Universit\u00e1ria da FAE\u00a0 participou da aula inaugural realizada nos dia 19 e 20 de fevereiro\u00a0 nos campi de S\u00e3o Jos\u00e9 dos Pinhais e Arauc\u00e1ria (PR). O objetivo foi divulgar o trabalho que a Pastoral realiza nesses campi, bem como divulgar o Trote Solid\u00e1rio. O professor Gilmar Jos\u00e9 da Concei\u00e7\u00e3o acolheu a todos em nome da Pastoral e explicou nossos eixos de trabalho: espiritual, social e o formativo. Em rela\u00e7\u00e3o ao trote, foi explicado o porqu\u00ea ser solid\u00e1rio e n\u00e3o o convencional e qual o objetivo que a FAE busca alcan\u00e7ar, que \u00e9 a forma\u00e7\u00e3o integral do ser humano.<\/p>\n<p>Os calouros tamb\u00e9m foram convidados a participarem do Grupo de Volunt\u00e1rios Francisco de Assis e de todas as suas a\u00e7\u00f5es. No final do evento muitos calouros vieram tirar d\u00favidas e alguns deles j\u00e1 entraram no grupo. O legal de tudo \u00e9 sentir a alegria de muitos estudantes de estarem &#8220;estudando em uma institui\u00e7\u00e3o que ensina muitos valores humanos e se preocupa com a comunidade \u00e0 sua volta&#8221;, disse Elaine, caloura do Curso de Direito.<\/p>\n<p>A hist\u00f3ria dos franciscanos do\u00a0<a href=\"http:\/\/www.grupoeducacionalbomjesus.com.br\/\" target=\"_blank\" rel=\"noopener noreferrer\">Grupo Educacional Bom Jesus<\/a>\u00a0no ensino superior possui mais de 60 anos. Essa miss\u00e3o teve in\u00edcio em Curitiba (PR) com a\u00a0<strong>FAE Centro Universit\u00e1rio<\/strong>\u00a0e atualmente tamb\u00e9m est\u00e1 presente nas cidades de\u00a0<strong>S\u00e3o Jos\u00e9 dos Pinhais<\/strong>\u00a0e\u00a0<strong>Arauc\u00e1ria<\/strong>, no Paran\u00e1, e\u00a0<strong>Blumenau<\/strong>, em Santa Catarina. S\u00e3o d\u00e9cadas que traduzem experi\u00eancia, confian\u00e7a e credibilidade, sempre com um olhar para o futuro.<\/p>\n<p><em>Thaynara Luania Olba, da Pastoral Universit\u00e1ria<\/em><\/p>\n","protected":false},"excerpt":{"rendered":"<p>Centro Universit\u00e1rio FAE<\/p>\n","protected":false},"author":3,"featured_media":221408,"comment_status":"open","ping_status":"open","sticky":false,"template":"","format":"standard","meta":[],"categories":[1],"tags":[548],"acf":[],"yoast_head":"<!-- This site is optimized with the Yoast SEO plugin v19.2 - https:\/\/yoast.com\/wordpress\/plugins\/seo\/ -->\n<title>FAE: Pastoral participa da Aula Inaugural nos campi de S\u00e3o Jos\u00e9 dos Pinhais e Arauc\u00e1ria - Not\u00edcias - Franciscanos<\/title>\n<meta name=\"robots\" content=\"index, follow, max-snippet:-1, max-image-preview:large, max-video-preview:-1\" \/>\n<link rel=\"canonical\" href=\"https:\/\/franciscanos.org.br\/noticias\/pastoral-participa-da-aula-inaugural-nos-campi-de-sao-jose-dos-pinhais-e-araucaria.html\" \/>\n<meta property=\"og:locale\" content=\"pt_BR\" \/>\n<meta property=\"og:type\" content=\"article\" \/>\n<meta property=\"og:title\" content=\"FAE: Pastoral participa da Aula Inaugural nos campi de S\u00e3o Jos\u00e9 dos Pinhais e Arauc\u00e1ria - Not\u00edcias - Franciscanos\" \/>\n<meta property=\"og:description\" content=\"Centro Universit\u00e1rio FAE\" \/>\n<meta property=\"og:url\" content=\"https:\/\/franciscanos.org.br\/noticias\/pastoral-participa-da-aula-inaugural-nos-campi-de-sao-jose-dos-pinhais-e-araucaria.html\" \/>\n<meta property=\"og:site_name\" content=\"Not\u00edcias - Franciscanos\" \/>\n<meta property=\"article:published_time\" content=\"2020-02-21T17:47:48+00:00\" \/>\n<meta property=\"article:modified_time\" content=\"2020-02-21T17:51:40+00:00\" \/>\n<meta property=\"og:image\" content=\"https:\/\/franciscanos.org.br\/noticias\/wp-content\/uploads\/2020\/02\/fae_21d.jpg\" \/>\n\t<meta property=\"og:image:width\" content=\"273\" \/>\n\t<meta property=\"og:image:height\" content=\"181\" \/>\n\t<meta property=\"og:image:type\" content=\"image\/jpeg\" \/>\n<meta name=\"author\" content=\"moacir\" \/>\n<meta name=\"twitter:card\" content=\"summary_large_image\" \/>\n<meta name=\"twitter:label1\" content=\"Escrito por\" \/>\n\t<meta name=\"twitter:data1\" content=\"moacir\" \/>\n\t<meta name=\"twitter:label2\" content=\"Est. tempo de leitura\" \/>\n\t<meta name=\"twitter:data2\" content=\"1 minuto\" \/>\n<script type=\"application\/ld+json\" class=\"yoast-schema-graph\">{\"@context\":\"https:\/\/schema.org\",\"@graph\":[{\"@type\":\"WebSite\",\"@id\":\"https:\/\/franciscanos.org.br\/noticias\/#website\",\"url\":\"https:\/\/franciscanos.org.br\/noticias\/\",\"name\":\"Not\u00edcias - Franciscanos\",\"description\":\"Prov\u00edncia Franciscana da Imaculada Concei\u00e7\u00e3o do Brasil - Ordem dos Frades Menores - OFM\",\"potentialAction\":[{\"@type\":\"SearchAction\",\"target\":{\"@type\":\"EntryPoint\",\"urlTemplate\":\"https:\/\/franciscanos.org.br\/noticias\/?s={search_term_string}\"},\"query-input\":\"required name=search_term_string\"}],\"inLanguage\":\"pt-BR\"},{\"@type\":\"ImageObject\",\"inLanguage\":\"pt-BR\",\"@id\":\"https:\/\/franciscanos.org.br\/noticias\/pastoral-participa-da-aula-inaugural-nos-campi-de-sao-jose-dos-pinhais-e-araucaria.html#primaryimage\",\"url\":\"https:\/\/franciscanos.org.br\/noticias\/wp-content\/uploads\/2020\/02\/fae_21d.jpg\",\"contentUrl\":\"https:\/\/franciscanos.org.br\/noticias\/wp-content\/uploads\/2020\/02\/fae_21d.jpg\",\"width\":273,\"height\":181},{\"@type\":\"WebPage\",\"@id\":\"https:\/\/franciscanos.org.br\/noticias\/pastoral-participa-da-aula-inaugural-nos-campi-de-sao-jose-dos-pinhais-e-araucaria.html#webpage\",\"url\":\"https:\/\/franciscanos.org.br\/noticias\/pastoral-participa-da-aula-inaugural-nos-campi-de-sao-jose-dos-pinhais-e-araucaria.html\",\"name\":\"FAE: Pastoral participa da Aula Inaugural nos campi de S\u00e3o Jos\u00e9 dos Pinhais e Arauc\u00e1ria - Not\u00edcias - Franciscanos\",\"isPartOf\":{\"@id\":\"https:\/\/franciscanos.org.br\/noticias\/#website\"},\"primaryImageOfPage\":{\"@id\":\"https:\/\/franciscanos.org.br\/noticias\/pastoral-participa-da-aula-inaugural-nos-campi-de-sao-jose-dos-pinhais-e-araucaria.html#primaryimage\"},\"datePublished\":\"2020-02-21T17:47:48+00:00\",\"dateModified\":\"2020-02-21T17:51:40+00:00\",\"author\":{\"@id\":\"https:\/\/franciscanos.org.br\/noticias\/#\/schema\/person\/b5c8cba458c330ccff548b056e95a5d4\"},\"breadcrumb\":{\"@id\":\"https:\/\/franciscanos.org.br\/noticias\/pastoral-participa-da-aula-inaugural-nos-campi-de-sao-jose-dos-pinhais-e-araucaria.html#breadcrumb\"},\"inLanguage\":\"pt-BR\",\"potentialAction\":[{\"@type\":\"ReadAction\",\"target\":[\"https:\/\/franciscanos.org.br\/noticias\/pastoral-participa-da-aula-inaugural-nos-campi-de-sao-jose-dos-pinhais-e-araucaria.html\"]}]},{\"@type\":\"BreadcrumbList\",\"@id\":\"https:\/\/franciscanos.org.br\/noticias\/pastoral-participa-da-aula-inaugural-nos-campi-de-sao-jose-dos-pinhais-e-araucaria.html#breadcrumb\",\"itemListElement\":[{\"@type\":\"ListItem\",\"position\":1,\"name\":\"Home\",\"item\":\"https:\/\/franciscanos.org.br\/noticias\"},{\"@type\":\"ListItem\",\"position\":2,\"name\":\"FAE: Pastoral participa da Aula Inaugural nos campi de S\u00e3o Jos\u00e9 dos Pinhais e Arauc\u00e1ria\"}]},{\"@type\":\"Person\",\"@id\":\"https:\/\/franciscanos.org.br\/noticias\/#\/schema\/person\/b5c8cba458c330ccff548b056e95a5d4\",\"name\":\"moacir\",\"image\":{\"@type\":\"ImageObject\",\"inLanguage\":\"pt-BR\",\"@id\":\"https:\/\/franciscanos.org.br\/noticias\/#\/schema\/person\/image\/\",\"url\":\"https:\/\/secure.gravatar.com\/avatar\/d08aa2ce4c8dd416d4479aa8536fcf64?s=96&d=mm&r=g\",\"contentUrl\":\"https:\/\/secure.gravatar.com\/avatar\/d08aa2ce4c8dd416d4479aa8536fcf64?s=96&d=mm&r=g\",\"caption\":\"moacir\"},\"url\":\"https:\/\/franciscanos.org.br\/noticias\/author\/moacir\"}]}<\/script>\n<!-- \/ Yoast SEO plugin. -->","yoast_head_json":{"title":"FAE: Pastoral participa da Aula Inaugural nos campi de S\u00e3o Jos\u00e9 dos Pinhais e Arauc\u00e1ria - Not\u00edcias - Franciscanos","robots":{"index":"index","follow":"follow","max-snippet":"max-snippet:-1","max-image-preview":"max-image-preview:large","max-video-preview":"max-video-preview:-1"},"canonical":"https:\/\/franciscanos.org.br\/noticias\/pastoral-participa-da-aula-inaugural-nos-campi-de-sao-jose-dos-pinhais-e-araucaria.html","og_locale":"pt_BR","og_type":"article","og_title":"FAE: Pastoral participa da Aula Inaugural nos campi de S\u00e3o Jos\u00e9 dos Pinhais e Arauc\u00e1ria - Not\u00edcias - Franciscanos","og_description":"Centro Universit\u00e1rio FAE","og_url":"https:\/\/franciscanos.org.br\/noticias\/pastoral-participa-da-aula-inaugural-nos-campi-de-sao-jose-dos-pinhais-e-araucaria.html","og_site_name":"Not\u00edcias - Franciscanos","article_published_time":"2020-02-21T17:47:48+00:00","article_modified_time":"2020-02-21T17:51:40+00:00","og_image":[{"width":273,"height":181,"url":"https:\/\/franciscanos.org.br\/noticias\/wp-content\/uploads\/2020\/02\/fae_21d.jpg","type":"image\/jpeg"}],"author":"moacir","twitter_card":"summary_large_image","twitter_misc":{"Escrito por":"moacir","Est. tempo de leitura":"1 minuto"},"schema":{"@context":"https:\/\/schema.org","@graph":[{"@type":"WebSite","@id":"https:\/\/franciscanos.org.br\/noticias\/#website","url":"https:\/\/franciscanos.org.br\/noticias\/","name":"Not\u00edcias - Franciscanos","description":"Prov\u00edncia Franciscana da Imaculada Concei\u00e7\u00e3o do Brasil - Ordem dos Frades Menores - OFM","potentialAction":[{"@type":"SearchAction","target":{"@type":"EntryPoint","urlTemplate":"https:\/\/franciscanos.org.br\/noticias\/?s={search_term_string}"},"query-input":"required name=search_term_string"}],"inLanguage":"pt-BR"},{"@type":"ImageObject","inLanguage":"pt-BR","@id":"https:\/\/franciscanos.org.br\/noticias\/pastoral-participa-da-aula-inaugural-nos-campi-de-sao-jose-dos-pinhais-e-araucaria.html#primaryimage","url":"https:\/\/franciscanos.org.br\/noticias\/wp-content\/uploads\/2020\/02\/fae_21d.jpg","contentUrl":"https:\/\/franciscanos.org.br\/noticias\/wp-content\/uploads\/2020\/02\/fae_21d.jpg","width":273,"height":181},{"@type":"WebPage","@id":"https:\/\/franciscanos.org.br\/noticias\/pastoral-participa-da-aula-inaugural-nos-campi-de-sao-jose-dos-pinhais-e-araucaria.html#webpage","url":"https:\/\/franciscanos.org.br\/noticias\/pastoral-participa-da-aula-inaugural-nos-campi-de-sao-jose-dos-pinhais-e-araucaria.html","name":"FAE: Pastoral participa da Aula Inaugural nos campi de S\u00e3o Jos\u00e9 dos Pinhais e Arauc\u00e1ria - Not\u00edcias - Franciscanos","isPartOf":{"@id":"https:\/\/franciscanos.org.br\/noticias\/#website"},"primaryImageOfPage":{"@id":"https:\/\/franciscanos.org.br\/noticias\/pastoral-participa-da-aula-inaugural-nos-campi-de-sao-jose-dos-pinhais-e-araucaria.html#primaryimage"},"datePublished":"2020-02-21T17:47:48+00:00","dateModified":"2020-02-21T17:51:40+00:00","author":{"@id":"https:\/\/franciscanos.org.br\/noticias\/#\/schema\/person\/b5c8cba458c330ccff548b056e95a5d4"},"breadcrumb":{"@id":"https:\/\/franciscanos.org.br\/noticias\/pastoral-participa-da-aula-inaugural-nos-campi-de-sao-jose-dos-pinhais-e-araucaria.html#breadcrumb"},"inLanguage":"pt-BR","potentialAction":[{"@type":"ReadAction","target":["https:\/\/franciscanos.org.br\/noticias\/pastoral-participa-da-aula-inaugural-nos-campi-de-sao-jose-dos-pinhais-e-araucaria.html"]}]},{"@type":"BreadcrumbList","@id":"https:\/\/franciscanos.org.br\/noticias\/pastoral-participa-da-aula-inaugural-nos-campi-de-sao-jose-dos-pinhais-e-araucaria.html#breadcrumb","itemListElement":[{"@type":"ListItem","position":1,"name":"Home","item":"https:\/\/franciscanos.org.br\/noticias"},{"@type":"ListItem","position":2,"name":"FAE: Pastoral participa da Aula Inaugural nos campi de S\u00e3o Jos\u00e9 dos Pinhais e Arauc\u00e1ria"}]},{"@type":"Person","@id":"https:\/\/franciscanos.org.br\/noticias\/#\/schema\/person\/b5c8cba458c330ccff548b056e95a5d4","name":"moacir","image":{"@type":"ImageObject","inLanguage":"pt-BR","@id":"https:\/\/franciscanos.org.br\/noticias\/#\/schema\/person\/image\/","url":"https:\/\/secure.gravatar.com\/avatar\/d08aa2ce4c8dd416d4479aa8536fcf64?s=96&d=mm&r=g","contentUrl":"https:\/\/secure.gravatar.com\/avatar\/d08aa2ce4c8dd416d4479aa8536fcf64?s=96&d=mm&r=g","caption":"moacir"},"url":"https:\/\/franciscanos.org.br\/noticias\/author\/moacir"}]}},"_links":{"self":[{"href":"https:\/\/franciscanos.org.br\/noticias\/wp-json\/wp\/v2\/posts\/221406"}],"collection":[{"href":"https:\/\/franciscanos.org.br\/noticias\/wp-json\/wp\/v2\/posts"}],"about":[{"href":"https:\/\/franciscanos.org.br\/noticias\/wp-json\/wp\/v2\/types\/post"}],"author":[{"embeddable":true,"href":"https:\/\/franciscanos.org.br\/noticias\/wp-json\/wp\/v2\/users\/3"}],"replies":[{"embeddable":true,"href":"https:\/\/franciscanos.org.br\/noticias\/wp-json\/wp\/v2\/comments?post=221406"}],"version-history":[{"count":0,"href":"https:\/\/franciscanos.org.br\/noticias\/wp-json\/wp\/v2\/posts\/221406\/revisions"}],"wp:featuredmedia":[{"embeddable":true,"href":"https:\/\/franciscanos.org.br\/noticias\/wp-json\/wp\/v2\/media\/221408"}],"wp:attachment":[{"href":"https:\/\/franciscanos.org.br\/noticias\/wp-json\/wp\/v2\/media?parent=221406"}],"wp:term":[{"taxonomy":"category","embeddable":true,"href":"https:\/\/franciscanos.org.br\/noticias\/wp-json\/wp\/v2\/categories?post=221406"},{"taxonomy":"post_tag","embeddable":true,"href":"https:\/\/franciscanos.org.br\/noticias\/wp-json\/wp\/v2\/tags?post=221406"}],"curies":[{"name":"wp","href":"https:\/\/api.w.org\/{rel}","templated":true}]}}