{"id":221342,"date":"2020-02-20T19:08:05","date_gmt":"2020-02-20T22:08:05","guid":{"rendered":"https:\/\/franciscanos.org.br\/noticias\/?p=221342"},"modified":"2020-02-20T21:18:16","modified_gmt":"2020-02-21T00:18:16","slug":"homenagem-ao-frei-jose-ariovaldo-marca-aula-inaugural-no-itf","status":"publish","type":"post","link":"https:\/\/franciscanos.org.br\/noticias\/homenagem-ao-frei-jose-ariovaldo-marca-aula-inaugural-no-itf.html","title":{"rendered":"Homenagem ao Frei Jos\u00e9 Ariovaldo marca aula inaugural no ITF"},"content":{"rendered":"<p><img loading=\"lazy\" class=\"alignnone wp-image-221348 size-full\" src=\"https:\/\/franciscanos.org.br\/noticias\/wp-content\/uploads\/2020\/02\/itf_200220_5.jpg\" alt=\"\" width=\"1200\" height=\"700\" srcset=\"https:\/\/franciscanos.org.br\/noticias\/wp-content\/uploads\/2020\/02\/itf_200220_5.jpg 1200w, https:\/\/franciscanos.org.br\/noticias\/wp-content\/uploads\/2020\/02\/itf_200220_5-450x263.jpg 450w, https:\/\/franciscanos.org.br\/noticias\/wp-content\/uploads\/2020\/02\/itf_200220_5-1024x597.jpg 1024w, https:\/\/franciscanos.org.br\/noticias\/wp-content\/uploads\/2020\/02\/itf_200220_5-768x448.jpg 768w, https:\/\/franciscanos.org.br\/noticias\/wp-content\/uploads\/2020\/02\/itf_200220_5-150x88.jpg 150w\" sizes=\"(max-width: 1200px) 100vw, 1200px\" \/><\/p>\n<p><b>Frei Augusto Luiz Gabriel<\/b><\/p>\n<p><b>Petr\u00f3polis (RJ) <\/b><span style=\"font-weight: 400;\">&#8211; Uma manh\u00e3 repleta de atividades marcou oficialmente o in\u00edcio das atividades acad\u00eamicas no Instituto Teol\u00f3gico Franciscano de Petr\u00f3polis (RJ), nesta quinta-feira (20\/02). Come\u00e7ou com a Santa Missa na capela da Fraternidade S\u00e3o Francisco de Assis e terminou com um \u201cTalk show\u201d em homenagem ao professor em\u00e9rito, Frei Jos\u00e9 Ariovaldo da Silva, fechando com chave de ouro o evento.<\/span><\/p>\n<p><span style=\"font-weight: 400;\">A Celebra\u00e7\u00e3o Eucar\u00edstica, presidida pelo diretor do ITF, Frei Ivo M\u00fcller, foi concelebrada pelos frades e professores Frei F\u00e1bio C\u00e9sar Gomes e Frei Ant\u00f4nio Everaldo. Contou tamb\u00e9m com a participa\u00e7\u00e3o de docentes, discentes e colaboradores. Os seminaristas da Diocese de Volta Redonda e Nova Igua\u00e7u (RJ), que atualmente estudam no Instituto, serviram o altar como ac\u00f3litos e animaram os cantos da liturgia juntamente com os frades que residem na Fraternidade do Sagrado.<\/span><\/p>\n<p><span style=\"font-weight: 400;\">Na homilia, Frei Ivo afirmou que todos s\u00e3o chamados \u00e0 miss\u00e3o de desvelar o mestre. \u201cSomos provocados pelos nossos mestres a buscarmos com profundidade os fundamentos que todo o patrim\u00f4nio da Teologia possui, para sermos jardineiros, disc\u00edpulos e mission\u00e1rios da Boa Nova, tendo sempre Cristo junto de n\u00f3s\u201d, disse.<\/span><\/p>\n<p><img loading=\"lazy\" class=\"alignnone wp-image-221346 size-full\" src=\"https:\/\/franciscanos.org.br\/noticias\/wp-content\/uploads\/2020\/02\/itf_200220_3.jpg\" alt=\"\" width=\"1200\" height=\"700\" srcset=\"https:\/\/franciscanos.org.br\/noticias\/wp-content\/uploads\/2020\/02\/itf_200220_3.jpg 1200w, https:\/\/franciscanos.org.br\/noticias\/wp-content\/uploads\/2020\/02\/itf_200220_3-450x263.jpg 450w, https:\/\/franciscanos.org.br\/noticias\/wp-content\/uploads\/2020\/02\/itf_200220_3-1024x597.jpg 1024w, https:\/\/franciscanos.org.br\/noticias\/wp-content\/uploads\/2020\/02\/itf_200220_3-768x448.jpg 768w, https:\/\/franciscanos.org.br\/noticias\/wp-content\/uploads\/2020\/02\/itf_200220_3-150x88.jpg 150w\" sizes=\"(max-width: 1200px) 100vw, 1200px\" \/><\/p>\n<p><span style=\"font-weight: 400;\">No Sal\u00e3o Acad\u00eamico, Frei Marcos Andrade acolheu a todos e explicou que a tem\u00e1tica de estudos seria em torno do tema da liturgia, tendo em vista a homenagem ao professor e liturgista Frei Jos\u00e9 Ariovaldo, que deixa as salas de aula neste ano. \u201cPodemos falar do Frei Ariovaldo enquanto frade franciscano, presb\u00edtero, poeta, contador de hist\u00f3rias, dedicado cronista, mas na se\u00e7\u00e3o acad\u00eamica de hoje queremos homenage\u00e1-lo como professor de liturgia\u201d, apresentou Frei Marcos.<\/span><\/p>\n<p><span style=\"font-weight: 400;\">Frei Jos\u00e9 buscou fazer do ensino da liturgia uma miss\u00e3o. Professor no ITF desde 1981, quando retornou de Roma; foi tamb\u00e9m professor no Instituto Teol\u00f3gico de Juiz de Fora, na P\u00f3s-gradua\u00e7\u00e3o da Faculdade de Teologia N. Sra. da Assun\u00e7\u00e3o, em SP, mais tarde membro do Centro de Liturgia \u201cDom Clemente Isnard\u201d, ligado ao Instituto Pio XI (UNISAL \u2013 S\u00e3o Paulo), deu aulas tamb\u00e9m na Pontif\u00edcia Universidade Antonianum de Roma.\u00a0<\/span><\/p>\n<p><span style=\"font-weight: 400;\">Foi membro fundador da Associa\u00e7\u00e3o dos Liturgistas do Brasil (ASLI), da qual foi o primeiro presidente. Buscou no ensino, a partir da sua forma\u00e7\u00e3o no Pontif\u00edcio Instituto Lit\u00fargico Santo Anselmo, um vigor acad\u00eamico fundamentado nas Sagradas Escrituras, na patr\u00edstica, na hist\u00f3rica buscando demonstrar a teologia, a espiritualidade e a miss\u00e3o pr\u00f3pria de cada sacramento nas fontes lit\u00fargicas, isto \u00e9, nos rituais. \u201cAs apostilas dos cursos poderiam se transformar em livros, pois tudo era bem pesquisado, citado, fundamentado, dentro do rigor pr\u00f3prio da ci\u00eancia. Orientou diversos trabalhos cient\u00edficos e participou de in\u00fameras bancas de defesa de teses da gradua\u00e7\u00e3o ao doutorado\u201d, revelou Frei Marcos.<\/span><\/p>\n<p><img loading=\"lazy\" class=\"alignnone wp-image-221347 size-full\" src=\"https:\/\/franciscanos.org.br\/noticias\/wp-content\/uploads\/2020\/02\/itf_200220_4.jpg\" alt=\"\" width=\"1200\" height=\"700\" srcset=\"https:\/\/franciscanos.org.br\/noticias\/wp-content\/uploads\/2020\/02\/itf_200220_4.jpg 1200w, https:\/\/franciscanos.org.br\/noticias\/wp-content\/uploads\/2020\/02\/itf_200220_4-450x263.jpg 450w, https:\/\/franciscanos.org.br\/noticias\/wp-content\/uploads\/2020\/02\/itf_200220_4-1024x597.jpg 1024w, https:\/\/franciscanos.org.br\/noticias\/wp-content\/uploads\/2020\/02\/itf_200220_4-768x448.jpg 768w, https:\/\/franciscanos.org.br\/noticias\/wp-content\/uploads\/2020\/02\/itf_200220_4-150x88.jpg 150w\" sizes=\"(max-width: 1200px) 100vw, 1200px\" \/><\/p>\n<p><span style=\"font-weight: 400;\">Enquanto conferencista, viajou o Brasil de Norte a Sul, do Leste ao Oeste, para levar o aprofundamento lit\u00fargico a fim de que houvesse uma renova\u00e7\u00e3o da pr\u00e1tica celebrativa das comunidades. Prestou in\u00fameras assessorias em dioceses, par\u00f3quias, congrega\u00e7\u00f5es e ordens religiosas. Contribuiu em diversos cursos, semin\u00e1rios, congressos, semanas de liturgia. Foi membro da Comiss\u00e3o Episcopal para a liturgia da CNBB, fazendo parte por muitos anos da equipe de reflex\u00e3o da linha 4 (dimens\u00e3o lit\u00fargica da CNBB) e membro da Comiss\u00e3o para Acabamento da Bas\u00edlica Nacional de Aparecida, \u201cs\u00f3 para citar algumas dessas participa\u00e7\u00f5es\u201d, lembrou o moderador da se\u00e7\u00e3o. \u201cEsteve inclusive por um per\u00edodo na nossa miss\u00e3o em Angola, contribuindo na forma\u00e7\u00e3o lit\u00fargica do povo, dos frades, das Clarissas\u201d.<\/span><\/p>\n<p><b>MINHA GRANDE SALA DE AULA \u00c9 O POVO DE DEUS<\/b><\/p>\n<p><span style=\"font-weight: 400;\">Num bate-papo com os participantes, Frei Jos\u00e9 disse que se sentia emocionado por estar ali. &#8220;De repente, olhamos para tr\u00e1s e vemos quantas coisas fizemos. Ultimamente, venho curtindo um sentimento profundo de gratid\u00e3o. Enfrentei muitas dificuldades, muitos problemas, mas tive muitas alegrias. Tudo foi superado e estou aqui!\u00c9 pura gra\u00e7a de Deus! Ele, de fato, cuidou de mim&#8221;, disse o liturgista. Segundo Frei Jos\u00e9,\u00a0 esse amor pela liturgia surgiu durante o tempo de estudante, quando na Baixada Fluminense, animava as celebra\u00e7\u00f5es. &#8220;Foi ali que praticamente nasceu este desejo. Fui cultivando e, com o passar dos anos, no final do meu tempo de Teologia, os professores fizeram uma reuni\u00e3o e, por meio de Frei Hermenegildo Pereira, me indicaram para estudar. Levei um susto no in\u00edcio, mas encarei e hoje me assusto comigo mesmo pela coragem que tive. Assim que come\u00e7aram as aulas, fui me encantando cada vez mais e mais. Por isso, a partir dessa experi\u00eancia vital, a liturgia que \u00e9 o memorial da presen\u00e7a de Deus no meio de n\u00f3s, passou a ser para mim uma verdadeira \u201ccacha\u00e7a\u201d: sempre quis buscar mais e mais&#8221;, contou.<\/span><\/p>\n<p><img loading=\"lazy\" class=\"alignnone wp-image-221343 size-full\" src=\"https:\/\/franciscanos.org.br\/noticias\/wp-content\/uploads\/2020\/02\/itf_200220.jpg\" alt=\"\" width=\"1200\" height=\"700\" srcset=\"https:\/\/franciscanos.org.br\/noticias\/wp-content\/uploads\/2020\/02\/itf_200220.jpg 1200w, https:\/\/franciscanos.org.br\/noticias\/wp-content\/uploads\/2020\/02\/itf_200220-450x263.jpg 450w, https:\/\/franciscanos.org.br\/noticias\/wp-content\/uploads\/2020\/02\/itf_200220-1024x597.jpg 1024w, https:\/\/franciscanos.org.br\/noticias\/wp-content\/uploads\/2020\/02\/itf_200220-768x448.jpg 768w, https:\/\/franciscanos.org.br\/noticias\/wp-content\/uploads\/2020\/02\/itf_200220-150x88.jpg 150w\" sizes=\"(max-width: 1200px) 100vw, 1200px\" \/><\/p>\n<p><span style=\"font-weight: 400;\">Autor do livro \u201cO Movimento Lit\u00fargico no Brasil \u2013 Estudo Hist\u00f3rico\u201d, publicado h\u00e1 37 anos, Frei Jos\u00e9 Ariovaldo recorda que uma das coisas que lhe chamaram aten\u00e7\u00e3o foi o estranhamento que a reforma da liturgia trouxe dentro da comunidade eclesial. &#8220;Houve muitos conflitos, pois era uma coisa nova. Em junho de 1933, foi celebrada a primeira missa do \u201cpadre virado\u201d para o povo numa fazenda do interior do estado do Rio. O movimento lit\u00fargico surgiu por conta de grandes descobertas que foram surgindo no s\u00e9culo XIV dentro de escritos da Patr\u00edstica. Iluminados por essas descobertas surgiu o movimento para renovar a liturgia, tendo em vista a experi\u00eancia de nossos primeiros irm\u00e3os. Tenho a impress\u00e3o que a pr\u00f3pria sociedade est\u00e1 se encarregando de desconstruir certos padr\u00f5es, e ao mesmo tempo ajuda a construir coisas novas&#8221;, avalia.<\/span><\/p>\n<p><span style=\"font-weight: 400;\">Para ele, entre os desafios para o estudo de liturgia hoje, est\u00e1 um ego coletivo tentando combater o novo, o diferente. &#8220;O grande desafio \u00e9 n\u00e3o deixar que os conservadores tomem cada vez mais espa\u00e7o. A gente sabe que existem. O pr\u00f3prio Papa Francisco est\u00e1 sofrendo com amea\u00e7as. Eles s\u00e3o muito poderosos, inclusive economicamente, e hoje em dia parecem que est\u00e3o em voga. Isso, confesso, me assusta. E a\u00ed, o que se fazer? Acho que de nossa parte, primeiro precisamos perceber que isso existe. Percebendo, vamos construindo dentro de n\u00f3s algo novo, isto \u00e9 um aprofundamento espiritual e teol\u00f3gico. \u00c9 preciso come\u00e7ar por n\u00f3s!&#8221;, ensina.<\/span><\/p>\n<p><span style=\"font-weight: 400;\">No final, Frei F\u00e1bio agradeceu pela influ\u00eancia positiva que o frade exerceu sobre a sua vida e minist\u00e9rio sacerdotal. Depois o moderador da se\u00e7\u00e3o, Frei Marcos, leu duas cartas em homenagem ao religioso. Encerrando as homenagens, Frei Ivo, entregou um presente ao liturgista e pediu que ele continue expressando todo seu conhecimento com sua presen\u00e7a e participa\u00e7\u00e3o junto de todos os estudantes pelos corredores e espa\u00e7os do Instituto Teol\u00f3gico Franciscano. Por sua vez, Frei Jos\u00e9 Ariovaldo agradeceu imensamente pelas homenagens e leu uma poesia de pr\u00f3pria autoria.\u00a0<\/span><\/p>\n<p><img loading=\"lazy\" class=\"alignnone wp-image-221344 size-full\" src=\"https:\/\/franciscanos.org.br\/noticias\/wp-content\/uploads\/2020\/02\/itf_200220_1.jpg\" alt=\"\" width=\"1200\" height=\"700\" srcset=\"https:\/\/franciscanos.org.br\/noticias\/wp-content\/uploads\/2020\/02\/itf_200220_1.jpg 1200w, https:\/\/franciscanos.org.br\/noticias\/wp-content\/uploads\/2020\/02\/itf_200220_1-450x263.jpg 450w, https:\/\/franciscanos.org.br\/noticias\/wp-content\/uploads\/2020\/02\/itf_200220_1-1024x597.jpg 1024w, https:\/\/franciscanos.org.br\/noticias\/wp-content\/uploads\/2020\/02\/itf_200220_1-768x448.jpg 768w, https:\/\/franciscanos.org.br\/noticias\/wp-content\/uploads\/2020\/02\/itf_200220_1-150x88.jpg 150w\" sizes=\"(max-width: 1200px) 100vw, 1200px\" \/><\/p>\n<p><b>AULA INAUGURAL &#8211; UMA REFLEX\u00c3O TEOL\u00d3GICA-PASTORAL<\/b><\/p>\n<p><span style=\"font-weight: 400;\">A palestra da aula inaugural foi conduzida pelo Padre Patrick Brand\u00e3o, da Diocese de Duque de Caxias e S\u00e3o Jo\u00e3o de Meriti (RJ), que \u00e9 reitor do semin\u00e1rio proped\u00eautico, assessor\u00a0 da escola diaconal, assessor das escolas de forma\u00e7\u00e3o para os leigos e leigas e membro da comiss\u00e3o de liturgia diocesana. Foi aluno do Instituto entre os anos de 2012 a 2015. Mestre em teologia lit\u00fargica pelo Instituto de Liturgia Pastoral Santa Justina, P\u00e1dua \u00e9 doutorando pelo\u00a0 mesmo Instituto.\u00a0<\/span><\/p>\n<p><span style=\"font-weight: 400;\">Pe. Patrick falou sobre \u201cA Ministerialidade Laical nas assembleias lit\u00fargicas da Igreja Latino-Americana: Uma reflex\u00e3o teol\u00f3gica-pastoral\u201d. Iniciou agradecendo o convite e dedicou a aula inaugural aos alunos e, de forma particular, aos professores de liturgia que teve durante o per\u00edodo da sua gradua\u00e7\u00e3o: Frei Marcos Andrade, Frei Jos\u00e9 Ariovaldo e de saudosa mem\u00f3ria Frei Alberto Beckh\u00e4user.<\/span><\/p>\n<p><img loading=\"lazy\" class=\"alignnone wp-image-221349 size-full\" src=\"https:\/\/franciscanos.org.br\/noticias\/wp-content\/uploads\/2020\/02\/itf_200220_6.jpg\" alt=\"\" width=\"1200\" height=\"700\" srcset=\"https:\/\/franciscanos.org.br\/noticias\/wp-content\/uploads\/2020\/02\/itf_200220_6.jpg 1200w, https:\/\/franciscanos.org.br\/noticias\/wp-content\/uploads\/2020\/02\/itf_200220_6-450x263.jpg 450w, https:\/\/franciscanos.org.br\/noticias\/wp-content\/uploads\/2020\/02\/itf_200220_6-1024x597.jpg 1024w, https:\/\/franciscanos.org.br\/noticias\/wp-content\/uploads\/2020\/02\/itf_200220_6-768x448.jpg 768w, https:\/\/franciscanos.org.br\/noticias\/wp-content\/uploads\/2020\/02\/itf_200220_6-150x88.jpg 150w\" sizes=\"(max-width: 1200px) 100vw, 1200px\" \/><\/p>\n<p><span style=\"font-weight: 400;\">O palestrante apresentou, de forma resumida, aspectos de sua tese de mestrado em tr\u00eas partes: Primeiro ofereceu um panorama geral da ministerialidade laical n\u00e3o ordenada na Am\u00e9rica Latina. Por segundo, discorreu sobre a pr\u00e1tica celebrativa. E, por fim, falou sobre a converg\u00eancia simb\u00f3lica dos minist\u00e9rios na assembleia que celebra. Segundo ele, para analisar os minist\u00e9rios laicais ou minist\u00e9rios n\u00e3o ordenados na a\u00e7\u00e3o celebrativa, parte-se da assembleia celebrante. Para ele, a correla\u00e7\u00e3o entre religiosidade popular e liturgia consiste no protagonismo de todos com uma ministerialidade diversificada, sobretudo em servi\u00e7os laicais. \u201c\u00c9 preciso um tempo determinado para as festas, prociss\u00f5es e dan\u00e7as; tamb\u00e9m da dire\u00e7\u00e3o de leigos nas comunidades\u201d, salientou.<\/span><\/p>\n<p><span style=\"font-weight: 400;\">\u201cUm seminarista que estuda Teologia, e que \u00e9 um excelente aluno, mas que n\u00e3o consegue ter a rela\u00e7\u00e3o do olhar para as pessoas, n\u00e3o conseguir\u00e1 celebrar o Mist\u00e9rio Pascal. N\u00e3o \u00e9 o conte\u00fado mais importante e sim a forma em que se celebra\u201d, revelou o sacerdote que voltou de Roma recentemente.<\/span><\/p>\n<p><img loading=\"lazy\" class=\"alignnone wp-image-221350 size-full\" src=\"https:\/\/franciscanos.org.br\/noticias\/wp-content\/uploads\/2020\/02\/itf_200220_7.jpg\" alt=\"\" width=\"1200\" height=\"700\" srcset=\"https:\/\/franciscanos.org.br\/noticias\/wp-content\/uploads\/2020\/02\/itf_200220_7.jpg 1200w, https:\/\/franciscanos.org.br\/noticias\/wp-content\/uploads\/2020\/02\/itf_200220_7-450x263.jpg 450w, https:\/\/franciscanos.org.br\/noticias\/wp-content\/uploads\/2020\/02\/itf_200220_7-1024x597.jpg 1024w, https:\/\/franciscanos.org.br\/noticias\/wp-content\/uploads\/2020\/02\/itf_200220_7-768x448.jpg 768w, https:\/\/franciscanos.org.br\/noticias\/wp-content\/uploads\/2020\/02\/itf_200220_7-150x88.jpg 150w\" sizes=\"(max-width: 1200px) 100vw, 1200px\" \/><\/p>\n<p><span style=\"font-weight: 400;\">Ofereceu ainda alguns crit\u00e9rios para a criatividade celebrativa: \u201cRespeitar as estruturas celebrativas que os livros rituais cont\u00e9m; celebrar bem todas as a\u00e7\u00f5es como primeira atividade criativa; ter aten\u00e7\u00e3o em rela\u00e7\u00e3o \u00e0s diversas linguagens; valorizar as diversas possibilidades e oportunidades ofertas nos livros lit\u00fargicos; reconhecer o valor da linguagem n\u00e3o verbal e uma equilibrada linguagem verbal; saber distinguir ao que pertence ao \u00e2mbito lit\u00fargico e aquilo que pertence \u00e0 linguagem catequ\u00e9tica\u201d.<\/span><\/p>\n<p><span style=\"font-weight: 400;\">Segundo ele, todas as linguagens devem ser respeitadas nas celebra\u00e7\u00f5es. \u201cA ministerialidade \u00e9 circular e a Igreja \u00e9 ministerial, sendo que sem um minist\u00e9rio falta uma parte. A forma lit\u00fargica d\u00e1 forma a Igreja. A liturgia se interessa pela sinodalidade, por isso todos, homens e mulheres, consagrados e consagrados, ordenados e leigos, est\u00e3o envolvidos na celebra\u00e7\u00e3o e na comunh\u00e3o eclesial\u201d, finalizou sendo aplaudido pelos participantes.<\/span><\/p>\n<p><span style=\"font-weight: 400;\">A manh\u00e3 encerrou-se com uma confraterniza\u00e7\u00e3o no refeit\u00f3rio do instituto.<\/span><\/p>\n<p style=\"text-align: center;\"><strong>VEJA MAIS IMAGENS DO EVENTO<\/strong><\/p>\n\n\t\t<style type=\"text\/css\">\n\t\t\t#gallery-1 {\n\t\t\t\tmargin: auto;\n\t\t\t}\n\t\t\t#gallery-1 .gallery-item {\n\t\t\t\tfloat: left;\n\t\t\t\tmargin-top: 10px;\n\t\t\t\ttext-align: center;\n\t\t\t\twidth: 20%;\n\t\t\t}\n\t\t\t#gallery-1 img {\n\t\t\t\tborder: 2px solid #cfcfcf;\n\t\t\t}\n\t\t\t#gallery-1 .gallery-caption {\n\t\t\t\tmargin-left: 0;\n\t\t\t}\n\t\t\t\/* see gallery_shortcode() in wp-includes\/media.php *\/\n\t\t<\/style>\n\t\t<div id='gallery-1' class='gallery galleryid-221342 gallery-columns-5 gallery-size-thumbnail'><dl class='gallery-item'>\n\t\t\t<dt class='gallery-icon landscape'>\n\t\t\t\t<a href='https:\/\/franciscanos.org.br\/noticias\/wp-content\/uploads\/2020\/02\/itf_200220-1.jpg'><img width=\"300\" height=\"300\" src=\"https:\/\/franciscanos.org.br\/noticias\/wp-content\/uploads\/2020\/02\/itf_200220-1-300x300.jpg\" class=\"attachment-thumbnail size-thumbnail\" alt=\"\" loading=\"lazy\" srcset=\"https:\/\/franciscanos.org.br\/noticias\/wp-content\/uploads\/2020\/02\/itf_200220-1-300x300.jpg 300w, https:\/\/franciscanos.org.br\/noticias\/wp-content\/uploads\/2020\/02\/itf_200220-1-100x100.jpg 100w, https:\/\/franciscanos.org.br\/noticias\/wp-content\/uploads\/2020\/02\/itf_200220-1-400x400.jpg 400w\" sizes=\"(max-width: 300px) 100vw, 300px\" \/><\/a>\n\t\t\t<\/dt><\/dl><dl class='gallery-item'>\n\t\t\t<dt class='gallery-icon landscape'>\n\t\t\t\t<a href='https:\/\/franciscanos.org.br\/noticias\/wp-content\/uploads\/2020\/02\/itf_200220-3.jpg'><img width=\"300\" height=\"300\" src=\"https:\/\/franciscanos.org.br\/noticias\/wp-content\/uploads\/2020\/02\/itf_200220-3-300x300.jpg\" class=\"attachment-thumbnail size-thumbnail\" alt=\"\" loading=\"lazy\" srcset=\"https:\/\/franciscanos.org.br\/noticias\/wp-content\/uploads\/2020\/02\/itf_200220-3-300x300.jpg 300w, https:\/\/franciscanos.org.br\/noticias\/wp-content\/uploads\/2020\/02\/itf_200220-3-100x100.jpg 100w, https:\/\/franciscanos.org.br\/noticias\/wp-content\/uploads\/2020\/02\/itf_200220-3-400x400.jpg 400w\" sizes=\"(max-width: 300px) 100vw, 300px\" \/><\/a>\n\t\t\t<\/dt><\/dl><dl class='gallery-item'>\n\t\t\t<dt class='gallery-icon portrait'>\n\t\t\t\t<a href='https:\/\/franciscanos.org.br\/noticias\/wp-content\/uploads\/2020\/02\/itf_200220-4-rotated.jpg'><img width=\"300\" height=\"300\" src=\"https:\/\/franciscanos.org.br\/noticias\/wp-content\/uploads\/2020\/02\/itf_200220-4-300x300.jpg\" class=\"attachment-thumbnail size-thumbnail\" alt=\"\" loading=\"lazy\" srcset=\"https:\/\/franciscanos.org.br\/noticias\/wp-content\/uploads\/2020\/02\/itf_200220-4-300x300.jpg 300w, https:\/\/franciscanos.org.br\/noticias\/wp-content\/uploads\/2020\/02\/itf_200220-4-100x100.jpg 100w, https:\/\/franciscanos.org.br\/noticias\/wp-content\/uploads\/2020\/02\/itf_200220-4-400x400.jpg 400w\" sizes=\"(max-width: 300px) 100vw, 300px\" \/><\/a>\n\t\t\t<\/dt><\/dl><dl class='gallery-item'>\n\t\t\t<dt class='gallery-icon landscape'>\n\t\t\t\t<a href='https:\/\/franciscanos.org.br\/noticias\/wp-content\/uploads\/2020\/02\/itf_200220-5.jpg'><img width=\"300\" height=\"300\" src=\"https:\/\/franciscanos.org.br\/noticias\/wp-content\/uploads\/2020\/02\/itf_200220-5-300x300.jpg\" class=\"attachment-thumbnail size-thumbnail\" alt=\"\" loading=\"lazy\" srcset=\"https:\/\/franciscanos.org.br\/noticias\/wp-content\/uploads\/2020\/02\/itf_200220-5-300x300.jpg 300w, https:\/\/franciscanos.org.br\/noticias\/wp-content\/uploads\/2020\/02\/itf_200220-5-100x100.jpg 100w, https:\/\/franciscanos.org.br\/noticias\/wp-content\/uploads\/2020\/02\/itf_200220-5-400x400.jpg 400w\" sizes=\"(max-width: 300px) 100vw, 300px\" \/><\/a>\n\t\t\t<\/dt><\/dl><dl class='gallery-item'>\n\t\t\t<dt class='gallery-icon landscape'>\n\t\t\t\t<a href='https:\/\/franciscanos.org.br\/noticias\/wp-content\/uploads\/2020\/02\/itf_200220-6.jpg'><img width=\"300\" height=\"300\" src=\"https:\/\/franciscanos.org.br\/noticias\/wp-content\/uploads\/2020\/02\/itf_200220-6-300x300.jpg\" class=\"attachment-thumbnail size-thumbnail\" alt=\"\" loading=\"lazy\" srcset=\"https:\/\/franciscanos.org.br\/noticias\/wp-content\/uploads\/2020\/02\/itf_200220-6-300x300.jpg 300w, https:\/\/franciscanos.org.br\/noticias\/wp-content\/uploads\/2020\/02\/itf_200220-6-100x100.jpg 100w, https:\/\/franciscanos.org.br\/noticias\/wp-content\/uploads\/2020\/02\/itf_200220-6-400x400.jpg 400w\" sizes=\"(max-width: 300px) 100vw, 300px\" \/><\/a>\n\t\t\t<\/dt><\/dl><br style=\"clear: both\" \/><dl class='gallery-item'>\n\t\t\t<dt class='gallery-icon landscape'>\n\t\t\t\t<a href='https:\/\/franciscanos.org.br\/noticias\/wp-content\/uploads\/2020\/02\/itf_200220-7.jpg'><img width=\"300\" height=\"300\" src=\"https:\/\/franciscanos.org.br\/noticias\/wp-content\/uploads\/2020\/02\/itf_200220-7-300x300.jpg\" class=\"attachment-thumbnail size-thumbnail\" alt=\"\" loading=\"lazy\" srcset=\"https:\/\/franciscanos.org.br\/noticias\/wp-content\/uploads\/2020\/02\/itf_200220-7-300x300.jpg 300w, https:\/\/franciscanos.org.br\/noticias\/wp-content\/uploads\/2020\/02\/itf_200220-7-100x100.jpg 100w, https:\/\/franciscanos.org.br\/noticias\/wp-content\/uploads\/2020\/02\/itf_200220-7-400x400.jpg 400w\" sizes=\"(max-width: 300px) 100vw, 300px\" \/><\/a>\n\t\t\t<\/dt><\/dl><dl class='gallery-item'>\n\t\t\t<dt class='gallery-icon landscape'>\n\t\t\t\t<a href='https:\/\/franciscanos.org.br\/noticias\/wp-content\/uploads\/2020\/02\/itf_200220-8.jpg'><img width=\"300\" height=\"300\" src=\"https:\/\/franciscanos.org.br\/noticias\/wp-content\/uploads\/2020\/02\/itf_200220-8-300x300.jpg\" class=\"attachment-thumbnail size-thumbnail\" alt=\"\" loading=\"lazy\" srcset=\"https:\/\/franciscanos.org.br\/noticias\/wp-content\/uploads\/2020\/02\/itf_200220-8-300x300.jpg 300w, https:\/\/franciscanos.org.br\/noticias\/wp-content\/uploads\/2020\/02\/itf_200220-8-100x100.jpg 100w, https:\/\/franciscanos.org.br\/noticias\/wp-content\/uploads\/2020\/02\/itf_200220-8-400x400.jpg 400w\" sizes=\"(max-width: 300px) 100vw, 300px\" \/><\/a>\n\t\t\t<\/dt><\/dl><dl class='gallery-item'>\n\t\t\t<dt class='gallery-icon landscape'>\n\t\t\t\t<a href='https:\/\/franciscanos.org.br\/noticias\/wp-content\/uploads\/2020\/02\/itf_200220-9.jpg'><img width=\"300\" height=\"300\" src=\"https:\/\/franciscanos.org.br\/noticias\/wp-content\/uploads\/2020\/02\/itf_200220-9-300x300.jpg\" class=\"attachment-thumbnail size-thumbnail\" alt=\"\" loading=\"lazy\" srcset=\"https:\/\/franciscanos.org.br\/noticias\/wp-content\/uploads\/2020\/02\/itf_200220-9-300x300.jpg 300w, https:\/\/franciscanos.org.br\/noticias\/wp-content\/uploads\/2020\/02\/itf_200220-9-100x100.jpg 100w, https:\/\/franciscanos.org.br\/noticias\/wp-content\/uploads\/2020\/02\/itf_200220-9-400x400.jpg 400w\" sizes=\"(max-width: 300px) 100vw, 300px\" \/><\/a>\n\t\t\t<\/dt><\/dl><dl class='gallery-item'>\n\t\t\t<dt class='gallery-icon landscape'>\n\t\t\t\t<a href='https:\/\/franciscanos.org.br\/noticias\/wp-content\/uploads\/2020\/02\/itf_200220-10.jpg'><img width=\"300\" height=\"300\" src=\"https:\/\/franciscanos.org.br\/noticias\/wp-content\/uploads\/2020\/02\/itf_200220-10-300x300.jpg\" class=\"attachment-thumbnail size-thumbnail\" alt=\"\" loading=\"lazy\" srcset=\"https:\/\/franciscanos.org.br\/noticias\/wp-content\/uploads\/2020\/02\/itf_200220-10-300x300.jpg 300w, https:\/\/franciscanos.org.br\/noticias\/wp-content\/uploads\/2020\/02\/itf_200220-10-100x100.jpg 100w, https:\/\/franciscanos.org.br\/noticias\/wp-content\/uploads\/2020\/02\/itf_200220-10-400x400.jpg 400w\" sizes=\"(max-width: 300px) 100vw, 300px\" \/><\/a>\n\t\t\t<\/dt><\/dl><dl class='gallery-item'>\n\t\t\t<dt class='gallery-icon landscape'>\n\t\t\t\t<a href='https:\/\/franciscanos.org.br\/noticias\/wp-content\/uploads\/2020\/02\/itf_200220-11.jpg'><img width=\"300\" height=\"300\" src=\"https:\/\/franciscanos.org.br\/noticias\/wp-content\/uploads\/2020\/02\/itf_200220-11-300x300.jpg\" class=\"attachment-thumbnail size-thumbnail\" alt=\"\" loading=\"lazy\" srcset=\"https:\/\/franciscanos.org.br\/noticias\/wp-content\/uploads\/2020\/02\/itf_200220-11-300x300.jpg 300w, https:\/\/franciscanos.org.br\/noticias\/wp-content\/uploads\/2020\/02\/itf_200220-11-100x100.jpg 100w, https:\/\/franciscanos.org.br\/noticias\/wp-content\/uploads\/2020\/02\/itf_200220-11-400x400.jpg 400w\" sizes=\"(max-width: 300px) 100vw, 300px\" \/><\/a>\n\t\t\t<\/dt><\/dl><br style=\"clear: both\" \/><dl class='gallery-item'>\n\t\t\t<dt class='gallery-icon landscape'>\n\t\t\t\t<a href='https:\/\/franciscanos.org.br\/noticias\/wp-content\/uploads\/2020\/02\/itf_200220-12.jpg'><img width=\"300\" height=\"300\" src=\"https:\/\/franciscanos.org.br\/noticias\/wp-content\/uploads\/2020\/02\/itf_200220-12-300x300.jpg\" class=\"attachment-thumbnail size-thumbnail\" alt=\"\" loading=\"lazy\" srcset=\"https:\/\/franciscanos.org.br\/noticias\/wp-content\/uploads\/2020\/02\/itf_200220-12-300x300.jpg 300w, https:\/\/franciscanos.org.br\/noticias\/wp-content\/uploads\/2020\/02\/itf_200220-12-100x100.jpg 100w, https:\/\/franciscanos.org.br\/noticias\/wp-content\/uploads\/2020\/02\/itf_200220-12-400x400.jpg 400w\" sizes=\"(max-width: 300px) 100vw, 300px\" \/><\/a>\n\t\t\t<\/dt><\/dl><dl class='gallery-item'>\n\t\t\t<dt class='gallery-icon portrait'>\n\t\t\t\t<a href='https:\/\/franciscanos.org.br\/noticias\/wp-content\/uploads\/2020\/02\/itf_200220-13-rotated.jpg'><img width=\"300\" height=\"300\" src=\"https:\/\/franciscanos.org.br\/noticias\/wp-content\/uploads\/2020\/02\/itf_200220-13-300x300.jpg\" class=\"attachment-thumbnail size-thumbnail\" alt=\"\" loading=\"lazy\" srcset=\"https:\/\/franciscanos.org.br\/noticias\/wp-content\/uploads\/2020\/02\/itf_200220-13-300x300.jpg 300w, https:\/\/franciscanos.org.br\/noticias\/wp-content\/uploads\/2020\/02\/itf_200220-13-100x100.jpg 100w, https:\/\/franciscanos.org.br\/noticias\/wp-content\/uploads\/2020\/02\/itf_200220-13-400x400.jpg 400w\" sizes=\"(max-width: 300px) 100vw, 300px\" \/><\/a>\n\t\t\t<\/dt><\/dl><dl class='gallery-item'>\n\t\t\t<dt class='gallery-icon landscape'>\n\t\t\t\t<a href='https:\/\/franciscanos.org.br\/noticias\/wp-content\/uploads\/2020\/02\/itf_200220-14.jpg'><img width=\"300\" height=\"300\" src=\"https:\/\/franciscanos.org.br\/noticias\/wp-content\/uploads\/2020\/02\/itf_200220-14-300x300.jpg\" class=\"attachment-thumbnail size-thumbnail\" alt=\"\" loading=\"lazy\" srcset=\"https:\/\/franciscanos.org.br\/noticias\/wp-content\/uploads\/2020\/02\/itf_200220-14-300x300.jpg 300w, https:\/\/franciscanos.org.br\/noticias\/wp-content\/uploads\/2020\/02\/itf_200220-14-100x100.jpg 100w, https:\/\/franciscanos.org.br\/noticias\/wp-content\/uploads\/2020\/02\/itf_200220-14-400x400.jpg 400w\" sizes=\"(max-width: 300px) 100vw, 300px\" \/><\/a>\n\t\t\t<\/dt><\/dl><dl class='gallery-item'>\n\t\t\t<dt class='gallery-icon landscape'>\n\t\t\t\t<a href='https:\/\/franciscanos.org.br\/noticias\/wp-content\/uploads\/2020\/02\/itf_200220-15.jpg'><img width=\"300\" height=\"300\" src=\"https:\/\/franciscanos.org.br\/noticias\/wp-content\/uploads\/2020\/02\/itf_200220-15-300x300.jpg\" class=\"attachment-thumbnail size-thumbnail\" alt=\"\" loading=\"lazy\" srcset=\"https:\/\/franciscanos.org.br\/noticias\/wp-content\/uploads\/2020\/02\/itf_200220-15-300x300.jpg 300w, https:\/\/franciscanos.org.br\/noticias\/wp-content\/uploads\/2020\/02\/itf_200220-15-100x100.jpg 100w, https:\/\/franciscanos.org.br\/noticias\/wp-content\/uploads\/2020\/02\/itf_200220-15-400x400.jpg 400w\" sizes=\"(max-width: 300px) 100vw, 300px\" \/><\/a>\n\t\t\t<\/dt><\/dl><dl class='gallery-item'>\n\t\t\t<dt class='gallery-icon landscape'>\n\t\t\t\t<a href='https:\/\/franciscanos.org.br\/noticias\/wp-content\/uploads\/2020\/02\/itf_200220-16.jpg'><img width=\"300\" height=\"300\" src=\"https:\/\/franciscanos.org.br\/noticias\/wp-content\/uploads\/2020\/02\/itf_200220-16-300x300.jpg\" class=\"attachment-thumbnail size-thumbnail\" alt=\"\" loading=\"lazy\" srcset=\"https:\/\/franciscanos.org.br\/noticias\/wp-content\/uploads\/2020\/02\/itf_200220-16-300x300.jpg 300w, https:\/\/franciscanos.org.br\/noticias\/wp-content\/uploads\/2020\/02\/itf_200220-16-100x100.jpg 100w, https:\/\/franciscanos.org.br\/noticias\/wp-content\/uploads\/2020\/02\/itf_200220-16-400x400.jpg 400w\" sizes=\"(max-width: 300px) 100vw, 300px\" \/><\/a>\n\t\t\t<\/dt><\/dl><br style=\"clear: both\" \/><dl class='gallery-item'>\n\t\t\t<dt class='gallery-icon landscape'>\n\t\t\t\t<a href='https:\/\/franciscanos.org.br\/noticias\/wp-content\/uploads\/2020\/02\/itf_200220-17.jpg'><img width=\"300\" height=\"300\" src=\"https:\/\/franciscanos.org.br\/noticias\/wp-content\/uploads\/2020\/02\/itf_200220-17-300x300.jpg\" class=\"attachment-thumbnail size-thumbnail\" alt=\"\" loading=\"lazy\" srcset=\"https:\/\/franciscanos.org.br\/noticias\/wp-content\/uploads\/2020\/02\/itf_200220-17-300x300.jpg 300w, https:\/\/franciscanos.org.br\/noticias\/wp-content\/uploads\/2020\/02\/itf_200220-17-100x100.jpg 100w, https:\/\/franciscanos.org.br\/noticias\/wp-content\/uploads\/2020\/02\/itf_200220-17-400x400.jpg 400w\" sizes=\"(max-width: 300px) 100vw, 300px\" \/><\/a>\n\t\t\t<\/dt><\/dl><dl class='gallery-item'>\n\t\t\t<dt class='gallery-icon landscape'>\n\t\t\t\t<a href='https:\/\/franciscanos.org.br\/noticias\/wp-content\/uploads\/2020\/02\/itf_200220-18.jpg'><img width=\"300\" height=\"300\" src=\"https:\/\/franciscanos.org.br\/noticias\/wp-content\/uploads\/2020\/02\/itf_200220-18-300x300.jpg\" class=\"attachment-thumbnail size-thumbnail\" alt=\"\" loading=\"lazy\" srcset=\"https:\/\/franciscanos.org.br\/noticias\/wp-content\/uploads\/2020\/02\/itf_200220-18-300x300.jpg 300w, https:\/\/franciscanos.org.br\/noticias\/wp-content\/uploads\/2020\/02\/itf_200220-18-100x100.jpg 100w, https:\/\/franciscanos.org.br\/noticias\/wp-content\/uploads\/2020\/02\/itf_200220-18-400x400.jpg 400w\" sizes=\"(max-width: 300px) 100vw, 300px\" \/><\/a>\n\t\t\t<\/dt><\/dl><dl class='gallery-item'>\n\t\t\t<dt class='gallery-icon landscape'>\n\t\t\t\t<a href='https:\/\/franciscanos.org.br\/noticias\/wp-content\/uploads\/2020\/02\/itf_200220-19.jpg'><img width=\"300\" height=\"300\" src=\"https:\/\/franciscanos.org.br\/noticias\/wp-content\/uploads\/2020\/02\/itf_200220-19-300x300.jpg\" class=\"attachment-thumbnail size-thumbnail\" alt=\"\" loading=\"lazy\" srcset=\"https:\/\/franciscanos.org.br\/noticias\/wp-content\/uploads\/2020\/02\/itf_200220-19-300x300.jpg 300w, https:\/\/franciscanos.org.br\/noticias\/wp-content\/uploads\/2020\/02\/itf_200220-19-100x100.jpg 100w, https:\/\/franciscanos.org.br\/noticias\/wp-content\/uploads\/2020\/02\/itf_200220-19-400x400.jpg 400w\" sizes=\"(max-width: 300px) 100vw, 300px\" \/><\/a>\n\t\t\t<\/dt><\/dl><dl class='gallery-item'>\n\t\t\t<dt class='gallery-icon landscape'>\n\t\t\t\t<a href='https:\/\/franciscanos.org.br\/noticias\/wp-content\/uploads\/2020\/02\/itf_200220-20.jpg'><img width=\"300\" height=\"300\" src=\"https:\/\/franciscanos.org.br\/noticias\/wp-content\/uploads\/2020\/02\/itf_200220-20-300x300.jpg\" class=\"attachment-thumbnail size-thumbnail\" alt=\"\" loading=\"lazy\" srcset=\"https:\/\/franciscanos.org.br\/noticias\/wp-content\/uploads\/2020\/02\/itf_200220-20-300x300.jpg 300w, https:\/\/franciscanos.org.br\/noticias\/wp-content\/uploads\/2020\/02\/itf_200220-20-100x100.jpg 100w, https:\/\/franciscanos.org.br\/noticias\/wp-content\/uploads\/2020\/02\/itf_200220-20-400x400.jpg 400w\" sizes=\"(max-width: 300px) 100vw, 300px\" \/><\/a>\n\t\t\t<\/dt><\/dl><dl class='gallery-item'>\n\t\t\t<dt class='gallery-icon landscape'>\n\t\t\t\t<a href='https:\/\/franciscanos.org.br\/noticias\/wp-content\/uploads\/2020\/02\/itf_200220-21.jpg'><img width=\"300\" height=\"300\" src=\"https:\/\/franciscanos.org.br\/noticias\/wp-content\/uploads\/2020\/02\/itf_200220-21-300x300.jpg\" class=\"attachment-thumbnail size-thumbnail\" alt=\"\" loading=\"lazy\" srcset=\"https:\/\/franciscanos.org.br\/noticias\/wp-content\/uploads\/2020\/02\/itf_200220-21-300x300.jpg 300w, https:\/\/franciscanos.org.br\/noticias\/wp-content\/uploads\/2020\/02\/itf_200220-21-100x100.jpg 100w, https:\/\/franciscanos.org.br\/noticias\/wp-content\/uploads\/2020\/02\/itf_200220-21-400x400.jpg 400w\" sizes=\"(max-width: 300px) 100vw, 300px\" \/><\/a>\n\t\t\t<\/dt><\/dl><br style=\"clear: both\" \/><dl class='gallery-item'>\n\t\t\t<dt class='gallery-icon landscape'>\n\t\t\t\t<a href='https:\/\/franciscanos.org.br\/noticias\/wp-content\/uploads\/2020\/02\/itf_200220-22.jpg'><img width=\"300\" height=\"300\" src=\"https:\/\/franciscanos.org.br\/noticias\/wp-content\/uploads\/2020\/02\/itf_200220-22-300x300.jpg\" class=\"attachment-thumbnail size-thumbnail\" alt=\"\" loading=\"lazy\" srcset=\"https:\/\/franciscanos.org.br\/noticias\/wp-content\/uploads\/2020\/02\/itf_200220-22-300x300.jpg 300w, https:\/\/franciscanos.org.br\/noticias\/wp-content\/uploads\/2020\/02\/itf_200220-22-100x100.jpg 100w, https:\/\/franciscanos.org.br\/noticias\/wp-content\/uploads\/2020\/02\/itf_200220-22-400x400.jpg 400w\" sizes=\"(max-width: 300px) 100vw, 300px\" \/><\/a>\n\t\t\t<\/dt><\/dl><dl class='gallery-item'>\n\t\t\t<dt class='gallery-icon landscape'>\n\t\t\t\t<a href='https:\/\/franciscanos.org.br\/noticias\/wp-content\/uploads\/2020\/02\/itf_200220-23.jpg'><img width=\"300\" height=\"300\" src=\"https:\/\/franciscanos.org.br\/noticias\/wp-content\/uploads\/2020\/02\/itf_200220-23-300x300.jpg\" class=\"attachment-thumbnail size-thumbnail\" alt=\"\" loading=\"lazy\" srcset=\"https:\/\/franciscanos.org.br\/noticias\/wp-content\/uploads\/2020\/02\/itf_200220-23-300x300.jpg 300w, https:\/\/franciscanos.org.br\/noticias\/wp-content\/uploads\/2020\/02\/itf_200220-23-100x100.jpg 100w, https:\/\/franciscanos.org.br\/noticias\/wp-content\/uploads\/2020\/02\/itf_200220-23-400x400.jpg 400w\" sizes=\"(max-width: 300px) 100vw, 300px\" \/><\/a>\n\t\t\t<\/dt><\/dl><dl class='gallery-item'>\n\t\t\t<dt class='gallery-icon landscape'>\n\t\t\t\t<a href='https:\/\/franciscanos.org.br\/noticias\/wp-content\/uploads\/2020\/02\/itf_200220-24.jpg'><img width=\"300\" height=\"300\" src=\"https:\/\/franciscanos.org.br\/noticias\/wp-content\/uploads\/2020\/02\/itf_200220-24-300x300.jpg\" class=\"attachment-thumbnail size-thumbnail\" alt=\"\" loading=\"lazy\" srcset=\"https:\/\/franciscanos.org.br\/noticias\/wp-content\/uploads\/2020\/02\/itf_200220-24-300x300.jpg 300w, https:\/\/franciscanos.org.br\/noticias\/wp-content\/uploads\/2020\/02\/itf_200220-24-100x100.jpg 100w, https:\/\/franciscanos.org.br\/noticias\/wp-content\/uploads\/2020\/02\/itf_200220-24-400x400.jpg 400w\" sizes=\"(max-width: 300px) 100vw, 300px\" \/><\/a>\n\t\t\t<\/dt><\/dl><dl class='gallery-item'>\n\t\t\t<dt class='gallery-icon landscape'>\n\t\t\t\t<a href='https:\/\/franciscanos.org.br\/noticias\/wp-content\/uploads\/2020\/02\/itf_200220-26.jpg'><img width=\"300\" height=\"300\" src=\"https:\/\/franciscanos.org.br\/noticias\/wp-content\/uploads\/2020\/02\/itf_200220-26-300x300.jpg\" class=\"attachment-thumbnail size-thumbnail\" alt=\"\" loading=\"lazy\" srcset=\"https:\/\/franciscanos.org.br\/noticias\/wp-content\/uploads\/2020\/02\/itf_200220-26-300x300.jpg 300w, https:\/\/franciscanos.org.br\/noticias\/wp-content\/uploads\/2020\/02\/itf_200220-26-100x100.jpg 100w, https:\/\/franciscanos.org.br\/noticias\/wp-content\/uploads\/2020\/02\/itf_200220-26-400x400.jpg 400w\" sizes=\"(max-width: 300px) 100vw, 300px\" \/><\/a>\n\t\t\t<\/dt><\/dl><dl class='gallery-item'>\n\t\t\t<dt class='gallery-icon landscape'>\n\t\t\t\t<a href='https:\/\/franciscanos.org.br\/noticias\/wp-content\/uploads\/2020\/02\/itf_200220-27.jpg'><img width=\"300\" height=\"300\" src=\"https:\/\/franciscanos.org.br\/noticias\/wp-content\/uploads\/2020\/02\/itf_200220-27-300x300.jpg\" class=\"attachment-thumbnail size-thumbnail\" alt=\"\" loading=\"lazy\" srcset=\"https:\/\/franciscanos.org.br\/noticias\/wp-content\/uploads\/2020\/02\/itf_200220-27-300x300.jpg 300w, https:\/\/franciscanos.org.br\/noticias\/wp-content\/uploads\/2020\/02\/itf_200220-27-100x100.jpg 100w, https:\/\/franciscanos.org.br\/noticias\/wp-content\/uploads\/2020\/02\/itf_200220-27-400x400.jpg 400w\" sizes=\"(max-width: 300px) 100vw, 300px\" \/><\/a>\n\t\t\t<\/dt><\/dl><br style=\"clear: both\" \/><dl class='gallery-item'>\n\t\t\t<dt class='gallery-icon landscape'>\n\t\t\t\t<a href='https:\/\/franciscanos.org.br\/noticias\/wp-content\/uploads\/2020\/02\/itf_200220-28.jpg'><img width=\"300\" height=\"300\" src=\"https:\/\/franciscanos.org.br\/noticias\/wp-content\/uploads\/2020\/02\/itf_200220-28-300x300.jpg\" class=\"attachment-thumbnail size-thumbnail\" alt=\"\" loading=\"lazy\" srcset=\"https:\/\/franciscanos.org.br\/noticias\/wp-content\/uploads\/2020\/02\/itf_200220-28-300x300.jpg 300w, https:\/\/franciscanos.org.br\/noticias\/wp-content\/uploads\/2020\/02\/itf_200220-28-100x100.jpg 100w, https:\/\/franciscanos.org.br\/noticias\/wp-content\/uploads\/2020\/02\/itf_200220-28-400x400.jpg 400w\" sizes=\"(max-width: 300px) 100vw, 300px\" \/><\/a>\n\t\t\t<\/dt><\/dl><dl class='gallery-item'>\n\t\t\t<dt class='gallery-icon landscape'>\n\t\t\t\t<a href='https:\/\/franciscanos.org.br\/noticias\/wp-content\/uploads\/2020\/02\/itf_200220-29.jpg'><img width=\"300\" height=\"300\" src=\"https:\/\/franciscanos.org.br\/noticias\/wp-content\/uploads\/2020\/02\/itf_200220-29-300x300.jpg\" class=\"attachment-thumbnail size-thumbnail\" alt=\"\" loading=\"lazy\" srcset=\"https:\/\/franciscanos.org.br\/noticias\/wp-content\/uploads\/2020\/02\/itf_200220-29-300x300.jpg 300w, https:\/\/franciscanos.org.br\/noticias\/wp-content\/uploads\/2020\/02\/itf_200220-29-100x100.jpg 100w, https:\/\/franciscanos.org.br\/noticias\/wp-content\/uploads\/2020\/02\/itf_200220-29-400x400.jpg 400w\" sizes=\"(max-width: 300px) 100vw, 300px\" \/><\/a>\n\t\t\t<\/dt><\/dl><dl class='gallery-item'>\n\t\t\t<dt class='gallery-icon landscape'>\n\t\t\t\t<a href='https:\/\/franciscanos.org.br\/noticias\/wp-content\/uploads\/2020\/02\/itf_200220-30.jpg'><img width=\"300\" height=\"300\" src=\"https:\/\/franciscanos.org.br\/noticias\/wp-content\/uploads\/2020\/02\/itf_200220-30-300x300.jpg\" class=\"attachment-thumbnail size-thumbnail\" alt=\"\" loading=\"lazy\" srcset=\"https:\/\/franciscanos.org.br\/noticias\/wp-content\/uploads\/2020\/02\/itf_200220-30-300x300.jpg 300w, https:\/\/franciscanos.org.br\/noticias\/wp-content\/uploads\/2020\/02\/itf_200220-30-100x100.jpg 100w, https:\/\/franciscanos.org.br\/noticias\/wp-content\/uploads\/2020\/02\/itf_200220-30-400x400.jpg 400w\" sizes=\"(max-width: 300px) 100vw, 300px\" \/><\/a>\n\t\t\t<\/dt><\/dl><dl class='gallery-item'>\n\t\t\t<dt class='gallery-icon landscape'>\n\t\t\t\t<a href='https:\/\/franciscanos.org.br\/noticias\/wp-content\/uploads\/2020\/02\/itf_200220-32.jpg'><img width=\"300\" height=\"300\" src=\"https:\/\/franciscanos.org.br\/noticias\/wp-content\/uploads\/2020\/02\/itf_200220-32-300x300.jpg\" class=\"attachment-thumbnail size-thumbnail\" alt=\"\" loading=\"lazy\" srcset=\"https:\/\/franciscanos.org.br\/noticias\/wp-content\/uploads\/2020\/02\/itf_200220-32-300x300.jpg 300w, https:\/\/franciscanos.org.br\/noticias\/wp-content\/uploads\/2020\/02\/itf_200220-32-100x100.jpg 100w, https:\/\/franciscanos.org.br\/noticias\/wp-content\/uploads\/2020\/02\/itf_200220-32-400x400.jpg 400w\" sizes=\"(max-width: 300px) 100vw, 300px\" \/><\/a>\n\t\t\t<\/dt><\/dl><dl class='gallery-item'>\n\t\t\t<dt class='gallery-icon landscape'>\n\t\t\t\t<a href='https:\/\/franciscanos.org.br\/noticias\/wp-content\/uploads\/2020\/02\/itf_200220-33.jpg'><img width=\"300\" height=\"300\" src=\"https:\/\/franciscanos.org.br\/noticias\/wp-content\/uploads\/2020\/02\/itf_200220-33-300x300.jpg\" class=\"attachment-thumbnail size-thumbnail\" alt=\"\" loading=\"lazy\" srcset=\"https:\/\/franciscanos.org.br\/noticias\/wp-content\/uploads\/2020\/02\/itf_200220-33-300x300.jpg 300w, https:\/\/franciscanos.org.br\/noticias\/wp-content\/uploads\/2020\/02\/itf_200220-33-100x100.jpg 100w, https:\/\/franciscanos.org.br\/noticias\/wp-content\/uploads\/2020\/02\/itf_200220-33-400x400.jpg 400w\" sizes=\"(max-width: 300px) 100vw, 300px\" \/><\/a>\n\t\t\t<\/dt><\/dl><br style=\"clear: both\" \/><dl class='gallery-item'>\n\t\t\t<dt class='gallery-icon landscape'>\n\t\t\t\t<a href='https:\/\/franciscanos.org.br\/noticias\/wp-content\/uploads\/2020\/02\/itf_200220-34.jpg'><img width=\"300\" height=\"300\" src=\"https:\/\/franciscanos.org.br\/noticias\/wp-content\/uploads\/2020\/02\/itf_200220-34-300x300.jpg\" class=\"attachment-thumbnail size-thumbnail\" alt=\"\" loading=\"lazy\" srcset=\"https:\/\/franciscanos.org.br\/noticias\/wp-content\/uploads\/2020\/02\/itf_200220-34-300x300.jpg 300w, https:\/\/franciscanos.org.br\/noticias\/wp-content\/uploads\/2020\/02\/itf_200220-34-100x100.jpg 100w, https:\/\/franciscanos.org.br\/noticias\/wp-content\/uploads\/2020\/02\/itf_200220-34-400x400.jpg 400w\" sizes=\"(max-width: 300px) 100vw, 300px\" \/><\/a>\n\t\t\t<\/dt><\/dl><dl class='gallery-item'>\n\t\t\t<dt class='gallery-icon landscape'>\n\t\t\t\t<a href='https:\/\/franciscanos.org.br\/noticias\/wp-content\/uploads\/2020\/02\/itf_200220-35.jpg'><img width=\"300\" height=\"300\" src=\"https:\/\/franciscanos.org.br\/noticias\/wp-content\/uploads\/2020\/02\/itf_200220-35-300x300.jpg\" class=\"attachment-thumbnail size-thumbnail\" alt=\"\" loading=\"lazy\" srcset=\"https:\/\/franciscanos.org.br\/noticias\/wp-content\/uploads\/2020\/02\/itf_200220-35-300x300.jpg 300w, https:\/\/franciscanos.org.br\/noticias\/wp-content\/uploads\/2020\/02\/itf_200220-35-100x100.jpg 100w, https:\/\/franciscanos.org.br\/noticias\/wp-content\/uploads\/2020\/02\/itf_200220-35-400x400.jpg 400w\" sizes=\"(max-width: 300px) 100vw, 300px\" \/><\/a>\n\t\t\t<\/dt><\/dl><dl class='gallery-item'>\n\t\t\t<dt class='gallery-icon landscape'>\n\t\t\t\t<a href='https:\/\/franciscanos.org.br\/noticias\/wp-content\/uploads\/2020\/02\/itf_200220-36.jpg'><img width=\"300\" height=\"300\" src=\"https:\/\/franciscanos.org.br\/noticias\/wp-content\/uploads\/2020\/02\/itf_200220-36-300x300.jpg\" class=\"attachment-thumbnail size-thumbnail\" alt=\"\" loading=\"lazy\" srcset=\"https:\/\/franciscanos.org.br\/noticias\/wp-content\/uploads\/2020\/02\/itf_200220-36-300x300.jpg 300w, https:\/\/franciscanos.org.br\/noticias\/wp-content\/uploads\/2020\/02\/itf_200220-36-100x100.jpg 100w, https:\/\/franciscanos.org.br\/noticias\/wp-content\/uploads\/2020\/02\/itf_200220-36-400x400.jpg 400w\" sizes=\"(max-width: 300px) 100vw, 300px\" \/><\/a>\n\t\t\t<\/dt><\/dl><dl class='gallery-item'>\n\t\t\t<dt class='gallery-icon landscape'>\n\t\t\t\t<a href='https:\/\/franciscanos.org.br\/noticias\/wp-content\/uploads\/2020\/02\/itf_200220-38.jpg'><img width=\"300\" height=\"300\" src=\"https:\/\/franciscanos.org.br\/noticias\/wp-content\/uploads\/2020\/02\/itf_200220-38-300x300.jpg\" class=\"attachment-thumbnail size-thumbnail\" alt=\"\" loading=\"lazy\" srcset=\"https:\/\/franciscanos.org.br\/noticias\/wp-content\/uploads\/2020\/02\/itf_200220-38-300x300.jpg 300w, https:\/\/franciscanos.org.br\/noticias\/wp-content\/uploads\/2020\/02\/itf_200220-38-100x100.jpg 100w, https:\/\/franciscanos.org.br\/noticias\/wp-content\/uploads\/2020\/02\/itf_200220-38-400x400.jpg 400w\" sizes=\"(max-width: 300px) 100vw, 300px\" \/><\/a>\n\t\t\t<\/dt><\/dl><dl class='gallery-item'>\n\t\t\t<dt class='gallery-icon landscape'>\n\t\t\t\t<a href='https:\/\/franciscanos.org.br\/noticias\/wp-content\/uploads\/2020\/02\/itf_200220-39.jpg'><img width=\"300\" height=\"300\" src=\"https:\/\/franciscanos.org.br\/noticias\/wp-content\/uploads\/2020\/02\/itf_200220-39-300x300.jpg\" class=\"attachment-thumbnail size-thumbnail\" alt=\"\" loading=\"lazy\" srcset=\"https:\/\/franciscanos.org.br\/noticias\/wp-content\/uploads\/2020\/02\/itf_200220-39-300x300.jpg 300w, https:\/\/franciscanos.org.br\/noticias\/wp-content\/uploads\/2020\/02\/itf_200220-39-100x100.jpg 100w, https:\/\/franciscanos.org.br\/noticias\/wp-content\/uploads\/2020\/02\/itf_200220-39-400x400.jpg 400w\" sizes=\"(max-width: 300px) 100vw, 300px\" \/><\/a>\n\t\t\t<\/dt><\/dl><br style=\"clear: both\" \/>\n\t\t<\/div>\n\n","protected":false},"excerpt":{"rendered":"<p>Aula inaugural no Instituto Teol\u00f3gico Franciscano de Petr\u00f3polis (RJ)<\/p>\n","protected":false},"author":5,"featured_media":221351,"comment_status":"open","ping_status":"open","sticky":false,"template":"","format":"standard","meta":[],"categories":[1],"tags":[189,190],"acf":[],"yoast_head":"<!-- This site is optimized with the Yoast SEO plugin v19.2 - https:\/\/yoast.com\/wordpress\/plugins\/seo\/ -->\n<title>Homenagem ao Frei Jos\u00e9 Ariovaldo marca aula inaugural no ITF - Not\u00edcias - Franciscanos<\/title>\n<meta name=\"robots\" content=\"index, follow, max-snippet:-1, max-image-preview:large, max-video-preview:-1\" \/>\n<link rel=\"canonical\" href=\"https:\/\/franciscanos.org.br\/noticias\/homenagem-ao-frei-jose-ariovaldo-marca-aula-inaugural-no-itf.html\" \/>\n<meta property=\"og:locale\" content=\"pt_BR\" \/>\n<meta property=\"og:type\" content=\"article\" \/>\n<meta property=\"og:title\" content=\"Homenagem ao Frei Jos\u00e9 Ariovaldo marca aula inaugural no ITF - Not\u00edcias - Franciscanos\" \/>\n<meta property=\"og:description\" content=\"Aula inaugural no Instituto Teol\u00f3gico Franciscano de Petr\u00f3polis (RJ)\" \/>\n<meta property=\"og:url\" content=\"https:\/\/franciscanos.org.br\/noticias\/homenagem-ao-frei-jose-ariovaldo-marca-aula-inaugural-no-itf.html\" \/>\n<meta property=\"og:site_name\" content=\"Not\u00edcias - Franciscanos\" \/>\n<meta property=\"article:published_time\" content=\"2020-02-20T22:08:05+00:00\" \/>\n<meta property=\"article:modified_time\" content=\"2020-02-21T00:18:16+00:00\" \/>\n<meta property=\"og:image\" content=\"https:\/\/franciscanos.org.br\/noticias\/wp-content\/uploads\/2020\/02\/itf_200220_8.jpg\" \/>\n\t<meta property=\"og:image:width\" content=\"273\" \/>\n\t<meta property=\"og:image:height\" content=\"181\" \/>\n\t<meta property=\"og:image:type\" content=\"image\/jpeg\" \/>\n<meta name=\"author\" content=\"freiaugusto\" \/>\n<meta name=\"twitter:card\" content=\"summary_large_image\" \/>\n<meta name=\"twitter:label1\" content=\"Escrito por\" \/>\n\t<meta name=\"twitter:data1\" content=\"freiaugusto\" \/>\n\t<meta name=\"twitter:label2\" content=\"Est. tempo de leitura\" \/>\n\t<meta name=\"twitter:data2\" content=\"8 minutos\" \/>\n<script type=\"application\/ld+json\" class=\"yoast-schema-graph\">{\"@context\":\"https:\/\/schema.org\",\"@graph\":[{\"@type\":\"WebSite\",\"@id\":\"https:\/\/franciscanos.org.br\/noticias\/#website\",\"url\":\"https:\/\/franciscanos.org.br\/noticias\/\",\"name\":\"Not\u00edcias - Franciscanos\",\"description\":\"Prov\u00edncia Franciscana da Imaculada Concei\u00e7\u00e3o do Brasil - Ordem dos Frades Menores - OFM\",\"potentialAction\":[{\"@type\":\"SearchAction\",\"target\":{\"@type\":\"EntryPoint\",\"urlTemplate\":\"https:\/\/franciscanos.org.br\/noticias\/?s={search_term_string}\"},\"query-input\":\"required name=search_term_string\"}],\"inLanguage\":\"pt-BR\"},{\"@type\":\"ImageObject\",\"inLanguage\":\"pt-BR\",\"@id\":\"https:\/\/franciscanos.org.br\/noticias\/homenagem-ao-frei-jose-ariovaldo-marca-aula-inaugural-no-itf.html#primaryimage\",\"url\":\"https:\/\/franciscanos.org.br\/noticias\/wp-content\/uploads\/2020\/02\/itf_200220_8.jpg\",\"contentUrl\":\"https:\/\/franciscanos.org.br\/noticias\/wp-content\/uploads\/2020\/02\/itf_200220_8.jpg\",\"width\":273,\"height\":181},{\"@type\":\"WebPage\",\"@id\":\"https:\/\/franciscanos.org.br\/noticias\/homenagem-ao-frei-jose-ariovaldo-marca-aula-inaugural-no-itf.html#webpage\",\"url\":\"https:\/\/franciscanos.org.br\/noticias\/homenagem-ao-frei-jose-ariovaldo-marca-aula-inaugural-no-itf.html\",\"name\":\"Homenagem ao Frei Jos\u00e9 Ariovaldo marca aula inaugural no ITF - Not\u00edcias - Franciscanos\",\"isPartOf\":{\"@id\":\"https:\/\/franciscanos.org.br\/noticias\/#website\"},\"primaryImageOfPage\":{\"@id\":\"https:\/\/franciscanos.org.br\/noticias\/homenagem-ao-frei-jose-ariovaldo-marca-aula-inaugural-no-itf.html#primaryimage\"},\"datePublished\":\"2020-02-20T22:08:05+00:00\",\"dateModified\":\"2020-02-21T00:18:16+00:00\",\"author\":{\"@id\":\"https:\/\/franciscanos.org.br\/noticias\/#\/schema\/person\/37f88f0d111cd5358b12a6556a99eb91\"},\"breadcrumb\":{\"@id\":\"https:\/\/franciscanos.org.br\/noticias\/homenagem-ao-frei-jose-ariovaldo-marca-aula-inaugural-no-itf.html#breadcrumb\"},\"inLanguage\":\"pt-BR\",\"potentialAction\":[{\"@type\":\"ReadAction\",\"target\":[\"https:\/\/franciscanos.org.br\/noticias\/homenagem-ao-frei-jose-ariovaldo-marca-aula-inaugural-no-itf.html\"]}]},{\"@type\":\"BreadcrumbList\",\"@id\":\"https:\/\/franciscanos.org.br\/noticias\/homenagem-ao-frei-jose-ariovaldo-marca-aula-inaugural-no-itf.html#breadcrumb\",\"itemListElement\":[{\"@type\":\"ListItem\",\"position\":1,\"name\":\"Home\",\"item\":\"https:\/\/franciscanos.org.br\/noticias\"},{\"@type\":\"ListItem\",\"position\":2,\"name\":\"Homenagem ao Frei Jos\u00e9 Ariovaldo marca aula inaugural no ITF\"}]},{\"@type\":\"Person\",\"@id\":\"https:\/\/franciscanos.org.br\/noticias\/#\/schema\/person\/37f88f0d111cd5358b12a6556a99eb91\",\"name\":\"freiaugusto\",\"image\":{\"@type\":\"ImageObject\",\"inLanguage\":\"pt-BR\",\"@id\":\"https:\/\/franciscanos.org.br\/noticias\/#\/schema\/person\/image\/\",\"url\":\"https:\/\/secure.gravatar.com\/avatar\/9840b940e621801b24f3e6b059efb4b7?s=96&d=mm&r=g\",\"contentUrl\":\"https:\/\/secure.gravatar.com\/avatar\/9840b940e621801b24f3e6b059efb4b7?s=96&d=mm&r=g\",\"caption\":\"freiaugusto\"},\"url\":\"https:\/\/franciscanos.org.br\/noticias\/author\/freiaugusto\"}]}<\/script>\n<!-- \/ Yoast SEO plugin. -->","yoast_head_json":{"title":"Homenagem ao Frei Jos\u00e9 Ariovaldo marca aula inaugural no ITF - Not\u00edcias - Franciscanos","robots":{"index":"index","follow":"follow","max-snippet":"max-snippet:-1","max-image-preview":"max-image-preview:large","max-video-preview":"max-video-preview:-1"},"canonical":"https:\/\/franciscanos.org.br\/noticias\/homenagem-ao-frei-jose-ariovaldo-marca-aula-inaugural-no-itf.html","og_locale":"pt_BR","og_type":"article","og_title":"Homenagem ao Frei Jos\u00e9 Ariovaldo marca aula inaugural no ITF - Not\u00edcias - Franciscanos","og_description":"Aula inaugural no Instituto Teol\u00f3gico Franciscano de Petr\u00f3polis (RJ)","og_url":"https:\/\/franciscanos.org.br\/noticias\/homenagem-ao-frei-jose-ariovaldo-marca-aula-inaugural-no-itf.html","og_site_name":"Not\u00edcias - Franciscanos","article_published_time":"2020-02-20T22:08:05+00:00","article_modified_time":"2020-02-21T00:18:16+00:00","og_image":[{"width":273,"height":181,"url":"https:\/\/franciscanos.org.br\/noticias\/wp-content\/uploads\/2020\/02\/itf_200220_8.jpg","type":"image\/jpeg"}],"author":"freiaugusto","twitter_card":"summary_large_image","twitter_misc":{"Escrito por":"freiaugusto","Est. tempo de leitura":"8 minutos"},"schema":{"@context":"https:\/\/schema.org","@graph":[{"@type":"WebSite","@id":"https:\/\/franciscanos.org.br\/noticias\/#website","url":"https:\/\/franciscanos.org.br\/noticias\/","name":"Not\u00edcias - Franciscanos","description":"Prov\u00edncia Franciscana da Imaculada Concei\u00e7\u00e3o do Brasil - Ordem dos Frades Menores - OFM","potentialAction":[{"@type":"SearchAction","target":{"@type":"EntryPoint","urlTemplate":"https:\/\/franciscanos.org.br\/noticias\/?s={search_term_string}"},"query-input":"required name=search_term_string"}],"inLanguage":"pt-BR"},{"@type":"ImageObject","inLanguage":"pt-BR","@id":"https:\/\/franciscanos.org.br\/noticias\/homenagem-ao-frei-jose-ariovaldo-marca-aula-inaugural-no-itf.html#primaryimage","url":"https:\/\/franciscanos.org.br\/noticias\/wp-content\/uploads\/2020\/02\/itf_200220_8.jpg","contentUrl":"https:\/\/franciscanos.org.br\/noticias\/wp-content\/uploads\/2020\/02\/itf_200220_8.jpg","width":273,"height":181},{"@type":"WebPage","@id":"https:\/\/franciscanos.org.br\/noticias\/homenagem-ao-frei-jose-ariovaldo-marca-aula-inaugural-no-itf.html#webpage","url":"https:\/\/franciscanos.org.br\/noticias\/homenagem-ao-frei-jose-ariovaldo-marca-aula-inaugural-no-itf.html","name":"Homenagem ao Frei Jos\u00e9 Ariovaldo marca aula inaugural no ITF - Not\u00edcias - Franciscanos","isPartOf":{"@id":"https:\/\/franciscanos.org.br\/noticias\/#website"},"primaryImageOfPage":{"@id":"https:\/\/franciscanos.org.br\/noticias\/homenagem-ao-frei-jose-ariovaldo-marca-aula-inaugural-no-itf.html#primaryimage"},"datePublished":"2020-02-20T22:08:05+00:00","dateModified":"2020-02-21T00:18:16+00:00","author":{"@id":"https:\/\/franciscanos.org.br\/noticias\/#\/schema\/person\/37f88f0d111cd5358b12a6556a99eb91"},"breadcrumb":{"@id":"https:\/\/franciscanos.org.br\/noticias\/homenagem-ao-frei-jose-ariovaldo-marca-aula-inaugural-no-itf.html#breadcrumb"},"inLanguage":"pt-BR","potentialAction":[{"@type":"ReadAction","target":["https:\/\/franciscanos.org.br\/noticias\/homenagem-ao-frei-jose-ariovaldo-marca-aula-inaugural-no-itf.html"]}]},{"@type":"BreadcrumbList","@id":"https:\/\/franciscanos.org.br\/noticias\/homenagem-ao-frei-jose-ariovaldo-marca-aula-inaugural-no-itf.html#breadcrumb","itemListElement":[{"@type":"ListItem","position":1,"name":"Home","item":"https:\/\/franciscanos.org.br\/noticias"},{"@type":"ListItem","position":2,"name":"Homenagem ao Frei Jos\u00e9 Ariovaldo marca aula inaugural no ITF"}]},{"@type":"Person","@id":"https:\/\/franciscanos.org.br\/noticias\/#\/schema\/person\/37f88f0d111cd5358b12a6556a99eb91","name":"freiaugusto","image":{"@type":"ImageObject","inLanguage":"pt-BR","@id":"https:\/\/franciscanos.org.br\/noticias\/#\/schema\/person\/image\/","url":"https:\/\/secure.gravatar.com\/avatar\/9840b940e621801b24f3e6b059efb4b7?s=96&d=mm&r=g","contentUrl":"https:\/\/secure.gravatar.com\/avatar\/9840b940e621801b24f3e6b059efb4b7?s=96&d=mm&r=g","caption":"freiaugusto"},"url":"https:\/\/franciscanos.org.br\/noticias\/author\/freiaugusto"}]}},"_links":{"self":[{"href":"https:\/\/franciscanos.org.br\/noticias\/wp-json\/wp\/v2\/posts\/221342"}],"collection":[{"href":"https:\/\/franciscanos.org.br\/noticias\/wp-json\/wp\/v2\/posts"}],"about":[{"href":"https:\/\/franciscanos.org.br\/noticias\/wp-json\/wp\/v2\/types\/post"}],"author":[{"embeddable":true,"href":"https:\/\/franciscanos.org.br\/noticias\/wp-json\/wp\/v2\/users\/5"}],"replies":[{"embeddable":true,"href":"https:\/\/franciscanos.org.br\/noticias\/wp-json\/wp\/v2\/comments?post=221342"}],"version-history":[{"count":0,"href":"https:\/\/franciscanos.org.br\/noticias\/wp-json\/wp\/v2\/posts\/221342\/revisions"}],"wp:featuredmedia":[{"embeddable":true,"href":"https:\/\/franciscanos.org.br\/noticias\/wp-json\/wp\/v2\/media\/221351"}],"wp:attachment":[{"href":"https:\/\/franciscanos.org.br\/noticias\/wp-json\/wp\/v2\/media?parent=221342"}],"wp:term":[{"taxonomy":"category","embeddable":true,"href":"https:\/\/franciscanos.org.br\/noticias\/wp-json\/wp\/v2\/categories?post=221342"},{"taxonomy":"post_tag","embeddable":true,"href":"https:\/\/franciscanos.org.br\/noticias\/wp-json\/wp\/v2\/tags?post=221342"}],"curies":[{"name":"wp","href":"https:\/\/api.w.org\/{rel}","templated":true}]}}