{"id":221321,"date":"2020-02-20T08:28:45","date_gmt":"2020-02-20T11:28:45","guid":{"rendered":"https:\/\/franciscanos.org.br\/noticias\/?p=221321"},"modified":"2021-08-29T16:25:38","modified_gmt":"2021-08-29T19:25:38","slug":"papa-ser-cristao-significa-aceitar-o-caminho-de-jesus-ate-a-cruz","status":"publish","type":"post","link":"https:\/\/franciscanos.org.br\/noticias\/papa-ser-cristao-significa-aceitar-o-caminho-de-jesus-ate-a-cruz.html","title":{"rendered":"Papa: ser crist\u00e3o significa aceitar o caminho de Jesus at\u00e9 a cruz"},"content":{"rendered":"<div id=\"attachment_221322\" style=\"width: 1010px\" class=\"wp-caption alignnone\"><img aria-describedby=\"caption-attachment-221322\" loading=\"lazy\" class=\"wp-image-221322 size-full\" src=\"https:\/\/franciscanos.org.br\/noticias\/wp-content\/uploads\/2020\/02\/marta_2002.jpg\" alt=\"\" width=\"1000\" height=\"563\" srcset=\"https:\/\/franciscanos.org.br\/noticias\/wp-content\/uploads\/2020\/02\/marta_2002.jpg 1000w, https:\/\/franciscanos.org.br\/noticias\/wp-content\/uploads\/2020\/02\/marta_2002-450x253.jpg 450w, https:\/\/franciscanos.org.br\/noticias\/wp-content\/uploads\/2020\/02\/marta_2002-768x432.jpg 768w, https:\/\/franciscanos.org.br\/noticias\/wp-content\/uploads\/2020\/02\/marta_2002-150x84.jpg 150w\" sizes=\"(max-width: 1000px) 100vw, 1000px\" \/><p id=\"caption-attachment-221322\" class=\"wp-caption-text\">\u00a0 \u00a0 \u00a0 \u00a0 \u00a0 \u00a0 \u00a0 \u00a0 \u00a0 \u00a0 \u00a0 \u00a0 \u00a0 \u00a0 \u00a0 \u00a0 \u00a0 \u00a0 \u00a0 \u00a0 \u00a0 \u00a0 \u00a0 \u00a0 \u00a0 \u00a0 \u00a0 \u00a0 \u00a0 \u00a0 \u00a0 \u00a0 \u00a0 \u00a0 \u00a0 \u00a0 \u00a0 \u00a0 \u00a0 \u00a0 \u00a0 \u00a0 \u00a0 \u00a0 \u00a0 \u00a0 \u00a0 \u00a0 \u00a0 \u00a0 \u00a0 \u00a0 \u00a0 \u00a0 \u00a0 \u00a0 \u00a0 \u00a0 \u00a0 \u00a0 \u00a0 \u00a0 \u00a0 \u00a0<em> Imagem: Vatican Media<\/em><\/p><\/div>\n<p><strong>Cidade do Vaticano<\/strong> &#8211; \u201cQuem dizem os homens que eu sou?\u201d E v\u00f3s, quem dizeis que eu sou?&#8217;\u201d S\u00e3o as perguntas feitas por Jesus no trecho do Evangelho da liturgia de hoje e sobre as quais Francisco se baseou para fazer a sua homilia ao celebrar a missa na capela da Casa Santa Marta.<\/p>\n<p>O Evangelho, afirmou, nos ensina as etapas j\u00e1 percorridas pelos ap\u00f3stolos para saber que \u00e9 Jesus. S\u00e3o tr\u00eas: conhecer, professar e aceitar o caminho que Deus escolheu para Ele.<\/p>\n<p>Conhecer Jesus, observou o Papa, \u00e9 o que \u201cfazemos todos n\u00f3s\u201d quando pegamos o Evangelho, procuramos conhecer Jesus, quando levamos as crian\u00e7as ao catecismo, quando as levamos \u00e0 missa, mas \u00e9 s\u00f3 o primeiro passo. O segundo \u00e9 professar Jesus.<\/p>\n<p>E isso n\u00f3s, sozinhos, n\u00e3o podemos fazer. Na vers\u00e3o de Mateus, diz: \u201cJesus disse a Pedro: \u2018Isso n\u00e3o vem de ti. O Pai te revelou\u201d. Somente podemos professar Jesus com a for\u00e7a de Deus, com a for\u00e7a do Esp\u00edrito Santo. Ningu\u00e9m pode dizer Jesus na confiss\u00e3o e confess\u00e1-Lo sem o Esp\u00edrito, diz Paulo. N\u00f3s n\u00e3o podemos confessar Jesus sem o Esp\u00edrito. Por isso, a comunidade crist\u00e3 deve buscar sempre a for\u00e7a do Esp\u00edrito Santo para professar Jesus, para dizer que Ele \u00e9 Deus, que Ele \u00e9 o Filho de Deus.<\/p>\n<p><strong>Aceitar o caminho de Jesus at\u00e9 a cruz<\/strong><br \/>\nMas qual \u00e9 a finalidade da vida de Jesus, por qual motivo Ele veio? Responder a esta pergunta significa realizar a terceira etapa no caminho do conhecimento de Cristo. E o Papa recordou que Jesus come\u00e7ou a ensinar aos ap\u00f3stolos que deveria sofrer, morrer e depois ressuscitar.<\/p>\n<p>Professar Jesus \u00e9 professar a Sua morte, a Sua ressurrei\u00e7\u00e3o; n\u00e3o \u00e9 professar: \u201cTu \u00e9s Deus\u201d e parar ali. N\u00e3o: \u201cViestes por n\u00f3s e morreste por mim. E ressuscitastes e nos deste a vida, nos prometeste o Esp\u00edrito Santo para nos guiar\u201d. Professar Jesus significa aceitar o caminho que o Pai escolheu para Ele: a humilha\u00e7\u00e3o. Paulo, escrevendo aos Filipenses, diz: \u201cDeus enviou o Seu Filho, o qual aniquilou a si mesmo, se fez servo, humilhou a si mesmo, at\u00e9 a morte e morte de cruz\u201d. Se n\u00e3o aceitamos o caminho de Jesus, o caminho da humilha\u00e7\u00e3o que Ele escolheu para a reden\u00e7\u00e3o, n\u00e3o somos crist\u00e3os e merecemos o que Jesus disse a Pedro: \u201cVai para longe de mim, Satan\u00e1s!\u201d.<\/p>\n<p><strong>A Igreja n\u00e3o pode se tornar mundana<\/strong><br \/>\nFrancisco explicou que Satan\u00e1s sabe que Jesus \u00e9 o Filho de Deus, mas Jesus rejeita a sua \u201cconfiss\u00e3o\u201d, assim como afasta Pedro quando n\u00e3o quer aceitar o caminho escolhido por Jesus. \u201cProfessar Jesus \u2013 afirmou Papa \u2013 \u00e9 aceitar o caminho da humildade e da humilha\u00e7\u00e3o. E quando a Igreja n\u00e3o percorre este caminho, erra e acaba mundana\u201d.<\/p>\n<p>E quando n\u00f3s vemos tantos crist\u00e3os bons, n\u00e3o? Com boa vontade, mas confundem a religi\u00e3o com um conceito social de bondade, de amizade, quando n\u00f3s vemos tantos cl\u00e9rigos que dizem seguir Jesus, mas buscam as honras, o caminho da mundanidade, n\u00e3o buscam Jesus: buscam a si mesmos. N\u00e3o s\u00e3o crist\u00e3os; dizem ser crist\u00e3os, mas de nome, porque n\u00e3o aceitam o caminho de Jesus, da humilha\u00e7\u00e3o. E quando lemos na hist\u00f3ria da Igreja tantos bispos que viveram assim e tamb\u00e9m tantos Papas mundanos que n\u00e3o conheceram o caminho da humilha\u00e7\u00e3o, n\u00e3o o aceitaram, devemos aprender que aquele n\u00e3o \u00e9 o caminho.<\/p>\n<p>O Papa concluiu com o convite a pedir \u201ca gra\u00e7a da coer\u00eancia crist\u00e3\u201d para \u201cn\u00e3o usar o cristianismo para fazer carreira\u201d, a gra\u00e7a de seguir Jesus no seu mesmo caminho, at\u00e9 a humilha\u00e7\u00e3o.<\/p>\n<hr \/>\n<p><em>Fonte: Vatican News<\/em><\/p>\n","protected":false},"excerpt":{"rendered":"<p>Missa em Santa Marta<\/p>\n","protected":false},"author":3,"featured_media":221323,"comment_status":"open","ping_status":"open","sticky":false,"template":"","format":"standard","meta":[],"categories":[1428],"tags":[1586],"acf":[],"yoast_head":"<!-- This site is optimized with the Yoast SEO plugin v19.2 - https:\/\/yoast.com\/wordpress\/plugins\/seo\/ -->\n<title>Papa: ser crist\u00e3o significa aceitar o caminho de Jesus at\u00e9 a cruz - Not\u00edcias - Franciscanos<\/title>\n<meta name=\"robots\" content=\"index, follow, max-snippet:-1, max-image-preview:large, max-video-preview:-1\" \/>\n<link rel=\"canonical\" href=\"https:\/\/franciscanos.org.br\/noticias\/papa-ser-cristao-significa-aceitar-o-caminho-de-jesus-ate-a-cruz.html\" \/>\n<meta property=\"og:locale\" content=\"pt_BR\" \/>\n<meta property=\"og:type\" content=\"article\" \/>\n<meta property=\"og:title\" content=\"Papa: ser crist\u00e3o significa aceitar o caminho de Jesus at\u00e9 a cruz - Not\u00edcias - Franciscanos\" \/>\n<meta property=\"og:description\" content=\"Missa em Santa Marta\" \/>\n<meta property=\"og:url\" content=\"https:\/\/franciscanos.org.br\/noticias\/papa-ser-cristao-significa-aceitar-o-caminho-de-jesus-ate-a-cruz.html\" \/>\n<meta property=\"og:site_name\" content=\"Not\u00edcias - Franciscanos\" \/>\n<meta property=\"article:published_time\" content=\"2020-02-20T11:28:45+00:00\" \/>\n<meta property=\"article:modified_time\" content=\"2021-08-29T19:25:38+00:00\" \/>\n<meta property=\"og:image\" content=\"https:\/\/franciscanos.org.br\/noticias\/wp-content\/uploads\/2020\/02\/marta_2002d.jpg\" \/>\n\t<meta property=\"og:image:width\" content=\"273\" \/>\n\t<meta property=\"og:image:height\" content=\"181\" \/>\n\t<meta property=\"og:image:type\" content=\"image\/jpeg\" \/>\n<meta name=\"author\" content=\"moacir\" \/>\n<meta name=\"twitter:card\" content=\"summary_large_image\" \/>\n<meta name=\"twitter:label1\" content=\"Escrito por\" \/>\n\t<meta name=\"twitter:data1\" content=\"moacir\" \/>\n\t<meta name=\"twitter:label2\" content=\"Est. tempo de leitura\" \/>\n\t<meta name=\"twitter:data2\" content=\"3 minutos\" \/>\n<script type=\"application\/ld+json\" class=\"yoast-schema-graph\">{\"@context\":\"https:\/\/schema.org\",\"@graph\":[{\"@type\":\"WebSite\",\"@id\":\"https:\/\/franciscanos.org.br\/noticias\/#website\",\"url\":\"https:\/\/franciscanos.org.br\/noticias\/\",\"name\":\"Not\u00edcias - Franciscanos\",\"description\":\"Prov\u00edncia Franciscana da Imaculada Concei\u00e7\u00e3o do Brasil - Ordem dos Frades Menores - OFM\",\"potentialAction\":[{\"@type\":\"SearchAction\",\"target\":{\"@type\":\"EntryPoint\",\"urlTemplate\":\"https:\/\/franciscanos.org.br\/noticias\/?s={search_term_string}\"},\"query-input\":\"required name=search_term_string\"}],\"inLanguage\":\"pt-BR\"},{\"@type\":\"ImageObject\",\"inLanguage\":\"pt-BR\",\"@id\":\"https:\/\/franciscanos.org.br\/noticias\/papa-ser-cristao-significa-aceitar-o-caminho-de-jesus-ate-a-cruz.html#primaryimage\",\"url\":\"https:\/\/franciscanos.org.br\/noticias\/wp-content\/uploads\/2020\/02\/marta_2002d.jpg\",\"contentUrl\":\"https:\/\/franciscanos.org.br\/noticias\/wp-content\/uploads\/2020\/02\/marta_2002d.jpg\",\"width\":273,\"height\":181},{\"@type\":\"WebPage\",\"@id\":\"https:\/\/franciscanos.org.br\/noticias\/papa-ser-cristao-significa-aceitar-o-caminho-de-jesus-ate-a-cruz.html#webpage\",\"url\":\"https:\/\/franciscanos.org.br\/noticias\/papa-ser-cristao-significa-aceitar-o-caminho-de-jesus-ate-a-cruz.html\",\"name\":\"Papa: ser crist\u00e3o significa aceitar o caminho de Jesus at\u00e9 a cruz - Not\u00edcias - Franciscanos\",\"isPartOf\":{\"@id\":\"https:\/\/franciscanos.org.br\/noticias\/#website\"},\"primaryImageOfPage\":{\"@id\":\"https:\/\/franciscanos.org.br\/noticias\/papa-ser-cristao-significa-aceitar-o-caminho-de-jesus-ate-a-cruz.html#primaryimage\"},\"datePublished\":\"2020-02-20T11:28:45+00:00\",\"dateModified\":\"2021-08-29T19:25:38+00:00\",\"author\":{\"@id\":\"https:\/\/franciscanos.org.br\/noticias\/#\/schema\/person\/b5c8cba458c330ccff548b056e95a5d4\"},\"breadcrumb\":{\"@id\":\"https:\/\/franciscanos.org.br\/noticias\/papa-ser-cristao-significa-aceitar-o-caminho-de-jesus-ate-a-cruz.html#breadcrumb\"},\"inLanguage\":\"pt-BR\",\"potentialAction\":[{\"@type\":\"ReadAction\",\"target\":[\"https:\/\/franciscanos.org.br\/noticias\/papa-ser-cristao-significa-aceitar-o-caminho-de-jesus-ate-a-cruz.html\"]}]},{\"@type\":\"BreadcrumbList\",\"@id\":\"https:\/\/franciscanos.org.br\/noticias\/papa-ser-cristao-significa-aceitar-o-caminho-de-jesus-ate-a-cruz.html#breadcrumb\",\"itemListElement\":[{\"@type\":\"ListItem\",\"position\":1,\"name\":\"Home\",\"item\":\"https:\/\/franciscanos.org.br\/noticias\"},{\"@type\":\"ListItem\",\"position\":2,\"name\":\"Papa: ser crist\u00e3o significa aceitar o caminho de Jesus at\u00e9 a cruz\"}]},{\"@type\":\"Person\",\"@id\":\"https:\/\/franciscanos.org.br\/noticias\/#\/schema\/person\/b5c8cba458c330ccff548b056e95a5d4\",\"name\":\"moacir\",\"image\":{\"@type\":\"ImageObject\",\"inLanguage\":\"pt-BR\",\"@id\":\"https:\/\/franciscanos.org.br\/noticias\/#\/schema\/person\/image\/\",\"url\":\"https:\/\/secure.gravatar.com\/avatar\/d08aa2ce4c8dd416d4479aa8536fcf64?s=96&d=mm&r=g\",\"contentUrl\":\"https:\/\/secure.gravatar.com\/avatar\/d08aa2ce4c8dd416d4479aa8536fcf64?s=96&d=mm&r=g\",\"caption\":\"moacir\"},\"url\":\"https:\/\/franciscanos.org.br\/noticias\/author\/moacir\"}]}<\/script>\n<!-- \/ Yoast SEO plugin. -->","yoast_head_json":{"title":"Papa: ser crist\u00e3o significa aceitar o caminho de Jesus at\u00e9 a cruz - Not\u00edcias - Franciscanos","robots":{"index":"index","follow":"follow","max-snippet":"max-snippet:-1","max-image-preview":"max-image-preview:large","max-video-preview":"max-video-preview:-1"},"canonical":"https:\/\/franciscanos.org.br\/noticias\/papa-ser-cristao-significa-aceitar-o-caminho-de-jesus-ate-a-cruz.html","og_locale":"pt_BR","og_type":"article","og_title":"Papa: ser crist\u00e3o significa aceitar o caminho de Jesus at\u00e9 a cruz - Not\u00edcias - Franciscanos","og_description":"Missa em Santa Marta","og_url":"https:\/\/franciscanos.org.br\/noticias\/papa-ser-cristao-significa-aceitar-o-caminho-de-jesus-ate-a-cruz.html","og_site_name":"Not\u00edcias - Franciscanos","article_published_time":"2020-02-20T11:28:45+00:00","article_modified_time":"2021-08-29T19:25:38+00:00","og_image":[{"width":273,"height":181,"url":"https:\/\/franciscanos.org.br\/noticias\/wp-content\/uploads\/2020\/02\/marta_2002d.jpg","type":"image\/jpeg"}],"author":"moacir","twitter_card":"summary_large_image","twitter_misc":{"Escrito por":"moacir","Est. tempo de leitura":"3 minutos"},"schema":{"@context":"https:\/\/schema.org","@graph":[{"@type":"WebSite","@id":"https:\/\/franciscanos.org.br\/noticias\/#website","url":"https:\/\/franciscanos.org.br\/noticias\/","name":"Not\u00edcias - Franciscanos","description":"Prov\u00edncia Franciscana da Imaculada Concei\u00e7\u00e3o do Brasil - Ordem dos Frades Menores - OFM","potentialAction":[{"@type":"SearchAction","target":{"@type":"EntryPoint","urlTemplate":"https:\/\/franciscanos.org.br\/noticias\/?s={search_term_string}"},"query-input":"required name=search_term_string"}],"inLanguage":"pt-BR"},{"@type":"ImageObject","inLanguage":"pt-BR","@id":"https:\/\/franciscanos.org.br\/noticias\/papa-ser-cristao-significa-aceitar-o-caminho-de-jesus-ate-a-cruz.html#primaryimage","url":"https:\/\/franciscanos.org.br\/noticias\/wp-content\/uploads\/2020\/02\/marta_2002d.jpg","contentUrl":"https:\/\/franciscanos.org.br\/noticias\/wp-content\/uploads\/2020\/02\/marta_2002d.jpg","width":273,"height":181},{"@type":"WebPage","@id":"https:\/\/franciscanos.org.br\/noticias\/papa-ser-cristao-significa-aceitar-o-caminho-de-jesus-ate-a-cruz.html#webpage","url":"https:\/\/franciscanos.org.br\/noticias\/papa-ser-cristao-significa-aceitar-o-caminho-de-jesus-ate-a-cruz.html","name":"Papa: ser crist\u00e3o significa aceitar o caminho de Jesus at\u00e9 a cruz - Not\u00edcias - Franciscanos","isPartOf":{"@id":"https:\/\/franciscanos.org.br\/noticias\/#website"},"primaryImageOfPage":{"@id":"https:\/\/franciscanos.org.br\/noticias\/papa-ser-cristao-significa-aceitar-o-caminho-de-jesus-ate-a-cruz.html#primaryimage"},"datePublished":"2020-02-20T11:28:45+00:00","dateModified":"2021-08-29T19:25:38+00:00","author":{"@id":"https:\/\/franciscanos.org.br\/noticias\/#\/schema\/person\/b5c8cba458c330ccff548b056e95a5d4"},"breadcrumb":{"@id":"https:\/\/franciscanos.org.br\/noticias\/papa-ser-cristao-significa-aceitar-o-caminho-de-jesus-ate-a-cruz.html#breadcrumb"},"inLanguage":"pt-BR","potentialAction":[{"@type":"ReadAction","target":["https:\/\/franciscanos.org.br\/noticias\/papa-ser-cristao-significa-aceitar-o-caminho-de-jesus-ate-a-cruz.html"]}]},{"@type":"BreadcrumbList","@id":"https:\/\/franciscanos.org.br\/noticias\/papa-ser-cristao-significa-aceitar-o-caminho-de-jesus-ate-a-cruz.html#breadcrumb","itemListElement":[{"@type":"ListItem","position":1,"name":"Home","item":"https:\/\/franciscanos.org.br\/noticias"},{"@type":"ListItem","position":2,"name":"Papa: ser crist\u00e3o significa aceitar o caminho de Jesus at\u00e9 a cruz"}]},{"@type":"Person","@id":"https:\/\/franciscanos.org.br\/noticias\/#\/schema\/person\/b5c8cba458c330ccff548b056e95a5d4","name":"moacir","image":{"@type":"ImageObject","inLanguage":"pt-BR","@id":"https:\/\/franciscanos.org.br\/noticias\/#\/schema\/person\/image\/","url":"https:\/\/secure.gravatar.com\/avatar\/d08aa2ce4c8dd416d4479aa8536fcf64?s=96&d=mm&r=g","contentUrl":"https:\/\/secure.gravatar.com\/avatar\/d08aa2ce4c8dd416d4479aa8536fcf64?s=96&d=mm&r=g","caption":"moacir"},"url":"https:\/\/franciscanos.org.br\/noticias\/author\/moacir"}]}},"_links":{"self":[{"href":"https:\/\/franciscanos.org.br\/noticias\/wp-json\/wp\/v2\/posts\/221321"}],"collection":[{"href":"https:\/\/franciscanos.org.br\/noticias\/wp-json\/wp\/v2\/posts"}],"about":[{"href":"https:\/\/franciscanos.org.br\/noticias\/wp-json\/wp\/v2\/types\/post"}],"author":[{"embeddable":true,"href":"https:\/\/franciscanos.org.br\/noticias\/wp-json\/wp\/v2\/users\/3"}],"replies":[{"embeddable":true,"href":"https:\/\/franciscanos.org.br\/noticias\/wp-json\/wp\/v2\/comments?post=221321"}],"version-history":[{"count":2,"href":"https:\/\/franciscanos.org.br\/noticias\/wp-json\/wp\/v2\/posts\/221321\/revisions"}],"predecessor-version":[{"id":234041,"href":"https:\/\/franciscanos.org.br\/noticias\/wp-json\/wp\/v2\/posts\/221321\/revisions\/234041"}],"wp:featuredmedia":[{"embeddable":true,"href":"https:\/\/franciscanos.org.br\/noticias\/wp-json\/wp\/v2\/media\/221323"}],"wp:attachment":[{"href":"https:\/\/franciscanos.org.br\/noticias\/wp-json\/wp\/v2\/media?parent=221321"}],"wp:term":[{"taxonomy":"category","embeddable":true,"href":"https:\/\/franciscanos.org.br\/noticias\/wp-json\/wp\/v2\/categories?post=221321"},{"taxonomy":"post_tag","embeddable":true,"href":"https:\/\/franciscanos.org.br\/noticias\/wp-json\/wp\/v2\/tags?post=221321"}],"curies":[{"name":"wp","href":"https:\/\/api.w.org\/{rel}","templated":true}]}}