{"id":221298,"date":"2020-02-20T06:45:29","date_gmt":"2020-02-20T09:45:29","guid":{"rendered":"https:\/\/franciscanos.org.br\/noticias\/?p=221298"},"modified":"2020-02-20T06:45:29","modified_gmt":"2020-02-20T09:45:29","slug":"pastoral-universitaria-da-fae-realiza-formacao-para-voluntarios","status":"publish","type":"post","link":"https:\/\/franciscanos.org.br\/noticias\/pastoral-universitaria-da-fae-realiza-formacao-para-voluntarios.html","title":{"rendered":"Pastoral Universit\u00e1ria da FAE realiza forma\u00e7\u00e3o para volunt\u00e1rios"},"content":{"rendered":"<p><img loading=\"lazy\" class=\"alignnone size-full wp-image-221299\" src=\"https:\/\/franciscanos.org.br\/noticias\/wp-content\/uploads\/2020\/02\/fae_2002.jpg\" alt=\"\" width=\"1280\" height=\"654\" srcset=\"https:\/\/franciscanos.org.br\/noticias\/wp-content\/uploads\/2020\/02\/fae_2002.jpg 1280w, https:\/\/franciscanos.org.br\/noticias\/wp-content\/uploads\/2020\/02\/fae_2002-450x230.jpg 450w, https:\/\/franciscanos.org.br\/noticias\/wp-content\/uploads\/2020\/02\/fae_2002-1024x523.jpg 1024w, https:\/\/franciscanos.org.br\/noticias\/wp-content\/uploads\/2020\/02\/fae_2002-768x392.jpg 768w, https:\/\/franciscanos.org.br\/noticias\/wp-content\/uploads\/2020\/02\/fae_2002-150x77.jpg 150w\" sizes=\"(max-width: 1280px) 100vw, 1280px\" \/><\/p>\n<p><strong>Curitiba (PR)<\/strong> &#8211; Dentro do eixo da forma\u00e7\u00e3o e reflex\u00e3o, a Pastoral Universit\u00e1ria da FAE realizou neste dia 19 de fevereiro a Forma\u00e7\u00e3o de Volunt\u00e1rios. O objetivo foi proporcionar conhecimento a respeito de aspectos t\u00e9cnicos e legais do voluntariado, bem como realiza\u00e7\u00e3o de din\u00e2mica, trocas de experi\u00eancia, apresenta\u00e7\u00e3o de atividades j\u00e1 realizadas de voluntariado pela PastoralE, o papel do volunt\u00e1rio para com o pr\u00f3ximo e para consigo mesmo.<\/p>\n<p>Dentro do exerc\u00edcio de definir o voluntariado, cada aluno pode expor sua pr\u00f3pria ideia a respeito do que \u00e9 o voluntariado e como poderia ser representado. De acordo com alguns dos alunos participantes, o voluntariado se define como: \u201cSemear o bem ao pr\u00f3ximo sem esperar nada em troca\u201d; &#8220;crescimento pessoal e espiritual&#8221;; \u201cter empatia\u201d; \u201cn\u00e3o somente uma a\u00e7\u00e3o pontual e sim um modo de vida\u201d; \u201cgratid\u00e3o\u201d; &#8220;ajudar aqueles que muitas vezes n\u00e3o pedem ajuda, mas mesmo assim precisam dela&#8221;.<\/p>\n<p><img loading=\"lazy\" class=\"alignnone size-full wp-image-221300\" src=\"https:\/\/franciscanos.org.br\/noticias\/wp-content\/uploads\/2020\/02\/fae_2002_1.jpg\" alt=\"\" width=\"1280\" height=\"709\" srcset=\"https:\/\/franciscanos.org.br\/noticias\/wp-content\/uploads\/2020\/02\/fae_2002_1.jpg 1280w, https:\/\/franciscanos.org.br\/noticias\/wp-content\/uploads\/2020\/02\/fae_2002_1-450x249.jpg 450w, https:\/\/franciscanos.org.br\/noticias\/wp-content\/uploads\/2020\/02\/fae_2002_1-1024x567.jpg 1024w, https:\/\/franciscanos.org.br\/noticias\/wp-content\/uploads\/2020\/02\/fae_2002_1-768x425.jpg 768w, https:\/\/franciscanos.org.br\/noticias\/wp-content\/uploads\/2020\/02\/fae_2002_1-150x83.jpg 150w\" sizes=\"(max-width: 1280px) 100vw, 1280px\" \/><\/p>\n<p>De acordo com o palestrante Wellington, da equipe Pastoral, o voluntariado n\u00e3o tem somente uma defini\u00e7\u00e3o, envolve a quest\u00e3o da integralidade da pessoa e valores.<\/p>\n<p>S\u00e3o tr\u00eas os eixos trabalhados pela Pastoral da FAE: Espiritualidade, A\u00e7\u00f5es Socioeducativas e Forma\u00e7\u00e3o\/Reflex\u00e3o, este \u00faltimo visa proporcionar momentos de forma\u00e7\u00e3o para que a pessoa, no exerc\u00edcio do questionamento e reflex\u00e3o, procure sentido e encontre a sua voca\u00e7\u00e3o, permitindo um aprofundamento na compreens\u00e3o do sentido da pr\u00f3pria exist\u00eancia humana: \u201cConhece-te a ti mesmo\u201d.<\/p>\n<p><em>Thaynara Luania Olba, da Pastoral da FAE<\/em><\/p>\n<hr \/>\n\n\t\t<style type=\"text\/css\">\n\t\t\t#gallery-1 {\n\t\t\t\tmargin: auto;\n\t\t\t}\n\t\t\t#gallery-1 .gallery-item {\n\t\t\t\tfloat: left;\n\t\t\t\tmargin-top: 10px;\n\t\t\t\ttext-align: center;\n\t\t\t\twidth: 25%;\n\t\t\t}\n\t\t\t#gallery-1 img {\n\t\t\t\tborder: 2px solid #cfcfcf;\n\t\t\t}\n\t\t\t#gallery-1 .gallery-caption {\n\t\t\t\tmargin-left: 0;\n\t\t\t}\n\t\t\t\/* see gallery_shortcode() in wp-includes\/media.php *\/\n\t\t<\/style>\n\t\t<div id='gallery-1' class='gallery galleryid-221298 gallery-columns-4 gallery-size-thumbnail'><dl class='gallery-item'>\n\t\t\t<dt class='gallery-icon landscape'>\n\t\t\t\t<a href='https:\/\/franciscanos.org.br\/noticias\/wp-content\/uploads\/2020\/02\/fae.jpg'><img width=\"300\" height=\"300\" src=\"https:\/\/franciscanos.org.br\/noticias\/wp-content\/uploads\/2020\/02\/fae-300x300.jpg\" class=\"attachment-thumbnail size-thumbnail\" alt=\"\" loading=\"lazy\" srcset=\"https:\/\/franciscanos.org.br\/noticias\/wp-content\/uploads\/2020\/02\/fae-300x300.jpg 300w, https:\/\/franciscanos.org.br\/noticias\/wp-content\/uploads\/2020\/02\/fae-100x100.jpg 100w, https:\/\/franciscanos.org.br\/noticias\/wp-content\/uploads\/2020\/02\/fae-400x400.jpg 400w\" sizes=\"(max-width: 300px) 100vw, 300px\" \/><\/a>\n\t\t\t<\/dt><\/dl><dl class='gallery-item'>\n\t\t\t<dt class='gallery-icon landscape'>\n\t\t\t\t<a href='https:\/\/franciscanos.org.br\/noticias\/wp-content\/uploads\/2020\/02\/fae-2.jpg'><img width=\"300\" height=\"300\" src=\"https:\/\/franciscanos.org.br\/noticias\/wp-content\/uploads\/2020\/02\/fae-2-300x300.jpg\" class=\"attachment-thumbnail size-thumbnail\" alt=\"\" loading=\"lazy\" srcset=\"https:\/\/franciscanos.org.br\/noticias\/wp-content\/uploads\/2020\/02\/fae-2-300x300.jpg 300w, https:\/\/franciscanos.org.br\/noticias\/wp-content\/uploads\/2020\/02\/fae-2-100x100.jpg 100w, https:\/\/franciscanos.org.br\/noticias\/wp-content\/uploads\/2020\/02\/fae-2-400x400.jpg 400w\" sizes=\"(max-width: 300px) 100vw, 300px\" \/><\/a>\n\t\t\t<\/dt><\/dl><dl class='gallery-item'>\n\t\t\t<dt class='gallery-icon landscape'>\n\t\t\t\t<a href='https:\/\/franciscanos.org.br\/noticias\/wp-content\/uploads\/2020\/02\/fae-3.jpg'><img width=\"300\" height=\"300\" src=\"https:\/\/franciscanos.org.br\/noticias\/wp-content\/uploads\/2020\/02\/fae-3-300x300.jpg\" class=\"attachment-thumbnail size-thumbnail\" alt=\"\" loading=\"lazy\" srcset=\"https:\/\/franciscanos.org.br\/noticias\/wp-content\/uploads\/2020\/02\/fae-3-300x300.jpg 300w, https:\/\/franciscanos.org.br\/noticias\/wp-content\/uploads\/2020\/02\/fae-3-100x100.jpg 100w, https:\/\/franciscanos.org.br\/noticias\/wp-content\/uploads\/2020\/02\/fae-3-400x400.jpg 400w\" sizes=\"(max-width: 300px) 100vw, 300px\" \/><\/a>\n\t\t\t<\/dt><\/dl><dl class='gallery-item'>\n\t\t\t<dt class='gallery-icon landscape'>\n\t\t\t\t<a href='https:\/\/franciscanos.org.br\/noticias\/wp-content\/uploads\/2020\/02\/fae-4.jpg'><img width=\"300\" height=\"300\" src=\"https:\/\/franciscanos.org.br\/noticias\/wp-content\/uploads\/2020\/02\/fae-4-300x300.jpg\" class=\"attachment-thumbnail size-thumbnail\" alt=\"\" loading=\"lazy\" srcset=\"https:\/\/franciscanos.org.br\/noticias\/wp-content\/uploads\/2020\/02\/fae-4-300x300.jpg 300w, https:\/\/franciscanos.org.br\/noticias\/wp-content\/uploads\/2020\/02\/fae-4-100x100.jpg 100w, https:\/\/franciscanos.org.br\/noticias\/wp-content\/uploads\/2020\/02\/fae-4-400x400.jpg 400w\" sizes=\"(max-width: 300px) 100vw, 300px\" \/><\/a>\n\t\t\t<\/dt><\/dl><br style=\"clear: both\" \/><dl class='gallery-item'>\n\t\t\t<dt class='gallery-icon landscape'>\n\t\t\t\t<a href='https:\/\/franciscanos.org.br\/noticias\/wp-content\/uploads\/2020\/02\/fae-5.jpg'><img width=\"300\" height=\"300\" src=\"https:\/\/franciscanos.org.br\/noticias\/wp-content\/uploads\/2020\/02\/fae-5-300x300.jpg\" class=\"attachment-thumbnail size-thumbnail\" alt=\"\" loading=\"lazy\" srcset=\"https:\/\/franciscanos.org.br\/noticias\/wp-content\/uploads\/2020\/02\/fae-5-300x300.jpg 300w, https:\/\/franciscanos.org.br\/noticias\/wp-content\/uploads\/2020\/02\/fae-5-100x100.jpg 100w, https:\/\/franciscanos.org.br\/noticias\/wp-content\/uploads\/2020\/02\/fae-5-400x400.jpg 400w\" sizes=\"(max-width: 300px) 100vw, 300px\" \/><\/a>\n\t\t\t<\/dt><\/dl><dl class='gallery-item'>\n\t\t\t<dt class='gallery-icon landscape'>\n\t\t\t\t<a href='https:\/\/franciscanos.org.br\/noticias\/wp-content\/uploads\/2020\/02\/fae-6.jpg'><img width=\"300\" height=\"300\" src=\"https:\/\/franciscanos.org.br\/noticias\/wp-content\/uploads\/2020\/02\/fae-6-300x300.jpg\" class=\"attachment-thumbnail size-thumbnail\" alt=\"\" loading=\"lazy\" srcset=\"https:\/\/franciscanos.org.br\/noticias\/wp-content\/uploads\/2020\/02\/fae-6-300x300.jpg 300w, https:\/\/franciscanos.org.br\/noticias\/wp-content\/uploads\/2020\/02\/fae-6-100x100.jpg 100w, https:\/\/franciscanos.org.br\/noticias\/wp-content\/uploads\/2020\/02\/fae-6-400x400.jpg 400w\" sizes=\"(max-width: 300px) 100vw, 300px\" \/><\/a>\n\t\t\t<\/dt><\/dl><dl class='gallery-item'>\n\t\t\t<dt class='gallery-icon landscape'>\n\t\t\t\t<a href='https:\/\/franciscanos.org.br\/noticias\/wp-content\/uploads\/2020\/02\/fae-7.jpg'><img width=\"300\" height=\"300\" src=\"https:\/\/franciscanos.org.br\/noticias\/wp-content\/uploads\/2020\/02\/fae-7-300x300.jpg\" class=\"attachment-thumbnail size-thumbnail\" alt=\"\" loading=\"lazy\" srcset=\"https:\/\/franciscanos.org.br\/noticias\/wp-content\/uploads\/2020\/02\/fae-7-300x300.jpg 300w, https:\/\/franciscanos.org.br\/noticias\/wp-content\/uploads\/2020\/02\/fae-7-100x100.jpg 100w, https:\/\/franciscanos.org.br\/noticias\/wp-content\/uploads\/2020\/02\/fae-7-400x400.jpg 400w\" sizes=\"(max-width: 300px) 100vw, 300px\" \/><\/a>\n\t\t\t<\/dt><\/dl><dl class='gallery-item'>\n\t\t\t<dt class='gallery-icon landscape'>\n\t\t\t\t<a href='https:\/\/franciscanos.org.br\/noticias\/wp-content\/uploads\/2020\/02\/fae-9.jpg'><img width=\"300\" height=\"300\" src=\"https:\/\/franciscanos.org.br\/noticias\/wp-content\/uploads\/2020\/02\/fae-9-300x300.jpg\" class=\"attachment-thumbnail size-thumbnail\" alt=\"\" loading=\"lazy\" srcset=\"https:\/\/franciscanos.org.br\/noticias\/wp-content\/uploads\/2020\/02\/fae-9-300x300.jpg 300w, https:\/\/franciscanos.org.br\/noticias\/wp-content\/uploads\/2020\/02\/fae-9-100x100.jpg 100w, https:\/\/franciscanos.org.br\/noticias\/wp-content\/uploads\/2020\/02\/fae-9-400x400.jpg 400w\" sizes=\"(max-width: 300px) 100vw, 300px\" \/><\/a>\n\t\t\t<\/dt><\/dl><br style=\"clear: both\" \/><dl class='gallery-item'>\n\t\t\t<dt class='gallery-icon landscape'>\n\t\t\t\t<a href='https:\/\/franciscanos.org.br\/noticias\/wp-content\/uploads\/2020\/02\/fae-10.jpg'><img width=\"300\" height=\"300\" src=\"https:\/\/franciscanos.org.br\/noticias\/wp-content\/uploads\/2020\/02\/fae-10-300x300.jpg\" class=\"attachment-thumbnail size-thumbnail\" alt=\"\" loading=\"lazy\" srcset=\"https:\/\/franciscanos.org.br\/noticias\/wp-content\/uploads\/2020\/02\/fae-10-300x300.jpg 300w, https:\/\/franciscanos.org.br\/noticias\/wp-content\/uploads\/2020\/02\/fae-10-100x100.jpg 100w, https:\/\/franciscanos.org.br\/noticias\/wp-content\/uploads\/2020\/02\/fae-10-400x400.jpg 400w\" sizes=\"(max-width: 300px) 100vw, 300px\" \/><\/a>\n\t\t\t<\/dt><\/dl><dl class='gallery-item'>\n\t\t\t<dt class='gallery-icon landscape'>\n\t\t\t\t<a href='https:\/\/franciscanos.org.br\/noticias\/wp-content\/uploads\/2020\/02\/fae-11.jpg'><img width=\"300\" height=\"300\" src=\"https:\/\/franciscanos.org.br\/noticias\/wp-content\/uploads\/2020\/02\/fae-11-300x300.jpg\" class=\"attachment-thumbnail size-thumbnail\" alt=\"\" loading=\"lazy\" srcset=\"https:\/\/franciscanos.org.br\/noticias\/wp-content\/uploads\/2020\/02\/fae-11-300x300.jpg 300w, https:\/\/franciscanos.org.br\/noticias\/wp-content\/uploads\/2020\/02\/fae-11-100x100.jpg 100w, https:\/\/franciscanos.org.br\/noticias\/wp-content\/uploads\/2020\/02\/fae-11-400x400.jpg 400w\" sizes=\"(max-width: 300px) 100vw, 300px\" \/><\/a>\n\t\t\t<\/dt><\/dl><dl class='gallery-item'>\n\t\t\t<dt class='gallery-icon landscape'>\n\t\t\t\t<a href='https:\/\/franciscanos.org.br\/noticias\/wp-content\/uploads\/2020\/02\/fae-12.jpg'><img width=\"300\" height=\"300\" src=\"https:\/\/franciscanos.org.br\/noticias\/wp-content\/uploads\/2020\/02\/fae-12-300x300.jpg\" class=\"attachment-thumbnail size-thumbnail\" alt=\"\" loading=\"lazy\" srcset=\"https:\/\/franciscanos.org.br\/noticias\/wp-content\/uploads\/2020\/02\/fae-12-300x300.jpg 300w, https:\/\/franciscanos.org.br\/noticias\/wp-content\/uploads\/2020\/02\/fae-12-100x100.jpg 100w, https:\/\/franciscanos.org.br\/noticias\/wp-content\/uploads\/2020\/02\/fae-12-400x400.jpg 400w\" sizes=\"(max-width: 300px) 100vw, 300px\" \/><\/a>\n\t\t\t<\/dt><\/dl><dl class='gallery-item'>\n\t\t\t<dt class='gallery-icon landscape'>\n\t\t\t\t<a href='https:\/\/franciscanos.org.br\/noticias\/wp-content\/uploads\/2020\/02\/fae-13.jpg'><img width=\"300\" height=\"300\" src=\"https:\/\/franciscanos.org.br\/noticias\/wp-content\/uploads\/2020\/02\/fae-13-300x300.jpg\" class=\"attachment-thumbnail size-thumbnail\" alt=\"\" loading=\"lazy\" srcset=\"https:\/\/franciscanos.org.br\/noticias\/wp-content\/uploads\/2020\/02\/fae-13-300x300.jpg 300w, https:\/\/franciscanos.org.br\/noticias\/wp-content\/uploads\/2020\/02\/fae-13-100x100.jpg 100w, https:\/\/franciscanos.org.br\/noticias\/wp-content\/uploads\/2020\/02\/fae-13-400x400.jpg 400w\" sizes=\"(max-width: 300px) 100vw, 300px\" \/><\/a>\n\t\t\t<\/dt><\/dl><br style=\"clear: both\" \/>\n\t\t<\/div>\n\n","protected":false},"excerpt":{"rendered":"<p>Pastoral Universit\u00e1ria da FAE<\/p>\n","protected":false},"author":3,"featured_media":221301,"comment_status":"open","ping_status":"open","sticky":false,"template":"","format":"standard","meta":[],"categories":[1],"tags":[548],"acf":[],"yoast_head":"<!-- This site is optimized with the Yoast SEO plugin v19.2 - https:\/\/yoast.com\/wordpress\/plugins\/seo\/ -->\n<title>Pastoral Universit\u00e1ria da FAE realiza forma\u00e7\u00e3o para volunt\u00e1rios - Not\u00edcias - Franciscanos<\/title>\n<meta name=\"robots\" content=\"index, follow, max-snippet:-1, max-image-preview:large, max-video-preview:-1\" \/>\n<link rel=\"canonical\" href=\"https:\/\/franciscanos.org.br\/noticias\/pastoral-universitaria-da-fae-realiza-formacao-para-voluntarios.html\" \/>\n<meta property=\"og:locale\" content=\"pt_BR\" \/>\n<meta property=\"og:type\" content=\"article\" \/>\n<meta property=\"og:title\" content=\"Pastoral Universit\u00e1ria da FAE realiza forma\u00e7\u00e3o para volunt\u00e1rios - Not\u00edcias - Franciscanos\" \/>\n<meta property=\"og:description\" content=\"Pastoral Universit\u00e1ria da FAE\" \/>\n<meta property=\"og:url\" content=\"https:\/\/franciscanos.org.br\/noticias\/pastoral-universitaria-da-fae-realiza-formacao-para-voluntarios.html\" \/>\n<meta property=\"og:site_name\" content=\"Not\u00edcias - Franciscanos\" \/>\n<meta property=\"article:published_time\" content=\"2020-02-20T09:45:29+00:00\" \/>\n<meta property=\"og:image\" content=\"https:\/\/franciscanos.org.br\/noticias\/wp-content\/uploads\/2020\/02\/fae_2002d.jpg\" \/>\n\t<meta property=\"og:image:width\" content=\"273\" \/>\n\t<meta property=\"og:image:height\" content=\"181\" \/>\n\t<meta property=\"og:image:type\" content=\"image\/jpeg\" \/>\n<meta name=\"author\" content=\"moacir\" \/>\n<meta name=\"twitter:card\" content=\"summary_large_image\" \/>\n<meta name=\"twitter:label1\" content=\"Escrito por\" \/>\n\t<meta name=\"twitter:data1\" content=\"moacir\" \/>\n\t<meta name=\"twitter:label2\" content=\"Est. tempo de leitura\" \/>\n\t<meta name=\"twitter:data2\" content=\"1 minuto\" \/>\n<script type=\"application\/ld+json\" class=\"yoast-schema-graph\">{\"@context\":\"https:\/\/schema.org\",\"@graph\":[{\"@type\":\"WebSite\",\"@id\":\"https:\/\/franciscanos.org.br\/noticias\/#website\",\"url\":\"https:\/\/franciscanos.org.br\/noticias\/\",\"name\":\"Not\u00edcias - Franciscanos\",\"description\":\"Prov\u00edncia Franciscana da Imaculada Concei\u00e7\u00e3o do Brasil - Ordem dos Frades Menores - OFM\",\"potentialAction\":[{\"@type\":\"SearchAction\",\"target\":{\"@type\":\"EntryPoint\",\"urlTemplate\":\"https:\/\/franciscanos.org.br\/noticias\/?s={search_term_string}\"},\"query-input\":\"required name=search_term_string\"}],\"inLanguage\":\"pt-BR\"},{\"@type\":\"ImageObject\",\"inLanguage\":\"pt-BR\",\"@id\":\"https:\/\/franciscanos.org.br\/noticias\/pastoral-universitaria-da-fae-realiza-formacao-para-voluntarios.html#primaryimage\",\"url\":\"https:\/\/franciscanos.org.br\/noticias\/wp-content\/uploads\/2020\/02\/fae_2002d.jpg\",\"contentUrl\":\"https:\/\/franciscanos.org.br\/noticias\/wp-content\/uploads\/2020\/02\/fae_2002d.jpg\",\"width\":273,\"height\":181},{\"@type\":\"WebPage\",\"@id\":\"https:\/\/franciscanos.org.br\/noticias\/pastoral-universitaria-da-fae-realiza-formacao-para-voluntarios.html#webpage\",\"url\":\"https:\/\/franciscanos.org.br\/noticias\/pastoral-universitaria-da-fae-realiza-formacao-para-voluntarios.html\",\"name\":\"Pastoral Universit\u00e1ria da FAE realiza forma\u00e7\u00e3o para volunt\u00e1rios - Not\u00edcias - Franciscanos\",\"isPartOf\":{\"@id\":\"https:\/\/franciscanos.org.br\/noticias\/#website\"},\"primaryImageOfPage\":{\"@id\":\"https:\/\/franciscanos.org.br\/noticias\/pastoral-universitaria-da-fae-realiza-formacao-para-voluntarios.html#primaryimage\"},\"datePublished\":\"2020-02-20T09:45:29+00:00\",\"dateModified\":\"2020-02-20T09:45:29+00:00\",\"author\":{\"@id\":\"https:\/\/franciscanos.org.br\/noticias\/#\/schema\/person\/b5c8cba458c330ccff548b056e95a5d4\"},\"breadcrumb\":{\"@id\":\"https:\/\/franciscanos.org.br\/noticias\/pastoral-universitaria-da-fae-realiza-formacao-para-voluntarios.html#breadcrumb\"},\"inLanguage\":\"pt-BR\",\"potentialAction\":[{\"@type\":\"ReadAction\",\"target\":[\"https:\/\/franciscanos.org.br\/noticias\/pastoral-universitaria-da-fae-realiza-formacao-para-voluntarios.html\"]}]},{\"@type\":\"BreadcrumbList\",\"@id\":\"https:\/\/franciscanos.org.br\/noticias\/pastoral-universitaria-da-fae-realiza-formacao-para-voluntarios.html#breadcrumb\",\"itemListElement\":[{\"@type\":\"ListItem\",\"position\":1,\"name\":\"Home\",\"item\":\"https:\/\/franciscanos.org.br\/noticias\"},{\"@type\":\"ListItem\",\"position\":2,\"name\":\"Pastoral Universit\u00e1ria da FAE realiza forma\u00e7\u00e3o para volunt\u00e1rios\"}]},{\"@type\":\"Person\",\"@id\":\"https:\/\/franciscanos.org.br\/noticias\/#\/schema\/person\/b5c8cba458c330ccff548b056e95a5d4\",\"name\":\"moacir\",\"image\":{\"@type\":\"ImageObject\",\"inLanguage\":\"pt-BR\",\"@id\":\"https:\/\/franciscanos.org.br\/noticias\/#\/schema\/person\/image\/\",\"url\":\"https:\/\/secure.gravatar.com\/avatar\/d08aa2ce4c8dd416d4479aa8536fcf64?s=96&d=mm&r=g\",\"contentUrl\":\"https:\/\/secure.gravatar.com\/avatar\/d08aa2ce4c8dd416d4479aa8536fcf64?s=96&d=mm&r=g\",\"caption\":\"moacir\"},\"url\":\"https:\/\/franciscanos.org.br\/noticias\/author\/moacir\"}]}<\/script>\n<!-- \/ Yoast SEO plugin. -->","yoast_head_json":{"title":"Pastoral Universit\u00e1ria da FAE realiza forma\u00e7\u00e3o para volunt\u00e1rios - Not\u00edcias - Franciscanos","robots":{"index":"index","follow":"follow","max-snippet":"max-snippet:-1","max-image-preview":"max-image-preview:large","max-video-preview":"max-video-preview:-1"},"canonical":"https:\/\/franciscanos.org.br\/noticias\/pastoral-universitaria-da-fae-realiza-formacao-para-voluntarios.html","og_locale":"pt_BR","og_type":"article","og_title":"Pastoral Universit\u00e1ria da FAE realiza forma\u00e7\u00e3o para volunt\u00e1rios - Not\u00edcias - Franciscanos","og_description":"Pastoral Universit\u00e1ria da FAE","og_url":"https:\/\/franciscanos.org.br\/noticias\/pastoral-universitaria-da-fae-realiza-formacao-para-voluntarios.html","og_site_name":"Not\u00edcias - Franciscanos","article_published_time":"2020-02-20T09:45:29+00:00","og_image":[{"width":273,"height":181,"url":"https:\/\/franciscanos.org.br\/noticias\/wp-content\/uploads\/2020\/02\/fae_2002d.jpg","type":"image\/jpeg"}],"author":"moacir","twitter_card":"summary_large_image","twitter_misc":{"Escrito por":"moacir","Est. tempo de leitura":"1 minuto"},"schema":{"@context":"https:\/\/schema.org","@graph":[{"@type":"WebSite","@id":"https:\/\/franciscanos.org.br\/noticias\/#website","url":"https:\/\/franciscanos.org.br\/noticias\/","name":"Not\u00edcias - Franciscanos","description":"Prov\u00edncia Franciscana da Imaculada Concei\u00e7\u00e3o do Brasil - Ordem dos Frades Menores - OFM","potentialAction":[{"@type":"SearchAction","target":{"@type":"EntryPoint","urlTemplate":"https:\/\/franciscanos.org.br\/noticias\/?s={search_term_string}"},"query-input":"required name=search_term_string"}],"inLanguage":"pt-BR"},{"@type":"ImageObject","inLanguage":"pt-BR","@id":"https:\/\/franciscanos.org.br\/noticias\/pastoral-universitaria-da-fae-realiza-formacao-para-voluntarios.html#primaryimage","url":"https:\/\/franciscanos.org.br\/noticias\/wp-content\/uploads\/2020\/02\/fae_2002d.jpg","contentUrl":"https:\/\/franciscanos.org.br\/noticias\/wp-content\/uploads\/2020\/02\/fae_2002d.jpg","width":273,"height":181},{"@type":"WebPage","@id":"https:\/\/franciscanos.org.br\/noticias\/pastoral-universitaria-da-fae-realiza-formacao-para-voluntarios.html#webpage","url":"https:\/\/franciscanos.org.br\/noticias\/pastoral-universitaria-da-fae-realiza-formacao-para-voluntarios.html","name":"Pastoral Universit\u00e1ria da FAE realiza forma\u00e7\u00e3o para volunt\u00e1rios - Not\u00edcias - Franciscanos","isPartOf":{"@id":"https:\/\/franciscanos.org.br\/noticias\/#website"},"primaryImageOfPage":{"@id":"https:\/\/franciscanos.org.br\/noticias\/pastoral-universitaria-da-fae-realiza-formacao-para-voluntarios.html#primaryimage"},"datePublished":"2020-02-20T09:45:29+00:00","dateModified":"2020-02-20T09:45:29+00:00","author":{"@id":"https:\/\/franciscanos.org.br\/noticias\/#\/schema\/person\/b5c8cba458c330ccff548b056e95a5d4"},"breadcrumb":{"@id":"https:\/\/franciscanos.org.br\/noticias\/pastoral-universitaria-da-fae-realiza-formacao-para-voluntarios.html#breadcrumb"},"inLanguage":"pt-BR","potentialAction":[{"@type":"ReadAction","target":["https:\/\/franciscanos.org.br\/noticias\/pastoral-universitaria-da-fae-realiza-formacao-para-voluntarios.html"]}]},{"@type":"BreadcrumbList","@id":"https:\/\/franciscanos.org.br\/noticias\/pastoral-universitaria-da-fae-realiza-formacao-para-voluntarios.html#breadcrumb","itemListElement":[{"@type":"ListItem","position":1,"name":"Home","item":"https:\/\/franciscanos.org.br\/noticias"},{"@type":"ListItem","position":2,"name":"Pastoral Universit\u00e1ria da FAE realiza forma\u00e7\u00e3o para volunt\u00e1rios"}]},{"@type":"Person","@id":"https:\/\/franciscanos.org.br\/noticias\/#\/schema\/person\/b5c8cba458c330ccff548b056e95a5d4","name":"moacir","image":{"@type":"ImageObject","inLanguage":"pt-BR","@id":"https:\/\/franciscanos.org.br\/noticias\/#\/schema\/person\/image\/","url":"https:\/\/secure.gravatar.com\/avatar\/d08aa2ce4c8dd416d4479aa8536fcf64?s=96&d=mm&r=g","contentUrl":"https:\/\/secure.gravatar.com\/avatar\/d08aa2ce4c8dd416d4479aa8536fcf64?s=96&d=mm&r=g","caption":"moacir"},"url":"https:\/\/franciscanos.org.br\/noticias\/author\/moacir"}]}},"_links":{"self":[{"href":"https:\/\/franciscanos.org.br\/noticias\/wp-json\/wp\/v2\/posts\/221298"}],"collection":[{"href":"https:\/\/franciscanos.org.br\/noticias\/wp-json\/wp\/v2\/posts"}],"about":[{"href":"https:\/\/franciscanos.org.br\/noticias\/wp-json\/wp\/v2\/types\/post"}],"author":[{"embeddable":true,"href":"https:\/\/franciscanos.org.br\/noticias\/wp-json\/wp\/v2\/users\/3"}],"replies":[{"embeddable":true,"href":"https:\/\/franciscanos.org.br\/noticias\/wp-json\/wp\/v2\/comments?post=221298"}],"version-history":[{"count":0,"href":"https:\/\/franciscanos.org.br\/noticias\/wp-json\/wp\/v2\/posts\/221298\/revisions"}],"wp:featuredmedia":[{"embeddable":true,"href":"https:\/\/franciscanos.org.br\/noticias\/wp-json\/wp\/v2\/media\/221301"}],"wp:attachment":[{"href":"https:\/\/franciscanos.org.br\/noticias\/wp-json\/wp\/v2\/media?parent=221298"}],"wp:term":[{"taxonomy":"category","embeddable":true,"href":"https:\/\/franciscanos.org.br\/noticias\/wp-json\/wp\/v2\/categories?post=221298"},{"taxonomy":"post_tag","embeddable":true,"href":"https:\/\/franciscanos.org.br\/noticias\/wp-json\/wp\/v2\/tags?post=221298"}],"curies":[{"name":"wp","href":"https:\/\/api.w.org\/{rel}","templated":true}]}}