{"id":221291,"date":"2020-02-19T18:12:25","date_gmt":"2020-02-19T21:12:25","guid":{"rendered":"https:\/\/franciscanos.org.br\/noticias\/?p=221291"},"modified":"2020-02-19T18:12:25","modified_gmt":"2020-02-19T21:12:25","slug":"por-uma-economia-menos-predatoria-e-mais-solidaria","status":"publish","type":"post","link":"https:\/\/franciscanos.org.br\/noticias\/por-uma-economia-menos-predatoria-e-mais-solidaria.html","title":{"rendered":"Por uma economia menos predat\u00f3ria e mais solid\u00e1ria"},"content":{"rendered":"<p><img loading=\"lazy\" class=\"alignnone size-full wp-image-221292\" src=\"https:\/\/franciscanos.org.br\/noticias\/wp-content\/uploads\/2020\/02\/economia_1902_4.jpg\" alt=\"\" width=\"1280\" height=\"733\" srcset=\"https:\/\/franciscanos.org.br\/noticias\/wp-content\/uploads\/2020\/02\/economia_1902_4.jpg 1280w, https:\/\/franciscanos.org.br\/noticias\/wp-content\/uploads\/2020\/02\/economia_1902_4-450x258.jpg 450w, https:\/\/franciscanos.org.br\/noticias\/wp-content\/uploads\/2020\/02\/economia_1902_4-1024x586.jpg 1024w, https:\/\/franciscanos.org.br\/noticias\/wp-content\/uploads\/2020\/02\/economia_1902_4-768x440.jpg 768w, https:\/\/franciscanos.org.br\/noticias\/wp-content\/uploads\/2020\/02\/economia_1902_4-150x86.jpg 150w\" sizes=\"(max-width: 1280px) 100vw, 1280px\" \/><\/p>\n<p>\u201cUma economia que faz viver e n\u00e3o mata\u201d \u00e9 a base para uma ampla reflex\u00e3o iniciada em Petr\u00f3polis-RJ e articulada por oito institui\u00e7\u00f5es reconhecidas pela contribui\u00e7\u00e3o nas \u00e1reas cultural e social. Esse evento piloto, realizado no dia 18 de fevereiro, pretende fomentar a discuss\u00e3o em torno de uma economia menos predat\u00f3ria e mais solid\u00e1ria.<\/p>\n<p>Frei Ivo M\u00fcller, diretor do Instituto Teol\u00f3gico Franciscano-ITF (que abrigou a confer\u00eancia), acolheu os participantes, seguido por Frei Jos\u00e9 Francisco dos Santos, F\u00e1bio Paes e Talita Guimar\u00e3es (SEFRAS) que explicaram o objetivo e o contexto deste semin\u00e1rio na cidade de Petr\u00f3polis e regi\u00e3o. O horizonte para compreender a sua import\u00e2ncia parte das figuras de Clara e Francisco de Assis, de quem o atual papa herdou o nome e a inspira\u00e7\u00e3o. Trata-se da contribui\u00e7\u00e3o franciscana (e brasileira) para o encontro intitulado \u201cA economia de Francisco\u201d que ocorrer\u00e1 de 26 a 28 de mar\u00e7o, em Assis, e contar\u00e1 com a participa\u00e7\u00e3o de jovens economistas e empres\u00e1rios, com menos de 35 anos, de todo o mundo.<\/p>\n<p>Para este ciclo de palestras, dividido em cinco pain\u00e9is, foram convidados especialistas em quest\u00f5es ambientais, desigualdades sociais, finan\u00e7as inclusivas, desenvolvimento sustent\u00e1vel e espiritualidade. O bal\u00e9 do projeto Gente Viva abrilhantou a manh\u00e3 e deu in\u00edcio \u00e0s exposi\u00e7\u00f5es.<\/p>\n<p><img loading=\"lazy\" class=\"alignnone size-full wp-image-221294\" src=\"https:\/\/franciscanos.org.br\/noticias\/wp-content\/uploads\/2020\/02\/economia_1902_2.jpg\" alt=\"\" width=\"1280\" height=\"853\" srcset=\"https:\/\/franciscanos.org.br\/noticias\/wp-content\/uploads\/2020\/02\/economia_1902_2.jpg 1280w, https:\/\/franciscanos.org.br\/noticias\/wp-content\/uploads\/2020\/02\/economia_1902_2-450x300.jpg 450w, https:\/\/franciscanos.org.br\/noticias\/wp-content\/uploads\/2020\/02\/economia_1902_2-1024x682.jpg 1024w, https:\/\/franciscanos.org.br\/noticias\/wp-content\/uploads\/2020\/02\/economia_1902_2-768x512.jpg 768w, https:\/\/franciscanos.org.br\/noticias\/wp-content\/uploads\/2020\/02\/economia_1902_2-150x100.jpg 150w\" sizes=\"(max-width: 1280px) 100vw, 1280px\" \/><\/p>\n<p>Rud\u00e1 Guedes (soci\u00f3logo) abordou os desafios da realidade social, pol\u00edtica e econ\u00f4mica da atualidade a partir da perspectiva da Economia de Francisco. De acordo com ele, \u201ca l\u00f3gica individualista est\u00e1 matando a solidariedade&#8230; Estamos lutando contra a destrui\u00e7\u00e3o da \u2018Nossa Casa\u2019\u201d. O soci\u00f3logo, que tamb\u00e9m \u00e9 coordenador da Articula\u00e7\u00e3o Brasileira pela Economia de Francisco (ABEF), ressaltou os tr\u00eas eixos norteadores do pensamento econ\u00f4mico do Papa Francisco: 1) pensar teoricamente a economia (para o desenvolvimento do planeta); 2) acolher e promover experi\u00eancias de uma nova economia; 3) alterar o curr\u00edculo das faculdades de Economia. O soci\u00f3logo tamb\u00e9m leu trechos da \u201cCarta de Clara e Francisco \u2013 Direto do Brasil para o Encontro Mundial em Assis\u201d.<\/p>\n<p>Leonardo Boff (te\u00f3logo), representando o Centro de Defesa dos Direitos Humanos-CDDH, discorreu sobre as mudan\u00e7as ambientais observadas no planeta e sobre a necessidade da urg\u00eancia de mudan\u00e7a do paradigma econ\u00f4mico. O atual paradigma de morte deve ser substitu\u00eddo pelo paradigma do cuidado visando a salva\u00e7\u00e3o de nossa \u201cCasa Comum\u201d. Ele tamb\u00e9m alertou para os perigos decorrentes do emprego da energia nuclear; da cria\u00e7\u00e3o da intelig\u00eancia artificial aut\u00f4noma; das cat\u00e1strofes social e ecol\u00f3gica e da extin\u00e7\u00e3o dos bens e servi\u00e7os (recursos naturais) ofertados pelo planeta terra aos seus habitantes.<\/p>\n<p>Marcos Arruda (economista e educador), coordenador do PACS \u2013 Instituto Pol\u00edticas Alternativas para o Cone Sul, fez um breve hist\u00f3rico de sua trajet\u00f3ria pessoal e falou sobre o emprego de recursos financeiros para fins que n\u00e3o visam o bem-estar da humanidade. Destacaram-se a realidade econ\u00f4mico-social brasileira e os aspectos econ\u00f4micos destes \u00faltimos anos.<\/p>\n<p><img loading=\"lazy\" class=\"alignnone size-full wp-image-221295\" src=\"https:\/\/franciscanos.org.br\/noticias\/wp-content\/uploads\/2020\/02\/economia_1902.jpg\" alt=\"\" width=\"1280\" height=\"700\" srcset=\"https:\/\/franciscanos.org.br\/noticias\/wp-content\/uploads\/2020\/02\/economia_1902.jpg 1280w, https:\/\/franciscanos.org.br\/noticias\/wp-content\/uploads\/2020\/02\/economia_1902-450x246.jpg 450w, https:\/\/franciscanos.org.br\/noticias\/wp-content\/uploads\/2020\/02\/economia_1902-1024x560.jpg 1024w, https:\/\/franciscanos.org.br\/noticias\/wp-content\/uploads\/2020\/02\/economia_1902-768x420.jpg 768w, https:\/\/franciscanos.org.br\/noticias\/wp-content\/uploads\/2020\/02\/economia_1902-150x82.jpg 150w\" sizes=\"(max-width: 1280px) 100vw, 1280px\" \/><\/p>\n<p>Frei Vit\u00f3rio Mazzuco (te\u00f3logo), da Universidade S\u00e3o Francisco-USF, apresentou a perspectiva de uma Nova Economia baseada na espiritualidade de Clara e Francisco. O frade comentou algumas curiosidades a respeito da pequena cidade italiana de Assis \u2013 sede do encontro promovido pelo Papa. Oriundos de fam\u00edlias poderosas e abastadas, os dois santos s\u00e3o exemplos de convers\u00e3o \u2013 uma verdadeira mudan\u00e7a de vida atrav\u00e9s de suas escolhas radicais \u2013 com ra\u00edzes tamb\u00e9m na economia. Ambos optaram por uma economia da doa\u00e7\u00e3o e da partilha. \u201cPara S\u00e3o Francisco, a pobreza n\u00e3o \u00e9 ter ou n\u00e3o ter. \u00c9 a coragem de ter em comum\u201d, assinalou Frei Vit\u00f3rio.<\/p>\n<p>Rosana Padial (assistente social), s\u00f3cia-diretora da NOUS \u2013 Desenvolvimento Profissional Ltda., elencou alguns pactos, pr\u00e1ticas e viv\u00eancias contempor\u00e2neas para uma outra economia poss\u00edvel. A rica experi\u00eancia como assistente social em uma comunidade em Itaquera, S\u00e3o Paulo, fundamentou a sua exposi\u00e7\u00e3o que tamb\u00e9m salientou a import\u00e2ncia econ\u00f4mica e social de iniciativas como as de aplicativos de economia compartilhada para hospedagem e carona.<\/p>\n<p><img loading=\"lazy\" class=\"alignnone size-full wp-image-221296\" src=\"https:\/\/franciscanos.org.br\/noticias\/wp-content\/uploads\/2020\/02\/economia_1902_3.jpg\" alt=\"\" width=\"1280\" height=\"682\" srcset=\"https:\/\/franciscanos.org.br\/noticias\/wp-content\/uploads\/2020\/02\/economia_1902_3.jpg 1280w, https:\/\/franciscanos.org.br\/noticias\/wp-content\/uploads\/2020\/02\/economia_1902_3-450x240.jpg 450w, https:\/\/franciscanos.org.br\/noticias\/wp-content\/uploads\/2020\/02\/economia_1902_3-1024x546.jpg 1024w, https:\/\/franciscanos.org.br\/noticias\/wp-content\/uploads\/2020\/02\/economia_1902_3-768x409.jpg 768w, https:\/\/franciscanos.org.br\/noticias\/wp-content\/uploads\/2020\/02\/economia_1902_3-150x80.jpg 150w\" sizes=\"(max-width: 1280px) 100vw, 1280px\" \/><\/p>\n<p>Esse primeiro semin\u00e1rio regional contou com a colabora\u00e7\u00e3o do Servi\u00e7o Franciscano de Solidariedade (SEFRAS), Instituto Teol\u00f3gico Franciscano (ITF), Universidade S\u00e3o Francisco (USF), Centro de Defesa dos Direitos Humanos (CDDH), Editora Vozes, Servi\u00e7o Inter-Franciscano de Justi\u00e7a, Paz e Ecologia (Sinfrajupe), Articula\u00e7\u00e3o Brasileira pela Economia de Francisco (ABEF) e FAE Centro Universit\u00e1rio.<\/p>\n<p>O final do encontro deixou um convite provocante a indagar e pensar, nos passos de Clara e Francisco, o que significa e como construir uma economia em novas bases que atendam \u00e0s necessidades do ser humano. Portanto, essa \u201cprovoca\u00e7\u00e3o\u201d n\u00e3o termina aqui. Quem perdeu esta oportunidade deve ficar atento \u00e0 possibilidade de outros eventos como este.<\/p>\n<hr \/>\n<p><em>Neuci L. Silva (texto) e Igor Fernandes e Rafael Corr\u00eaa (fotos)<\/em><\/p>\n","protected":false},"excerpt":{"rendered":"<p>Instituto Teol\u00f3gico Franciscano<\/p>\n","protected":false},"author":3,"featured_media":221293,"comment_status":"open","ping_status":"open","sticky":false,"template":"","format":"standard","meta":[],"categories":[1],"tags":[1554,189],"acf":[],"yoast_head":"<!-- This site is optimized with the Yoast SEO plugin v19.2 - https:\/\/yoast.com\/wordpress\/plugins\/seo\/ -->\n<title>Por uma economia menos predat\u00f3ria e mais solid\u00e1ria - Not\u00edcias - Franciscanos<\/title>\n<meta name=\"robots\" content=\"index, follow, max-snippet:-1, max-image-preview:large, max-video-preview:-1\" \/>\n<link rel=\"canonical\" href=\"https:\/\/franciscanos.org.br\/noticias\/por-uma-economia-menos-predatoria-e-mais-solidaria.html\" \/>\n<meta property=\"og:locale\" content=\"pt_BR\" \/>\n<meta property=\"og:type\" content=\"article\" \/>\n<meta property=\"og:title\" content=\"Por uma economia menos predat\u00f3ria e mais solid\u00e1ria - Not\u00edcias - Franciscanos\" \/>\n<meta property=\"og:description\" content=\"Instituto Teol\u00f3gico Franciscano\" \/>\n<meta property=\"og:url\" content=\"https:\/\/franciscanos.org.br\/noticias\/por-uma-economia-menos-predatoria-e-mais-solidaria.html\" \/>\n<meta property=\"og:site_name\" content=\"Not\u00edcias - Franciscanos\" \/>\n<meta property=\"article:published_time\" content=\"2020-02-19T21:12:25+00:00\" \/>\n<meta property=\"og:image\" content=\"https:\/\/franciscanos.org.br\/noticias\/wp-content\/uploads\/2020\/02\/economia_1902_d.jpg\" \/>\n\t<meta property=\"og:image:width\" content=\"273\" \/>\n\t<meta property=\"og:image:height\" content=\"181\" \/>\n\t<meta property=\"og:image:type\" content=\"image\/jpeg\" \/>\n<meta name=\"author\" content=\"moacir\" \/>\n<meta name=\"twitter:card\" content=\"summary_large_image\" \/>\n<meta name=\"twitter:label1\" content=\"Escrito por\" \/>\n\t<meta name=\"twitter:data1\" content=\"moacir\" \/>\n\t<meta name=\"twitter:label2\" content=\"Est. tempo de leitura\" \/>\n\t<meta name=\"twitter:data2\" content=\"4 minutos\" \/>\n<script type=\"application\/ld+json\" class=\"yoast-schema-graph\">{\"@context\":\"https:\/\/schema.org\",\"@graph\":[{\"@type\":\"WebSite\",\"@id\":\"https:\/\/franciscanos.org.br\/noticias\/#website\",\"url\":\"https:\/\/franciscanos.org.br\/noticias\/\",\"name\":\"Not\u00edcias - Franciscanos\",\"description\":\"Prov\u00edncia Franciscana da Imaculada Concei\u00e7\u00e3o do Brasil - Ordem dos Frades Menores - OFM\",\"potentialAction\":[{\"@type\":\"SearchAction\",\"target\":{\"@type\":\"EntryPoint\",\"urlTemplate\":\"https:\/\/franciscanos.org.br\/noticias\/?s={search_term_string}\"},\"query-input\":\"required name=search_term_string\"}],\"inLanguage\":\"pt-BR\"},{\"@type\":\"ImageObject\",\"inLanguage\":\"pt-BR\",\"@id\":\"https:\/\/franciscanos.org.br\/noticias\/por-uma-economia-menos-predatoria-e-mais-solidaria.html#primaryimage\",\"url\":\"https:\/\/franciscanos.org.br\/noticias\/wp-content\/uploads\/2020\/02\/economia_1902_d.jpg\",\"contentUrl\":\"https:\/\/franciscanos.org.br\/noticias\/wp-content\/uploads\/2020\/02\/economia_1902_d.jpg\",\"width\":273,\"height\":181},{\"@type\":\"WebPage\",\"@id\":\"https:\/\/franciscanos.org.br\/noticias\/por-uma-economia-menos-predatoria-e-mais-solidaria.html#webpage\",\"url\":\"https:\/\/franciscanos.org.br\/noticias\/por-uma-economia-menos-predatoria-e-mais-solidaria.html\",\"name\":\"Por uma economia menos predat\u00f3ria e mais solid\u00e1ria - Not\u00edcias - Franciscanos\",\"isPartOf\":{\"@id\":\"https:\/\/franciscanos.org.br\/noticias\/#website\"},\"primaryImageOfPage\":{\"@id\":\"https:\/\/franciscanos.org.br\/noticias\/por-uma-economia-menos-predatoria-e-mais-solidaria.html#primaryimage\"},\"datePublished\":\"2020-02-19T21:12:25+00:00\",\"dateModified\":\"2020-02-19T21:12:25+00:00\",\"author\":{\"@id\":\"https:\/\/franciscanos.org.br\/noticias\/#\/schema\/person\/b5c8cba458c330ccff548b056e95a5d4\"},\"breadcrumb\":{\"@id\":\"https:\/\/franciscanos.org.br\/noticias\/por-uma-economia-menos-predatoria-e-mais-solidaria.html#breadcrumb\"},\"inLanguage\":\"pt-BR\",\"potentialAction\":[{\"@type\":\"ReadAction\",\"target\":[\"https:\/\/franciscanos.org.br\/noticias\/por-uma-economia-menos-predatoria-e-mais-solidaria.html\"]}]},{\"@type\":\"BreadcrumbList\",\"@id\":\"https:\/\/franciscanos.org.br\/noticias\/por-uma-economia-menos-predatoria-e-mais-solidaria.html#breadcrumb\",\"itemListElement\":[{\"@type\":\"ListItem\",\"position\":1,\"name\":\"Home\",\"item\":\"https:\/\/franciscanos.org.br\/noticias\"},{\"@type\":\"ListItem\",\"position\":2,\"name\":\"Por uma economia menos predat\u00f3ria e mais solid\u00e1ria\"}]},{\"@type\":\"Person\",\"@id\":\"https:\/\/franciscanos.org.br\/noticias\/#\/schema\/person\/b5c8cba458c330ccff548b056e95a5d4\",\"name\":\"moacir\",\"image\":{\"@type\":\"ImageObject\",\"inLanguage\":\"pt-BR\",\"@id\":\"https:\/\/franciscanos.org.br\/noticias\/#\/schema\/person\/image\/\",\"url\":\"https:\/\/secure.gravatar.com\/avatar\/d08aa2ce4c8dd416d4479aa8536fcf64?s=96&d=mm&r=g\",\"contentUrl\":\"https:\/\/secure.gravatar.com\/avatar\/d08aa2ce4c8dd416d4479aa8536fcf64?s=96&d=mm&r=g\",\"caption\":\"moacir\"},\"url\":\"https:\/\/franciscanos.org.br\/noticias\/author\/moacir\"}]}<\/script>\n<!-- \/ Yoast SEO plugin. -->","yoast_head_json":{"title":"Por uma economia menos predat\u00f3ria e mais solid\u00e1ria - Not\u00edcias - Franciscanos","robots":{"index":"index","follow":"follow","max-snippet":"max-snippet:-1","max-image-preview":"max-image-preview:large","max-video-preview":"max-video-preview:-1"},"canonical":"https:\/\/franciscanos.org.br\/noticias\/por-uma-economia-menos-predatoria-e-mais-solidaria.html","og_locale":"pt_BR","og_type":"article","og_title":"Por uma economia menos predat\u00f3ria e mais solid\u00e1ria - Not\u00edcias - Franciscanos","og_description":"Instituto Teol\u00f3gico Franciscano","og_url":"https:\/\/franciscanos.org.br\/noticias\/por-uma-economia-menos-predatoria-e-mais-solidaria.html","og_site_name":"Not\u00edcias - Franciscanos","article_published_time":"2020-02-19T21:12:25+00:00","og_image":[{"width":273,"height":181,"url":"https:\/\/franciscanos.org.br\/noticias\/wp-content\/uploads\/2020\/02\/economia_1902_d.jpg","type":"image\/jpeg"}],"author":"moacir","twitter_card":"summary_large_image","twitter_misc":{"Escrito por":"moacir","Est. tempo de leitura":"4 minutos"},"schema":{"@context":"https:\/\/schema.org","@graph":[{"@type":"WebSite","@id":"https:\/\/franciscanos.org.br\/noticias\/#website","url":"https:\/\/franciscanos.org.br\/noticias\/","name":"Not\u00edcias - Franciscanos","description":"Prov\u00edncia Franciscana da Imaculada Concei\u00e7\u00e3o do Brasil - Ordem dos Frades Menores - OFM","potentialAction":[{"@type":"SearchAction","target":{"@type":"EntryPoint","urlTemplate":"https:\/\/franciscanos.org.br\/noticias\/?s={search_term_string}"},"query-input":"required name=search_term_string"}],"inLanguage":"pt-BR"},{"@type":"ImageObject","inLanguage":"pt-BR","@id":"https:\/\/franciscanos.org.br\/noticias\/por-uma-economia-menos-predatoria-e-mais-solidaria.html#primaryimage","url":"https:\/\/franciscanos.org.br\/noticias\/wp-content\/uploads\/2020\/02\/economia_1902_d.jpg","contentUrl":"https:\/\/franciscanos.org.br\/noticias\/wp-content\/uploads\/2020\/02\/economia_1902_d.jpg","width":273,"height":181},{"@type":"WebPage","@id":"https:\/\/franciscanos.org.br\/noticias\/por-uma-economia-menos-predatoria-e-mais-solidaria.html#webpage","url":"https:\/\/franciscanos.org.br\/noticias\/por-uma-economia-menos-predatoria-e-mais-solidaria.html","name":"Por uma economia menos predat\u00f3ria e mais solid\u00e1ria - Not\u00edcias - Franciscanos","isPartOf":{"@id":"https:\/\/franciscanos.org.br\/noticias\/#website"},"primaryImageOfPage":{"@id":"https:\/\/franciscanos.org.br\/noticias\/por-uma-economia-menos-predatoria-e-mais-solidaria.html#primaryimage"},"datePublished":"2020-02-19T21:12:25+00:00","dateModified":"2020-02-19T21:12:25+00:00","author":{"@id":"https:\/\/franciscanos.org.br\/noticias\/#\/schema\/person\/b5c8cba458c330ccff548b056e95a5d4"},"breadcrumb":{"@id":"https:\/\/franciscanos.org.br\/noticias\/por-uma-economia-menos-predatoria-e-mais-solidaria.html#breadcrumb"},"inLanguage":"pt-BR","potentialAction":[{"@type":"ReadAction","target":["https:\/\/franciscanos.org.br\/noticias\/por-uma-economia-menos-predatoria-e-mais-solidaria.html"]}]},{"@type":"BreadcrumbList","@id":"https:\/\/franciscanos.org.br\/noticias\/por-uma-economia-menos-predatoria-e-mais-solidaria.html#breadcrumb","itemListElement":[{"@type":"ListItem","position":1,"name":"Home","item":"https:\/\/franciscanos.org.br\/noticias"},{"@type":"ListItem","position":2,"name":"Por uma economia menos predat\u00f3ria e mais solid\u00e1ria"}]},{"@type":"Person","@id":"https:\/\/franciscanos.org.br\/noticias\/#\/schema\/person\/b5c8cba458c330ccff548b056e95a5d4","name":"moacir","image":{"@type":"ImageObject","inLanguage":"pt-BR","@id":"https:\/\/franciscanos.org.br\/noticias\/#\/schema\/person\/image\/","url":"https:\/\/secure.gravatar.com\/avatar\/d08aa2ce4c8dd416d4479aa8536fcf64?s=96&d=mm&r=g","contentUrl":"https:\/\/secure.gravatar.com\/avatar\/d08aa2ce4c8dd416d4479aa8536fcf64?s=96&d=mm&r=g","caption":"moacir"},"url":"https:\/\/franciscanos.org.br\/noticias\/author\/moacir"}]}},"_links":{"self":[{"href":"https:\/\/franciscanos.org.br\/noticias\/wp-json\/wp\/v2\/posts\/221291"}],"collection":[{"href":"https:\/\/franciscanos.org.br\/noticias\/wp-json\/wp\/v2\/posts"}],"about":[{"href":"https:\/\/franciscanos.org.br\/noticias\/wp-json\/wp\/v2\/types\/post"}],"author":[{"embeddable":true,"href":"https:\/\/franciscanos.org.br\/noticias\/wp-json\/wp\/v2\/users\/3"}],"replies":[{"embeddable":true,"href":"https:\/\/franciscanos.org.br\/noticias\/wp-json\/wp\/v2\/comments?post=221291"}],"version-history":[{"count":0,"href":"https:\/\/franciscanos.org.br\/noticias\/wp-json\/wp\/v2\/posts\/221291\/revisions"}],"wp:featuredmedia":[{"embeddable":true,"href":"https:\/\/franciscanos.org.br\/noticias\/wp-json\/wp\/v2\/media\/221293"}],"wp:attachment":[{"href":"https:\/\/franciscanos.org.br\/noticias\/wp-json\/wp\/v2\/media?parent=221291"}],"wp:term":[{"taxonomy":"category","embeddable":true,"href":"https:\/\/franciscanos.org.br\/noticias\/wp-json\/wp\/v2\/categories?post=221291"},{"taxonomy":"post_tag","embeddable":true,"href":"https:\/\/franciscanos.org.br\/noticias\/wp-json\/wp\/v2\/tags?post=221291"}],"curies":[{"name":"wp","href":"https:\/\/api.w.org\/{rel}","templated":true}]}}