{"id":221277,"date":"2020-02-18T08:15:21","date_gmt":"2020-02-18T11:15:21","guid":{"rendered":"https:\/\/franciscanos.org.br\/noticias\/?p=221277"},"modified":"2021-08-29T16:30:14","modified_gmt":"2021-08-29T19:30:14","slug":"seremos-julgados-pela-compaixao-nao-pelas-ideologias","status":"publish","type":"post","link":"https:\/\/franciscanos.org.br\/noticias\/seremos-julgados-pela-compaixao-nao-pelas-ideologias.html","title":{"rendered":"Seremos julgados pela compaix\u00e3o, n\u00e3o pelas ideologias"},"content":{"rendered":"<div id=\"attachment_221279\" style=\"width: 850px\" class=\"wp-caption alignnone\"><img aria-describedby=\"caption-attachment-221279\" loading=\"lazy\" class=\"wp-image-221279 size-full\" src=\"https:\/\/franciscanos.org.br\/noticias\/wp-content\/uploads\/2020\/02\/marta_180220_g.jpg\" alt=\"\" width=\"840\" height=\"450\" srcset=\"https:\/\/franciscanos.org.br\/noticias\/wp-content\/uploads\/2020\/02\/marta_180220_g.jpg 840w, https:\/\/franciscanos.org.br\/noticias\/wp-content\/uploads\/2020\/02\/marta_180220_g-450x241.jpg 450w, https:\/\/franciscanos.org.br\/noticias\/wp-content\/uploads\/2020\/02\/marta_180220_g-768x411.jpg 768w, https:\/\/franciscanos.org.br\/noticias\/wp-content\/uploads\/2020\/02\/marta_180220_g-150x80.jpg 150w\" sizes=\"(max-width: 840px) 100vw, 840px\" \/><p id=\"caption-attachment-221279\" class=\"wp-caption-text\">\u00a0 \u00a0 \u00a0 \u00a0 \u00a0 \u00a0 \u00a0 \u00a0 \u00a0 \u00a0 \u00a0 \u00a0 \u00a0 \u00a0 \u00a0 \u00a0 \u00a0 \u00a0 \u00a0 \u00a0 \u00a0 \u00a0 \u00a0 \u00a0 \u00a0 \u00a0 \u00a0 \u00a0 \u00a0 \u00a0 \u00a0 \u00a0 \u00a0 \u00a0 \u00a0 \u00a0 \u00a0 \u00a0 \u00a0 \u00a0 \u00a0 \u00a0 \u00a0 \u00a0 \u00a0 \u00a0 \u00a0 \u00a0 \u00a0 \u00a0 \u00a0 \u00a0 \u00a0 \u00a0<em> \u00a0 \u00a0 \u00a0 \u00a0 \u00a0 \u00a0 \u00a0 Imagem: Vatican Media<\/em><\/p><\/div>\n<p><strong>Cidade do Vaticano &#8211;<\/strong> O Papa Francisco celebrou a missa esta manh\u00e3 (18\/02) na capela da Casa Santa Marta e em sua homilia comentou o Evangelho de Marcos, que narra o epis\u00f3dio em que os disc\u00edpulos entraram na barca com Jesus e se preocupam com a gest\u00e3o de algo material: \u201cdiscutiam entre si porque n\u00e3o tinham p\u00e3o\u201d. Jesus os adverte: &#8220;Por que discutis sobre a falta de p\u00e3o? Ainda n\u00e3o entendeis e nem compreendeis? V\u00f3s tendes o cora\u00e7\u00e3o endurecido? Tendo olhos, v\u00f3s n\u00e3o vedes, e tendo ouvidos, n\u00e3o ouvis? N\u00e3o vos lembrais de quando reparti cinco p\u00e3es para cinco mil pessoas? Quantos cestos v\u00f3s recolhestes cheios de peda\u00e7os?&#8221;<\/p>\n<p>A reflex\u00e3o do Papa quis mostrar a diferen\u00e7a entre um &#8220;cora\u00e7\u00e3o endurecido&#8221;, como o do disc\u00edpulo, e um \u201ccora\u00e7\u00e3o compassivo\u201d, como o do Senhor, que expressa a Sua vontade. E a vontade do Senhor \u00e9 a compaix\u00e3o: \u201cMiseric\u00f3rdia quero, e n\u00e3o sacrif\u00edcio\u201d. E um cora\u00e7\u00e3o sem compaix\u00e3o \u00e9 um cora\u00e7\u00e3o idol\u00e1trico, \u00e9 um cora\u00e7\u00e3o autossuficiente, que vai avante amparado pelo pr\u00f3prio ego\u00edsmo, que se torna forte somente com as ideologias. Pensemos nesses quatro grupos ideol\u00f3gicos do tempo de Jesus: os fariseus, os saduceus, os ess\u00eanios e os zelotas. Quatro grupos que haviam endurecido o cora\u00e7\u00e3o para levar avante um projeto que n\u00e3o era o de Deus; n\u00e3o havia lugar para o projeto de Deus, n\u00e3o havia lugar para a compaix\u00e3o.<\/p>\n<p>Mas existe um rem\u00e9dio contra a dureza do cora\u00e7\u00e3o: \u00e9 a mem\u00f3ria. Por isso, no Evangelho de hoje e em tantos trechos da B\u00edblia, volta como uma esp\u00e9cie de \u201crefr\u00e3o\u201d o chamado ao poder salv\u00edfico da mem\u00f3ria, uma \u201cgra\u00e7a\u201d a ser pedida, disse Francisco, porque \u201cmant\u00e9m o cora\u00e7\u00e3o aberto e fiel\u201d.\u00a0Quando o cora\u00e7\u00e3o se torna endurecido, quando o cora\u00e7\u00e3o se endurece, se esquece&#8230; Esquece-se da gra\u00e7a da salva\u00e7\u00e3o, se esquece a gratuidade. O cora\u00e7\u00e3o duro leva \u00e0s brigas, leva \u00e0s guerras, leva ao ego\u00edsmo, leva \u00e0 destrui\u00e7\u00e3o do irm\u00e3o, porque n\u00e3o existe compaix\u00e3o. E a maior mensagem de salva\u00e7\u00e3o \u00e9 que Deus sentiu compaix\u00e3o por n\u00f3s. Aquele refr\u00e3o do Evangelho, quando Jesus v\u00ea uma pessoa, uma situa\u00e7\u00e3o dolorosa: \u201csentiu compaix\u00e3o\u201d. Jesus \u00e9 a compaix\u00e3o do Pai; Jesus \u00e9 a afronta a toda dureza de cora\u00e7\u00e3o.<\/p>\n<p>Portanto, pedir a gra\u00e7a de ter um cora\u00e7\u00e3o &#8220;n\u00e3o ideologizado&#8221; e endurecido, mas &#8220;no ar&#8221;, &#8220;aberto e compassivo&#8221; diante do que acontece no mundo, porque \u2013 recordou o Papa \u2013 sobre isto seremos julgados no dia do ju\u00edzo, n\u00e3o pelas nossas \u201cideias&#8221; ou pelas nossas \u201cideologias\u201d.\u00a0\u201cTive fome e me destes de comer; estive preso e viestes me visitar, estive aflito e me consolastes\u201d, est\u00e1 escrito no Evangelho e esta \u2013 afirmou Francisco &#8211; \u00e9 a compaix\u00e3o, esta \u00e9 a n\u00e3o dureza do cora\u00e7\u00e3o\u201d. E a humildade, a mem\u00f3ria das nossas ra\u00edzes e da nossa salva\u00e7\u00e3o nos ajudar\u00e3o a mant\u00ea-lo assim.<\/p>\n<p>Eis ent\u00e3o a ora\u00e7\u00e3o conclusiva do Papa: &#8220;Cada um de n\u00f3s tem algo que endureceu no cora\u00e7\u00e3o. Fa\u00e7amos mem\u00f3ria e que seja o Senhor a nos dar um cora\u00e7\u00e3o reto e sincero que pedimos na ora\u00e7\u00e3o da coleta, onde habita o Senhor. Nos cora\u00e7\u00f5es endurecidos o Senhor n\u00e3o pode entrar; nos cora\u00e7\u00f5es ideol\u00f3gicos o Senhor n\u00e3o pode entrar. O Senhor entra somente nos cora\u00e7\u00f5es que s\u00e3o como o Seu cora\u00e7\u00e3o: os cora\u00e7\u00f5es compassivos, os cora\u00e7\u00f5es que t\u00eam compaix\u00e3o, os cora\u00e7\u00f5es abertos. Que o Senhor nos d\u00ea esta gra\u00e7a.<\/p>\n<hr \/>\n<p><em>Fonte: Vatican News<\/em><\/p>\n","protected":false},"excerpt":{"rendered":"<p>Papa em Santa Marta<\/p>\n","protected":false},"author":1,"featured_media":221278,"comment_status":"open","ping_status":"open","sticky":false,"template":"","format":"standard","meta":[],"categories":[1428],"tags":[829],"acf":[],"yoast_head":"<!-- This site is optimized with the Yoast SEO plugin v19.2 - https:\/\/yoast.com\/wordpress\/plugins\/seo\/ -->\n<title>Seremos julgados pela compaix\u00e3o, n\u00e3o pelas ideologias - Not\u00edcias - Franciscanos<\/title>\n<meta name=\"robots\" content=\"index, follow, max-snippet:-1, max-image-preview:large, max-video-preview:-1\" \/>\n<link rel=\"canonical\" href=\"https:\/\/franciscanos.org.br\/noticias\/seremos-julgados-pela-compaixao-nao-pelas-ideologias.html\" \/>\n<meta property=\"og:locale\" content=\"pt_BR\" \/>\n<meta property=\"og:type\" content=\"article\" \/>\n<meta property=\"og:title\" content=\"Seremos julgados pela compaix\u00e3o, n\u00e3o pelas ideologias - Not\u00edcias - Franciscanos\" \/>\n<meta property=\"og:description\" content=\"Papa em Santa Marta\" \/>\n<meta property=\"og:url\" content=\"https:\/\/franciscanos.org.br\/noticias\/seremos-julgados-pela-compaixao-nao-pelas-ideologias.html\" \/>\n<meta property=\"og:site_name\" content=\"Not\u00edcias - Franciscanos\" \/>\n<meta property=\"article:published_time\" content=\"2020-02-18T11:15:21+00:00\" \/>\n<meta property=\"article:modified_time\" content=\"2021-08-29T19:30:14+00:00\" \/>\n<meta property=\"og:image\" content=\"https:\/\/franciscanos.org.br\/noticias\/wp-content\/uploads\/2020\/02\/marta_180220p.jpg\" \/>\n\t<meta property=\"og:image:width\" content=\"273\" \/>\n\t<meta property=\"og:image:height\" content=\"181\" \/>\n\t<meta property=\"og:image:type\" content=\"image\/jpeg\" \/>\n<meta name=\"author\" content=\"admin\" \/>\n<meta name=\"twitter:card\" content=\"summary_large_image\" \/>\n<meta name=\"twitter:label1\" content=\"Escrito por\" \/>\n\t<meta name=\"twitter:data1\" content=\"admin\" \/>\n\t<meta name=\"twitter:label2\" content=\"Est. tempo de leitura\" \/>\n\t<meta name=\"twitter:data2\" content=\"3 minutos\" \/>\n<script type=\"application\/ld+json\" class=\"yoast-schema-graph\">{\"@context\":\"https:\/\/schema.org\",\"@graph\":[{\"@type\":\"WebSite\",\"@id\":\"https:\/\/franciscanos.org.br\/noticias\/#website\",\"url\":\"https:\/\/franciscanos.org.br\/noticias\/\",\"name\":\"Not\u00edcias - Franciscanos\",\"description\":\"Prov\u00edncia Franciscana da Imaculada Concei\u00e7\u00e3o do Brasil - Ordem dos Frades Menores - OFM\",\"potentialAction\":[{\"@type\":\"SearchAction\",\"target\":{\"@type\":\"EntryPoint\",\"urlTemplate\":\"https:\/\/franciscanos.org.br\/noticias\/?s={search_term_string}\"},\"query-input\":\"required name=search_term_string\"}],\"inLanguage\":\"pt-BR\"},{\"@type\":\"ImageObject\",\"inLanguage\":\"pt-BR\",\"@id\":\"https:\/\/franciscanos.org.br\/noticias\/seremos-julgados-pela-compaixao-nao-pelas-ideologias.html#primaryimage\",\"url\":\"https:\/\/franciscanos.org.br\/noticias\/wp-content\/uploads\/2020\/02\/marta_180220p.jpg\",\"contentUrl\":\"https:\/\/franciscanos.org.br\/noticias\/wp-content\/uploads\/2020\/02\/marta_180220p.jpg\",\"width\":273,\"height\":181},{\"@type\":\"WebPage\",\"@id\":\"https:\/\/franciscanos.org.br\/noticias\/seremos-julgados-pela-compaixao-nao-pelas-ideologias.html#webpage\",\"url\":\"https:\/\/franciscanos.org.br\/noticias\/seremos-julgados-pela-compaixao-nao-pelas-ideologias.html\",\"name\":\"Seremos julgados pela compaix\u00e3o, n\u00e3o pelas ideologias - Not\u00edcias - Franciscanos\",\"isPartOf\":{\"@id\":\"https:\/\/franciscanos.org.br\/noticias\/#website\"},\"primaryImageOfPage\":{\"@id\":\"https:\/\/franciscanos.org.br\/noticias\/seremos-julgados-pela-compaixao-nao-pelas-ideologias.html#primaryimage\"},\"datePublished\":\"2020-02-18T11:15:21+00:00\",\"dateModified\":\"2021-08-29T19:30:14+00:00\",\"author\":{\"@id\":\"https:\/\/franciscanos.org.br\/noticias\/#\/schema\/person\/b38fbf43118f02820bd932f2e4b14ad3\"},\"breadcrumb\":{\"@id\":\"https:\/\/franciscanos.org.br\/noticias\/seremos-julgados-pela-compaixao-nao-pelas-ideologias.html#breadcrumb\"},\"inLanguage\":\"pt-BR\",\"potentialAction\":[{\"@type\":\"ReadAction\",\"target\":[\"https:\/\/franciscanos.org.br\/noticias\/seremos-julgados-pela-compaixao-nao-pelas-ideologias.html\"]}]},{\"@type\":\"BreadcrumbList\",\"@id\":\"https:\/\/franciscanos.org.br\/noticias\/seremos-julgados-pela-compaixao-nao-pelas-ideologias.html#breadcrumb\",\"itemListElement\":[{\"@type\":\"ListItem\",\"position\":1,\"name\":\"Home\",\"item\":\"https:\/\/franciscanos.org.br\/noticias\"},{\"@type\":\"ListItem\",\"position\":2,\"name\":\"Seremos julgados pela compaix\u00e3o, n\u00e3o pelas ideologias\"}]},{\"@type\":\"Person\",\"@id\":\"https:\/\/franciscanos.org.br\/noticias\/#\/schema\/person\/b38fbf43118f02820bd932f2e4b14ad3\",\"name\":\"admin\",\"image\":{\"@type\":\"ImageObject\",\"inLanguage\":\"pt-BR\",\"@id\":\"https:\/\/franciscanos.org.br\/noticias\/#\/schema\/person\/image\/\",\"url\":\"https:\/\/secure.gravatar.com\/avatar\/e8495742d34d0ba6448ea1c628263b3e?s=96&d=mm&r=g\",\"contentUrl\":\"https:\/\/secure.gravatar.com\/avatar\/e8495742d34d0ba6448ea1c628263b3e?s=96&d=mm&r=g\",\"caption\":\"admin\"},\"url\":\"https:\/\/franciscanos.org.br\/noticias\/author\/admin\"}]}<\/script>\n<!-- \/ Yoast SEO plugin. -->","yoast_head_json":{"title":"Seremos julgados pela compaix\u00e3o, n\u00e3o pelas ideologias - Not\u00edcias - Franciscanos","robots":{"index":"index","follow":"follow","max-snippet":"max-snippet:-1","max-image-preview":"max-image-preview:large","max-video-preview":"max-video-preview:-1"},"canonical":"https:\/\/franciscanos.org.br\/noticias\/seremos-julgados-pela-compaixao-nao-pelas-ideologias.html","og_locale":"pt_BR","og_type":"article","og_title":"Seremos julgados pela compaix\u00e3o, n\u00e3o pelas ideologias - Not\u00edcias - Franciscanos","og_description":"Papa em Santa Marta","og_url":"https:\/\/franciscanos.org.br\/noticias\/seremos-julgados-pela-compaixao-nao-pelas-ideologias.html","og_site_name":"Not\u00edcias - Franciscanos","article_published_time":"2020-02-18T11:15:21+00:00","article_modified_time":"2021-08-29T19:30:14+00:00","og_image":[{"width":273,"height":181,"url":"https:\/\/franciscanos.org.br\/noticias\/wp-content\/uploads\/2020\/02\/marta_180220p.jpg","type":"image\/jpeg"}],"author":"admin","twitter_card":"summary_large_image","twitter_misc":{"Escrito por":"admin","Est. tempo de leitura":"3 minutos"},"schema":{"@context":"https:\/\/schema.org","@graph":[{"@type":"WebSite","@id":"https:\/\/franciscanos.org.br\/noticias\/#website","url":"https:\/\/franciscanos.org.br\/noticias\/","name":"Not\u00edcias - Franciscanos","description":"Prov\u00edncia Franciscana da Imaculada Concei\u00e7\u00e3o do Brasil - Ordem dos Frades Menores - OFM","potentialAction":[{"@type":"SearchAction","target":{"@type":"EntryPoint","urlTemplate":"https:\/\/franciscanos.org.br\/noticias\/?s={search_term_string}"},"query-input":"required name=search_term_string"}],"inLanguage":"pt-BR"},{"@type":"ImageObject","inLanguage":"pt-BR","@id":"https:\/\/franciscanos.org.br\/noticias\/seremos-julgados-pela-compaixao-nao-pelas-ideologias.html#primaryimage","url":"https:\/\/franciscanos.org.br\/noticias\/wp-content\/uploads\/2020\/02\/marta_180220p.jpg","contentUrl":"https:\/\/franciscanos.org.br\/noticias\/wp-content\/uploads\/2020\/02\/marta_180220p.jpg","width":273,"height":181},{"@type":"WebPage","@id":"https:\/\/franciscanos.org.br\/noticias\/seremos-julgados-pela-compaixao-nao-pelas-ideologias.html#webpage","url":"https:\/\/franciscanos.org.br\/noticias\/seremos-julgados-pela-compaixao-nao-pelas-ideologias.html","name":"Seremos julgados pela compaix\u00e3o, n\u00e3o pelas ideologias - Not\u00edcias - Franciscanos","isPartOf":{"@id":"https:\/\/franciscanos.org.br\/noticias\/#website"},"primaryImageOfPage":{"@id":"https:\/\/franciscanos.org.br\/noticias\/seremos-julgados-pela-compaixao-nao-pelas-ideologias.html#primaryimage"},"datePublished":"2020-02-18T11:15:21+00:00","dateModified":"2021-08-29T19:30:14+00:00","author":{"@id":"https:\/\/franciscanos.org.br\/noticias\/#\/schema\/person\/b38fbf43118f02820bd932f2e4b14ad3"},"breadcrumb":{"@id":"https:\/\/franciscanos.org.br\/noticias\/seremos-julgados-pela-compaixao-nao-pelas-ideologias.html#breadcrumb"},"inLanguage":"pt-BR","potentialAction":[{"@type":"ReadAction","target":["https:\/\/franciscanos.org.br\/noticias\/seremos-julgados-pela-compaixao-nao-pelas-ideologias.html"]}]},{"@type":"BreadcrumbList","@id":"https:\/\/franciscanos.org.br\/noticias\/seremos-julgados-pela-compaixao-nao-pelas-ideologias.html#breadcrumb","itemListElement":[{"@type":"ListItem","position":1,"name":"Home","item":"https:\/\/franciscanos.org.br\/noticias"},{"@type":"ListItem","position":2,"name":"Seremos julgados pela compaix\u00e3o, n\u00e3o pelas ideologias"}]},{"@type":"Person","@id":"https:\/\/franciscanos.org.br\/noticias\/#\/schema\/person\/b38fbf43118f02820bd932f2e4b14ad3","name":"admin","image":{"@type":"ImageObject","inLanguage":"pt-BR","@id":"https:\/\/franciscanos.org.br\/noticias\/#\/schema\/person\/image\/","url":"https:\/\/secure.gravatar.com\/avatar\/e8495742d34d0ba6448ea1c628263b3e?s=96&d=mm&r=g","contentUrl":"https:\/\/secure.gravatar.com\/avatar\/e8495742d34d0ba6448ea1c628263b3e?s=96&d=mm&r=g","caption":"admin"},"url":"https:\/\/franciscanos.org.br\/noticias\/author\/admin"}]}},"_links":{"self":[{"href":"https:\/\/franciscanos.org.br\/noticias\/wp-json\/wp\/v2\/posts\/221277"}],"collection":[{"href":"https:\/\/franciscanos.org.br\/noticias\/wp-json\/wp\/v2\/posts"}],"about":[{"href":"https:\/\/franciscanos.org.br\/noticias\/wp-json\/wp\/v2\/types\/post"}],"author":[{"embeddable":true,"href":"https:\/\/franciscanos.org.br\/noticias\/wp-json\/wp\/v2\/users\/1"}],"replies":[{"embeddable":true,"href":"https:\/\/franciscanos.org.br\/noticias\/wp-json\/wp\/v2\/comments?post=221277"}],"version-history":[{"count":2,"href":"https:\/\/franciscanos.org.br\/noticias\/wp-json\/wp\/v2\/posts\/221277\/revisions"}],"predecessor-version":[{"id":234043,"href":"https:\/\/franciscanos.org.br\/noticias\/wp-json\/wp\/v2\/posts\/221277\/revisions\/234043"}],"wp:featuredmedia":[{"embeddable":true,"href":"https:\/\/franciscanos.org.br\/noticias\/wp-json\/wp\/v2\/media\/221278"}],"wp:attachment":[{"href":"https:\/\/franciscanos.org.br\/noticias\/wp-json\/wp\/v2\/media?parent=221277"}],"wp:term":[{"taxonomy":"category","embeddable":true,"href":"https:\/\/franciscanos.org.br\/noticias\/wp-json\/wp\/v2\/categories?post=221277"},{"taxonomy":"post_tag","embeddable":true,"href":"https:\/\/franciscanos.org.br\/noticias\/wp-json\/wp\/v2\/tags?post=221277"}],"curies":[{"name":"wp","href":"https:\/\/api.w.org\/{rel}","templated":true}]}}