{"id":221273,"date":"2020-02-18T07:17:01","date_gmt":"2020-02-18T10:17:01","guid":{"rendered":"https:\/\/franciscanos.org.br\/noticias\/?p=221273"},"modified":"2020-02-18T07:17:01","modified_gmt":"2020-02-18T10:17:01","slug":"lisboa-800-anos-da-vocacao-franciscana-de-santo-antonio","status":"publish","type":"post","link":"https:\/\/franciscanos.org.br\/noticias\/lisboa-800-anos-da-vocacao-franciscana-de-santo-antonio.html","title":{"rendered":"Lisboa: 800 anos da voca\u00e7\u00e3o franciscana de Santo Ant\u00f4nio"},"content":{"rendered":"<p><img loading=\"lazy\" class=\"alignnone size-full wp-image-221274\" src=\"https:\/\/franciscanos.org.br\/noticias\/wp-content\/uploads\/2020\/02\/antonio_1802.jpg\" alt=\"\" width=\"890\" height=\"501\" srcset=\"https:\/\/franciscanos.org.br\/noticias\/wp-content\/uploads\/2020\/02\/antonio_1802.jpg 890w, https:\/\/franciscanos.org.br\/noticias\/wp-content\/uploads\/2020\/02\/antonio_1802-450x253.jpg 450w, https:\/\/franciscanos.org.br\/noticias\/wp-content\/uploads\/2020\/02\/antonio_1802-768x432.jpg 768w, https:\/\/franciscanos.org.br\/noticias\/wp-content\/uploads\/2020\/02\/antonio_1802-150x84.jpg 150w\" sizes=\"(max-width: 890px) 100vw, 890px\" \/><\/p>\n<p><strong>Lisboa (Portugal)<\/strong> &#8211; Escolheu a Ordem dos C\u00f4negos Regulares de Santo Agostinho, mas em 1220 decidiu seguir os passos de Francisco de Assis e tomou o nome de Ant\u00f4nio: a hist\u00f3ria de Santo Ant\u00f4nio \u00e9 marcada por este momento fundamental, o da decis\u00e3o de ser franciscano. Ap\u00f3s 800 anos do momento hist\u00f3rico, o Patriarcado e a cidade de Lisboa, cidade natal do Santo prepara-se para celebrar o Jubileu de Santo Ant\u00f4nio como Franciscano. Para isso foram organizadas v\u00e1rias celebra\u00e7\u00f5es que se concluir\u00e3o apenas em 2021.<\/p>\n<p>O primeiro evento foi celebrado em 16 de fevereiro com a \u201cFesta da Traslada\u00e7\u00e3o da l\u00edngua\u201d do Santo. Esta festa evoca a descoberta da l\u00edngua incorrupta de Santo Ant\u00f4nio h\u00e1 mais de 750 anos, mais de trinta anos ap\u00f3s a sua morte. \u00c9 ainda hoje um mist\u00e9rio para a ci\u00eancia, mas a f\u00e9 chama-lhe milagre, visto que a rel\u00edquia da l\u00edngua, instrumento da prega\u00e7\u00e3o do Santo, tantos s\u00e9culos depois, continua vis\u00edvel e incorrupta num relic\u00e1rio guardado na capela \u201cdo Tesouro\u201d na Bas\u00edlica de P\u00e1dua, local de visita de milhares de peregrinos.<\/p>\n<p><strong>Quatro celebra\u00e7\u00f5es<\/strong><br \/>\nAo longo dos pr\u00f3ximos meses, h\u00e1 mais quatro celebra\u00e7\u00f5es lit\u00fargicas que ir\u00e3o valorizar na igreja lisboeta, nomeadamente a festa da canoniza\u00e7\u00e3o de Santo Ant\u00f4nio, pelo Papa Greg\u00f3rio IX, a 30 de maio de 1232; o dia da morte do santo franciscano, a 13 de junho, em Lisboa e P\u00e1dua, cidade italiana onde morreu; e ainda o seu dia do nascimento, \u201ctradicionalmente\u201d a dia 15 de agosto, solenidade da Assun\u00e7\u00e3o de Nossa Senhora.<\/p>\n<p><strong>Outras iniciativas<\/strong><br \/>\nOutra iniciativa \u00e9 a \u2018Rota de Santo Ant\u00f4nio em Lisboa\u2019, para visitar os lugares que conservam as rel\u00edquias do santo na capital. Ser\u00e1 no segundo s\u00e1bado de cada m\u00eas, de mar\u00e7o a janeiro de 2021, o ponto de encontro \u00e9 a igreja dedicada ao santo franciscano, que nos mesmos dias recebe uma visita guiada, entre as 15h00 e as 16h00, seguida de recitais de \u00f3rg\u00e3o, at\u00e9 \u00e0s 16h45.<\/p>\n<p>A igreja de Santo Ant\u00f4nio foi tamb\u00e9m o lugar escolhido para o concerto comemorativo da canoniza\u00e7\u00e3o de Santo Ant\u00f4nio, no dia 30 de maio.<\/p>\n<p>O Museu \u201cSanto Ant\u00f4nio\u201d de Lisboa tem uma exposi\u00e7\u00e3o permanente \u201cpara conhecer a figura do Santo\u201d que nasceu e viveu na capital portuguesa at\u00e9 os 20 anos e em 1946 foi proclamado \u201cDoutor da Igreja Universal\u201d, como \u201cDoctor Evangelicus\u201d pelo Papa Pio XII.<\/p>\n","protected":false},"excerpt":{"rendered":"<p>Santo Ant\u00f4nio<\/p>\n","protected":false},"author":3,"featured_media":221275,"comment_status":"open","ping_status":"open","sticky":false,"template":"","format":"standard","meta":[],"categories":[1],"tags":[280],"acf":[],"yoast_head":"<!-- This site is optimized with the Yoast SEO plugin v19.2 - https:\/\/yoast.com\/wordpress\/plugins\/seo\/ -->\n<title>Lisboa: 800 anos da voca\u00e7\u00e3o franciscana de Santo Ant\u00f4nio - Not\u00edcias - Franciscanos<\/title>\n<meta name=\"robots\" content=\"index, follow, max-snippet:-1, max-image-preview:large, max-video-preview:-1\" \/>\n<link rel=\"canonical\" href=\"https:\/\/franciscanos.org.br\/noticias\/lisboa-800-anos-da-vocacao-franciscana-de-santo-antonio.html\" \/>\n<meta property=\"og:locale\" content=\"pt_BR\" \/>\n<meta property=\"og:type\" content=\"article\" \/>\n<meta property=\"og:title\" content=\"Lisboa: 800 anos da voca\u00e7\u00e3o franciscana de Santo Ant\u00f4nio - Not\u00edcias - Franciscanos\" \/>\n<meta property=\"og:description\" content=\"Santo Ant\u00f4nio\" \/>\n<meta property=\"og:url\" content=\"https:\/\/franciscanos.org.br\/noticias\/lisboa-800-anos-da-vocacao-franciscana-de-santo-antonio.html\" \/>\n<meta property=\"og:site_name\" content=\"Not\u00edcias - Franciscanos\" \/>\n<meta property=\"article:published_time\" content=\"2020-02-18T10:17:01+00:00\" \/>\n<meta property=\"og:image\" content=\"https:\/\/franciscanos.org.br\/noticias\/wp-content\/uploads\/2020\/02\/antonio_1802d.jpg\" \/>\n\t<meta property=\"og:image:width\" content=\"273\" \/>\n\t<meta property=\"og:image:height\" content=\"181\" \/>\n\t<meta property=\"og:image:type\" content=\"image\/jpeg\" \/>\n<meta name=\"author\" content=\"moacir\" \/>\n<meta name=\"twitter:card\" content=\"summary_large_image\" \/>\n<meta name=\"twitter:label1\" content=\"Escrito por\" \/>\n\t<meta name=\"twitter:data1\" content=\"moacir\" \/>\n\t<meta name=\"twitter:label2\" content=\"Est. tempo de leitura\" \/>\n\t<meta name=\"twitter:data2\" content=\"2 minutos\" \/>\n<script type=\"application\/ld+json\" class=\"yoast-schema-graph\">{\"@context\":\"https:\/\/schema.org\",\"@graph\":[{\"@type\":\"WebSite\",\"@id\":\"https:\/\/franciscanos.org.br\/noticias\/#website\",\"url\":\"https:\/\/franciscanos.org.br\/noticias\/\",\"name\":\"Not\u00edcias - Franciscanos\",\"description\":\"Prov\u00edncia Franciscana da Imaculada Concei\u00e7\u00e3o do Brasil - Ordem dos Frades Menores - OFM\",\"potentialAction\":[{\"@type\":\"SearchAction\",\"target\":{\"@type\":\"EntryPoint\",\"urlTemplate\":\"https:\/\/franciscanos.org.br\/noticias\/?s={search_term_string}\"},\"query-input\":\"required name=search_term_string\"}],\"inLanguage\":\"pt-BR\"},{\"@type\":\"ImageObject\",\"inLanguage\":\"pt-BR\",\"@id\":\"https:\/\/franciscanos.org.br\/noticias\/lisboa-800-anos-da-vocacao-franciscana-de-santo-antonio.html#primaryimage\",\"url\":\"https:\/\/franciscanos.org.br\/noticias\/wp-content\/uploads\/2020\/02\/antonio_1802d.jpg\",\"contentUrl\":\"https:\/\/franciscanos.org.br\/noticias\/wp-content\/uploads\/2020\/02\/antonio_1802d.jpg\",\"width\":273,\"height\":181},{\"@type\":\"WebPage\",\"@id\":\"https:\/\/franciscanos.org.br\/noticias\/lisboa-800-anos-da-vocacao-franciscana-de-santo-antonio.html#webpage\",\"url\":\"https:\/\/franciscanos.org.br\/noticias\/lisboa-800-anos-da-vocacao-franciscana-de-santo-antonio.html\",\"name\":\"Lisboa: 800 anos da voca\u00e7\u00e3o franciscana de Santo Ant\u00f4nio - Not\u00edcias - Franciscanos\",\"isPartOf\":{\"@id\":\"https:\/\/franciscanos.org.br\/noticias\/#website\"},\"primaryImageOfPage\":{\"@id\":\"https:\/\/franciscanos.org.br\/noticias\/lisboa-800-anos-da-vocacao-franciscana-de-santo-antonio.html#primaryimage\"},\"datePublished\":\"2020-02-18T10:17:01+00:00\",\"dateModified\":\"2020-02-18T10:17:01+00:00\",\"author\":{\"@id\":\"https:\/\/franciscanos.org.br\/noticias\/#\/schema\/person\/b5c8cba458c330ccff548b056e95a5d4\"},\"breadcrumb\":{\"@id\":\"https:\/\/franciscanos.org.br\/noticias\/lisboa-800-anos-da-vocacao-franciscana-de-santo-antonio.html#breadcrumb\"},\"inLanguage\":\"pt-BR\",\"potentialAction\":[{\"@type\":\"ReadAction\",\"target\":[\"https:\/\/franciscanos.org.br\/noticias\/lisboa-800-anos-da-vocacao-franciscana-de-santo-antonio.html\"]}]},{\"@type\":\"BreadcrumbList\",\"@id\":\"https:\/\/franciscanos.org.br\/noticias\/lisboa-800-anos-da-vocacao-franciscana-de-santo-antonio.html#breadcrumb\",\"itemListElement\":[{\"@type\":\"ListItem\",\"position\":1,\"name\":\"Home\",\"item\":\"https:\/\/franciscanos.org.br\/noticias\"},{\"@type\":\"ListItem\",\"position\":2,\"name\":\"Lisboa: 800 anos da voca\u00e7\u00e3o franciscana de Santo Ant\u00f4nio\"}]},{\"@type\":\"Person\",\"@id\":\"https:\/\/franciscanos.org.br\/noticias\/#\/schema\/person\/b5c8cba458c330ccff548b056e95a5d4\",\"name\":\"moacir\",\"image\":{\"@type\":\"ImageObject\",\"inLanguage\":\"pt-BR\",\"@id\":\"https:\/\/franciscanos.org.br\/noticias\/#\/schema\/person\/image\/\",\"url\":\"https:\/\/secure.gravatar.com\/avatar\/d08aa2ce4c8dd416d4479aa8536fcf64?s=96&d=mm&r=g\",\"contentUrl\":\"https:\/\/secure.gravatar.com\/avatar\/d08aa2ce4c8dd416d4479aa8536fcf64?s=96&d=mm&r=g\",\"caption\":\"moacir\"},\"url\":\"https:\/\/franciscanos.org.br\/noticias\/author\/moacir\"}]}<\/script>\n<!-- \/ Yoast SEO plugin. -->","yoast_head_json":{"title":"Lisboa: 800 anos da voca\u00e7\u00e3o franciscana de Santo Ant\u00f4nio - Not\u00edcias - Franciscanos","robots":{"index":"index","follow":"follow","max-snippet":"max-snippet:-1","max-image-preview":"max-image-preview:large","max-video-preview":"max-video-preview:-1"},"canonical":"https:\/\/franciscanos.org.br\/noticias\/lisboa-800-anos-da-vocacao-franciscana-de-santo-antonio.html","og_locale":"pt_BR","og_type":"article","og_title":"Lisboa: 800 anos da voca\u00e7\u00e3o franciscana de Santo Ant\u00f4nio - Not\u00edcias - Franciscanos","og_description":"Santo Ant\u00f4nio","og_url":"https:\/\/franciscanos.org.br\/noticias\/lisboa-800-anos-da-vocacao-franciscana-de-santo-antonio.html","og_site_name":"Not\u00edcias - Franciscanos","article_published_time":"2020-02-18T10:17:01+00:00","og_image":[{"width":273,"height":181,"url":"https:\/\/franciscanos.org.br\/noticias\/wp-content\/uploads\/2020\/02\/antonio_1802d.jpg","type":"image\/jpeg"}],"author":"moacir","twitter_card":"summary_large_image","twitter_misc":{"Escrito por":"moacir","Est. tempo de leitura":"2 minutos"},"schema":{"@context":"https:\/\/schema.org","@graph":[{"@type":"WebSite","@id":"https:\/\/franciscanos.org.br\/noticias\/#website","url":"https:\/\/franciscanos.org.br\/noticias\/","name":"Not\u00edcias - Franciscanos","description":"Prov\u00edncia Franciscana da Imaculada Concei\u00e7\u00e3o do Brasil - Ordem dos Frades Menores - OFM","potentialAction":[{"@type":"SearchAction","target":{"@type":"EntryPoint","urlTemplate":"https:\/\/franciscanos.org.br\/noticias\/?s={search_term_string}"},"query-input":"required name=search_term_string"}],"inLanguage":"pt-BR"},{"@type":"ImageObject","inLanguage":"pt-BR","@id":"https:\/\/franciscanos.org.br\/noticias\/lisboa-800-anos-da-vocacao-franciscana-de-santo-antonio.html#primaryimage","url":"https:\/\/franciscanos.org.br\/noticias\/wp-content\/uploads\/2020\/02\/antonio_1802d.jpg","contentUrl":"https:\/\/franciscanos.org.br\/noticias\/wp-content\/uploads\/2020\/02\/antonio_1802d.jpg","width":273,"height":181},{"@type":"WebPage","@id":"https:\/\/franciscanos.org.br\/noticias\/lisboa-800-anos-da-vocacao-franciscana-de-santo-antonio.html#webpage","url":"https:\/\/franciscanos.org.br\/noticias\/lisboa-800-anos-da-vocacao-franciscana-de-santo-antonio.html","name":"Lisboa: 800 anos da voca\u00e7\u00e3o franciscana de Santo Ant\u00f4nio - Not\u00edcias - Franciscanos","isPartOf":{"@id":"https:\/\/franciscanos.org.br\/noticias\/#website"},"primaryImageOfPage":{"@id":"https:\/\/franciscanos.org.br\/noticias\/lisboa-800-anos-da-vocacao-franciscana-de-santo-antonio.html#primaryimage"},"datePublished":"2020-02-18T10:17:01+00:00","dateModified":"2020-02-18T10:17:01+00:00","author":{"@id":"https:\/\/franciscanos.org.br\/noticias\/#\/schema\/person\/b5c8cba458c330ccff548b056e95a5d4"},"breadcrumb":{"@id":"https:\/\/franciscanos.org.br\/noticias\/lisboa-800-anos-da-vocacao-franciscana-de-santo-antonio.html#breadcrumb"},"inLanguage":"pt-BR","potentialAction":[{"@type":"ReadAction","target":["https:\/\/franciscanos.org.br\/noticias\/lisboa-800-anos-da-vocacao-franciscana-de-santo-antonio.html"]}]},{"@type":"BreadcrumbList","@id":"https:\/\/franciscanos.org.br\/noticias\/lisboa-800-anos-da-vocacao-franciscana-de-santo-antonio.html#breadcrumb","itemListElement":[{"@type":"ListItem","position":1,"name":"Home","item":"https:\/\/franciscanos.org.br\/noticias"},{"@type":"ListItem","position":2,"name":"Lisboa: 800 anos da voca\u00e7\u00e3o franciscana de Santo Ant\u00f4nio"}]},{"@type":"Person","@id":"https:\/\/franciscanos.org.br\/noticias\/#\/schema\/person\/b5c8cba458c330ccff548b056e95a5d4","name":"moacir","image":{"@type":"ImageObject","inLanguage":"pt-BR","@id":"https:\/\/franciscanos.org.br\/noticias\/#\/schema\/person\/image\/","url":"https:\/\/secure.gravatar.com\/avatar\/d08aa2ce4c8dd416d4479aa8536fcf64?s=96&d=mm&r=g","contentUrl":"https:\/\/secure.gravatar.com\/avatar\/d08aa2ce4c8dd416d4479aa8536fcf64?s=96&d=mm&r=g","caption":"moacir"},"url":"https:\/\/franciscanos.org.br\/noticias\/author\/moacir"}]}},"_links":{"self":[{"href":"https:\/\/franciscanos.org.br\/noticias\/wp-json\/wp\/v2\/posts\/221273"}],"collection":[{"href":"https:\/\/franciscanos.org.br\/noticias\/wp-json\/wp\/v2\/posts"}],"about":[{"href":"https:\/\/franciscanos.org.br\/noticias\/wp-json\/wp\/v2\/types\/post"}],"author":[{"embeddable":true,"href":"https:\/\/franciscanos.org.br\/noticias\/wp-json\/wp\/v2\/users\/3"}],"replies":[{"embeddable":true,"href":"https:\/\/franciscanos.org.br\/noticias\/wp-json\/wp\/v2\/comments?post=221273"}],"version-history":[{"count":0,"href":"https:\/\/franciscanos.org.br\/noticias\/wp-json\/wp\/v2\/posts\/221273\/revisions"}],"wp:featuredmedia":[{"embeddable":true,"href":"https:\/\/franciscanos.org.br\/noticias\/wp-json\/wp\/v2\/media\/221275"}],"wp:attachment":[{"href":"https:\/\/franciscanos.org.br\/noticias\/wp-json\/wp\/v2\/media?parent=221273"}],"wp:term":[{"taxonomy":"category","embeddable":true,"href":"https:\/\/franciscanos.org.br\/noticias\/wp-json\/wp\/v2\/categories?post=221273"},{"taxonomy":"post_tag","embeddable":true,"href":"https:\/\/franciscanos.org.br\/noticias\/wp-json\/wp\/v2\/tags?post=221273"}],"curies":[{"name":"wp","href":"https:\/\/api.w.org\/{rel}","templated":true}]}}