{"id":22103,"date":"2012-08-13T08:57:39","date_gmt":"2012-08-13T11:57:39","guid":{"rendered":"http:\/\/new.franciscanos.org.br\/?p=22103"},"modified":"2020-11-09T16:33:13","modified_gmt":"2020-11-09T19:33:13","slug":"celebracao-marca-encerramento-do-ano-clariano-em-luanda","status":"publish","type":"post","link":"https:\/\/franciscanos.org.br\/noticias\/celebracao-marca-encerramento-do-ano-clariano-em-luanda.html","title":{"rendered":"Celebra\u00e7\u00e3o marca encerramento do Ano Clariano em Luanda"},"content":{"rendered":"<p><strong><a href=\"http:\/\/franciscanos.org.br\/wp-content\/uploads\/2012\/08\/3003_130812.jpg\"><img loading=\"lazy\" class=\"alignright size-full wp-image-22104\" title=\"3003_130812\" src=\"http:\/\/franciscanos.org.br\/wp-content\/uploads\/2012\/08\/3003_130812.jpg\" alt=\"\" width=\"400\" height=\"300\" \/><\/a><\/strong><em>\u201cA nossa voca\u00e7\u00e3o \u00e9 o maior de todos os benef\u00edcios que recebemos e diariamente continuamos a receber do Pai das miseric\u00f3rdias\u201d (Test. Cl.2). <\/em>O Mosteiro do Sagrado Cora\u00e7\u00e3o de Jesus de Luanda, Angola, concluiu solenemente os festejos dos 800 anos de Funda\u00e7\u00e3o das Clarissas. Desde o Domingo de Ramos de 2011, o Mosteiro do Bairro Palanca, com frequ\u00eancia realizou eventos, de cunho espiritual, para lembrar, festejar e celebrar essa data t\u00e3o importante para toda a Fam\u00edlia Franciscana.<\/p>\n<p>O Mosteiro \u00e9 muito frequentado por fi\u00e9is de toda Luanda, especialmente aos domingos, na Missa da manh\u00e3. A par\u00f3quia S\u00e3o Lucas, Palanca, participou todos os dias da Novena. No dia 2 de agosto de 2012, Festa de Santa Maria dos Anjos, teve in\u00edcio a \u00faltima etapa de prepara\u00e7\u00e3o da celebra\u00e7\u00e3o dos 800 anos, com a Novena de Santa Clara e que constou da seguinte programa\u00e7\u00e3o: Dia 2,\u00a0 quinta-feira, 1\u00ba dia \u2013 Tema:\u00a0 Miss\u00e3o Prof\u00e9tica de Clara. <em>Convidados especiais \u2013 Pastoral Juvenil da Par\u00f3quia S. Lucas e os frades do Palanca; <\/em>2\u00ba dia \u2013 Tema: Clara a Irm\u00e3 Crist\u00e3. <em>Convidados \u2013 Comunidade Santa Catarina<\/em>. (Por ser o dia da vig\u00edlia paroquial no Kimbo, \u00e0s 23 horas foi feita uma visita ao Mosteiro por todos os participantes da vig\u00edlia, onde as irm\u00e3s deram uma palavra de agradecimento e de convite para participarem dos festejos); 3\u00ba dia \u2013 Tema: A Voca\u00e7\u00e3o de Santa Clara.\u00a0 <em>Convidados \u2013 Catequese da Comunidade S. Jos\u00e9;. <\/em>4\u00ba dia \u2013 Tema: A Firmeza em Santa Clara. <em>Convidados<\/em><em> \u2013 Par\u00f3quia S\u00e3o Lucas e Frades Menores de Viana; <\/em>5\u00ba dia \u2013 Tema: Clara, o servi\u00e7o do Lava-p\u00e9s. <em>Convidados \u2013 RCC de S\u00e3o Jos\u00e9 e S. Catarina e Fam\u00edlia Salesiana; <\/em>6\u00ba dia \u2013 Tema: Clara, mulher Eucar\u00edstica. <em>Convidados \u2013 A\u00e7\u00e3o Feminina e Fam\u00edlia do Verbo Divino; <\/em>7\u00ba dia \u2013 Tema: Clara, modelo de contempla\u00e7\u00e3o. <em>Convidados \u2013 OFS e Jufra; <\/em>8\u00ba Dia \u2013 Tema: Clara, pobre como Maria. <em>Convidadas \u2013 Madres da Par\u00f3quia S\u00e3o Lucas<\/em> e OFM Cap. Nesta noite houve vig\u00edlia no Mosteiro; 9\u00ba dia \u2013 Tema: Clara, mestra da vida espiritual. <em>Convidados \u2013 Apostolado de Ora\u00e7\u00e3o, Legi\u00e3o de Maria<\/em> e os frades do Palanca e de Quibala.<\/p>\n<p>A Conclus\u00e3o da Novena foi com o Tr\u00e2nsito de Santa Clara. Al\u00e9m das comunidades, grupos e pastorais havia muita gente participando. Finalmente, dia 11, grande Festa, dia de Santa Clara de Assis e celebra\u00e7\u00e3o dos 800 anos de Funda\u00e7\u00e3o das Clarissas. Com presen\u00e7a de muitos fi\u00e9is, religiosos (as), di\u00e1conos, seminaristas, postulantes, candidatos (as) \u00e0 vida religiosa, teve in\u00edcio a Santa Missa presidida por Dom Ant\u00f4nio Jaca, bispo da Diocese de Caxito (Irm\u00e3o da Abadessa) e concelebrada por Dom Filomeno, bispo da Cabinda e por muitos sacerdotes.<\/p>\n<p>Com a igreja superlotada, mesmo assim conseguiu-se fazer a t\u00e2mbula (oferta) de produtos e alimentos, carregados na cabe\u00e7a por uma centena de \u201cmam\u00e1s\u201d. Ap\u00f3s a homilia, as Clarissas renovaram seus Votos e \u201cdan\u00e7aram cantando\u201d (a\u00e7\u00e3o de gra\u00e7as) pelo dom da voca\u00e7\u00e3o expresso em v\u00e1rias l\u00ednguas nacionais. Como mensagem final, a Ordem Franciscana Secular (OFS) encenou e cantou a \u201cPerfeita Alegria\u201d.<\/p>\n<p>Por fim, a Abadessa, Ir Anuarite, fez os agradecimentos devidos mencionando a todos os que colaboraram para a realiza\u00e7\u00e3o da Festa bem como por toda a assist\u00eancia que elas t\u00eam recebido do povo, dos frades e da pr\u00f3pria Igreja e destacou: \u201c<em>Agradecemos a todos que ao longo do ano nos acompanharam com suas ora\u00e7\u00f5es, participaram com a sua presen\u00e7a amiga nos louvores, a\u00e7\u00f5es de gra\u00e7as, reflex\u00f5es, levadas a cabo neste Santu\u00e1rio em honra desta nossa Santa Fundadora, dom de Deus para a sua Igreja e para toda humanidade\u201d.<\/em> No almo\u00e7o de confraterniza\u00e7\u00e3o, o dom da partilha fez-se sentir, onde todos comeram a ainda sobrou, gra\u00e7as a generosidade do povo. As irm\u00e3s preparam uma parte da alimenta\u00e7\u00e3o e os fi\u00e9is tamb\u00e9m trouxeram seu \u201cfarnel\u201d e posto em comum &#8230; sobrou. Com a Missa Solene do dia de Santa Clara, concluiu-se os festejos com \u201cchave de ouro\u201d. Parab\u00e9ns Clarissas! Paz e bem a todos.<\/p>\n","protected":false},"excerpt":{"rendered":"<p>Miss\u00e3o de Angola<\/p>\n","protected":false},"author":1,"featured_media":213162,"comment_status":"closed","ping_status":"closed","sticky":false,"template":"","format":"standard","meta":[],"categories":[1],"tags":[360],"acf":[],"yoast_head":"<!-- This site is optimized with the Yoast SEO plugin v19.2 - https:\/\/yoast.com\/wordpress\/plugins\/seo\/ -->\n<title>Celebra\u00e7\u00e3o marca encerramento do Ano Clariano em Luanda - Not\u00edcias - Franciscanos<\/title>\n<meta name=\"robots\" content=\"index, follow, max-snippet:-1, max-image-preview:large, max-video-preview:-1\" \/>\n<link rel=\"canonical\" href=\"https:\/\/franciscanos.org.br\/noticias\/celebracao-marca-encerramento-do-ano-clariano-em-luanda.html\" \/>\n<meta property=\"og:locale\" content=\"pt_BR\" \/>\n<meta property=\"og:type\" content=\"article\" \/>\n<meta property=\"og:title\" content=\"Celebra\u00e7\u00e3o marca encerramento do Ano Clariano em Luanda - Not\u00edcias - Franciscanos\" \/>\n<meta property=\"og:description\" content=\"Miss\u00e3o de Angola\" \/>\n<meta property=\"og:url\" content=\"https:\/\/franciscanos.org.br\/noticias\/celebracao-marca-encerramento-do-ano-clariano-em-luanda.html\" \/>\n<meta property=\"og:site_name\" content=\"Not\u00edcias - Franciscanos\" \/>\n<meta property=\"article:published_time\" content=\"2012-08-13T11:57:39+00:00\" \/>\n<meta property=\"article:modified_time\" content=\"2020-11-09T19:33:13+00:00\" \/>\n<meta property=\"og:image\" content=\"https:\/\/franciscanos.org.br\/noticias\/wp-content\/uploads\/2012\/08\/3003_130812.jpg\" \/>\n\t<meta property=\"og:image:width\" content=\"273\" \/>\n\t<meta property=\"og:image:height\" content=\"182\" \/>\n\t<meta property=\"og:image:type\" content=\"image\/jpeg\" \/>\n<meta name=\"author\" content=\"admin\" \/>\n<meta name=\"twitter:card\" content=\"summary_large_image\" \/>\n<meta name=\"twitter:label1\" content=\"Escrito por\" \/>\n\t<meta name=\"twitter:data1\" content=\"admin\" \/>\n\t<meta name=\"twitter:label2\" content=\"Est. tempo de leitura\" \/>\n\t<meta name=\"twitter:data2\" content=\"3 minutos\" \/>\n<script type=\"application\/ld+json\" class=\"yoast-schema-graph\">{\"@context\":\"https:\/\/schema.org\",\"@graph\":[{\"@type\":\"WebSite\",\"@id\":\"https:\/\/franciscanos.org.br\/noticias\/#website\",\"url\":\"https:\/\/franciscanos.org.br\/noticias\/\",\"name\":\"Not\u00edcias - Franciscanos\",\"description\":\"Prov\u00edncia Franciscana da Imaculada Concei\u00e7\u00e3o do Brasil - Ordem dos Frades Menores - OFM\",\"potentialAction\":[{\"@type\":\"SearchAction\",\"target\":{\"@type\":\"EntryPoint\",\"urlTemplate\":\"https:\/\/franciscanos.org.br\/noticias\/?s={search_term_string}\"},\"query-input\":\"required name=search_term_string\"}],\"inLanguage\":\"pt-BR\"},{\"@type\":\"ImageObject\",\"inLanguage\":\"pt-BR\",\"@id\":\"https:\/\/franciscanos.org.br\/noticias\/celebracao-marca-encerramento-do-ano-clariano-em-luanda.html#primaryimage\",\"url\":\"https:\/\/franciscanos.org.br\/noticias\/wp-content\/uploads\/2012\/08\/3003_130812.jpg\",\"contentUrl\":\"https:\/\/franciscanos.org.br\/noticias\/wp-content\/uploads\/2012\/08\/3003_130812.jpg\",\"width\":273,\"height\":182},{\"@type\":\"WebPage\",\"@id\":\"https:\/\/franciscanos.org.br\/noticias\/celebracao-marca-encerramento-do-ano-clariano-em-luanda.html#webpage\",\"url\":\"https:\/\/franciscanos.org.br\/noticias\/celebracao-marca-encerramento-do-ano-clariano-em-luanda.html\",\"name\":\"Celebra\u00e7\u00e3o marca encerramento do Ano Clariano em Luanda - Not\u00edcias - Franciscanos\",\"isPartOf\":{\"@id\":\"https:\/\/franciscanos.org.br\/noticias\/#website\"},\"primaryImageOfPage\":{\"@id\":\"https:\/\/franciscanos.org.br\/noticias\/celebracao-marca-encerramento-do-ano-clariano-em-luanda.html#primaryimage\"},\"datePublished\":\"2012-08-13T11:57:39+00:00\",\"dateModified\":\"2020-11-09T19:33:13+00:00\",\"author\":{\"@id\":\"https:\/\/franciscanos.org.br\/noticias\/#\/schema\/person\/b38fbf43118f02820bd932f2e4b14ad3\"},\"breadcrumb\":{\"@id\":\"https:\/\/franciscanos.org.br\/noticias\/celebracao-marca-encerramento-do-ano-clariano-em-luanda.html#breadcrumb\"},\"inLanguage\":\"pt-BR\",\"potentialAction\":[{\"@type\":\"ReadAction\",\"target\":[\"https:\/\/franciscanos.org.br\/noticias\/celebracao-marca-encerramento-do-ano-clariano-em-luanda.html\"]}]},{\"@type\":\"BreadcrumbList\",\"@id\":\"https:\/\/franciscanos.org.br\/noticias\/celebracao-marca-encerramento-do-ano-clariano-em-luanda.html#breadcrumb\",\"itemListElement\":[{\"@type\":\"ListItem\",\"position\":1,\"name\":\"Home\",\"item\":\"https:\/\/franciscanos.org.br\/noticias\"},{\"@type\":\"ListItem\",\"position\":2,\"name\":\"Celebra\u00e7\u00e3o marca encerramento do Ano Clariano em Luanda\"}]},{\"@type\":\"Person\",\"@id\":\"https:\/\/franciscanos.org.br\/noticias\/#\/schema\/person\/b38fbf43118f02820bd932f2e4b14ad3\",\"name\":\"admin\",\"image\":{\"@type\":\"ImageObject\",\"inLanguage\":\"pt-BR\",\"@id\":\"https:\/\/franciscanos.org.br\/noticias\/#\/schema\/person\/image\/\",\"url\":\"https:\/\/secure.gravatar.com\/avatar\/e8495742d34d0ba6448ea1c628263b3e?s=96&d=mm&r=g\",\"contentUrl\":\"https:\/\/secure.gravatar.com\/avatar\/e8495742d34d0ba6448ea1c628263b3e?s=96&d=mm&r=g\",\"caption\":\"admin\"},\"url\":\"https:\/\/franciscanos.org.br\/noticias\/author\/admin\"}]}<\/script>\n<!-- \/ Yoast SEO plugin. -->","yoast_head_json":{"title":"Celebra\u00e7\u00e3o marca encerramento do Ano Clariano em Luanda - Not\u00edcias - Franciscanos","robots":{"index":"index","follow":"follow","max-snippet":"max-snippet:-1","max-image-preview":"max-image-preview:large","max-video-preview":"max-video-preview:-1"},"canonical":"https:\/\/franciscanos.org.br\/noticias\/celebracao-marca-encerramento-do-ano-clariano-em-luanda.html","og_locale":"pt_BR","og_type":"article","og_title":"Celebra\u00e7\u00e3o marca encerramento do Ano Clariano em Luanda - Not\u00edcias - Franciscanos","og_description":"Miss\u00e3o de Angola","og_url":"https:\/\/franciscanos.org.br\/noticias\/celebracao-marca-encerramento-do-ano-clariano-em-luanda.html","og_site_name":"Not\u00edcias - Franciscanos","article_published_time":"2012-08-13T11:57:39+00:00","article_modified_time":"2020-11-09T19:33:13+00:00","og_image":[{"width":273,"height":182,"url":"https:\/\/franciscanos.org.br\/noticias\/wp-content\/uploads\/2012\/08\/3003_130812.jpg","type":"image\/jpeg"}],"author":"admin","twitter_card":"summary_large_image","twitter_misc":{"Escrito por":"admin","Est. tempo de leitura":"3 minutos"},"schema":{"@context":"https:\/\/schema.org","@graph":[{"@type":"WebSite","@id":"https:\/\/franciscanos.org.br\/noticias\/#website","url":"https:\/\/franciscanos.org.br\/noticias\/","name":"Not\u00edcias - Franciscanos","description":"Prov\u00edncia Franciscana da Imaculada Concei\u00e7\u00e3o do Brasil - Ordem dos Frades Menores - OFM","potentialAction":[{"@type":"SearchAction","target":{"@type":"EntryPoint","urlTemplate":"https:\/\/franciscanos.org.br\/noticias\/?s={search_term_string}"},"query-input":"required name=search_term_string"}],"inLanguage":"pt-BR"},{"@type":"ImageObject","inLanguage":"pt-BR","@id":"https:\/\/franciscanos.org.br\/noticias\/celebracao-marca-encerramento-do-ano-clariano-em-luanda.html#primaryimage","url":"https:\/\/franciscanos.org.br\/noticias\/wp-content\/uploads\/2012\/08\/3003_130812.jpg","contentUrl":"https:\/\/franciscanos.org.br\/noticias\/wp-content\/uploads\/2012\/08\/3003_130812.jpg","width":273,"height":182},{"@type":"WebPage","@id":"https:\/\/franciscanos.org.br\/noticias\/celebracao-marca-encerramento-do-ano-clariano-em-luanda.html#webpage","url":"https:\/\/franciscanos.org.br\/noticias\/celebracao-marca-encerramento-do-ano-clariano-em-luanda.html","name":"Celebra\u00e7\u00e3o marca encerramento do Ano Clariano em Luanda - Not\u00edcias - Franciscanos","isPartOf":{"@id":"https:\/\/franciscanos.org.br\/noticias\/#website"},"primaryImageOfPage":{"@id":"https:\/\/franciscanos.org.br\/noticias\/celebracao-marca-encerramento-do-ano-clariano-em-luanda.html#primaryimage"},"datePublished":"2012-08-13T11:57:39+00:00","dateModified":"2020-11-09T19:33:13+00:00","author":{"@id":"https:\/\/franciscanos.org.br\/noticias\/#\/schema\/person\/b38fbf43118f02820bd932f2e4b14ad3"},"breadcrumb":{"@id":"https:\/\/franciscanos.org.br\/noticias\/celebracao-marca-encerramento-do-ano-clariano-em-luanda.html#breadcrumb"},"inLanguage":"pt-BR","potentialAction":[{"@type":"ReadAction","target":["https:\/\/franciscanos.org.br\/noticias\/celebracao-marca-encerramento-do-ano-clariano-em-luanda.html"]}]},{"@type":"BreadcrumbList","@id":"https:\/\/franciscanos.org.br\/noticias\/celebracao-marca-encerramento-do-ano-clariano-em-luanda.html#breadcrumb","itemListElement":[{"@type":"ListItem","position":1,"name":"Home","item":"https:\/\/franciscanos.org.br\/noticias"},{"@type":"ListItem","position":2,"name":"Celebra\u00e7\u00e3o marca encerramento do Ano Clariano em Luanda"}]},{"@type":"Person","@id":"https:\/\/franciscanos.org.br\/noticias\/#\/schema\/person\/b38fbf43118f02820bd932f2e4b14ad3","name":"admin","image":{"@type":"ImageObject","inLanguage":"pt-BR","@id":"https:\/\/franciscanos.org.br\/noticias\/#\/schema\/person\/image\/","url":"https:\/\/secure.gravatar.com\/avatar\/e8495742d34d0ba6448ea1c628263b3e?s=96&d=mm&r=g","contentUrl":"https:\/\/secure.gravatar.com\/avatar\/e8495742d34d0ba6448ea1c628263b3e?s=96&d=mm&r=g","caption":"admin"},"url":"https:\/\/franciscanos.org.br\/noticias\/author\/admin"}]}},"_links":{"self":[{"href":"https:\/\/franciscanos.org.br\/noticias\/wp-json\/wp\/v2\/posts\/22103"}],"collection":[{"href":"https:\/\/franciscanos.org.br\/noticias\/wp-json\/wp\/v2\/posts"}],"about":[{"href":"https:\/\/franciscanos.org.br\/noticias\/wp-json\/wp\/v2\/types\/post"}],"author":[{"embeddable":true,"href":"https:\/\/franciscanos.org.br\/noticias\/wp-json\/wp\/v2\/users\/1"}],"replies":[{"embeddable":true,"href":"https:\/\/franciscanos.org.br\/noticias\/wp-json\/wp\/v2\/comments?post=22103"}],"version-history":[{"count":1,"href":"https:\/\/franciscanos.org.br\/noticias\/wp-json\/wp\/v2\/posts\/22103\/revisions"}],"predecessor-version":[{"id":229153,"href":"https:\/\/franciscanos.org.br\/noticias\/wp-json\/wp\/v2\/posts\/22103\/revisions\/229153"}],"wp:featuredmedia":[{"embeddable":true,"href":"https:\/\/franciscanos.org.br\/noticias\/wp-json\/wp\/v2\/media\/213162"}],"wp:attachment":[{"href":"https:\/\/franciscanos.org.br\/noticias\/wp-json\/wp\/v2\/media?parent=22103"}],"wp:term":[{"taxonomy":"category","embeddable":true,"href":"https:\/\/franciscanos.org.br\/noticias\/wp-json\/wp\/v2\/categories?post=22103"},{"taxonomy":"post_tag","embeddable":true,"href":"https:\/\/franciscanos.org.br\/noticias\/wp-json\/wp\/v2\/tags?post=22103"}],"curies":[{"name":"wp","href":"https:\/\/api.w.org\/{rel}","templated":true}]}}